{"id":40592,"date":"2010-12-05T18:00:40","date_gmt":"2010-12-05T17:00:40","guid":{"rendered":"http:\/\/www.visit-ulcinj.com\/blog\/?p=40592"},"modified":"2010-12-05T18:01:50","modified_gmt":"2010-12-05T17:01:50","slug":"enver-mollabeqiri-eno-a-je-anetar-i-partise-sone","status":"publish","type":"post","link":"https:\/\/www.visit-ulcinj.com\/blog\/2010\/12\/05\/enver-mollabeqiri-eno-a-je-anetar-i-partise-sone\/","title":{"rendered":"Enver Mollabeqiri &#8211; Eno: A je an\u00ebtar i partis\u00eb son\u00eb?"},"content":{"rendered":"<p><strong><img loading=\"lazy\" class=\"alignleft\" title=\"Enver Mollabeqiri \u2013 Eno\" src=\"http:\/\/www.visit-ulcinj.com\/blog\/wp-content\/uploads\/2010\/11\/Enver-Mollabeqiri-%E2%80%93-Eno.jpg\" alt=\"\" width=\"300\" height=\"420\" \/>Dukurit\u00eb tona<\/strong><br \/>\nEdhe pse n\u00eb pluraliz\u00ebm, t\u00eb rinjt\u00eb duhet t\u00eb aderojn\u00eb n\u00eb partit\u00eb n\u00eb pushtet, si kusht p\u00ebr pun\u00ebsim dhe avancim profesional. Kjo ndodh pothuajse n\u00eb t\u00eb gjitha nivelet. Duket macabre dhe e pabesueshme q\u00eb n\u00eb koh\u00ebt e sotme, kur shkenca dhe teknologjia kan\u00eb arritur nivele shum\u00eb t\u00eb larta, kur kemi nj\u00eb num\u00ebr t\u00eb konsideruesh\u00ebm t\u00eb rinjsh t\u00eb aft\u00ebsuar n\u00eb aspektin profesional. Kur b\u00ebhet fjal\u00eb p\u00ebr pun\u00ebsim, atij i shtrohet pyetja \u201cA je an\u00ebtar i partis\u00eb son\u00eb?\u201d ose \u201cn\u00ebse voton ti me familjen t\u00ebnde p\u00ebr ne, ne do t\u00eb t\u00eb pun\u00ebsojm\u00eb\u201d.<\/p>\n<p>Ne gjeneratat me te vjetra, apo ne nje moshe te mesme, e shikojme gjithehere me nje sy kritik gjeneraten e re e cila rritet, arsimohet dhe aftesohet per profesion ne nje kohe tjeter, ne kohen e perparimit te teknologjise moderne dhe asaj digjitale dhe kompjuterike. Te rinjte sot jane medoemos me pergatitje me te larte se ne dhe me njohjen pervec te ketyre teknologjive edhe te gjuheve te huaja. Ky intelektual i ri ndoshta veshtire depertone ne sferat tona te te kuptuarit te intelektualit.<\/p>\n<p>Te rinjte te cilet shpesh here hasin ne kete perde te shkaktuar nga me te vjetrit, hasin edhe ne nje perde tjeter, e cila eshte mjaft e vjeter dhe e cila per shumicen eshte pengese per punesim. E dime qe ne kohen e monizmit, punesimi eshte kushtezuar ne te shumten e rasteve me perkatesi ne parti e sidomos nese i riu ka dashur apo ka paraqitur ambicie qe te perparoje ne profesionin e vet. E kote ka qene ne disa raste edhe aftesia e te riut. Gjithcka ka qene e nenshtruar ndaj perkatesise partiake dhe \u201cdegjueshmerise\u201d se pamohueshme nese ke tentuar kah instancat me te larta profesionale ne cdo lemi.<\/p>\n<p>Mjerisht, mund te konstatojme qe edhe sot ngjan e njejta dukuri. Edhe pse ne pluralizem, te rinjte duhet te aderojne ne partite ne pushtet, si kusht per punesim dhe avancim profesional. Kjo ndodh pothuajse ne te gjitha nivelet. Duket macabre dhe e pabesueshme qe ne kohet e sotme, kur shkenca dhe teknologjia kane arritur nivele shume te larta, kur kemi nje numer te konsiderueshem te rinjsh te aftesuar ne aspektin profesional. Kur behet fjale per punesim, atij i shtrohet pyetja \u201cA je anetar i partise sone?\u201d ose \u201cnese voton ti me familjen tende per ne, ne do te punesojme\u201d. Duket e paimagjinueshme qe ne shekullin XXI kriter per punesim te jete perkatesia partiake apo simpatizimi I njeres apo tjetres parti politike. Edhe me e pamoralshme dhe pa dinjitet duket vete kushtezimi i tille.<\/p>\n<p><img loading=\"lazy\" class=\"alignleft size-medium wp-image-40593\" title=\"DB\" src=\"http:\/\/www.visit-ulcinj.com\/blog\/wp-content\/uploads\/2010\/12\/DB-300x232.jpg\" alt=\"\" width=\"300\" height=\"232\" srcset=\"https:\/\/www.visit-ulcinj.com\/blog\/wp-content\/uploads\/2010\/12\/DB-300x232.jpg 300w, https:\/\/www.visit-ulcinj.com\/blog\/wp-content\/uploads\/2010\/12\/DB.jpg 824w\" sizes=\"(max-width: 300px) 100vw, 300px\" \/>Njeriu i ri, i aftesuar ne profesione te ndryshme dhe me njohuri te shumta te gjuheve te huaja, gjendet para nje perdeje e cila nuk duhej te ekzistonte. Por, mjerisht ajo ekziston dhe eshte mjaft evidente ne te gjitha lemite. Andaj, kemi rastin kur te rinjte e shohin te pavlere diplomen e vet perballe kushtezimeve te tilla dhe marrin rruget e kurbetit, qe atje te gjejne qetesine e ushtrimit te profesionit dhe satisfaksionin material per punen e bere. Kjo situate kushtezon nje situate tjeter, kur te rinjte duke hasur ne pengesa te tilla demoralizohen dhe humbin besimin ne vete sistemin shoqeror i cili ne te shumten e rasteve nuk i ofron alternative. Duhet qe te gjitha shtresat e popullit ta luftojne kete fenomen dhe t\u2019i thone JO ndikimit te partive ne perzgjedhjen e kuadrove dhe ne punesime ne ndermarrjet dhe ne organet ekzekutive. Duhet te bejme perpjekje qe kjo praktike te ndryshoje dhe qe kriter per punesimin e nje sere ekspertesh te rinj te jete profesionalizmi dhe aftesia e tyre. T\u2019u japim shansin te rinjve per avancim ne profesion dhe qe kusht per kete te mos jete perkatesia partiake, por iniciativa e tyre e lire per te ndryshuar shoqerine dhe aftesia e tyre e pamohueshme ne dobi te shoqerise dhe vendit. Ne te gjithe duhet te perpiqemi ne kete drejtim, me qellimin e qarte dhe pa ekuivoke, duke u dhene te rinjve shansin e merituar, pa kushtezime anakronike, te vjeteruara dhe te pamoralshme.<\/p>\n<p><strong>Enver Mollabeqiri \u2013 Eno<br \/>\nKoha Javore<\/strong><strong><\/strong><\/p>\n","protected":false},"excerpt":{"rendered":"<p>Dukurit\u00eb tona Edhe pse n\u00eb pluraliz\u00ebm, t\u00eb rinjt\u00eb duhet t\u00eb aderojn\u00eb n\u00eb partit\u00eb n\u00eb pushtet, si kusht p\u00ebr pun\u00ebsim dhe avancim profesional. Kjo ndodh pothuajse n\u00eb t\u00eb gjitha nivelet. Duket macabre dhe e pabesueshme q\u00eb n\u00eb koh\u00ebt e sotme, kur shkenca dhe teknologjia kan\u00eb arritur nivele shum\u00eb t\u00eb larta, kur kemi nj\u00eb num\u00ebr t\u00eb konsideruesh\u00ebm [&hellip;]<\/p>\n","protected":false},"author":1,"featured_media":0,"comment_status":"open","ping_status":"closed","sticky":false,"template":"","format":"standard","meta":{"spay_email":"","jetpack_publicize_message":"","jetpack_is_tweetstorm":false,"jetpack_publicize_feature_enabled":true},"categories":[14249],"tags":[95,200,18],"jetpack_publicize_connections":[],"yoast_head":"<!-- This site is optimized with the Yoast SEO plugin v19.1 - https:\/\/yoast.com\/wordpress\/plugins\/seo\/ -->\n<title>Enver Mollabeqiri - Eno: A je an\u00ebtar i partis\u00eb son\u00eb? - Lajme nga Ulqini<\/title>\n<meta name=\"description\" content=\"Dukurit\u00eb tona Edhe pse n\u00eb pluraliz\u00ebm, t\u00eb rinjt\u00eb duhet t\u00eb aderojn\u00eb n\u00eb partit\u00eb n\u00eb pushtet, si kusht p\u00ebr pun\u00ebsim dhe avancim profesional. Kjo ndodh pothuajse\" \/>\n<meta name=\"robots\" content=\"index, follow, max-snippet:-1, max-image-preview:large, max-video-preview:-1\" \/>\n<link rel=\"canonical\" href=\"https:\/\/www.visit-ulcinj.com\/blog\/2010\/12\/05\/enver-mollabeqiri-eno-a-je-anetar-i-partise-sone\/\" \/>\n<meta property=\"og:locale\" content=\"en_US\" \/>\n<meta property=\"og:type\" content=\"article\" \/>\n<meta property=\"og:title\" content=\"Enver Mollabeqiri - Eno: A je an\u00ebtar i partis\u00eb son\u00eb? - Lajme nga Ulqini\" \/>\n<meta property=\"og:description\" content=\"Dukurit\u00eb tona Edhe pse n\u00eb pluraliz\u00ebm, t\u00eb rinjt\u00eb duhet t\u00eb aderojn\u00eb n\u00eb partit\u00eb n\u00eb pushtet, si kusht p\u00ebr pun\u00ebsim dhe avancim profesional. Kjo ndodh pothuajse\" \/>\n<meta property=\"og:url\" content=\"https:\/\/www.visit-ulcinj.com\/blog\/2010\/12\/05\/enver-mollabeqiri-eno-a-je-anetar-i-partise-sone\/\" \/>\n<meta property=\"og:site_name\" content=\"Lajme nga Ulqini\" \/>\n<meta property=\"article:published_time\" content=\"2010-12-05T17:00:40+00:00\" \/>\n<meta property=\"article:modified_time\" content=\"2010-12-05T17:01:50+00:00\" \/>\n<meta property=\"og:image\" content=\"http:\/\/www.visit-ulcinj.com\/blog\/wp-content\/uploads\/2010\/11\/Enver-Mollabeqiri-%E2%80%93-Eno.jpg\" \/>\n<meta name=\"twitter:label1\" content=\"Written by\" \/>\n\t<meta name=\"twitter:data1\" content=\"ulqini\" \/>\n\t<meta name=\"twitter:label2\" content=\"Est. reading time\" \/>\n\t<meta name=\"twitter:data2\" content=\"3 minutes\" \/>\n<script type=\"application\/ld+json\" class=\"yoast-schema-graph\">{\"@context\":\"https:\/\/schema.org\",\"@graph\":[{\"@type\":\"WebSite\",\"@id\":\"https:\/\/www.visit-ulcinj.com\/blog\/#website\",\"url\":\"https:\/\/www.visit-ulcinj.com\/blog\/\",\"name\":\"Lajme nga Ulqini\",\"description\":\"Lajme,Vijesti,Ulqini,Ulqin,Crna Gora,Mali i Zi\",\"potentialAction\":[{\"@type\":\"SearchAction\",\"target\":{\"@type\":\"EntryPoint\",\"urlTemplate\":\"https:\/\/www.visit-ulcinj.com\/blog\/?s={search_term_string}\"},\"query-input\":\"required name=search_term_string\"}],\"inLanguage\":\"en-US\"},{\"@type\":\"ImageObject\",\"inLanguage\":\"en-US\",\"@id\":\"https:\/\/www.visit-ulcinj.com\/blog\/2010\/12\/05\/enver-mollabeqiri-eno-a-je-anetar-i-partise-sone\/#primaryimage\",\"url\":\"http:\/\/www.visit-ulcinj.com\/blog\/wp-content\/uploads\/2010\/11\/Enver-Mollabeqiri-%E2%80%93-Eno.jpg\",\"contentUrl\":\"http:\/\/www.visit-ulcinj.com\/blog\/wp-content\/uploads\/2010\/11\/Enver-Mollabeqiri-%E2%80%93-Eno.jpg\"},{\"@type\":\"WebPage\",\"@id\":\"https:\/\/www.visit-ulcinj.com\/blog\/2010\/12\/05\/enver-mollabeqiri-eno-a-je-anetar-i-partise-sone\/#webpage\",\"url\":\"https:\/\/www.visit-ulcinj.com\/blog\/2010\/12\/05\/enver-mollabeqiri-eno-a-je-anetar-i-partise-sone\/\",\"name\":\"Enver Mollabeqiri - Eno: A je an\u00ebtar i partis\u00eb son\u00eb? - Lajme nga Ulqini\",\"isPartOf\":{\"@id\":\"https:\/\/www.visit-ulcinj.com\/blog\/#website\"},\"primaryImageOfPage\":{\"@id\":\"https:\/\/www.visit-ulcinj.com\/blog\/2010\/12\/05\/enver-mollabeqiri-eno-a-je-anetar-i-partise-sone\/#primaryimage\"},\"datePublished\":\"2010-12-05T17:00:40+00:00\",\"dateModified\":\"2010-12-05T17:01:50+00:00\",\"author\":{\"@id\":\"https:\/\/www.visit-ulcinj.com\/blog\/#\/schema\/person\/dcab619c614d3038751c63bc2aadc06d\"},\"description\":\"Dukurit\u00eb tona Edhe pse n\u00eb pluraliz\u00ebm, t\u00eb rinjt\u00eb duhet t\u00eb aderojn\u00eb n\u00eb partit\u00eb n\u00eb pushtet, si kusht p\u00ebr pun\u00ebsim dhe avancim profesional. Kjo ndodh pothuajse\",\"breadcrumb\":{\"@id\":\"https:\/\/www.visit-ulcinj.com\/blog\/2010\/12\/05\/enver-mollabeqiri-eno-a-je-anetar-i-partise-sone\/#breadcrumb\"},\"inLanguage\":\"en-US\",\"potentialAction\":[{\"@type\":\"ReadAction\",\"target\":[\"https:\/\/www.visit-ulcinj.com\/blog\/2010\/12\/05\/enver-mollabeqiri-eno-a-je-anetar-i-partise-sone\/\"]}]},{\"@type\":\"BreadcrumbList\",\"@id\":\"https:\/\/www.visit-ulcinj.com\/blog\/2010\/12\/05\/enver-mollabeqiri-eno-a-je-anetar-i-partise-sone\/#breadcrumb\",\"itemListElement\":[{\"@type\":\"ListItem\",\"position\":1,\"name\":\"Enver Mollabeqiri &#8211; Eno: A je an\u00ebtar i partis\u00eb son\u00eb?\"}]},{\"@type\":\"Person\",\"@id\":\"https:\/\/www.visit-ulcinj.com\/blog\/#\/schema\/person\/dcab619c614d3038751c63bc2aadc06d\",\"name\":\"ulqini\",\"sameAs\":[\"http:\/\/www.visit-ulcinj.com\"],\"url\":\"https:\/\/www.visit-ulcinj.com\/blog\/author\/admin\/\"}]}<\/script>\n<!-- \/ Yoast SEO plugin. -->","yoast_head_json":{"title":"Enver Mollabeqiri - Eno: A je an\u00ebtar i partis\u00eb son\u00eb? - Lajme nga Ulqini","description":"Dukurit\u00eb tona Edhe pse n\u00eb pluraliz\u00ebm, t\u00eb rinjt\u00eb duhet t\u00eb aderojn\u00eb n\u00eb partit\u00eb n\u00eb pushtet, si kusht p\u00ebr pun\u00ebsim dhe avancim profesional. Kjo ndodh pothuajse","robots":{"index":"index","follow":"follow","max-snippet":"max-snippet:-1","max-image-preview":"max-image-preview:large","max-video-preview":"max-video-preview:-1"},"canonical":"https:\/\/www.visit-ulcinj.com\/blog\/2010\/12\/05\/enver-mollabeqiri-eno-a-je-anetar-i-partise-sone\/","og_locale":"en_US","og_type":"article","og_title":"Enver Mollabeqiri - Eno: A je an\u00ebtar i partis\u00eb son\u00eb? - Lajme nga Ulqini","og_description":"Dukurit\u00eb tona Edhe pse n\u00eb pluraliz\u00ebm, t\u00eb rinjt\u00eb duhet t\u00eb aderojn\u00eb n\u00eb partit\u00eb n\u00eb pushtet, si kusht p\u00ebr pun\u00ebsim dhe avancim profesional. Kjo ndodh pothuajse","og_url":"https:\/\/www.visit-ulcinj.com\/blog\/2010\/12\/05\/enver-mollabeqiri-eno-a-je-anetar-i-partise-sone\/","og_site_name":"Lajme nga Ulqini","article_published_time":"2010-12-05T17:00:40+00:00","article_modified_time":"2010-12-05T17:01:50+00:00","og_image":[{"url":"http:\/\/www.visit-ulcinj.com\/blog\/wp-content\/uploads\/2010\/11\/Enver-Mollabeqiri-%E2%80%93-Eno.jpg"}],"twitter_misc":{"Written by":"ulqini","Est. reading time":"3 minutes"},"schema":{"@context":"https:\/\/schema.org","@graph":[{"@type":"WebSite","@id":"https:\/\/www.visit-ulcinj.com\/blog\/#website","url":"https:\/\/www.visit-ulcinj.com\/blog\/","name":"Lajme nga Ulqini","description":"Lajme,Vijesti,Ulqini,Ulqin,Crna Gora,Mali i Zi","potentialAction":[{"@type":"SearchAction","target":{"@type":"EntryPoint","urlTemplate":"https:\/\/www.visit-ulcinj.com\/blog\/?s={search_term_string}"},"query-input":"required name=search_term_string"}],"inLanguage":"en-US"},{"@type":"ImageObject","inLanguage":"en-US","@id":"https:\/\/www.visit-ulcinj.com\/blog\/2010\/12\/05\/enver-mollabeqiri-eno-a-je-anetar-i-partise-sone\/#primaryimage","url":"http:\/\/www.visit-ulcinj.com\/blog\/wp-content\/uploads\/2010\/11\/Enver-Mollabeqiri-%E2%80%93-Eno.jpg","contentUrl":"http:\/\/www.visit-ulcinj.com\/blog\/wp-content\/uploads\/2010\/11\/Enver-Mollabeqiri-%E2%80%93-Eno.jpg"},{"@type":"WebPage","@id":"https:\/\/www.visit-ulcinj.com\/blog\/2010\/12\/05\/enver-mollabeqiri-eno-a-je-anetar-i-partise-sone\/#webpage","url":"https:\/\/www.visit-ulcinj.com\/blog\/2010\/12\/05\/enver-mollabeqiri-eno-a-je-anetar-i-partise-sone\/","name":"Enver Mollabeqiri - Eno: A je an\u00ebtar i partis\u00eb son\u00eb? - Lajme nga Ulqini","isPartOf":{"@id":"https:\/\/www.visit-ulcinj.com\/blog\/#website"},"primaryImageOfPage":{"@id":"https:\/\/www.visit-ulcinj.com\/blog\/2010\/12\/05\/enver-mollabeqiri-eno-a-je-anetar-i-partise-sone\/#primaryimage"},"datePublished":"2010-12-05T17:00:40+00:00","dateModified":"2010-12-05T17:01:50+00:00","author":{"@id":"https:\/\/www.visit-ulcinj.com\/blog\/#\/schema\/person\/dcab619c614d3038751c63bc2aadc06d"},"description":"Dukurit\u00eb tona Edhe pse n\u00eb pluraliz\u00ebm, t\u00eb rinjt\u00eb duhet t\u00eb aderojn\u00eb n\u00eb partit\u00eb n\u00eb pushtet, si kusht p\u00ebr pun\u00ebsim dhe avancim profesional. Kjo ndodh pothuajse","breadcrumb":{"@id":"https:\/\/www.visit-ulcinj.com\/blog\/2010\/12\/05\/enver-mollabeqiri-eno-a-je-anetar-i-partise-sone\/#breadcrumb"},"inLanguage":"en-US","potentialAction":[{"@type":"ReadAction","target":["https:\/\/www.visit-ulcinj.com\/blog\/2010\/12\/05\/enver-mollabeqiri-eno-a-je-anetar-i-partise-sone\/"]}]},{"@type":"BreadcrumbList","@id":"https:\/\/www.visit-ulcinj.com\/blog\/2010\/12\/05\/enver-mollabeqiri-eno-a-je-anetar-i-partise-sone\/#breadcrumb","itemListElement":[{"@type":"ListItem","position":1,"name":"Enver Mollabeqiri &#8211; Eno: A je an\u00ebtar i partis\u00eb son\u00eb?"}]},{"@type":"Person","@id":"https:\/\/www.visit-ulcinj.com\/blog\/#\/schema\/person\/dcab619c614d3038751c63bc2aadc06d","name":"ulqini","sameAs":["http:\/\/www.visit-ulcinj.com"],"url":"https:\/\/www.visit-ulcinj.com\/blog\/author\/admin\/"}]}},"jetpack_featured_media_url":"","jetpack_sharing_enabled":true,"jetpack_shortlink":"https:\/\/wp.me\/pe6lTn-ayI","_links":{"self":[{"href":"https:\/\/www.visit-ulcinj.com\/blog\/wp-json\/wp\/v2\/posts\/40592"}],"collection":[{"href":"https:\/\/www.visit-ulcinj.com\/blog\/wp-json\/wp\/v2\/posts"}],"about":[{"href":"https:\/\/www.visit-ulcinj.com\/blog\/wp-json\/wp\/v2\/types\/post"}],"author":[{"embeddable":true,"href":"https:\/\/www.visit-ulcinj.com\/blog\/wp-json\/wp\/v2\/users\/1"}],"replies":[{"embeddable":true,"href":"https:\/\/www.visit-ulcinj.com\/blog\/wp-json\/wp\/v2\/comments?post=40592"}],"version-history":[{"count":0,"href":"https:\/\/www.visit-ulcinj.com\/blog\/wp-json\/wp\/v2\/posts\/40592\/revisions"}],"wp:attachment":[{"href":"https:\/\/www.visit-ulcinj.com\/blog\/wp-json\/wp\/v2\/media?parent=40592"}],"wp:term":[{"taxonomy":"category","embeddable":true,"href":"https:\/\/www.visit-ulcinj.com\/blog\/wp-json\/wp\/v2\/categories?post=40592"},{"taxonomy":"post_tag","embeddable":true,"href":"https:\/\/www.visit-ulcinj.com\/blog\/wp-json\/wp\/v2\/tags?post=40592"}],"curies":[{"name":"wp","href":"https:\/\/api.w.org\/{rel}","templated":true}]}}