{"id":40607,"date":"2010-12-05T19:19:40","date_gmt":"2010-12-05T18:19:40","guid":{"rendered":"http:\/\/www.visit-ulcinj.com\/blog\/?p=40607"},"modified":"2010-12-06T14:58:26","modified_gmt":"2010-12-06T13:58:26","slug":"permbytjet-ne-komunen-e-ulqinit-video","status":"publish","type":"post","link":"https:\/\/www.visit-ulcinj.com\/blog\/2010\/12\/05\/permbytjet-ne-komunen-e-ulqinit-video\/","title":{"rendered":"P\u00ebrmbytjet ne komun\u00ebn e Ulqinit &#8211; Video"},"content":{"rendered":"<p><a href=\"http:\/\/www.visit-ulcinj.com\/blog\/wp-content\/uploads\/2010\/12\/permbytjet-ne-ane-te-malit_ulqin1.jpg\"><img loading=\"lazy\" class=\"alignleft size-full wp-image-40608\" title=\"permbytjet ne ane te malit_ulqin\" src=\"http:\/\/www.visit-ulcinj.com\/blog\/wp-content\/uploads\/2010\/12\/permbytjet-ne-ane-te-malit_ulqin1.jpg\" alt=\"\" width=\"490\" height=\"380\" \/><\/a>Niveli i ujit n\u00eb lumin Buna sot ka r\u00ebn\u00eb p\u00ebr 9 cm p\u00ebr dallim nga dje. Megjithat\u00eb situata n\u00eb zonat e p\u00ebrmbytura n\u00eb k\u00ebt\u00eb komun\u00eb vazhdon t\u00eb jet\u00eb kritike.<\/p>\n<p>Fshatrat m\u00eb t\u00eb rrezikuar jan\u00eb : Lisna Bore ku banor\u00ebt nat\u00ebn e mbr\u00ebmshme e kaluan n\u00eb terr n\u00eb katin e dyt\u00eb t\u00eb sht\u00ebpive t\u00eb tyre, kurse sot u jan\u00eb kthyer dritat. N\u00eb gjendje t\u00eb renduar gjenden edhe banor\u00ebt e Fraskanjelit, Shtores, Re\u00e7it, Sh\u00ebn Gjergjit, Sh\u00ebnkotollit, Shtojit dhe pjes\u00eb s\u00eb poshtme t\u00eb Sukobin\u00ebs. Ekipet e shtabit komunal t\u00eb emergjenc\u00ebs jan\u00eb n\u00eb gjendje gatishm\u00ebrie qysh pardje dhe n\u00eb kontakt t\u00eb vazhduesh\u00ebm n\u00eb banor\u00ebt e fshatrave t\u00eb p\u00ebrmbytura. Ato s\u00eb bashku me nd\u00ebrmarr\u00ebsit lokal privat t\u00eb makinerive pjes\u00ebtar\u00ebve t\u00eb ushtris\u00eb malazeze punonj\u00ebsve t\u00eb kripores s\u00eb Ulqinit nd\u00ebrmarrjes komunale dhe aktivist\u00ebve t\u00eb tjer\u00eb vendor\u00eb kan\u00eb punuar gjat\u00eb gjith\u00eb dit\u00ebs s\u00eb djeshme dhe mbr\u00ebm\u00eb deri von\u00eb n\u00eb sanimin e pikave kritike t\u00eb lumit Buna gj\u00eb t\u00eb cil\u00ebn po e vazhdojn\u00eb edhe sot dhe dit\u00ebve n\u00eb vijim.<\/p>\n<p>Qytetaret q\u00eb kan\u00eb p\u00ebsuar m\u00eb shum\u00eb d\u00ebme nga p\u00ebrmbytjet ankohen n\u00eb si\u00e7 thon\u00eb ata moskujdesin e qytetar\u00ebve vendor t\u00eb cil\u00ebt deri me sot p\u00ebrve\u00e7 vizit\u00ebs nuk u kan\u00eb ofruar kurrfar\u00eb ndihme. Por, sipas fjal\u00ebve t\u00eb an\u00ebtarit t\u00eb shtabit komunal t\u00eb emergjenc\u00ebs Gjorgje Dabooviq ndihm\u00eb e munguar banoreve me t\u00eb d\u00ebmtuar nga p\u00ebrmbytjet do tu arrijn\u00eb gjat\u00eb dit\u00ebs s\u00eb sotme. K\u00ebto ndihma do ti shp\u00ebrndajn\u00eb kryetari i komun\u00ebs s\u00eb Ulqinit Gezim Hajdinaga dhe an\u00ebtari i shtabit t\u00eb emergjences Loro Ndrekiqi thot\u00eb Daboviqi.<\/p>\n<p><strong>RTCG<br \/>\n\n\t\t<style type=\"text\/css\">\n\t\t\t#gallery-1 {\n\t\t\t\tmargin: auto;\n\t\t\t}\n\t\t\t#gallery-1 .gallery-item {\n\t\t\t\tfloat: left;\n\t\t\t\tmargin-top: 10px;\n\t\t\t\ttext-align: center;\n\t\t\t\twidth: 33%;\n\t\t\t}\n\t\t\t#gallery-1 img {\n\t\t\t\tborder: 2px solid #cfcfcf;\n\t\t\t}\n\t\t\t#gallery-1 .gallery-caption {\n\t\t\t\tmargin-left: 0;\n\t\t\t}\n\t\t\t\/* see gallery_shortcode() in wp-includes\/media.php *\/\n\t\t<\/style>\n\t\t<div id='gallery-1' class='gallery galleryid-40607 gallery-columns-3 gallery-size-thumbnail'><dl class='gallery-item'>\n\t\t\t<dt class='gallery-icon landscape'>\n\t\t\t\t<a href='https:\/\/www.visit-ulcinj.com\/blog\/wp-content\/uploads\/2010\/12\/permbytjet-ne-ane-te-malit_ulqin1.jpg'><img width=\"150\" height=\"150\" src=\"https:\/\/www.visit-ulcinj.com\/blog\/wp-content\/uploads\/2010\/12\/permbytjet-ne-ane-te-malit_ulqin1-150x150.jpg\" class=\"attachment-thumbnail size-thumbnail\" alt=\"\" loading=\"lazy\" \/><\/a>\n\t\t\t<\/dt><\/dl><dl class='gallery-item'>\n\t\t\t<dt class='gallery-icon landscape'>\n\t\t\t\t<a href='https:\/\/www.visit-ulcinj.com\/blog\/wp-content\/uploads\/2010\/12\/permbytjet-ne-ane-te-malit_ulqin.1.jpg'><img width=\"150\" height=\"150\" src=\"https:\/\/www.visit-ulcinj.com\/blog\/wp-content\/uploads\/2010\/12\/permbytjet-ne-ane-te-malit_ulqin.1-150x150.jpg\" class=\"attachment-thumbnail size-thumbnail\" alt=\"\" loading=\"lazy\" \/><\/a>\n\t\t\t<\/dt><\/dl><dl class='gallery-item'>\n\t\t\t<dt class='gallery-icon landscape'>\n\t\t\t\t<a href='https:\/\/www.visit-ulcinj.com\/blog\/wp-content\/uploads\/2010\/12\/permbytjet-ne-ane-te-malit_ulqin.2.jpg'><img width=\"150\" height=\"150\" src=\"https:\/\/www.visit-ulcinj.com\/blog\/wp-content\/uploads\/2010\/12\/permbytjet-ne-ane-te-malit_ulqin.2-150x150.jpg\" class=\"attachment-thumbnail size-thumbnail\" alt=\"\" loading=\"lazy\" \/><\/a>\n\t\t\t<\/dt><\/dl><br style=\"clear: both\" \/>\n\t\t<\/div>\n<br \/>\n<\/strong><br \/>\n<!--YouTube Error: bad URL entered--><\/p>\n","protected":false},"excerpt":{"rendered":"<p>Niveli i ujit n\u00eb lumin Buna sot ka r\u00ebn\u00eb p\u00ebr 9 cm p\u00ebr dallim nga dje. Megjithat\u00eb situata n\u00eb zonat e p\u00ebrmbytura n\u00eb k\u00ebt\u00eb komun\u00eb vazhdon t\u00eb jet\u00eb kritike. Fshatrat m\u00eb t\u00eb rrezikuar jan\u00eb : Lisna Bore ku banor\u00ebt nat\u00ebn e mbr\u00ebmshme e kaluan n\u00eb terr n\u00eb katin e dyt\u00eb t\u00eb sht\u00ebpive t\u00eb tyre, kurse [&hellip;]<\/p>\n","protected":false},"author":1,"featured_media":0,"comment_status":"open","ping_status":"closed","sticky":false,"template":"","format":"standard","meta":{"spay_email":"","jetpack_publicize_message":"","jetpack_is_tweetstorm":false,"jetpack_publicize_feature_enabled":true},"categories":[6],"tags":[14351,3505,212,14352,14349,14353,3510,3502,14354,12340,14355,509,16216,16481,14356,3516,14357,3511,16477,3504,14358,3220,16214,5688,14359,3506,3499,14360,14361,3509,16210,16211,14362,14363,3507,14655,3717,3500,1762,4625,3228,14364,4855,13230,3512,16212,11648,95,14365,3227,14366,3513,14348,16478,16479,4642,3514,16476,16494,14367,13203,3501,14368,14369,14370,10472,2083,3231,14371,3617,16202,3508,14372,3503,14373,14374,3515,16487,5589,16215,3498,2800,15160,14375,2088,16480,200,16486,18,16488,16213,14376],"jetpack_publicize_connections":[],"yoast_head":"<!-- This site is optimized with the Yoast SEO plugin v19.1 - https:\/\/yoast.com\/wordpress\/plugins\/seo\/ -->\n<title>P\u00ebrmbytjet ne komun\u00ebn e Ulqinit - Video - Lajme nga Ulqini<\/title>\n<meta name=\"description\" content=\"Niveli i ujit n\u00eb lumin Buna sot ka r\u00ebn\u00eb p\u00ebr 9 cm p\u00ebr dallim nga dje. Megjithat\u00eb situata n\u00eb zonat e p\u00ebrmbytura n\u00eb k\u00ebt\u00eb komun\u00eb vazhdon t\u00eb jet\u00eb kritike.\" \/>\n<meta name=\"robots\" content=\"index, follow, max-snippet:-1, max-image-preview:large, max-video-preview:-1\" \/>\n<link rel=\"canonical\" href=\"https:\/\/www.visit-ulcinj.com\/blog\/2010\/12\/05\/permbytjet-ne-komunen-e-ulqinit-video\/\" \/>\n<meta property=\"og:locale\" content=\"en_US\" \/>\n<meta property=\"og:type\" content=\"article\" \/>\n<meta property=\"og:title\" content=\"P\u00ebrmbytjet ne komun\u00ebn e Ulqinit - Video - Lajme nga Ulqini\" \/>\n<meta property=\"og:description\" content=\"Niveli i ujit n\u00eb lumin Buna sot ka r\u00ebn\u00eb p\u00ebr 9 cm p\u00ebr dallim nga dje. Megjithat\u00eb situata n\u00eb zonat e p\u00ebrmbytura n\u00eb k\u00ebt\u00eb komun\u00eb vazhdon t\u00eb jet\u00eb kritike.\" \/>\n<meta property=\"og:url\" content=\"https:\/\/www.visit-ulcinj.com\/blog\/2010\/12\/05\/permbytjet-ne-komunen-e-ulqinit-video\/\" \/>\n<meta property=\"og:site_name\" content=\"Lajme nga Ulqini\" \/>\n<meta property=\"article:published_time\" content=\"2010-12-05T18:19:40+00:00\" \/>\n<meta property=\"article:modified_time\" content=\"2010-12-06T13:58:26+00:00\" \/>\n<meta property=\"og:image\" content=\"https:\/\/www.visit-ulcinj.com\/blog\/wp-content\/uploads\/2010\/12\/permbytjet-ne-ane-te-malit_ulqin1-150x150.jpg\" \/>\n<meta name=\"twitter:label1\" content=\"Written by\" \/>\n\t<meta name=\"twitter:data1\" content=\"ulqini\" \/>\n\t<meta name=\"twitter:label2\" content=\"Est. reading time\" \/>\n\t<meta name=\"twitter:data2\" content=\"2 minutes\" \/>\n<script type=\"application\/ld+json\" class=\"yoast-schema-graph\">{\"@context\":\"https:\/\/schema.org\",\"@graph\":[{\"@type\":\"WebSite\",\"@id\":\"https:\/\/www.visit-ulcinj.com\/blog\/#website\",\"url\":\"https:\/\/www.visit-ulcinj.com\/blog\/\",\"name\":\"Lajme nga Ulqini\",\"description\":\"Lajme,Vijesti,Ulqini,Ulqin,Crna Gora,Mali i Zi\",\"potentialAction\":[{\"@type\":\"SearchAction\",\"target\":{\"@type\":\"EntryPoint\",\"urlTemplate\":\"https:\/\/www.visit-ulcinj.com\/blog\/?s={search_term_string}\"},\"query-input\":\"required name=search_term_string\"}],\"inLanguage\":\"en-US\"},{\"@type\":\"ImageObject\",\"inLanguage\":\"en-US\",\"@id\":\"https:\/\/www.visit-ulcinj.com\/blog\/2010\/12\/05\/permbytjet-ne-komunen-e-ulqinit-video\/#primaryimage\",\"url\":\"https:\/\/www.visit-ulcinj.com\/blog\/wp-content\/uploads\/2010\/12\/permbytjet-ne-ane-te-malit_ulqin1.jpg\",\"contentUrl\":\"https:\/\/www.visit-ulcinj.com\/blog\/wp-content\/uploads\/2010\/12\/permbytjet-ne-ane-te-malit_ulqin1.jpg\",\"width\":\"532\",\"height\":\"428\"},{\"@type\":\"WebPage\",\"@id\":\"https:\/\/www.visit-ulcinj.com\/blog\/2010\/12\/05\/permbytjet-ne-komunen-e-ulqinit-video\/#webpage\",\"url\":\"https:\/\/www.visit-ulcinj.com\/blog\/2010\/12\/05\/permbytjet-ne-komunen-e-ulqinit-video\/\",\"name\":\"P\u00ebrmbytjet ne komun\u00ebn e Ulqinit - Video - Lajme nga Ulqini\",\"isPartOf\":{\"@id\":\"https:\/\/www.visit-ulcinj.com\/blog\/#website\"},\"primaryImageOfPage\":{\"@id\":\"https:\/\/www.visit-ulcinj.com\/blog\/2010\/12\/05\/permbytjet-ne-komunen-e-ulqinit-video\/#primaryimage\"},\"datePublished\":\"2010-12-05T18:19:40+00:00\",\"dateModified\":\"2010-12-06T13:58:26+00:00\",\"author\":{\"@id\":\"https:\/\/www.visit-ulcinj.com\/blog\/#\/schema\/person\/dcab619c614d3038751c63bc2aadc06d\"},\"description\":\"Niveli i ujit n\u00eb lumin Buna sot ka r\u00ebn\u00eb p\u00ebr 9 cm p\u00ebr dallim nga dje. Megjithat\u00eb situata n\u00eb zonat e p\u00ebrmbytura n\u00eb k\u00ebt\u00eb komun\u00eb vazhdon t\u00eb jet\u00eb kritike.\",\"breadcrumb\":{\"@id\":\"https:\/\/www.visit-ulcinj.com\/blog\/2010\/12\/05\/permbytjet-ne-komunen-e-ulqinit-video\/#breadcrumb\"},\"inLanguage\":\"en-US\",\"potentialAction\":[{\"@type\":\"ReadAction\",\"target\":[\"https:\/\/www.visit-ulcinj.com\/blog\/2010\/12\/05\/permbytjet-ne-komunen-e-ulqinit-video\/\"]}]},{\"@type\":\"BreadcrumbList\",\"@id\":\"https:\/\/www.visit-ulcinj.com\/blog\/2010\/12\/05\/permbytjet-ne-komunen-e-ulqinit-video\/#breadcrumb\",\"itemListElement\":[{\"@type\":\"ListItem\",\"position\":1,\"name\":\"P\u00ebrmbytjet ne komun\u00ebn e Ulqinit &#8211; Video\"}]},{\"@type\":\"Person\",\"@id\":\"https:\/\/www.visit-ulcinj.com\/blog\/#\/schema\/person\/dcab619c614d3038751c63bc2aadc06d\",\"name\":\"ulqini\",\"sameAs\":[\"http:\/\/www.visit-ulcinj.com\"],\"url\":\"https:\/\/www.visit-ulcinj.com\/blog\/author\/admin\/\"}]}<\/script>\n<!-- \/ Yoast SEO plugin. -->","yoast_head_json":{"title":"P\u00ebrmbytjet ne komun\u00ebn e Ulqinit - Video - Lajme nga Ulqini","description":"Niveli i ujit n\u00eb lumin Buna sot ka r\u00ebn\u00eb p\u00ebr 9 cm p\u00ebr dallim nga dje. Megjithat\u00eb situata n\u00eb zonat e p\u00ebrmbytura n\u00eb k\u00ebt\u00eb komun\u00eb vazhdon t\u00eb jet\u00eb kritike.","robots":{"index":"index","follow":"follow","max-snippet":"max-snippet:-1","max-image-preview":"max-image-preview:large","max-video-preview":"max-video-preview:-1"},"canonical":"https:\/\/www.visit-ulcinj.com\/blog\/2010\/12\/05\/permbytjet-ne-komunen-e-ulqinit-video\/","og_locale":"en_US","og_type":"article","og_title":"P\u00ebrmbytjet ne komun\u00ebn e Ulqinit - Video - Lajme nga Ulqini","og_description":"Niveli i ujit n\u00eb lumin Buna sot ka r\u00ebn\u00eb p\u00ebr 9 cm p\u00ebr dallim nga dje. Megjithat\u00eb situata n\u00eb zonat e p\u00ebrmbytura n\u00eb k\u00ebt\u00eb komun\u00eb vazhdon t\u00eb jet\u00eb kritike.","og_url":"https:\/\/www.visit-ulcinj.com\/blog\/2010\/12\/05\/permbytjet-ne-komunen-e-ulqinit-video\/","og_site_name":"Lajme nga Ulqini","article_published_time":"2010-12-05T18:19:40+00:00","article_modified_time":"2010-12-06T13:58:26+00:00","og_image":[{"url":"https:\/\/www.visit-ulcinj.com\/blog\/wp-content\/uploads\/2010\/12\/permbytjet-ne-ane-te-malit_ulqin1-150x150.jpg"}],"twitter_misc":{"Written by":"ulqini","Est. reading time":"2 minutes"},"schema":{"@context":"https:\/\/schema.org","@graph":[{"@type":"WebSite","@id":"https:\/\/www.visit-ulcinj.com\/blog\/#website","url":"https:\/\/www.visit-ulcinj.com\/blog\/","name":"Lajme nga Ulqini","description":"Lajme,Vijesti,Ulqini,Ulqin,Crna Gora,Mali i Zi","potentialAction":[{"@type":"SearchAction","target":{"@type":"EntryPoint","urlTemplate":"https:\/\/www.visit-ulcinj.com\/blog\/?s={search_term_string}"},"query-input":"required name=search_term_string"}],"inLanguage":"en-US"},{"@type":"ImageObject","inLanguage":"en-US","@id":"https:\/\/www.visit-ulcinj.com\/blog\/2010\/12\/05\/permbytjet-ne-komunen-e-ulqinit-video\/#primaryimage","url":"https:\/\/www.visit-ulcinj.com\/blog\/wp-content\/uploads\/2010\/12\/permbytjet-ne-ane-te-malit_ulqin1.jpg","contentUrl":"https:\/\/www.visit-ulcinj.com\/blog\/wp-content\/uploads\/2010\/12\/permbytjet-ne-ane-te-malit_ulqin1.jpg","width":"532","height":"428"},{"@type":"WebPage","@id":"https:\/\/www.visit-ulcinj.com\/blog\/2010\/12\/05\/permbytjet-ne-komunen-e-ulqinit-video\/#webpage","url":"https:\/\/www.visit-ulcinj.com\/blog\/2010\/12\/05\/permbytjet-ne-komunen-e-ulqinit-video\/","name":"P\u00ebrmbytjet ne komun\u00ebn e Ulqinit - Video - Lajme nga Ulqini","isPartOf":{"@id":"https:\/\/www.visit-ulcinj.com\/blog\/#website"},"primaryImageOfPage":{"@id":"https:\/\/www.visit-ulcinj.com\/blog\/2010\/12\/05\/permbytjet-ne-komunen-e-ulqinit-video\/#primaryimage"},"datePublished":"2010-12-05T18:19:40+00:00","dateModified":"2010-12-06T13:58:26+00:00","author":{"@id":"https:\/\/www.visit-ulcinj.com\/blog\/#\/schema\/person\/dcab619c614d3038751c63bc2aadc06d"},"description":"Niveli i ujit n\u00eb lumin Buna sot ka r\u00ebn\u00eb p\u00ebr 9 cm p\u00ebr dallim nga dje. Megjithat\u00eb situata n\u00eb zonat e p\u00ebrmbytura n\u00eb k\u00ebt\u00eb komun\u00eb vazhdon t\u00eb jet\u00eb kritike.","breadcrumb":{"@id":"https:\/\/www.visit-ulcinj.com\/blog\/2010\/12\/05\/permbytjet-ne-komunen-e-ulqinit-video\/#breadcrumb"},"inLanguage":"en-US","potentialAction":[{"@type":"ReadAction","target":["https:\/\/www.visit-ulcinj.com\/blog\/2010\/12\/05\/permbytjet-ne-komunen-e-ulqinit-video\/"]}]},{"@type":"BreadcrumbList","@id":"https:\/\/www.visit-ulcinj.com\/blog\/2010\/12\/05\/permbytjet-ne-komunen-e-ulqinit-video\/#breadcrumb","itemListElement":[{"@type":"ListItem","position":1,"name":"P\u00ebrmbytjet ne komun\u00ebn e Ulqinit &#8211; Video"}]},{"@type":"Person","@id":"https:\/\/www.visit-ulcinj.com\/blog\/#\/schema\/person\/dcab619c614d3038751c63bc2aadc06d","name":"ulqini","sameAs":["http:\/\/www.visit-ulcinj.com"],"url":"https:\/\/www.visit-ulcinj.com\/blog\/author\/admin\/"}]}},"jetpack_featured_media_url":"","jetpack_sharing_enabled":true,"jetpack_shortlink":"https:\/\/wp.me\/pe6lTn-ayX","_links":{"self":[{"href":"https:\/\/www.visit-ulcinj.com\/blog\/wp-json\/wp\/v2\/posts\/40607"}],"collection":[{"href":"https:\/\/www.visit-ulcinj.com\/blog\/wp-json\/wp\/v2\/posts"}],"about":[{"href":"https:\/\/www.visit-ulcinj.com\/blog\/wp-json\/wp\/v2\/types\/post"}],"author":[{"embeddable":true,"href":"https:\/\/www.visit-ulcinj.com\/blog\/wp-json\/wp\/v2\/users\/1"}],"replies":[{"embeddable":true,"href":"https:\/\/www.visit-ulcinj.com\/blog\/wp-json\/wp\/v2\/comments?post=40607"}],"version-history":[{"count":1,"href":"https:\/\/www.visit-ulcinj.com\/blog\/wp-json\/wp\/v2\/posts\/40607\/revisions"}],"predecessor-version":[{"id":67969,"href":"https:\/\/www.visit-ulcinj.com\/blog\/wp-json\/wp\/v2\/posts\/40607\/revisions\/67969"}],"wp:attachment":[{"href":"https:\/\/www.visit-ulcinj.com\/blog\/wp-json\/wp\/v2\/media?parent=40607"}],"wp:term":[{"taxonomy":"category","embeddable":true,"href":"https:\/\/www.visit-ulcinj.com\/blog\/wp-json\/wp\/v2\/categories?post=40607"},{"taxonomy":"post_tag","embeddable":true,"href":"https:\/\/www.visit-ulcinj.com\/blog\/wp-json\/wp\/v2\/tags?post=40607"}],"curies":[{"name":"wp","href":"https:\/\/api.w.org\/{rel}","templated":true}]}}