{"id":40636,"date":"2010-12-05T21:18:46","date_gmt":"2010-12-05T20:18:46","guid":{"rendered":"http:\/\/www.visit-ulcinj.com\/blog\/?p=40636"},"modified":"2010-12-06T10:38:44","modified_gmt":"2010-12-06T09:38:44","slug":"adelina-thaci-u-fejova-me-publicistin-bardhyl-metajn-foto-eskluzive","status":"publish","type":"post","link":"https:\/\/www.visit-ulcinj.com\/blog\/2010\/12\/05\/adelina-thaci-u-fejova-me-publicistin-bardhyl-metajn-foto-eskluzive\/","title":{"rendered":"Adelina Tha\u00e7i, u fejova me publicistin Bardhyl Metajn &#8211; Foto Eskluzive"},"content":{"rendered":"<p><a href=\"http:\/\/www.visit-ulcinj.com\/blog\/wp-content\/uploads\/2010\/12\/Adelina-Thaci_-Bardhyl-Metajn.1.jpg\"><img loading=\"lazy\" class=\"alignleft size-full wp-image-40638\" title=\"Adelina Thaci_ Bardhyl Metajn.1\" src=\"http:\/\/www.visit-ulcinj.com\/blog\/wp-content\/uploads\/2010\/12\/Adelina-Thaci_-Bardhyl-Metajn.1.jpg\" alt=\"\" width=\"490\" height=\"390\" \/><\/a>Njoftimi yn\u00eb ishte shum\u00eb spontan. Takimi i par\u00eb ishte n\u00eb Prishtin\u00eb dhe mund t\u00eb them q\u00eb kurr\u00eb n\u00eb jet\u00eb nuk e kam imagjinuar k\u00ebt\u00eb lidhje t\u00eb jet\u00eb aq e bukur dhe\u00a0 kaq spontane, t\u00eb tjerat \u00a0do t\u00eb doja t\u2019i mbaja p\u00ebr vete me gjith\u00eb respektin q\u00eb kam p\u00ebr lexuesit.<\/p>\n<p><strong>\u201cKosova Sot\u201d: S\u00eb pari ju urojm\u00eb p\u00ebr fejes\u00ebn?<\/strong><\/p>\n<p>Adelina Tha\u00e7i: Ju fal\u00ebnderoj p\u00ebr urimet.<\/p>\n<p><strong>\u201cKosova Sot\u201d: Pa dyshim se edhe lexuesve tan\u00eb do t\u2019u interesonte t\u00eb dinin m\u00eb shum\u00eb p\u00ebr t\u00eb fejuarin tuaj?<\/strong><\/p>\n<p>Adelina Tha\u00e7i: Tani un\u00eb si tip nuk flas shum\u00eb p\u00ebr jet\u00ebn time private dhe shum\u00eb her\u00eb e kam potencuar. Sa i p\u00ebrket t\u00eb fejuarit tim n\u00eb gazeta t\u00eb ndryshme e kan\u00eb identifikuar, ngase nga shkrimet e kan\u00eb njohur dhe kan\u00eb treguar pak a shume p\u00ebr t\u00eb. Ai \u00ebsht\u00eb Bardhyl Metaj dhe me profesion \u00ebsht\u00eb eseist-publicist.<\/p>\n<p><strong>\u201cKosova Sot\u201d: Na tregoni si jeni njohur me t\u00eb fejuarin tuaj dhe ku?<\/strong><\/p>\n<p>Adelina Tha\u00e7i: Njoftimi yn\u00eb ishte shum\u00eb spontan. Takimi i par\u00eb ishte n\u00eb Prishtin\u00eb dhe mund t\u00eb them q\u00eb kurr\u00eb n\u00eb jet\u00eb nuk e kam imagjinuar k\u00ebt\u00eb lidhje t\u00eb jet\u00eb aq e bukur dhe\u00a0 kaq spontane, t\u00eb tjerat \u00a0do t\u00eb doja t\u2019i mbaja p\u00ebr vete me gjith\u00eb respektin q\u00eb kam p\u00ebr lexuesit.<\/p>\n<p>Pa plane p\u00ebr martes\u00ebn<\/p>\n<p><strong><a href=\"http:\/\/www.visit-ulcinj.com\/blog\/wp-content\/uploads\/2010\/12\/Adelina-Thaci_-Bardhyl-Metajn.2.jpg\"><img loading=\"lazy\" class=\"alignleft size-medium wp-image-40639\" title=\"Adelina Thaci_ Bardhyl Metajn.2\" src=\"http:\/\/www.visit-ulcinj.com\/blog\/wp-content\/uploads\/2010\/12\/Adelina-Thaci_-Bardhyl-Metajn.2-300x199.jpg\" alt=\"\" width=\"300\" height=\"199\" \/><\/a>\u201cKosova Sot\u201d: T\u00eb gjith\u00eb jan\u00eb kureshtar\u00eb t\u00eb din\u00eb se si dashurohen VIP-at, kur dihet se gjithmon\u00eb jeni n\u00ebn v\u00ebzhgimin e gazetar\u00ebve. <\/strong><strong>N\u00eb fakt, sa koh\u00eb e keni mbajtur t\u00eb fshehur lidhjen e dashuris\u00eb?<\/strong><\/p>\n<p>Adelina Tha\u00e7i: Ne jemi njohur m\u00eb par\u00eb, por meq\u00eb Bardhi jetonte n\u00eb Cyrih t\u00eb Zvicr\u00ebs, natyrisht nuk ishte sikur t\u00eb jetonim n\u00eb t\u00eb nj\u00ebjtin vend, dhe pasi vendosi t\u00eb kthehej n\u00eb Prishtin\u00eb, at\u00ebher\u00eb lidhja filloi t\u00eb b\u00ebhet m\u00eb intensive dhe e kuror\u00ebzuam me fejes\u00eb.<\/p>\n<p><strong>\u201cKosova Sot\u201d: Ajo q\u00eb dim\u00eb \u00ebsht\u00eb se i fejuari juaj jeton jasht\u00eb Kosov\u00ebs, a do t\u00eb thot\u00eb kjo se n\u00eb t\u00eb ardhmen edhe ju do t\u00eb jetoni jasht\u00eb Kosov\u00ebs?<\/strong><\/p>\n<p>Adelina Tha\u00e7i: Bardhi ka jetuar deri para tre muajve jasht\u00eb dhe tani kemi planifikuar t\u00eb jetojm\u00eb n\u00eb Kosov\u00eb, p\u00ebr m\u00eb von\u00eb nuk e dim\u00eb as ne.<\/p>\n<p><strong>\u201cKosova Sot\u201d: \u00cbsht\u00eb e natyrshme q\u00eb t\u2019jua b\u00ebjm\u00eb pyetjen se a keni planifikuar martes\u00eb dhe kur?<\/strong><\/p>\n<p>Adelina Tha\u00e7i: Nuk kemi planifikuar ende p\u00ebr martes\u00ebn, duam ta shijojm\u00eb pak fejes\u00ebn, ta shohim si do t\u00eb rrjedhin gj\u00ebrat.<\/p>\n<p><strong>\u201cKosova Sot\u201d: T\u2019i kthehemi tani muzik\u00ebs. Gjithmon\u00eb jeni vler\u00ebsuar p\u00ebr z\u00ebrin dhe talentin q\u00eb keni si k\u00ebng\u00ebtare, mir\u00ebpo koh\u00ebt e fundit pak b\u00ebni k\u00ebng\u00eb, pse?<\/strong><\/p>\n<p>Adelina Tha\u00e7i: E kam th\u00ebn\u00eb disa her\u00eb dhe e them prap\u00eb, un\u00eb nuk e kam dhe nuk e shoh t\u00eb domosdoshme q\u00eb t\u00eb jem gjith\u00eb koh\u00ebs n\u00eb TV dhe duke b\u00ebr\u00eb k\u00ebng\u00eb t\u00eb reja, ngase un\u00eb p\u00ebrve\u00e7 asaj kam aktivitete t\u00eb tjera q\u00eb kan\u00eb r\u00ebnd\u00ebsi e p\u00ebrkushtim, q\u00eb tani mua m\u00eb t\u00ebrheqin gj\u00ebra m\u00eb sfiduese. Natyrisht nuk \u00ebsht\u00eb kushedi se \u00e7ka po ndodh n\u00eb sken\u00ebn ton\u00eb muzikore, por angazhimet e mia\u00a0p\u00ebr muzik\u00ebn kan\u00eb qen\u00eb, jan\u00eb dhe do t\u00eb jen\u00eb preokupimi im, por s\u2019do t\u00eb thot\u00eb q\u00eb \u00e7doher\u00eb me klipe apo k\u00ebng\u00eb. Kam edhe klasiken, pastaj gj\u00ebra interesante t\u00eb tjera, t\u00eb cilat me koh\u00eb do t\u00eb shpalosen.<\/p>\n<p><strong>Angazhime p\u00ebr festat e fundvitit<\/strong><\/p>\n<p><strong><a href=\"http:\/\/www.visit-ulcinj.com\/blog\/wp-content\/uploads\/2010\/12\/Adelina-Thaci_-Bardhyl-Metajn.3.jpg\"><img loading=\"lazy\" class=\"alignleft size-medium wp-image-40640\" title=\"Adelina Thaci_ Bardhyl Metajn.3\" src=\"http:\/\/www.visit-ulcinj.com\/blog\/wp-content\/uploads\/2010\/12\/Adelina-Thaci_-Bardhyl-Metajn.3-300x199.jpg\" alt=\"\" width=\"300\" height=\"199\" \/><\/a>\u201cKosova Sot\u201d: N\u00eb festivalet q\u00eb jan\u00eb mbajtur deri tani nuk keni marr\u00eb pjes\u00eb. Do t\u00eb thot\u00eb kjo se p\u00ebr momentin keni hequr dor\u00eb nga festivalet?<\/strong><\/p>\n<p>Adelina Tha\u00e7i: Jo, nuk kam hequr dor\u00eb, vet\u00ebm se un\u00eb kam nj\u00ebfar\u00eb taktike timen, q\u00eb ndonj\u00ebher\u00eb s\u2019e shoh t\u00eb arsyeshme t\u00eb marr pjes\u00eb dhe gjat\u00eb asaj kohe b\u00ebj di\u00e7ka q\u00eb po ashtu ka t\u00eb b\u00ebj\u00eb me muzik\u00ebn, vet\u00ebm se me nj\u00eb form\u00eb tjet\u00ebr. Festivalet tona tanim\u00eb\u00a0jan\u00eb t\u00eb njohura si fenomen q\u00eb\u00a0jan\u00eb sa p\u00ebr t\u2019u promovuar, i mungon ai sharmi i dikursh\u00ebm dhe adrenalina e gar\u00ebs, e cila tani s\u2019ekziston, ngase tashm\u00eb jan\u00eb p\u00ebrzier k\u00ebng\u00ebtar\u00eb e manekine, t\u00eb cilat marrin \u00e7mime dhe i kushtojn\u00eb dukjes m\u00eb shum\u00eb. Kjo mua nuk m\u00eb t\u00ebrheq dhe aq shum\u00eb, por meq\u00eb kemi k\u00ebto q\u00eb kemi, mundohem t\u00eb marr\u00eb pjes\u00eb, por jo shpesh.<\/p>\n<p><strong>\u201cKosova Sot\u201d: Dim\u00eb q\u00eb jeni e angazhuar edhe si profesoresh\u00eb e muzik\u00ebs. Ju p\u00eblqen puna si profesoresh\u00eb dhe a do t\u00eb b\u00ebni k\u00ebt\u00eb pun\u00eb edhe n\u00eb t\u00eb ardhmen?<\/strong><\/p>\n<p>Adelina Tha\u00e7i: Po, un\u00eb punoj profesoresh\u00eb, por n\u00eb t\u00eb ardhmen nuk mendoj t\u00eb vazhdoj me k\u00ebt\u00eb pun\u00eb, sepse kam plane t\u00eb tjera.<\/p>\n<p><strong>\u201cKosova Sot\u201d: Tash po u afrohemi festave t\u00eb fundvitit. Do t\u00eb mund t\u2019ju shohim me ndonj\u00eb k\u00ebng\u00eb apo edhe klip t\u00eb ri?<\/strong><\/p>\n<p>Adelina Tha\u00e7i: P\u00ebr festat e fundvitit kemi angazhimet tona, n\u00ebp\u00ebr TV-t\u00eb tona, ku kan\u00eb organizuar nj\u00eb program festiv q\u00eb do t\u00eb ket\u00eb besoj k\u00ebng\u00eb t\u00eb ndryshme t\u00eb p\u00ebrzgjedhura nga m\u00eb\u00a0t\u00eb njohurat, pastaj\u00a0koncerti i Filarmonis\u00eb dhe Oper\u00ebs s\u00eb Kosov\u00ebs, ku do t\u00eb ket\u00eb nj\u00eb koncert festiv. Sa i p\u00ebrket k\u00ebng\u00ebs dhe klipit t\u00eb ri do t\u00eb jet\u00eb pas festave, sepse do t\u00eb jem m\u00eb e lir\u00eb n\u00eb disa gj\u00ebra dhe do t\u00eb kem koh\u00eb pak m\u00eb shum\u00eb p\u00ebr t\u00eb punuar.<\/p>\n<h3><a href=\"http:\/\/www.visit-ulcinj.com\/gallery\/main.php?g2_itemId=14422\" target=\"_blank\"><strong>Fotografit Eskluzive nga fejesa e Adelina Tha\u00e7i dhe Bardhyl Metajn klikoni Linkun<\/strong><\/a><\/h3>\n<!--YouTube Error: bad URL entered-->\n","protected":false},"excerpt":{"rendered":"<p>Njoftimi yn\u00eb ishte shum\u00eb spontan. Takimi i par\u00eb ishte n\u00eb Prishtin\u00eb dhe mund t\u00eb them q\u00eb kurr\u00eb n\u00eb jet\u00eb nuk e kam imagjinuar k\u00ebt\u00eb lidhje t\u00eb jet\u00eb aq e bukur dhe\u00a0 kaq spontane, t\u00eb tjerat \u00a0do t\u00eb doja t\u2019i mbaja p\u00ebr vete me gjith\u00eb respektin q\u00eb kam p\u00ebr lexuesit. \u201cKosova Sot\u201d: S\u00eb pari ju urojm\u00eb [&hellip;]<\/p>\n","protected":false},"author":1,"featured_media":0,"comment_status":"open","ping_status":"closed","sticky":false,"template":"","format":"standard","meta":{"spay_email":"","jetpack_publicize_message":"","jetpack_is_tweetstorm":false,"jetpack_publicize_feature_enabled":true},"categories":[1],"tags":[12441,16508,10439,13331],"jetpack_publicize_connections":[],"yoast_head":"<!-- This site is optimized with the Yoast SEO plugin v19.1 - https:\/\/yoast.com\/wordpress\/plugins\/seo\/ -->\n<title>Adelina Tha\u00e7i, u fejova me publicistin Bardhyl Metajn - Foto Eskluzive - Lajme nga Ulqini<\/title>\n<meta name=\"description\" content=\"Njoftimi yn\u00eb ishte shum\u00eb spontan. Takimi i par\u00eb ishte n\u00eb Prishtin\u00eb dhe mund t\u00eb them q\u00eb kurr\u00eb n\u00eb jet\u00eb nuk e kam imagjinuar k\u00ebt\u00eb lidhje t\u00eb jet\u00eb aq e bukur\" \/>\n<meta name=\"robots\" content=\"index, follow, max-snippet:-1, max-image-preview:large, max-video-preview:-1\" \/>\n<link rel=\"canonical\" href=\"https:\/\/www.visit-ulcinj.com\/blog\/2010\/12\/05\/adelina-thaci-u-fejova-me-publicistin-bardhyl-metajn-foto-eskluzive\/\" \/>\n<meta property=\"og:locale\" content=\"en_US\" \/>\n<meta property=\"og:type\" content=\"article\" \/>\n<meta property=\"og:title\" content=\"Adelina Tha\u00e7i, u fejova me publicistin Bardhyl Metajn - Foto Eskluzive - Lajme nga Ulqini\" \/>\n<meta property=\"og:description\" content=\"Njoftimi yn\u00eb ishte shum\u00eb spontan. Takimi i par\u00eb ishte n\u00eb Prishtin\u00eb dhe mund t\u00eb them q\u00eb kurr\u00eb n\u00eb jet\u00eb nuk e kam imagjinuar k\u00ebt\u00eb lidhje t\u00eb jet\u00eb aq e bukur\" \/>\n<meta property=\"og:url\" content=\"https:\/\/www.visit-ulcinj.com\/blog\/2010\/12\/05\/adelina-thaci-u-fejova-me-publicistin-bardhyl-metajn-foto-eskluzive\/\" \/>\n<meta property=\"og:site_name\" content=\"Lajme nga Ulqini\" \/>\n<meta property=\"article:published_time\" content=\"2010-12-05T20:18:46+00:00\" \/>\n<meta property=\"article:modified_time\" content=\"2010-12-06T09:38:44+00:00\" \/>\n<meta property=\"og:image\" content=\"http:\/\/www.visit-ulcinj.com\/blog\/wp-content\/uploads\/2010\/12\/Adelina-Thaci_-Bardhyl-Metajn.1.jpg\" \/>\n<meta name=\"twitter:label1\" content=\"Written by\" \/>\n\t<meta name=\"twitter:data1\" content=\"ulqini\" \/>\n\t<meta name=\"twitter:label2\" content=\"Est. reading time\" \/>\n\t<meta name=\"twitter:data2\" content=\"5 minutes\" \/>\n<script type=\"application\/ld+json\" class=\"yoast-schema-graph\">{\"@context\":\"https:\/\/schema.org\",\"@graph\":[{\"@type\":\"WebSite\",\"@id\":\"https:\/\/www.visit-ulcinj.com\/blog\/#website\",\"url\":\"https:\/\/www.visit-ulcinj.com\/blog\/\",\"name\":\"Lajme nga Ulqini\",\"description\":\"Lajme,Vijesti,Ulqini,Ulqin,Crna Gora,Mali i Zi\",\"potentialAction\":[{\"@type\":\"SearchAction\",\"target\":{\"@type\":\"EntryPoint\",\"urlTemplate\":\"https:\/\/www.visit-ulcinj.com\/blog\/?s={search_term_string}\"},\"query-input\":\"required name=search_term_string\"}],\"inLanguage\":\"en-US\"},{\"@type\":\"ImageObject\",\"inLanguage\":\"en-US\",\"@id\":\"https:\/\/www.visit-ulcinj.com\/blog\/2010\/12\/05\/adelina-thaci-u-fejova-me-publicistin-bardhyl-metajn-foto-eskluzive\/#primaryimage\",\"url\":\"http:\/\/www.visit-ulcinj.com\/blog\/wp-content\/uploads\/2010\/12\/Adelina-Thaci_-Bardhyl-Metajn.1.jpg\",\"contentUrl\":\"http:\/\/www.visit-ulcinj.com\/blog\/wp-content\/uploads\/2010\/12\/Adelina-Thaci_-Bardhyl-Metajn.1.jpg\"},{\"@type\":\"WebPage\",\"@id\":\"https:\/\/www.visit-ulcinj.com\/blog\/2010\/12\/05\/adelina-thaci-u-fejova-me-publicistin-bardhyl-metajn-foto-eskluzive\/#webpage\",\"url\":\"https:\/\/www.visit-ulcinj.com\/blog\/2010\/12\/05\/adelina-thaci-u-fejova-me-publicistin-bardhyl-metajn-foto-eskluzive\/\",\"name\":\"Adelina Tha\u00e7i, u fejova me publicistin Bardhyl Metajn - Foto Eskluzive - Lajme nga Ulqini\",\"isPartOf\":{\"@id\":\"https:\/\/www.visit-ulcinj.com\/blog\/#website\"},\"primaryImageOfPage\":{\"@id\":\"https:\/\/www.visit-ulcinj.com\/blog\/2010\/12\/05\/adelina-thaci-u-fejova-me-publicistin-bardhyl-metajn-foto-eskluzive\/#primaryimage\"},\"datePublished\":\"2010-12-05T20:18:46+00:00\",\"dateModified\":\"2010-12-06T09:38:44+00:00\",\"author\":{\"@id\":\"https:\/\/www.visit-ulcinj.com\/blog\/#\/schema\/person\/dcab619c614d3038751c63bc2aadc06d\"},\"description\":\"Njoftimi yn\u00eb ishte shum\u00eb spontan. Takimi i par\u00eb ishte n\u00eb Prishtin\u00eb dhe mund t\u00eb them q\u00eb kurr\u00eb n\u00eb jet\u00eb nuk e kam imagjinuar k\u00ebt\u00eb lidhje t\u00eb jet\u00eb aq e bukur\",\"breadcrumb\":{\"@id\":\"https:\/\/www.visit-ulcinj.com\/blog\/2010\/12\/05\/adelina-thaci-u-fejova-me-publicistin-bardhyl-metajn-foto-eskluzive\/#breadcrumb\"},\"inLanguage\":\"en-US\",\"potentialAction\":[{\"@type\":\"ReadAction\",\"target\":[\"https:\/\/www.visit-ulcinj.com\/blog\/2010\/12\/05\/adelina-thaci-u-fejova-me-publicistin-bardhyl-metajn-foto-eskluzive\/\"]}]},{\"@type\":\"BreadcrumbList\",\"@id\":\"https:\/\/www.visit-ulcinj.com\/blog\/2010\/12\/05\/adelina-thaci-u-fejova-me-publicistin-bardhyl-metajn-foto-eskluzive\/#breadcrumb\",\"itemListElement\":[{\"@type\":\"ListItem\",\"position\":1,\"name\":\"Adelina Tha\u00e7i, u fejova me publicistin Bardhyl Metajn &#8211; Foto Eskluzive\"}]},{\"@type\":\"Person\",\"@id\":\"https:\/\/www.visit-ulcinj.com\/blog\/#\/schema\/person\/dcab619c614d3038751c63bc2aadc06d\",\"name\":\"ulqini\",\"sameAs\":[\"http:\/\/www.visit-ulcinj.com\"],\"url\":\"https:\/\/www.visit-ulcinj.com\/blog\/author\/admin\/\"}]}<\/script>\n<!-- \/ Yoast SEO plugin. -->","yoast_head_json":{"title":"Adelina Tha\u00e7i, u fejova me publicistin Bardhyl Metajn - Foto Eskluzive - Lajme nga Ulqini","description":"Njoftimi yn\u00eb ishte shum\u00eb spontan. Takimi i par\u00eb ishte n\u00eb Prishtin\u00eb dhe mund t\u00eb them q\u00eb kurr\u00eb n\u00eb jet\u00eb nuk e kam imagjinuar k\u00ebt\u00eb lidhje t\u00eb jet\u00eb aq e bukur","robots":{"index":"index","follow":"follow","max-snippet":"max-snippet:-1","max-image-preview":"max-image-preview:large","max-video-preview":"max-video-preview:-1"},"canonical":"https:\/\/www.visit-ulcinj.com\/blog\/2010\/12\/05\/adelina-thaci-u-fejova-me-publicistin-bardhyl-metajn-foto-eskluzive\/","og_locale":"en_US","og_type":"article","og_title":"Adelina Tha\u00e7i, u fejova me publicistin Bardhyl Metajn - Foto Eskluzive - Lajme nga Ulqini","og_description":"Njoftimi yn\u00eb ishte shum\u00eb spontan. Takimi i par\u00eb ishte n\u00eb Prishtin\u00eb dhe mund t\u00eb them q\u00eb kurr\u00eb n\u00eb jet\u00eb nuk e kam imagjinuar k\u00ebt\u00eb lidhje t\u00eb jet\u00eb aq e bukur","og_url":"https:\/\/www.visit-ulcinj.com\/blog\/2010\/12\/05\/adelina-thaci-u-fejova-me-publicistin-bardhyl-metajn-foto-eskluzive\/","og_site_name":"Lajme nga Ulqini","article_published_time":"2010-12-05T20:18:46+00:00","article_modified_time":"2010-12-06T09:38:44+00:00","og_image":[{"url":"http:\/\/www.visit-ulcinj.com\/blog\/wp-content\/uploads\/2010\/12\/Adelina-Thaci_-Bardhyl-Metajn.1.jpg"}],"twitter_misc":{"Written by":"ulqini","Est. reading time":"5 minutes"},"schema":{"@context":"https:\/\/schema.org","@graph":[{"@type":"WebSite","@id":"https:\/\/www.visit-ulcinj.com\/blog\/#website","url":"https:\/\/www.visit-ulcinj.com\/blog\/","name":"Lajme nga Ulqini","description":"Lajme,Vijesti,Ulqini,Ulqin,Crna Gora,Mali i Zi","potentialAction":[{"@type":"SearchAction","target":{"@type":"EntryPoint","urlTemplate":"https:\/\/www.visit-ulcinj.com\/blog\/?s={search_term_string}"},"query-input":"required name=search_term_string"}],"inLanguage":"en-US"},{"@type":"ImageObject","inLanguage":"en-US","@id":"https:\/\/www.visit-ulcinj.com\/blog\/2010\/12\/05\/adelina-thaci-u-fejova-me-publicistin-bardhyl-metajn-foto-eskluzive\/#primaryimage","url":"http:\/\/www.visit-ulcinj.com\/blog\/wp-content\/uploads\/2010\/12\/Adelina-Thaci_-Bardhyl-Metajn.1.jpg","contentUrl":"http:\/\/www.visit-ulcinj.com\/blog\/wp-content\/uploads\/2010\/12\/Adelina-Thaci_-Bardhyl-Metajn.1.jpg"},{"@type":"WebPage","@id":"https:\/\/www.visit-ulcinj.com\/blog\/2010\/12\/05\/adelina-thaci-u-fejova-me-publicistin-bardhyl-metajn-foto-eskluzive\/#webpage","url":"https:\/\/www.visit-ulcinj.com\/blog\/2010\/12\/05\/adelina-thaci-u-fejova-me-publicistin-bardhyl-metajn-foto-eskluzive\/","name":"Adelina Tha\u00e7i, u fejova me publicistin Bardhyl Metajn - Foto Eskluzive - Lajme nga Ulqini","isPartOf":{"@id":"https:\/\/www.visit-ulcinj.com\/blog\/#website"},"primaryImageOfPage":{"@id":"https:\/\/www.visit-ulcinj.com\/blog\/2010\/12\/05\/adelina-thaci-u-fejova-me-publicistin-bardhyl-metajn-foto-eskluzive\/#primaryimage"},"datePublished":"2010-12-05T20:18:46+00:00","dateModified":"2010-12-06T09:38:44+00:00","author":{"@id":"https:\/\/www.visit-ulcinj.com\/blog\/#\/schema\/person\/dcab619c614d3038751c63bc2aadc06d"},"description":"Njoftimi yn\u00eb ishte shum\u00eb spontan. Takimi i par\u00eb ishte n\u00eb Prishtin\u00eb dhe mund t\u00eb them q\u00eb kurr\u00eb n\u00eb jet\u00eb nuk e kam imagjinuar k\u00ebt\u00eb lidhje t\u00eb jet\u00eb aq e bukur","breadcrumb":{"@id":"https:\/\/www.visit-ulcinj.com\/blog\/2010\/12\/05\/adelina-thaci-u-fejova-me-publicistin-bardhyl-metajn-foto-eskluzive\/#breadcrumb"},"inLanguage":"en-US","potentialAction":[{"@type":"ReadAction","target":["https:\/\/www.visit-ulcinj.com\/blog\/2010\/12\/05\/adelina-thaci-u-fejova-me-publicistin-bardhyl-metajn-foto-eskluzive\/"]}]},{"@type":"BreadcrumbList","@id":"https:\/\/www.visit-ulcinj.com\/blog\/2010\/12\/05\/adelina-thaci-u-fejova-me-publicistin-bardhyl-metajn-foto-eskluzive\/#breadcrumb","itemListElement":[{"@type":"ListItem","position":1,"name":"Adelina Tha\u00e7i, u fejova me publicistin Bardhyl Metajn &#8211; Foto Eskluzive"}]},{"@type":"Person","@id":"https:\/\/www.visit-ulcinj.com\/blog\/#\/schema\/person\/dcab619c614d3038751c63bc2aadc06d","name":"ulqini","sameAs":["http:\/\/www.visit-ulcinj.com"],"url":"https:\/\/www.visit-ulcinj.com\/blog\/author\/admin\/"}]}},"jetpack_featured_media_url":"","jetpack_sharing_enabled":true,"jetpack_shortlink":"https:\/\/wp.me\/pe6lTn-azq","_links":{"self":[{"href":"https:\/\/www.visit-ulcinj.com\/blog\/wp-json\/wp\/v2\/posts\/40636"}],"collection":[{"href":"https:\/\/www.visit-ulcinj.com\/blog\/wp-json\/wp\/v2\/posts"}],"about":[{"href":"https:\/\/www.visit-ulcinj.com\/blog\/wp-json\/wp\/v2\/types\/post"}],"author":[{"embeddable":true,"href":"https:\/\/www.visit-ulcinj.com\/blog\/wp-json\/wp\/v2\/users\/1"}],"replies":[{"embeddable":true,"href":"https:\/\/www.visit-ulcinj.com\/blog\/wp-json\/wp\/v2\/comments?post=40636"}],"version-history":[{"count":0,"href":"https:\/\/www.visit-ulcinj.com\/blog\/wp-json\/wp\/v2\/posts\/40636\/revisions"}],"wp:attachment":[{"href":"https:\/\/www.visit-ulcinj.com\/blog\/wp-json\/wp\/v2\/media?parent=40636"}],"wp:term":[{"taxonomy":"category","embeddable":true,"href":"https:\/\/www.visit-ulcinj.com\/blog\/wp-json\/wp\/v2\/categories?post=40636"},{"taxonomy":"post_tag","embeddable":true,"href":"https:\/\/www.visit-ulcinj.com\/blog\/wp-json\/wp\/v2\/tags?post=40636"}],"curies":[{"name":"wp","href":"https:\/\/api.w.org\/{rel}","templated":true}]}}