{"id":40651,"date":"2010-12-06T13:07:34","date_gmt":"2010-12-06T12:07:34","guid":{"rendered":"http:\/\/www.visit-ulcinj.com\/blog\/?p=40651"},"modified":"2010-12-06T13:07:34","modified_gmt":"2010-12-06T12:07:34","slug":"veprat-e-gjeke-gjonaj-jane-me-vlera-kombetare-dhe-shkencore","status":"publish","type":"post","link":"https:\/\/www.visit-ulcinj.com\/blog\/2010\/12\/06\/veprat-e-gjeke-gjonaj-jane-me-vlera-kombetare-dhe-shkencore\/","title":{"rendered":"Veprat e Gjek\u00eb Gjonaj jan\u00eb me vlera komb\u00ebtare dhe shkencore"},"content":{"rendered":"<p><a href=\"http:\/\/www.visit-ulcinj.com\/blog\/wp-content\/uploads\/2010\/12\/Veprat-e-Gjek\u00eb-Gjonaj.jpg\"><img loading=\"lazy\" class=\"alignleft size-full wp-image-40652\" title=\"Veprat e Gjek\u00eb Gjonaj\" src=\"http:\/\/www.visit-ulcinj.com\/blog\/wp-content\/uploads\/2010\/12\/Veprat-e-Gjek\u00eb-Gjonaj.jpg\" alt=\"\" width=\"330\" height=\"390\" \/><\/a>Gazetari, publicisti dhe studiuesi, Gjek\u00eb Gjonaj deri tani ka botuar kat\u00ebr vepra voluminoze me mbi\u00a0 nj\u00eb mij\u00eb faqe me vlera komb\u00ebtare dhe shkencore: Prek\u00eb cali , piramid\u00eb e kufijve t\u00eb Shqip\u00ebris\u00eb, Nj\u00ebmend\u00ebsi shqiptare, Gjurm\u00ebve t\u00eb koh\u00ebs\u201d dhe Shqipet e Maleve.\u00a0 Autori i k\u00ebtyre veprave, krahas\u00a0 k\u00ebrkimeve n\u00eb fush\u00ebn e medias, \u00ebsht\u00eb p\u00ebrveshur edhe hulumtimeve studimore me pesh\u00eb shkencore. Gjonaj tashm\u00eb nuk\u00a0 \u00ebsht\u00eb vet\u00ebm em\u00ebr i njoihur n\u00eb gazetarin\u00eb shqiptare, por, bazuar n\u00eb vlerat e padiskutueshme t\u00eb veprave\u00a0 t\u00eb tij, me t\u00eb drejt\u00eb mund t\u00eb them se \u00ebsht\u00eb nj\u00eb intelektual i mir\u00ebfillt\u00eb, i cili hap shtigje t\u00eb reja n\u00eb fush\u00ebn e historis\u00eb, gjeografis\u00eb, folklorit dhe etnografis\u00eb t\u00eb shqiptar\u00ebve n\u00eb Malin e Zi.\u00a0 Temat\u00a0 q\u00eb i trajton n\u00eb veprat e tij\u00a0 me referenca t\u00eb q\u00ebndrueshme\u00a0 studimore , si: Xhubleta- mbret\u00ebresh\u00eb e veshjeve shqipotare, Veshja e Shestanit, Vitoja &#8211; sof\u00ebr e madhe gjithshqiptare, Dom Simon Filipaj- njeriu q\u00eb realizoi \u00ebndrr\u00ebn 2000 vje\u00e7are t\u00eb shqiptar\u00ebve, Ded\u00eb Gjo\u2019 Luli, figure historike e Mal\u00ebsis\u00eb, N\u00ebna Terez\u00eb-misionare e dashuris\u00eb, At Gjergj Fishta-figur\u00eb madhorr e kultur\u00ebs shqiptare, Kulla e Curanajve-simbol i q\u00ebndres\u00ebs shqiptare, Mali i Bris\u00eb-histori e dhimbshme e shqiptar\u00ebve, N\u00eb Shas ka gjurm\u00eb\u00a0 parahistorike, Prek\u00eb Cali, piramid\u00eb e kufijve t\u00eb Shqip\u00ebris\u00eb , dhe shum\u00eb studime t\u00eb tjera, jan\u00eb vlera q\u00eb i tejkalojn\u00eb shkrimet gazetareske dhe u bashkangjiten\u00a0 hulumtimeve t\u00eb mir\u00ebfillta shkencore.<\/p>\n<p>Gjek\u00eb Gjonaj t\u00eb gjitha problemeve u qaset natyrsh\u00ebm, me maturi objektive, duke mos anuar nga asnj\u00ebra pale. Ai\u00a0 vazhdimisht ka shtruar realisht jet\u00ebn e shqiptar\u00ebve n\u00eb k\u00ebto hap\u00ebsira edhe n\u00eb aspektin e s\u00eb kaluar\u00ebs s\u00eb idh\u00ebt historike n\u00eb m\u00ebnyr\u00eb t\u00eb drfejt\u00eb dhe reale.\u00a0 Me k\u00ebt\u00eb ka d\u00ebshmuar qart\u00eb e bindsh\u00ebm\u00a0 se i njeh mir\u00eb rrjedhat historike t\u00eb k\u00ebsaj popullate. Gjonaj n\u00eb shum\u00eb shkrimet e tij v\u00eb n\u00eb dukje aspektin e m\u00ebrgimit, kthimin e pronave, nevoj\u00ebn e investimeve, korrigjimin e pla-programeve shkollore,\u00a0 pun\u00ebsimin , p\u00ebrfaq\u00ebsimin e e shqiptar\u00ebve n\u00eb isntiucionet shtet\u00ebrore, k\u00ebrc\u00ebnimin q\u00eb u b\u00ebhet shqiptar\u00ebve n\u00eb\u00a0 trojet e\u00a0 etnike, uzurpimin e pronave nga ish-pushteti komunist, t\u00eb cilat qeveria malazeze nuk po ua kthen shqiptar\u00ebve\u00a0 t\u00eb Ulqinit, Tuzit, etj. edhe pse\u00a0\u00a0 kjo \u00ebsht\u00eb e parapar\u00eb me konventa nd\u00ebrkomb\u00ebtare. Gjeka, p\u00ebr k\u00ebto padrejt\u00ebsi q\u00eb po u b\u00ebhen bashk\u00ebkombasve t\u00eb tij, k\u00ebrkon\u00a0 pa frik\u00eb dhe me ngulm q\u00eb\u00a0 ato t\u00eb eliminohen, por, si\u00e7 dihet, ende nuk ka sinjale nga pushtetar\u00ebt\u00a0 se do t\u00eb zgjidhen k\u00ebto probleme jetike t\u00eb shqipt\u00ebve\u00a0 n\u00eb k\u00ebt\u00eb shtet. \u00cbsht\u00eb p\u00ebr tu \u00e7uditur\u00a0 q\u00eb p\u00ebr t\u00eb tilla probleme t\u00eb shqiptar\u00ebve nuk ngre z\u00ebrin as Bashk\u00ebsia Europiane dhe faktori nd\u00ebrkomb\u00ebtar, para syve t\u00eb cil\u00ebve\u00a0 shiten pasurit\u00eb legale t\u00eb shqiptar\u00ebve dhe nuk dihet se ku shkojn\u00eb k\u00ebto para.\u00a0 K\u00ebto dhe probleme t\u00eb tjera t\u00eb shqiptar\u00ebve n\u00eb Malin e Zi deri m\u00eb tani askush tjet\u00ebr nuk i ka trajtuar m\u00eb mir\u00eb n\u00eb mediat shqipe se sa Gjek\u00eb Gjonaj, i cili\u00a0 nuk shkruan p\u00ebr tu hyr\u00eb n\u00eb qejf pushtetar\u00ebve. P\u00ebrkundrazi, ai me dinjitet, nd\u00ebrgjegje t\u00eb lart\u00eb komb\u00ebtare publikon shqet\u00ebsimet, hallet dhe preokupimet e dhimshme\u00a0\u00a0 t\u00eb shqiptar\u00ebve n\u00eb Malin e Zi. Jan\u00eb t\u00eb pak\u00ebt ata gazetar\u00eb q\u00eb i pasqyrojn\u00eb kaq realisht problemet e shqiptar\u00ebve, n\u00eb koh\u00ebn kur\u00a0 shumica e tyre jan\u00eb b\u00ebr\u00eb z\u00ebdh\u00ebn\u00ebs dhe servil\u00eb t\u00eb pushtetar\u00ebve.<\/p>\n<p>Gjek\u00eb Gjonaj p\u00ebrmes k\u00ebtyre vlerave jep mesazhin q\u00eb n\u00eb\u00a0 mesin e shqiptar\u00ebve\u00a0\u00a0 historikisht ka patur njer\u00ebz t\u00eb ditur t\u00eb cil\u00ebt na kan\u00eb nderuar para bot\u00ebs, duke na radhitur nd\u00ebr popujt m\u00eb t\u00eb civilizuar t\u00eb Europ\u00ebs. Populli yn\u00eb me shekuj mbrojti identitetin, gjuh\u00ebn, zakonet dhe nd\u00ebrgjegjen e lart\u00eb komb\u00ebtare. Gjonaj n\u00eb pjes\u00ebn m\u00eb t\u00eb madhe t\u00eb shkrimeve t\u00eb tij reflekton\u00a0 dinjitet dhe aft\u00ebsi\u00a0 intelektuale, t\u00eb cilat guximsh\u00ebm i v\u00eb n\u00eb sh\u00ebrbim t\u00eb preokupimeve dhe \u00e7\u00ebshtjes\u00a0 shqiptare. Ky i ngreh problemet e popullat\u00ebs s\u00eb vet deri n\u00eb instancat m\u00eb t\u00eb larta administrative shtet\u00ebrore e nd\u00ebrkomb\u00ebtare, duke d\u00ebshmuar me argumente se n\u00eb rajonet etnike shqiptare po thellohen padrejt\u00ebsit\u00eb dhe dhuna, q\u00eb jan\u00eb\u00a0 n\u00eb kund\u00ebrshtim me t\u00eb drejtat dhe lirit\u00eb themelore t\u00eb njeriut. Gjeka guximsh\u00ebm k\u00ebrkon q\u00eb k\u00ebto probleme madhore t\u00eb shqiptar\u00ebve n\u00eb Malin e Zi t\u00eb evitohen sipas standarteve europiane, q\u00eb jan\u00eb obliguese edhe p\u00ebr\u00a0 pushtetin aktual n\u00eb Malin e Zi.<\/p>\n<p>N\u00eb veprat e Gjek\u00eb Gjonaj spikat nd\u00ebr t\u00eb tjera edhe\u00a0 fati i dhimbsh\u00ebm i shqiptar\u00ebve dhe\u00a0 diskriminimi ekonomik i tyre. Ky realitet i hidhur n\u00eb m\u00ebnyr\u00eb t\u00eb denj\u00eb pasqyrohet n\u00eb t\u00eb gjitha aspektet e jet\u00ebs s\u00eb k\u00ebsaj popullate e cila n\u00ebp\u00ebr shekuj i shp\u00ebtoi asimilimit.<\/p>\n<p>Gjek\u00eb Gjonaj edhe n\u00eb\u00a0 fush\u00ebn e intervistave shpreh njohuri t\u00eb thell\u00eb\u00a0 interpretuese\u00a0 dhe aft\u00ebsi kreative\u00a0 e krahasuese. K\u00ebt\u00eb dhunti t\u00eb talentit rrall\u00ebkush e posedon . D\u00ebshmi p\u00ebr k\u00ebt\u00eb jan\u00eb edhe intervistat e tij cil\u00ebsore\u00a0 aq t\u00eb k\u00ebrkuara saq\u00eb\u00a0\u00a0 ka raste q\u00eb ato t\u00eb botohen p\u00ebrnj\u00ebher\u00eb n\u00eb kat\u00ebr-pes\u00eb gazeta ditore n\u00eb Malin e Zi, Shqip\u00ebri dhe Kosov\u00eb. Nga materialet e botuara n\u00eb kat\u00ebr veprat e deritashme t\u00eb Gjek\u00eb Gjonaj mund t\u00eb konkludoj se ato kan\u00eb vlera enciklopedike njoh\u00ebse p\u00ebr shqiptar\u00ebt n\u00eb Malin e Zi.<\/p>\n<p><strong>Prof.dr. Bahri Brisku<br \/>\nKoha Javore<\/strong><\/p>\n","protected":false},"excerpt":{"rendered":"<p>Gazetari, publicisti dhe studiuesi, Gjek\u00eb Gjonaj deri tani ka botuar kat\u00ebr vepra voluminoze me mbi\u00a0 nj\u00eb mij\u00eb faqe me vlera komb\u00ebtare dhe shkencore: Prek\u00eb cali , piramid\u00eb e kufijve t\u00eb Shqip\u00ebris\u00eb, Nj\u00ebmend\u00ebsi shqiptare, Gjurm\u00ebve t\u00eb koh\u00ebs\u201d dhe Shqipet e Maleve.\u00a0 Autori i k\u00ebtyre veprave, krahas\u00a0 k\u00ebrkimeve n\u00eb fush\u00ebn e medias, \u00ebsht\u00eb p\u00ebrveshur edhe hulumtimeve studimore [&hellip;]<\/p>\n","protected":false},"author":1,"featured_media":0,"comment_status":"open","ping_status":"closed","sticky":false,"template":"","format":"standard","meta":{"spay_email":"","jetpack_publicize_message":"","jetpack_is_tweetstorm":false,"jetpack_publicize_feature_enabled":true},"categories":[14249],"tags":[5401,16510,4474,201,200,18],"jetpack_publicize_connections":[],"yoast_head":"<!-- This site is optimized with the Yoast SEO plugin v19.1 - https:\/\/yoast.com\/wordpress\/plugins\/seo\/ -->\n<title>Veprat e Gjek\u00eb Gjonaj jan\u00eb me vlera komb\u00ebtare dhe shkencore - Lajme nga Ulqini<\/title>\n<meta name=\"description\" content=\"Gazetari, publicisti dhe studiuesi, Gjek\u00eb Gjonaj deri tani ka botuar kat\u00ebr vepra voluminoze me mbi\u00a0 nj\u00eb mij\u00eb faqe me vlera komb\u00ebtare dhe shkencore: Prek\u00eb\" \/>\n<meta name=\"robots\" content=\"index, follow, max-snippet:-1, max-image-preview:large, max-video-preview:-1\" \/>\n<link rel=\"canonical\" href=\"https:\/\/www.visit-ulcinj.com\/blog\/2010\/12\/06\/veprat-e-gjeke-gjonaj-jane-me-vlera-kombetare-dhe-shkencore\/\" \/>\n<meta property=\"og:locale\" content=\"en_US\" \/>\n<meta property=\"og:type\" content=\"article\" \/>\n<meta property=\"og:title\" content=\"Veprat e Gjek\u00eb Gjonaj jan\u00eb me vlera komb\u00ebtare dhe shkencore - Lajme nga Ulqini\" \/>\n<meta property=\"og:description\" content=\"Gazetari, publicisti dhe studiuesi, Gjek\u00eb Gjonaj deri tani ka botuar kat\u00ebr vepra voluminoze me mbi\u00a0 nj\u00eb mij\u00eb faqe me vlera komb\u00ebtare dhe shkencore: Prek\u00eb\" \/>\n<meta property=\"og:url\" content=\"https:\/\/www.visit-ulcinj.com\/blog\/2010\/12\/06\/veprat-e-gjeke-gjonaj-jane-me-vlera-kombetare-dhe-shkencore\/\" \/>\n<meta property=\"og:site_name\" content=\"Lajme nga Ulqini\" \/>\n<meta property=\"article:published_time\" content=\"2010-12-06T12:07:34+00:00\" \/>\n<meta name=\"twitter:label1\" content=\"Written by\" \/>\n\t<meta name=\"twitter:data1\" content=\"ulqini\" \/>\n\t<meta name=\"twitter:label2\" content=\"Est. reading time\" \/>\n\t<meta name=\"twitter:data2\" content=\"5 minutes\" \/>\n<script type=\"application\/ld+json\" class=\"yoast-schema-graph\">{\"@context\":\"https:\/\/schema.org\",\"@graph\":[{\"@type\":\"WebSite\",\"@id\":\"https:\/\/www.visit-ulcinj.com\/blog\/#website\",\"url\":\"https:\/\/www.visit-ulcinj.com\/blog\/\",\"name\":\"Lajme nga Ulqini\",\"description\":\"Lajme,Vijesti,Ulqini,Ulqin,Crna Gora,Mali i Zi\",\"potentialAction\":[{\"@type\":\"SearchAction\",\"target\":{\"@type\":\"EntryPoint\",\"urlTemplate\":\"https:\/\/www.visit-ulcinj.com\/blog\/?s={search_term_string}\"},\"query-input\":\"required name=search_term_string\"}],\"inLanguage\":\"en-US\"},{\"@type\":\"WebPage\",\"@id\":\"https:\/\/www.visit-ulcinj.com\/blog\/2010\/12\/06\/veprat-e-gjeke-gjonaj-jane-me-vlera-kombetare-dhe-shkencore\/#webpage\",\"url\":\"https:\/\/www.visit-ulcinj.com\/blog\/2010\/12\/06\/veprat-e-gjeke-gjonaj-jane-me-vlera-kombetare-dhe-shkencore\/\",\"name\":\"Veprat e Gjek\u00eb Gjonaj jan\u00eb me vlera komb\u00ebtare dhe shkencore - Lajme nga Ulqini\",\"isPartOf\":{\"@id\":\"https:\/\/www.visit-ulcinj.com\/blog\/#website\"},\"datePublished\":\"2010-12-06T12:07:34+00:00\",\"dateModified\":\"2010-12-06T12:07:34+00:00\",\"author\":{\"@id\":\"https:\/\/www.visit-ulcinj.com\/blog\/#\/schema\/person\/dcab619c614d3038751c63bc2aadc06d\"},\"description\":\"Gazetari, publicisti dhe studiuesi, Gjek\u00eb Gjonaj deri tani ka botuar kat\u00ebr vepra voluminoze me mbi\u00a0 nj\u00eb mij\u00eb faqe me vlera komb\u00ebtare dhe shkencore: Prek\u00eb\",\"breadcrumb\":{\"@id\":\"https:\/\/www.visit-ulcinj.com\/blog\/2010\/12\/06\/veprat-e-gjeke-gjonaj-jane-me-vlera-kombetare-dhe-shkencore\/#breadcrumb\"},\"inLanguage\":\"en-US\",\"potentialAction\":[{\"@type\":\"ReadAction\",\"target\":[\"https:\/\/www.visit-ulcinj.com\/blog\/2010\/12\/06\/veprat-e-gjeke-gjonaj-jane-me-vlera-kombetare-dhe-shkencore\/\"]}]},{\"@type\":\"BreadcrumbList\",\"@id\":\"https:\/\/www.visit-ulcinj.com\/blog\/2010\/12\/06\/veprat-e-gjeke-gjonaj-jane-me-vlera-kombetare-dhe-shkencore\/#breadcrumb\",\"itemListElement\":[{\"@type\":\"ListItem\",\"position\":1,\"name\":\"Veprat e Gjek\u00eb Gjonaj jan\u00eb me vlera komb\u00ebtare dhe shkencore\"}]},{\"@type\":\"Person\",\"@id\":\"https:\/\/www.visit-ulcinj.com\/blog\/#\/schema\/person\/dcab619c614d3038751c63bc2aadc06d\",\"name\":\"ulqini\",\"sameAs\":[\"http:\/\/www.visit-ulcinj.com\"],\"url\":\"https:\/\/www.visit-ulcinj.com\/blog\/author\/admin\/\"}]}<\/script>\n<!-- \/ Yoast SEO plugin. -->","yoast_head_json":{"title":"Veprat e Gjek\u00eb Gjonaj jan\u00eb me vlera komb\u00ebtare dhe shkencore - Lajme nga Ulqini","description":"Gazetari, publicisti dhe studiuesi, Gjek\u00eb Gjonaj deri tani ka botuar kat\u00ebr vepra voluminoze me mbi\u00a0 nj\u00eb mij\u00eb faqe me vlera komb\u00ebtare dhe shkencore: Prek\u00eb","robots":{"index":"index","follow":"follow","max-snippet":"max-snippet:-1","max-image-preview":"max-image-preview:large","max-video-preview":"max-video-preview:-1"},"canonical":"https:\/\/www.visit-ulcinj.com\/blog\/2010\/12\/06\/veprat-e-gjeke-gjonaj-jane-me-vlera-kombetare-dhe-shkencore\/","og_locale":"en_US","og_type":"article","og_title":"Veprat e Gjek\u00eb Gjonaj jan\u00eb me vlera komb\u00ebtare dhe shkencore - Lajme nga Ulqini","og_description":"Gazetari, publicisti dhe studiuesi, Gjek\u00eb Gjonaj deri tani ka botuar kat\u00ebr vepra voluminoze me mbi\u00a0 nj\u00eb mij\u00eb faqe me vlera komb\u00ebtare dhe shkencore: Prek\u00eb","og_url":"https:\/\/www.visit-ulcinj.com\/blog\/2010\/12\/06\/veprat-e-gjeke-gjonaj-jane-me-vlera-kombetare-dhe-shkencore\/","og_site_name":"Lajme nga Ulqini","article_published_time":"2010-12-06T12:07:34+00:00","twitter_misc":{"Written by":"ulqini","Est. reading time":"5 minutes"},"schema":{"@context":"https:\/\/schema.org","@graph":[{"@type":"WebSite","@id":"https:\/\/www.visit-ulcinj.com\/blog\/#website","url":"https:\/\/www.visit-ulcinj.com\/blog\/","name":"Lajme nga Ulqini","description":"Lajme,Vijesti,Ulqini,Ulqin,Crna Gora,Mali i Zi","potentialAction":[{"@type":"SearchAction","target":{"@type":"EntryPoint","urlTemplate":"https:\/\/www.visit-ulcinj.com\/blog\/?s={search_term_string}"},"query-input":"required name=search_term_string"}],"inLanguage":"en-US"},{"@type":"WebPage","@id":"https:\/\/www.visit-ulcinj.com\/blog\/2010\/12\/06\/veprat-e-gjeke-gjonaj-jane-me-vlera-kombetare-dhe-shkencore\/#webpage","url":"https:\/\/www.visit-ulcinj.com\/blog\/2010\/12\/06\/veprat-e-gjeke-gjonaj-jane-me-vlera-kombetare-dhe-shkencore\/","name":"Veprat e Gjek\u00eb Gjonaj jan\u00eb me vlera komb\u00ebtare dhe shkencore - Lajme nga Ulqini","isPartOf":{"@id":"https:\/\/www.visit-ulcinj.com\/blog\/#website"},"datePublished":"2010-12-06T12:07:34+00:00","dateModified":"2010-12-06T12:07:34+00:00","author":{"@id":"https:\/\/www.visit-ulcinj.com\/blog\/#\/schema\/person\/dcab619c614d3038751c63bc2aadc06d"},"description":"Gazetari, publicisti dhe studiuesi, Gjek\u00eb Gjonaj deri tani ka botuar kat\u00ebr vepra voluminoze me mbi\u00a0 nj\u00eb mij\u00eb faqe me vlera komb\u00ebtare dhe shkencore: Prek\u00eb","breadcrumb":{"@id":"https:\/\/www.visit-ulcinj.com\/blog\/2010\/12\/06\/veprat-e-gjeke-gjonaj-jane-me-vlera-kombetare-dhe-shkencore\/#breadcrumb"},"inLanguage":"en-US","potentialAction":[{"@type":"ReadAction","target":["https:\/\/www.visit-ulcinj.com\/blog\/2010\/12\/06\/veprat-e-gjeke-gjonaj-jane-me-vlera-kombetare-dhe-shkencore\/"]}]},{"@type":"BreadcrumbList","@id":"https:\/\/www.visit-ulcinj.com\/blog\/2010\/12\/06\/veprat-e-gjeke-gjonaj-jane-me-vlera-kombetare-dhe-shkencore\/#breadcrumb","itemListElement":[{"@type":"ListItem","position":1,"name":"Veprat e Gjek\u00eb Gjonaj jan\u00eb me vlera komb\u00ebtare dhe shkencore"}]},{"@type":"Person","@id":"https:\/\/www.visit-ulcinj.com\/blog\/#\/schema\/person\/dcab619c614d3038751c63bc2aadc06d","name":"ulqini","sameAs":["http:\/\/www.visit-ulcinj.com"],"url":"https:\/\/www.visit-ulcinj.com\/blog\/author\/admin\/"}]}},"jetpack_featured_media_url":"","jetpack_sharing_enabled":true,"jetpack_shortlink":"https:\/\/wp.me\/pe6lTn-azF","_links":{"self":[{"href":"https:\/\/www.visit-ulcinj.com\/blog\/wp-json\/wp\/v2\/posts\/40651"}],"collection":[{"href":"https:\/\/www.visit-ulcinj.com\/blog\/wp-json\/wp\/v2\/posts"}],"about":[{"href":"https:\/\/www.visit-ulcinj.com\/blog\/wp-json\/wp\/v2\/types\/post"}],"author":[{"embeddable":true,"href":"https:\/\/www.visit-ulcinj.com\/blog\/wp-json\/wp\/v2\/users\/1"}],"replies":[{"embeddable":true,"href":"https:\/\/www.visit-ulcinj.com\/blog\/wp-json\/wp\/v2\/comments?post=40651"}],"version-history":[{"count":0,"href":"https:\/\/www.visit-ulcinj.com\/blog\/wp-json\/wp\/v2\/posts\/40651\/revisions"}],"wp:attachment":[{"href":"https:\/\/www.visit-ulcinj.com\/blog\/wp-json\/wp\/v2\/media?parent=40651"}],"wp:term":[{"taxonomy":"category","embeddable":true,"href":"https:\/\/www.visit-ulcinj.com\/blog\/wp-json\/wp\/v2\/categories?post=40651"},{"taxonomy":"post_tag","embeddable":true,"href":"https:\/\/www.visit-ulcinj.com\/blog\/wp-json\/wp\/v2\/tags?post=40651"}],"curies":[{"name":"wp","href":"https:\/\/api.w.org\/{rel}","templated":true}]}}