{"id":40698,"date":"2010-12-06T18:31:39","date_gmt":"2010-12-06T17:31:39","guid":{"rendered":"http:\/\/www.visit-ulcinj.com\/blog\/?p=40698"},"modified":"2010-12-06T18:31:39","modified_gmt":"2010-12-06T17:31:39","slug":"dps-ce-dobiti-sve-sto-trazi-video","status":"publish","type":"post","link":"https:\/\/www.visit-ulcinj.com\/blog\/2010\/12\/06\/dps-ce-dobiti-sve-sto-trazi-video\/","title":{"rendered":"DPS \u0107e dobiti sve \u0161to tra\u017ei &#8211; Video"},"content":{"rendered":"<p><strong><a href=\"http:\/\/www.visit-ulcinj.com\/blog\/wp-content\/uploads\/2010\/12\/Luigj-Lui-Shkrela.jpg\"><img loading=\"lazy\" class=\"alignleft size-full wp-image-40699\" title=\"Luigj Lui Shkrela\" src=\"http:\/\/www.visit-ulcinj.com\/blog\/wp-content\/uploads\/2010\/12\/Luigj-Lui-Shkrela.jpg\" alt=\"\" width=\"330\" height=\"520\" \/><\/a>Poplave odgodile dogovore o vladaju\u0107oj ve\u0107ini u lokalnom parlamentu<\/strong><br \/>\nUlcinj &#8211; Koalicija Demokratske unije Albanaca (DUA) i Partije demokratskog prosperiteta prihvati\u0107e sve zahtjeve Demokratske partije socijalista (DPS) za formiranje ve\u0107ine u lokalnom parlamentu, saznaju \u201cVijesti\u201d iz vi\u0161e izvora.<br \/>\nDPS je nakon vanrednih izbora 17. oktobra osim Sekretarijata za privredu, komunalne poslove i javnu upravu koje je i do tada pokrivao, od DUA-PDP tra\u017eio i Sekretarijat za bud\u017eet i finansije kao i funkcije predsjednika i sekretara Skup\u0161tine op\u0161tine. Zavr\u0161ni pregovori o formiranju postizborne koalicije trebalo je da budu odr\u017eani ju\u010de, ali su odlo\u017eeni zbog vanredne situacije u poplavljenim podru\u010djima na obodima Bojane.<br \/>\n\u201cSpasavamo imanja i narod, a lako \u0107emo za pregovore\u201d, kazao je \u201cVijestima\u201d predsjednik Op\u0161tine Gzim Hajdinaga, koji se nalazi na \u010delu op\u0161tinskog kriznog \u0161taba.<br \/>\nNi \u0161ef ulcinjskog DPS-a Ljui\u0111 \u0160krelja nije bio raspolo\u017een za pri\u010du.<br \/>\n\u201cTrenutno imamo pre\u010da posla, a o koaliciji \u0107emo vjerovatno po\u010detkom naredne sedmice\u201d, kazao je \u0160krelja.<\/p>\n<p>\u201cVijesti\u201d me\u0111utim saznaju da su DPS, DUA i PDP dogovorili skoro sve. Izvor \u201cVijesti\u201d potvrdio je da su DUA i PDP prihvatili zahtjeve DPS-a, pa i onaj najsporniji koji se ticao funkcije sekretara za bud\u017eet i finansije. Taj resor u proteklom mandatu vodio je visoki funkcioner DUA Fatmir \u0110eka, koji je toj partiji na nekoliko posljednjih izbora donio odlu\u010duju\u0107u prevagu na podru\u010dju Vladimira i Anamalita. Kako \u201cVijesti\u201d nezvani\u010dno saznaju, predsjednik DUA Ferhat Dino\u0161a je svom potpredsjedniku ve\u0107 obezbijedio \u010delno mjesto u Komunalnom preduze\u0107u, vrlo uticajnu funkciju, budu\u0107i da KP nije podijeljen i zapo\u0161ljava veliki broj radnika.<br \/>\n\u0110eka se ju\u010de nije javljao na telefon, ali je Mu\u010daj kazao \u201cVijestima\u201d da su u igri sve opcije.<br \/>\n\u201cNe znam ni\u0161ta o tome. Kona\u010dnu odluku donije\u0107e upravni odbor PDP-a\u201d, kazao je Mu\u010daj.<br \/>\nNa posljednjim izborima koalicija DUA-PDP osvojila je deset mandata, DPS sedam, Forca 11, udru\u017eena opozicija predvo\u0111ena SNP-om i SDP po dva i Perspektiva jedan mandat.<\/p>\n<p><strong>S.ADROVI\u0106<\/strong><strong> <a href=\"http:\/\/www.vijesti.me\/\" target=\"_blank\">Vijesti<\/a><br \/>\n<!--YouTube Error: bad URL entered--><br \/>\n<\/strong><\/p>\n","protected":false},"excerpt":{"rendered":"<p>Poplave odgodile dogovore o vladaju\u0107oj ve\u0107ini u lokalnom parlamentu Ulcinj &#8211; Koalicija Demokratske unije Albanaca (DUA) i Partije demokratskog prosperiteta prihvati\u0107e sve zahtjeve Demokratske partije socijalista (DPS) za formiranje ve\u0107ine u lokalnom parlamentu, saznaju \u201cVijesti\u201d iz vi\u0161e izvora. DPS je nakon vanrednih izbora 17. oktobra osim Sekretarijata za privredu, komunalne poslove i javnu upravu koje [&hellip;]<\/p>\n","protected":false},"author":1,"featured_media":0,"comment_status":"open","ping_status":"closed","sticky":false,"template":"","format":"standard","meta":{"spay_email":"","jetpack_publicize_message":"","jetpack_is_tweetstorm":false,"jetpack_publicize_feature_enabled":true},"categories":[8337],"tags":[14736,16515,941,19],"jetpack_publicize_connections":[],"yoast_head":"<!-- This site is optimized with the Yoast SEO plugin v19.1 - https:\/\/yoast.com\/wordpress\/plugins\/seo\/ -->\n<title>DPS \u0107e dobiti sve \u0161to tra\u017ei - Video - Lajme nga Ulqini<\/title>\n<meta name=\"description\" content=\"Poplave odgodile dogovore o vladaju\u0107oj ve\u0107ini u lokalnom parlamentu Ulcinj - Koalicija Demokratske unije Albanaca (DUA) i Partije demokratskog\" \/>\n<meta name=\"robots\" content=\"index, follow, max-snippet:-1, max-image-preview:large, max-video-preview:-1\" \/>\n<link rel=\"canonical\" href=\"https:\/\/www.visit-ulcinj.com\/blog\/2010\/12\/06\/dps-ce-dobiti-sve-sto-trazi-video\/\" \/>\n<meta property=\"og:locale\" content=\"en_US\" \/>\n<meta property=\"og:type\" content=\"article\" \/>\n<meta property=\"og:title\" content=\"DPS \u0107e dobiti sve \u0161to tra\u017ei - Video - Lajme nga Ulqini\" \/>\n<meta property=\"og:description\" content=\"Poplave odgodile dogovore o vladaju\u0107oj ve\u0107ini u lokalnom parlamentu Ulcinj - Koalicija Demokratske unije Albanaca (DUA) i Partije demokratskog\" \/>\n<meta property=\"og:url\" content=\"https:\/\/www.visit-ulcinj.com\/blog\/2010\/12\/06\/dps-ce-dobiti-sve-sto-trazi-video\/\" \/>\n<meta property=\"og:site_name\" content=\"Lajme nga Ulqini\" \/>\n<meta property=\"article:published_time\" content=\"2010-12-06T17:31:39+00:00\" \/>\n<meta property=\"og:image\" content=\"http:\/\/www.visit-ulcinj.com\/blog\/wp-content\/uploads\/2010\/12\/Luigj-Lui-Shkrela.jpg\" \/>\n<meta name=\"twitter:label1\" content=\"Written by\" \/>\n\t<meta name=\"twitter:data1\" content=\"ulqini\" \/>\n\t<meta name=\"twitter:label2\" content=\"Est. reading time\" \/>\n\t<meta name=\"twitter:data2\" content=\"2 minutes\" \/>\n<script type=\"application\/ld+json\" class=\"yoast-schema-graph\">{\"@context\":\"https:\/\/schema.org\",\"@graph\":[{\"@type\":\"WebSite\",\"@id\":\"https:\/\/www.visit-ulcinj.com\/blog\/#website\",\"url\":\"https:\/\/www.visit-ulcinj.com\/blog\/\",\"name\":\"Lajme nga Ulqini\",\"description\":\"Lajme,Vijesti,Ulqini,Ulqin,Crna Gora,Mali i Zi\",\"potentialAction\":[{\"@type\":\"SearchAction\",\"target\":{\"@type\":\"EntryPoint\",\"urlTemplate\":\"https:\/\/www.visit-ulcinj.com\/blog\/?s={search_term_string}\"},\"query-input\":\"required name=search_term_string\"}],\"inLanguage\":\"en-US\"},{\"@type\":\"ImageObject\",\"inLanguage\":\"en-US\",\"@id\":\"https:\/\/www.visit-ulcinj.com\/blog\/2010\/12\/06\/dps-ce-dobiti-sve-sto-trazi-video\/#primaryimage\",\"url\":\"http:\/\/www.visit-ulcinj.com\/blog\/wp-content\/uploads\/2010\/12\/Luigj-Lui-Shkrela.jpg\",\"contentUrl\":\"http:\/\/www.visit-ulcinj.com\/blog\/wp-content\/uploads\/2010\/12\/Luigj-Lui-Shkrela.jpg\"},{\"@type\":\"WebPage\",\"@id\":\"https:\/\/www.visit-ulcinj.com\/blog\/2010\/12\/06\/dps-ce-dobiti-sve-sto-trazi-video\/#webpage\",\"url\":\"https:\/\/www.visit-ulcinj.com\/blog\/2010\/12\/06\/dps-ce-dobiti-sve-sto-trazi-video\/\",\"name\":\"DPS \u0107e dobiti sve \u0161to tra\u017ei - Video - Lajme nga Ulqini\",\"isPartOf\":{\"@id\":\"https:\/\/www.visit-ulcinj.com\/blog\/#website\"},\"primaryImageOfPage\":{\"@id\":\"https:\/\/www.visit-ulcinj.com\/blog\/2010\/12\/06\/dps-ce-dobiti-sve-sto-trazi-video\/#primaryimage\"},\"datePublished\":\"2010-12-06T17:31:39+00:00\",\"dateModified\":\"2010-12-06T17:31:39+00:00\",\"author\":{\"@id\":\"https:\/\/www.visit-ulcinj.com\/blog\/#\/schema\/person\/dcab619c614d3038751c63bc2aadc06d\"},\"description\":\"Poplave odgodile dogovore o vladaju\u0107oj ve\u0107ini u lokalnom parlamentu Ulcinj - Koalicija Demokratske unije Albanaca (DUA) i Partije demokratskog\",\"breadcrumb\":{\"@id\":\"https:\/\/www.visit-ulcinj.com\/blog\/2010\/12\/06\/dps-ce-dobiti-sve-sto-trazi-video\/#breadcrumb\"},\"inLanguage\":\"en-US\",\"potentialAction\":[{\"@type\":\"ReadAction\",\"target\":[\"https:\/\/www.visit-ulcinj.com\/blog\/2010\/12\/06\/dps-ce-dobiti-sve-sto-trazi-video\/\"]}]},{\"@type\":\"BreadcrumbList\",\"@id\":\"https:\/\/www.visit-ulcinj.com\/blog\/2010\/12\/06\/dps-ce-dobiti-sve-sto-trazi-video\/#breadcrumb\",\"itemListElement\":[{\"@type\":\"ListItem\",\"position\":1,\"name\":\"DPS \u0107e dobiti sve \u0161to tra\u017ei &#8211; Video\"}]},{\"@type\":\"Person\",\"@id\":\"https:\/\/www.visit-ulcinj.com\/blog\/#\/schema\/person\/dcab619c614d3038751c63bc2aadc06d\",\"name\":\"ulqini\",\"sameAs\":[\"http:\/\/www.visit-ulcinj.com\"],\"url\":\"https:\/\/www.visit-ulcinj.com\/blog\/author\/admin\/\"}]}<\/script>\n<!-- \/ Yoast SEO plugin. -->","yoast_head_json":{"title":"DPS \u0107e dobiti sve \u0161to tra\u017ei - Video - Lajme nga Ulqini","description":"Poplave odgodile dogovore o vladaju\u0107oj ve\u0107ini u lokalnom parlamentu Ulcinj - Koalicija Demokratske unije Albanaca (DUA) i Partije demokratskog","robots":{"index":"index","follow":"follow","max-snippet":"max-snippet:-1","max-image-preview":"max-image-preview:large","max-video-preview":"max-video-preview:-1"},"canonical":"https:\/\/www.visit-ulcinj.com\/blog\/2010\/12\/06\/dps-ce-dobiti-sve-sto-trazi-video\/","og_locale":"en_US","og_type":"article","og_title":"DPS \u0107e dobiti sve \u0161to tra\u017ei - Video - Lajme nga Ulqini","og_description":"Poplave odgodile dogovore o vladaju\u0107oj ve\u0107ini u lokalnom parlamentu Ulcinj - Koalicija Demokratske unije Albanaca (DUA) i Partije demokratskog","og_url":"https:\/\/www.visit-ulcinj.com\/blog\/2010\/12\/06\/dps-ce-dobiti-sve-sto-trazi-video\/","og_site_name":"Lajme nga Ulqini","article_published_time":"2010-12-06T17:31:39+00:00","og_image":[{"url":"http:\/\/www.visit-ulcinj.com\/blog\/wp-content\/uploads\/2010\/12\/Luigj-Lui-Shkrela.jpg"}],"twitter_misc":{"Written by":"ulqini","Est. reading time":"2 minutes"},"schema":{"@context":"https:\/\/schema.org","@graph":[{"@type":"WebSite","@id":"https:\/\/www.visit-ulcinj.com\/blog\/#website","url":"https:\/\/www.visit-ulcinj.com\/blog\/","name":"Lajme nga Ulqini","description":"Lajme,Vijesti,Ulqini,Ulqin,Crna Gora,Mali i Zi","potentialAction":[{"@type":"SearchAction","target":{"@type":"EntryPoint","urlTemplate":"https:\/\/www.visit-ulcinj.com\/blog\/?s={search_term_string}"},"query-input":"required name=search_term_string"}],"inLanguage":"en-US"},{"@type":"ImageObject","inLanguage":"en-US","@id":"https:\/\/www.visit-ulcinj.com\/blog\/2010\/12\/06\/dps-ce-dobiti-sve-sto-trazi-video\/#primaryimage","url":"http:\/\/www.visit-ulcinj.com\/blog\/wp-content\/uploads\/2010\/12\/Luigj-Lui-Shkrela.jpg","contentUrl":"http:\/\/www.visit-ulcinj.com\/blog\/wp-content\/uploads\/2010\/12\/Luigj-Lui-Shkrela.jpg"},{"@type":"WebPage","@id":"https:\/\/www.visit-ulcinj.com\/blog\/2010\/12\/06\/dps-ce-dobiti-sve-sto-trazi-video\/#webpage","url":"https:\/\/www.visit-ulcinj.com\/blog\/2010\/12\/06\/dps-ce-dobiti-sve-sto-trazi-video\/","name":"DPS \u0107e dobiti sve \u0161to tra\u017ei - Video - Lajme nga Ulqini","isPartOf":{"@id":"https:\/\/www.visit-ulcinj.com\/blog\/#website"},"primaryImageOfPage":{"@id":"https:\/\/www.visit-ulcinj.com\/blog\/2010\/12\/06\/dps-ce-dobiti-sve-sto-trazi-video\/#primaryimage"},"datePublished":"2010-12-06T17:31:39+00:00","dateModified":"2010-12-06T17:31:39+00:00","author":{"@id":"https:\/\/www.visit-ulcinj.com\/blog\/#\/schema\/person\/dcab619c614d3038751c63bc2aadc06d"},"description":"Poplave odgodile dogovore o vladaju\u0107oj ve\u0107ini u lokalnom parlamentu Ulcinj - Koalicija Demokratske unije Albanaca (DUA) i Partije demokratskog","breadcrumb":{"@id":"https:\/\/www.visit-ulcinj.com\/blog\/2010\/12\/06\/dps-ce-dobiti-sve-sto-trazi-video\/#breadcrumb"},"inLanguage":"en-US","potentialAction":[{"@type":"ReadAction","target":["https:\/\/www.visit-ulcinj.com\/blog\/2010\/12\/06\/dps-ce-dobiti-sve-sto-trazi-video\/"]}]},{"@type":"BreadcrumbList","@id":"https:\/\/www.visit-ulcinj.com\/blog\/2010\/12\/06\/dps-ce-dobiti-sve-sto-trazi-video\/#breadcrumb","itemListElement":[{"@type":"ListItem","position":1,"name":"DPS \u0107e dobiti sve \u0161to tra\u017ei &#8211; Video"}]},{"@type":"Person","@id":"https:\/\/www.visit-ulcinj.com\/blog\/#\/schema\/person\/dcab619c614d3038751c63bc2aadc06d","name":"ulqini","sameAs":["http:\/\/www.visit-ulcinj.com"],"url":"https:\/\/www.visit-ulcinj.com\/blog\/author\/admin\/"}]}},"jetpack_featured_media_url":"","jetpack_sharing_enabled":true,"jetpack_shortlink":"https:\/\/wp.me\/pe6lTn-aAq","_links":{"self":[{"href":"https:\/\/www.visit-ulcinj.com\/blog\/wp-json\/wp\/v2\/posts\/40698"}],"collection":[{"href":"https:\/\/www.visit-ulcinj.com\/blog\/wp-json\/wp\/v2\/posts"}],"about":[{"href":"https:\/\/www.visit-ulcinj.com\/blog\/wp-json\/wp\/v2\/types\/post"}],"author":[{"embeddable":true,"href":"https:\/\/www.visit-ulcinj.com\/blog\/wp-json\/wp\/v2\/users\/1"}],"replies":[{"embeddable":true,"href":"https:\/\/www.visit-ulcinj.com\/blog\/wp-json\/wp\/v2\/comments?post=40698"}],"version-history":[{"count":0,"href":"https:\/\/www.visit-ulcinj.com\/blog\/wp-json\/wp\/v2\/posts\/40698\/revisions"}],"wp:attachment":[{"href":"https:\/\/www.visit-ulcinj.com\/blog\/wp-json\/wp\/v2\/media?parent=40698"}],"wp:term":[{"taxonomy":"category","embeddable":true,"href":"https:\/\/www.visit-ulcinj.com\/blog\/wp-json\/wp\/v2\/categories?post=40698"},{"taxonomy":"post_tag","embeddable":true,"href":"https:\/\/www.visit-ulcinj.com\/blog\/wp-json\/wp\/v2\/tags?post=40698"}],"curies":[{"name":"wp","href":"https:\/\/api.w.org\/{rel}","templated":true}]}}