{"id":40729,"date":"2010-12-07T11:10:39","date_gmt":"2010-12-07T10:10:39","guid":{"rendered":"http:\/\/www.visit-ulcinj.com\/blog\/?p=40729"},"modified":"2010-12-07T11:10:39","modified_gmt":"2010-12-07T10:10:39","slug":"najkriticnije-u-ulcinju-video-sa-ulcinja","status":"publish","type":"post","link":"https:\/\/www.visit-ulcinj.com\/blog\/2010\/12\/07\/najkriticnije-u-ulcinju-video-sa-ulcinja\/","title":{"rendered":"Najkriti\u010dnije u Ulcinju &#8211; Video sa Ulcinja"},"content":{"rendered":"<p><a href=\"http:\/\/www.visit-ulcinj.com\/blog\/wp-content\/uploads\/2010\/12\/Fljamur-Selovic-nacelnik-sluzbe-spasavanja.jpg\"><img loading=\"lazy\" class=\"alignleft size-full wp-image-40730\" title=\"Fljamur Selovic-nacelnik sluzbe spasavanja\" src=\"http:\/\/www.visit-ulcinj.com\/blog\/wp-content\/uploads\/2010\/12\/Fljamur-Selovic-nacelnik-sluzbe-spasavanja.jpg\" alt=\"\" width=\"330\" height=\"478\" \/><\/a>Na poplavljenom podru\u010dju Crne Gore situacija je dramati\u010dna na jugu I na severu zemlje, a prema podacima op\u0161tinskih kriznh \u0161tabova, najkriti\u010dnije je u Ulcinju gde I dalje postoji bojazan od devastacije Velike pla\u017ee, izjavio je na\u010delnik slu\u017ebe spasavanja Fljamur Selovi\u0107.<\/p>\n<p>\u201cStanje se pogor\u0161ava iz sata u sat. Najkriti\u010dnije je u selima koja su potopljena, <strong>Lisna, Sukobin i Bore<\/strong> su potpuno pod vodom. <strong>Na u\u0161\u0107u Bojane,<\/strong> vikend ku\u0107ice i restorani su pod vodom. Branimo nasipe koji \u0107e, ako popuste, stvoriti jo\u0161 jednu Bojanu\u201d, rekao je on, preneli su danas podgori\u010dki mediji.<\/p>\n<p>U \u017dabljaku Crnojevi\u0107a situacija je kasno sino\u0107 stavljena pod kontrolu, ali su svi u strahu od ponovnog rasta vodostaja, izjavio je na\u010delnik tamo\u0161nje slu\u017ebe spasavanja<strong> Rajo Jankovi\u0107.<\/strong><\/p>\n<p>Prema njegovim re\u010dima vodostaj je trenutno u stagnaciji, ali je veoma te\u0161ko videti da neko za samo par sati izbubi sve \u0161to je celi \u017eivot sticao.<\/p>\n<p><strong>I dalje su ugro\u017eena sela: Ponari, Bijelo Polje, Bistrica, Gostilj, Kurilo, Borislavci i Gori\u010dani odakle je evakuisano stanovni\u0161tvo.<\/strong><\/p>\n<p>Ljudski \u017eivoti, na sre\u0107u, nisu ugro\u017eeni ali je materijalna \u0161teta ogromna, ve\u0107a je i od januarske, tvrdi predsednik Komisije za procenu \u0161teta od elementarnih nepogoda Rafet Husovi\u0107.<\/p>\n<p>Iako je poplavama ugro\u017eeno 11 crnogorskih op\u0161tina, Vlada ne\u0107e uvesti vanredno stanje, izjavio je pomo\u0107nik ministra za vanredne situacije Zoran Begovi\u0107.<\/p>\n<p>On je objasnio da je uvodjenje vanrednog stanja \u201cozbiljan proce\u0161 I da nije jednostavno otlu\u010diti se za to\u201d, rekao je Begovi\u0107 istakav\u0161i da je situacija pod kontrolom.<\/p>\n<p><strong><br \/>\n<a href=\"http:\/\/srb.time.mk\/read\/NONE\/d8058ba5e1\/index.html\" target=\"_blank\">Tanjug<\/a><br \/>\n\n\t\t<style type=\"text\/css\">\n\t\t\t#gallery-1 {\n\t\t\t\tmargin: auto;\n\t\t\t}\n\t\t\t#gallery-1 .gallery-item {\n\t\t\t\tfloat: left;\n\t\t\t\tmargin-top: 10px;\n\t\t\t\ttext-align: center;\n\t\t\t\twidth: 33%;\n\t\t\t}\n\t\t\t#gallery-1 img {\n\t\t\t\tborder: 2px solid #cfcfcf;\n\t\t\t}\n\t\t\t#gallery-1 .gallery-caption {\n\t\t\t\tmargin-left: 0;\n\t\t\t}\n\t\t\t\/* see gallery_shortcode() in wp-includes\/media.php *\/\n\t\t<\/style>\n\t\t<div id='gallery-1' class='gallery galleryid-40729 gallery-columns-3 gallery-size-thumbnail'><dl class='gallery-item'>\n\t\t\t<dt class='gallery-icon portrait'>\n\t\t\t\t<a href='https:\/\/www.visit-ulcinj.com\/blog\/wp-content\/uploads\/2010\/12\/Fljamur-Selovic-nacelnik-sluzbe-spasavanja.jpg'><img width=\"150\" height=\"150\" src=\"https:\/\/www.visit-ulcinj.com\/blog\/wp-content\/uploads\/2010\/12\/Fljamur-Selovic-nacelnik-sluzbe-spasavanja-150x150.jpg\" class=\"attachment-thumbnail size-thumbnail\" alt=\"\" loading=\"lazy\" \/><\/a>\n\t\t\t<\/dt><\/dl><dl class='gallery-item'>\n\t\t\t<dt class='gallery-icon landscape'>\n\t\t\t\t<a href='https:\/\/www.visit-ulcinj.com\/blog\/wp-content\/uploads\/2010\/12\/Poplava-Lisna-Sukobin-Bore-_Ulcinj.jpg'><img width=\"150\" height=\"150\" src=\"https:\/\/www.visit-ulcinj.com\/blog\/wp-content\/uploads\/2010\/12\/Poplava-Lisna-Sukobin-Bore-_Ulcinj-150x150.jpg\" class=\"attachment-thumbnail size-thumbnail\" alt=\"\" loading=\"lazy\" \/><\/a>\n\t\t\t<\/dt><\/dl><dl class='gallery-item'>\n\t\t\t<dt class='gallery-icon landscape'>\n\t\t\t\t<a href='https:\/\/www.visit-ulcinj.com\/blog\/wp-content\/uploads\/2010\/12\/rijeka-bojana_poplava_ulcinj.jpg'><img width=\"150\" height=\"150\" src=\"https:\/\/www.visit-ulcinj.com\/blog\/wp-content\/uploads\/2010\/12\/rijeka-bojana_poplava_ulcinj-150x150.jpg\" class=\"attachment-thumbnail size-thumbnail\" alt=\"\" loading=\"lazy\" \/><\/a>\n\t\t\t<\/dt><\/dl><br style=\"clear: both\" \/><dl class='gallery-item'>\n\t\t\t<dt class='gallery-icon landscape'>\n\t\t\t\t<a href='https:\/\/www.visit-ulcinj.com\/blog\/wp-content\/uploads\/2010\/12\/rijeka-bojana_poplava_ulcinj.1.jpg'><img width=\"150\" height=\"150\" src=\"https:\/\/www.visit-ulcinj.com\/blog\/wp-content\/uploads\/2010\/12\/rijeka-bojana_poplava_ulcinj.1-150x150.jpg\" class=\"attachment-thumbnail size-thumbnail\" alt=\"\" loading=\"lazy\" \/><\/a>\n\t\t\t<\/dt><\/dl><dl class='gallery-item'>\n\t\t\t<dt class='gallery-icon landscape'>\n\t\t\t\t<a href='https:\/\/www.visit-ulcinj.com\/blog\/wp-content\/uploads\/2010\/12\/Poplava-Lisna-Sukobin-Bore-_Ulcinj.2.jpg'><img width=\"150\" height=\"150\" src=\"https:\/\/www.visit-ulcinj.com\/blog\/wp-content\/uploads\/2010\/12\/Poplava-Lisna-Sukobin-Bore-_Ulcinj.2-150x150.jpg\" class=\"attachment-thumbnail size-thumbnail\" alt=\"\" loading=\"lazy\" \/><\/a>\n\t\t\t<\/dt><\/dl><dl class='gallery-item'>\n\t\t\t<dt class='gallery-icon landscape'>\n\t\t\t\t<a href='https:\/\/www.visit-ulcinj.com\/blog\/wp-content\/uploads\/2010\/12\/Poplava-Lisna-Sukobin-Bore-_Ulcinj.1.jpg'><img width=\"150\" height=\"150\" src=\"https:\/\/www.visit-ulcinj.com\/blog\/wp-content\/uploads\/2010\/12\/Poplava-Lisna-Sukobin-Bore-_Ulcinj.1-150x150.jpg\" class=\"attachment-thumbnail size-thumbnail\" alt=\"\" loading=\"lazy\" \/><\/a>\n\t\t\t<\/dt><\/dl><br style=\"clear: both\" \/>\n\t\t<\/div>\n<br \/>\n<\/strong>[flv width=&#8221;490&#8243; height=&#8221;390&#8243;]http:\/\/a8.video2.blip.tv\/9270007219845\/Rtvvijesti-Dnevnik051210485.flv[\/flv]<\/p>\n","protected":false},"excerpt":{"rendered":"<p>Na poplavljenom podru\u010dju Crne Gore situacija je dramati\u010dna na jugu I na severu zemlje, a prema podacima op\u0161tinskih kriznh \u0161tabova, najkriti\u010dnije je u Ulcinju gde I dalje postoji bojazan od devastacije Velike pla\u017ee, izjavio je na\u010delnik slu\u017ebe spasavanja Fljamur Selovi\u0107. \u201cStanje se pogor\u0161ava iz sata u sat. Najkriti\u010dnije je u selima koja su potopljena, Lisna, [&hellip;]<\/p>\n","protected":false},"author":1,"featured_media":0,"comment_status":"open","ping_status":"closed","sticky":false,"template":"","format":"standard","meta":{"spay_email":"","jetpack_publicize_message":"","jetpack_is_tweetstorm":false,"jetpack_publicize_feature_enabled":true},"categories":[14],"tags":[16536,13178,16534,16535,19],"jetpack_publicize_connections":[],"yoast_head":"<!-- This site is optimized with the Yoast SEO plugin v19.1 - https:\/\/yoast.com\/wordpress\/plugins\/seo\/ -->\n<title>Najkriti\u010dnije u Ulcinju - Video sa Ulcinja - Lajme nga Ulqini<\/title>\n<meta name=\"description\" content=\"Na poplavljenom podru\u010dju Crne Gore situacija je dramati\u010dna na jugu I na severu zemlje, a prema podacima op\u0161tinskih kriznh \u0161tabova, najkriti\u010dnije je u\" \/>\n<meta name=\"robots\" content=\"index, follow, max-snippet:-1, max-image-preview:large, max-video-preview:-1\" \/>\n<link rel=\"canonical\" href=\"https:\/\/www.visit-ulcinj.com\/blog\/2010\/12\/07\/najkriticnije-u-ulcinju-video-sa-ulcinja\/\" \/>\n<meta property=\"og:locale\" content=\"en_US\" \/>\n<meta property=\"og:type\" content=\"article\" \/>\n<meta property=\"og:title\" content=\"Najkriti\u010dnije u Ulcinju - Video sa Ulcinja - Lajme nga Ulqini\" \/>\n<meta property=\"og:description\" content=\"Na poplavljenom podru\u010dju Crne Gore situacija je dramati\u010dna na jugu I na severu zemlje, a prema podacima op\u0161tinskih kriznh \u0161tabova, najkriti\u010dnije je u\" \/>\n<meta property=\"og:url\" content=\"https:\/\/www.visit-ulcinj.com\/blog\/2010\/12\/07\/najkriticnije-u-ulcinju-video-sa-ulcinja\/\" \/>\n<meta property=\"og:site_name\" content=\"Lajme nga Ulqini\" \/>\n<meta property=\"article:published_time\" content=\"2010-12-07T10:10:39+00:00\" \/>\n<meta property=\"og:image\" content=\"https:\/\/www.visit-ulcinj.com\/blog\/wp-content\/uploads\/2010\/12\/Fljamur-Selovic-nacelnik-sluzbe-spasavanja-150x150.jpg\" \/>\n<meta name=\"twitter:label1\" content=\"Written by\" \/>\n\t<meta name=\"twitter:data1\" content=\"ulqini\" \/>\n\t<meta name=\"twitter:label2\" content=\"Est. reading time\" \/>\n\t<meta name=\"twitter:data2\" content=\"1 minute\" \/>\n<script type=\"application\/ld+json\" class=\"yoast-schema-graph\">{\"@context\":\"https:\/\/schema.org\",\"@graph\":[{\"@type\":\"WebSite\",\"@id\":\"https:\/\/www.visit-ulcinj.com\/blog\/#website\",\"url\":\"https:\/\/www.visit-ulcinj.com\/blog\/\",\"name\":\"Lajme nga Ulqini\",\"description\":\"Lajme,Vijesti,Ulqini,Ulqin,Crna Gora,Mali i Zi\",\"potentialAction\":[{\"@type\":\"SearchAction\",\"target\":{\"@type\":\"EntryPoint\",\"urlTemplate\":\"https:\/\/www.visit-ulcinj.com\/blog\/?s={search_term_string}\"},\"query-input\":\"required name=search_term_string\"}],\"inLanguage\":\"en-US\"},{\"@type\":\"ImageObject\",\"inLanguage\":\"en-US\",\"@id\":\"https:\/\/www.visit-ulcinj.com\/blog\/2010\/12\/07\/najkriticnije-u-ulcinju-video-sa-ulcinja\/#primaryimage\",\"url\":\"https:\/\/www.visit-ulcinj.com\/blog\/wp-content\/uploads\/2010\/12\/Fljamur-Selovic-nacelnik-sluzbe-spasavanja.jpg\",\"contentUrl\":\"https:\/\/www.visit-ulcinj.com\/blog\/wp-content\/uploads\/2010\/12\/Fljamur-Selovic-nacelnik-sluzbe-spasavanja.jpg\",\"width\":\"355\",\"height\":\"478\"},{\"@type\":\"WebPage\",\"@id\":\"https:\/\/www.visit-ulcinj.com\/blog\/2010\/12\/07\/najkriticnije-u-ulcinju-video-sa-ulcinja\/#webpage\",\"url\":\"https:\/\/www.visit-ulcinj.com\/blog\/2010\/12\/07\/najkriticnije-u-ulcinju-video-sa-ulcinja\/\",\"name\":\"Najkriti\u010dnije u Ulcinju - Video sa Ulcinja - Lajme nga Ulqini\",\"isPartOf\":{\"@id\":\"https:\/\/www.visit-ulcinj.com\/blog\/#website\"},\"primaryImageOfPage\":{\"@id\":\"https:\/\/www.visit-ulcinj.com\/blog\/2010\/12\/07\/najkriticnije-u-ulcinju-video-sa-ulcinja\/#primaryimage\"},\"datePublished\":\"2010-12-07T10:10:39+00:00\",\"dateModified\":\"2010-12-07T10:10:39+00:00\",\"author\":{\"@id\":\"https:\/\/www.visit-ulcinj.com\/blog\/#\/schema\/person\/dcab619c614d3038751c63bc2aadc06d\"},\"description\":\"Na poplavljenom podru\u010dju Crne Gore situacija je dramati\u010dna na jugu I na severu zemlje, a prema podacima op\u0161tinskih kriznh \u0161tabova, najkriti\u010dnije je u\",\"breadcrumb\":{\"@id\":\"https:\/\/www.visit-ulcinj.com\/blog\/2010\/12\/07\/najkriticnije-u-ulcinju-video-sa-ulcinja\/#breadcrumb\"},\"inLanguage\":\"en-US\",\"potentialAction\":[{\"@type\":\"ReadAction\",\"target\":[\"https:\/\/www.visit-ulcinj.com\/blog\/2010\/12\/07\/najkriticnije-u-ulcinju-video-sa-ulcinja\/\"]}]},{\"@type\":\"BreadcrumbList\",\"@id\":\"https:\/\/www.visit-ulcinj.com\/blog\/2010\/12\/07\/najkriticnije-u-ulcinju-video-sa-ulcinja\/#breadcrumb\",\"itemListElement\":[{\"@type\":\"ListItem\",\"position\":1,\"name\":\"Najkriti\u010dnije u Ulcinju &#8211; Video sa Ulcinja\"}]},{\"@type\":\"Person\",\"@id\":\"https:\/\/www.visit-ulcinj.com\/blog\/#\/schema\/person\/dcab619c614d3038751c63bc2aadc06d\",\"name\":\"ulqini\",\"sameAs\":[\"http:\/\/www.visit-ulcinj.com\"],\"url\":\"https:\/\/www.visit-ulcinj.com\/blog\/author\/admin\/\"}]}<\/script>\n<!-- \/ Yoast SEO plugin. -->","yoast_head_json":{"title":"Najkriti\u010dnije u Ulcinju - Video sa Ulcinja - Lajme nga Ulqini","description":"Na poplavljenom podru\u010dju Crne Gore situacija je dramati\u010dna na jugu I na severu zemlje, a prema podacima op\u0161tinskih kriznh \u0161tabova, najkriti\u010dnije je u","robots":{"index":"index","follow":"follow","max-snippet":"max-snippet:-1","max-image-preview":"max-image-preview:large","max-video-preview":"max-video-preview:-1"},"canonical":"https:\/\/www.visit-ulcinj.com\/blog\/2010\/12\/07\/najkriticnije-u-ulcinju-video-sa-ulcinja\/","og_locale":"en_US","og_type":"article","og_title":"Najkriti\u010dnije u Ulcinju - Video sa Ulcinja - Lajme nga Ulqini","og_description":"Na poplavljenom podru\u010dju Crne Gore situacija je dramati\u010dna na jugu I na severu zemlje, a prema podacima op\u0161tinskih kriznh \u0161tabova, najkriti\u010dnije je u","og_url":"https:\/\/www.visit-ulcinj.com\/blog\/2010\/12\/07\/najkriticnije-u-ulcinju-video-sa-ulcinja\/","og_site_name":"Lajme nga Ulqini","article_published_time":"2010-12-07T10:10:39+00:00","og_image":[{"url":"https:\/\/www.visit-ulcinj.com\/blog\/wp-content\/uploads\/2010\/12\/Fljamur-Selovic-nacelnik-sluzbe-spasavanja-150x150.jpg"}],"twitter_misc":{"Written by":"ulqini","Est. reading time":"1 minute"},"schema":{"@context":"https:\/\/schema.org","@graph":[{"@type":"WebSite","@id":"https:\/\/www.visit-ulcinj.com\/blog\/#website","url":"https:\/\/www.visit-ulcinj.com\/blog\/","name":"Lajme nga Ulqini","description":"Lajme,Vijesti,Ulqini,Ulqin,Crna Gora,Mali i Zi","potentialAction":[{"@type":"SearchAction","target":{"@type":"EntryPoint","urlTemplate":"https:\/\/www.visit-ulcinj.com\/blog\/?s={search_term_string}"},"query-input":"required name=search_term_string"}],"inLanguage":"en-US"},{"@type":"ImageObject","inLanguage":"en-US","@id":"https:\/\/www.visit-ulcinj.com\/blog\/2010\/12\/07\/najkriticnije-u-ulcinju-video-sa-ulcinja\/#primaryimage","url":"https:\/\/www.visit-ulcinj.com\/blog\/wp-content\/uploads\/2010\/12\/Fljamur-Selovic-nacelnik-sluzbe-spasavanja.jpg","contentUrl":"https:\/\/www.visit-ulcinj.com\/blog\/wp-content\/uploads\/2010\/12\/Fljamur-Selovic-nacelnik-sluzbe-spasavanja.jpg","width":"355","height":"478"},{"@type":"WebPage","@id":"https:\/\/www.visit-ulcinj.com\/blog\/2010\/12\/07\/najkriticnije-u-ulcinju-video-sa-ulcinja\/#webpage","url":"https:\/\/www.visit-ulcinj.com\/blog\/2010\/12\/07\/najkriticnije-u-ulcinju-video-sa-ulcinja\/","name":"Najkriti\u010dnije u Ulcinju - Video sa Ulcinja - Lajme nga Ulqini","isPartOf":{"@id":"https:\/\/www.visit-ulcinj.com\/blog\/#website"},"primaryImageOfPage":{"@id":"https:\/\/www.visit-ulcinj.com\/blog\/2010\/12\/07\/najkriticnije-u-ulcinju-video-sa-ulcinja\/#primaryimage"},"datePublished":"2010-12-07T10:10:39+00:00","dateModified":"2010-12-07T10:10:39+00:00","author":{"@id":"https:\/\/www.visit-ulcinj.com\/blog\/#\/schema\/person\/dcab619c614d3038751c63bc2aadc06d"},"description":"Na poplavljenom podru\u010dju Crne Gore situacija je dramati\u010dna na jugu I na severu zemlje, a prema podacima op\u0161tinskih kriznh \u0161tabova, najkriti\u010dnije je u","breadcrumb":{"@id":"https:\/\/www.visit-ulcinj.com\/blog\/2010\/12\/07\/najkriticnije-u-ulcinju-video-sa-ulcinja\/#breadcrumb"},"inLanguage":"en-US","potentialAction":[{"@type":"ReadAction","target":["https:\/\/www.visit-ulcinj.com\/blog\/2010\/12\/07\/najkriticnije-u-ulcinju-video-sa-ulcinja\/"]}]},{"@type":"BreadcrumbList","@id":"https:\/\/www.visit-ulcinj.com\/blog\/2010\/12\/07\/najkriticnije-u-ulcinju-video-sa-ulcinja\/#breadcrumb","itemListElement":[{"@type":"ListItem","position":1,"name":"Najkriti\u010dnije u Ulcinju &#8211; Video sa Ulcinja"}]},{"@type":"Person","@id":"https:\/\/www.visit-ulcinj.com\/blog\/#\/schema\/person\/dcab619c614d3038751c63bc2aadc06d","name":"ulqini","sameAs":["http:\/\/www.visit-ulcinj.com"],"url":"https:\/\/www.visit-ulcinj.com\/blog\/author\/admin\/"}]}},"jetpack_featured_media_url":"","jetpack_sharing_enabled":true,"jetpack_shortlink":"https:\/\/wp.me\/pe6lTn-aAV","_links":{"self":[{"href":"https:\/\/www.visit-ulcinj.com\/blog\/wp-json\/wp\/v2\/posts\/40729"}],"collection":[{"href":"https:\/\/www.visit-ulcinj.com\/blog\/wp-json\/wp\/v2\/posts"}],"about":[{"href":"https:\/\/www.visit-ulcinj.com\/blog\/wp-json\/wp\/v2\/types\/post"}],"author":[{"embeddable":true,"href":"https:\/\/www.visit-ulcinj.com\/blog\/wp-json\/wp\/v2\/users\/1"}],"replies":[{"embeddable":true,"href":"https:\/\/www.visit-ulcinj.com\/blog\/wp-json\/wp\/v2\/comments?post=40729"}],"version-history":[{"count":0,"href":"https:\/\/www.visit-ulcinj.com\/blog\/wp-json\/wp\/v2\/posts\/40729\/revisions"}],"wp:attachment":[{"href":"https:\/\/www.visit-ulcinj.com\/blog\/wp-json\/wp\/v2\/media?parent=40729"}],"wp:term":[{"taxonomy":"category","embeddable":true,"href":"https:\/\/www.visit-ulcinj.com\/blog\/wp-json\/wp\/v2\/categories?post=40729"},{"taxonomy":"post_tag","embeddable":true,"href":"https:\/\/www.visit-ulcinj.com\/blog\/wp-json\/wp\/v2\/tags?post=40729"}],"curies":[{"name":"wp","href":"https:\/\/api.w.org\/{rel}","templated":true}]}}