{"id":40737,"date":"2010-12-07T11:28:01","date_gmt":"2010-12-07T10:28:01","guid":{"rendered":"http:\/\/www.visit-ulcinj.com\/blog\/?p=40737"},"modified":"2010-12-07T11:28:01","modified_gmt":"2010-12-07T10:28:01","slug":"skender-pelivan-zudelovic","status":"publish","type":"post","link":"https:\/\/www.visit-ulcinj.com\/blog\/2010\/12\/07\/skender-pelivan-zudelovic\/","title":{"rendered":"SKENDER &#8220;PELIVAN&#8221;-\u017du\u0111elovi\u0107,"},"content":{"rendered":"<p><a href=\"http:\/\/www.visit-ulcinj.com\/blog\/wp-content\/uploads\/2010\/12\/SKENDER-PELIVAN-Zudjelovic.jpg\"><img loading=\"lazy\" class=\"alignleft size-full wp-image-40738\" title=\"SKENDER PELIVAN-Zudjelovic\" src=\"http:\/\/www.visit-ulcinj.com\/blog\/wp-content\/uploads\/2010\/12\/SKENDER-PELIVAN-Zudjelovic.jpg\" alt=\"\" width=\"490\" height=\"380\" \/><\/a>SKENDER &#8220;PELIVAN&#8221;-\u017du\u0111elovi\u0107,je danas u 70 godini \u017eivota, jo\u0161 uvijek markantan i iznad svega vedar<br \/>\n\u010dovjek. Sreo sam ga na Pristanu gdje svaki dan dolazi svojim Mercedesom. Voli Pristan i more i ribu i male kafane pored obale. \u010cesto sjedi kod &#8220;Kokija&#8221; gdje smo se i sreli. Voli da sjedi i pri\u010da sa sasvim obi\u010dnim ljudima, posebno sa ribarima, koji se svaki put i nakon odlaska i dolaska sa lova, tu i zaustave, I ja \u010desto popijem kafu tu. Ta, tako topla atmosfera se rijetko mo\u017ee sresti bilo gdje drugdje. Tu dolaze sasvim obi\u010dni ljudi, popiju kafu, izlaze, naprave krug, pa se opet ponovo vra\u0107aju. I tako dan za danom. To je specifi\u010dna atmosfera na na\u0161em Pristanu, posebno sada kada nema vi\u0161e gostiju. Tako \u0107e to biti do po\u010detka sezone, kada se atmosfera na Pristanu mijenja.Tu i takvu atmosferu voli Skender. Naravno, tu atmosferu volim i ja i jo\u0161 poneko. Danas je Skender bio izuzetno raspolo\u017een za pri\u010du i to mi je dalo ideju da napi\u0161em ne\u0161to u fcb. o ovom izuzetnom \u010dovjeku.<br \/>\nMla\u0111e generacije ga i ne poznaju. Mi stariji, se rado sje\u0107amo Skendera i njegovog oca DAUTA &#8220;Pelivanija&#8221;. Bila su to zlatna vremena na\u0161eg turizma, ali i zlatna vremena Skendera i njegovog oca Dauta. Godinama su oni nastupali po \u010ditavoj Crnoj Gori sa svojom predstavom i sa svojim&#8221;Cirkus JADRANOM&#8221;. Posebno je to bilo atraktivno u Ulcinju u &#8220;Kino ba\u0161ti&#8221; i po svim na\u0161im tada, poznatim hotelima. .Bilo je to po\u010detkom sedamdesetih, a kulminacija je bila osamdesetih godina.Tada je Skender ve\u0107 nastupao sam sa svojom porodicom kao internacionalni ma\u0111ioni\u010dar, iluzionista i fakir, pod imenom&#8221;COBRA&#8221;<br \/>\nVrijeme nastupa sa svojim ocem je svima nama starijima duboko ostalo u sje\u0107anju. Bio je to izuzetan doga\u0111aj, tim vi\u0161e \u0161to u bli\u017eem i daljem okru\u017eenju nije bilo ni\u010dega sli\u010dnog. DAUT&#8221;Pelivan&#8221;njegov otac je &#8220;zanat&#8221; nau\u010dio u Skadru kod jednog iluzioniste. Nakon dolaska u Ulcinj, po\u010deo je da radi sam , ka\u017ee Skender. Bio je izuzetno strog i tjerao me satima da vje\u017ebam kako bi bio \u0161to spremniji i kako bi predstave uvijek bile uspje\u0161ne. Mi stariji se sje\u0107amo i pamtimo Daut Pelivana, koji je u svojim ta\u010dkama&#8221;Lomio kamen&#8221; pesnicom i glavom. Mo\u017eda mu je najatraktivnija ta\u010dka bila hodanje po \u017eici, neznam. Nama je sve bilo lijepo i atraktivno. Ka\u017eu da je na tridesetak metara duga\u010dkoj \u017eici, hodao i na njenoj sredini klao jagnje. Skender je uz njegovu dirigentsku palicu izvodio razne ta\u010dke snage i umije\u0107a, razno razne salte i stojeve na rukama, stolicama, fla\u0161ama i td. Bio je atraktivan i lijep i svima nama koji smo bili mla\u0111i je bio uzor. Bio je zaista izuzetno zgodan, atraktivan i nadasve lijepo razvijen mu\u0161karac. Bila su to zaista divna vremena, ka\u017ee Skender sa nostalgijom .<br \/>\nNakon odlaska u Njema\u010dku Skender Pelivan, postaje diplomirani Profesor magije i iluzije i nastavlja sa svojom porodicom da se i dalje bavi tom profesijom. Sada uz novo ime i novi program&#8221;COBRA&#8221;. Vra\u0107a se u rodni grad i nekoliko puta daje izuzetno atraktivne predstave u Ulcinju, ali i u ostalim gradovima, Baru , Podgorici. Na stadionu&#8221; Pod Goricom&#8221;, daje predstavu na kojoj dolazi vi\u0161e od deset hiljada posjetilaca da se divi ovom izuzetnom \u010dovjeku..Bilo je sedam ulaza i sedam kontrolora ka\u017ee Skender. \u010cijelu no\u0107 smo brojali pare. Bila su to izuzetna vremena, sa nostalgijom se sje\u0107am svega, ka\u017ee ovaj tihi i mirni \u010dovjek .<br \/>\nJa ne mogu bez Ulcinja i zato \u017eivim ovdje. Ulo\u017eio sam novac u ku\u0107u koju sam izgradio u mom rodnom gradu, tamo gdje se i nalaze moji korijeni. Imam Njema\u010dku penziju i sasvim se lijepo osje\u0107am u dru\u0161tvu imojih sugra\u0111ana. Naravno, \u010desto po\u0111em do Njema\u010dke da vidim porodicu. Imam \u017eenu, sina i k\u0107er. Ostanem neko vrijeme i naravno, ponovo sjednem u avion pa se opet vra\u0107am svojim korijenima. Takva mi je sudbina, volim ovaj grad. Volio bih da nam se opet vrate oni stari gosti i ona stara zlatna vremena, kada su pla\u017ee i ulice mirisale na neke druge parfeme. Bi\u0107u najsre\u0107niji \u010dovjek na Planeti ako to do\u010dekam. Tada \u0107u zaista i na\u0107i svoj pravi mir..<\/p>\n<p><a href=\"http:\/\/www.facebook.com\/photo.php?fbid=1732550440188&amp;set=a.1732482238483.2097389.1431341925#!\/profile.php?id=1359492972\" target=\"_blank\"><strong>Ismet Karamanaga <\/strong><strong>Facebook<\/strong><\/a><\/p>\n","protected":false},"excerpt":{"rendered":"<p>SKENDER &#8220;PELIVAN&#8221;-\u017du\u0111elovi\u0107,je danas u 70 godini \u017eivota, jo\u0161 uvijek markantan i iznad svega vedar \u010dovjek. Sreo sam ga na Pristanu gdje svaki dan dolazi svojim Mercedesom. Voli Pristan i more i ribu i male kafane pored obale. \u010cesto sjedi kod &#8220;Kokija&#8221; gdje smo se i sreli. Voli da sjedi i pri\u010da sa sasvim obi\u010dnim ljudima, [&hellip;]<\/p>\n","protected":false},"author":1,"featured_media":0,"comment_status":"open","ping_status":"closed","sticky":false,"template":"","format":"standard","meta":{"spay_email":"","jetpack_publicize_message":"","jetpack_is_tweetstorm":false,"jetpack_publicize_feature_enabled":true},"categories":[6950],"tags":[16538,16539,19,16537],"jetpack_publicize_connections":[],"yoast_head":"<!-- This site is optimized with the Yoast SEO plugin v19.1 - https:\/\/yoast.com\/wordpress\/plugins\/seo\/ -->\n<title>SKENDER &quot;PELIVAN&quot;-\u017du\u0111elovi\u0107, - Lajme nga Ulqini<\/title>\n<meta name=\"description\" content=\"SKENDER &quot;PELIVAN&quot;-\u017du\u0111elovi\u0107,je danas u 70 godini \u017eivota, jo\u0161 uvijek markantan i iznad svega vedar \u010dovjek. Sreo sam ga na Pristanu gdje svaki dan dolazi\" \/>\n<meta name=\"robots\" content=\"index, follow, max-snippet:-1, max-image-preview:large, max-video-preview:-1\" \/>\n<link rel=\"canonical\" href=\"https:\/\/www.visit-ulcinj.com\/blog\/2010\/12\/07\/skender-pelivan-zudelovic\/\" \/>\n<meta property=\"og:locale\" content=\"en_US\" \/>\n<meta property=\"og:type\" content=\"article\" \/>\n<meta property=\"og:title\" content=\"SKENDER &quot;PELIVAN&quot;-\u017du\u0111elovi\u0107, - Lajme nga Ulqini\" \/>\n<meta property=\"og:description\" content=\"SKENDER &quot;PELIVAN&quot;-\u017du\u0111elovi\u0107,je danas u 70 godini \u017eivota, jo\u0161 uvijek markantan i iznad svega vedar \u010dovjek. Sreo sam ga na Pristanu gdje svaki dan dolazi\" \/>\n<meta property=\"og:url\" content=\"https:\/\/www.visit-ulcinj.com\/blog\/2010\/12\/07\/skender-pelivan-zudelovic\/\" \/>\n<meta property=\"og:site_name\" content=\"Lajme nga Ulqini\" \/>\n<meta property=\"article:published_time\" content=\"2010-12-07T10:28:01+00:00\" \/>\n<meta property=\"og:image\" content=\"http:\/\/www.visit-ulcinj.com\/blog\/wp-content\/uploads\/2010\/12\/SKENDER-PELIVAN-Zudjelovic.jpg\" \/>\n<meta name=\"twitter:label1\" content=\"Written by\" \/>\n\t<meta name=\"twitter:data1\" content=\"ulqini\" \/>\n\t<meta name=\"twitter:label2\" content=\"Est. reading time\" \/>\n\t<meta name=\"twitter:data2\" content=\"4 minutes\" \/>\n<script type=\"application\/ld+json\" class=\"yoast-schema-graph\">{\"@context\":\"https:\/\/schema.org\",\"@graph\":[{\"@type\":\"WebSite\",\"@id\":\"https:\/\/www.visit-ulcinj.com\/blog\/#website\",\"url\":\"https:\/\/www.visit-ulcinj.com\/blog\/\",\"name\":\"Lajme nga Ulqini\",\"description\":\"Lajme,Vijesti,Ulqini,Ulqin,Crna Gora,Mali i Zi\",\"potentialAction\":[{\"@type\":\"SearchAction\",\"target\":{\"@type\":\"EntryPoint\",\"urlTemplate\":\"https:\/\/www.visit-ulcinj.com\/blog\/?s={search_term_string}\"},\"query-input\":\"required name=search_term_string\"}],\"inLanguage\":\"en-US\"},{\"@type\":\"ImageObject\",\"inLanguage\":\"en-US\",\"@id\":\"https:\/\/www.visit-ulcinj.com\/blog\/2010\/12\/07\/skender-pelivan-zudelovic\/#primaryimage\",\"url\":\"https:\/\/www.visit-ulcinj.com\/blog\/wp-content\/uploads\/2010\/12\/SKENDER-PELIVAN-Zudjelovic.jpg\",\"contentUrl\":\"https:\/\/www.visit-ulcinj.com\/blog\/wp-content\/uploads\/2010\/12\/SKENDER-PELIVAN-Zudjelovic.jpg\",\"width\":\"720\",\"height\":\"540\"},{\"@type\":\"WebPage\",\"@id\":\"https:\/\/www.visit-ulcinj.com\/blog\/2010\/12\/07\/skender-pelivan-zudelovic\/#webpage\",\"url\":\"https:\/\/www.visit-ulcinj.com\/blog\/2010\/12\/07\/skender-pelivan-zudelovic\/\",\"name\":\"SKENDER \\\"PELIVAN\\\"-\u017du\u0111elovi\u0107, - Lajme nga Ulqini\",\"isPartOf\":{\"@id\":\"https:\/\/www.visit-ulcinj.com\/blog\/#website\"},\"primaryImageOfPage\":{\"@id\":\"https:\/\/www.visit-ulcinj.com\/blog\/2010\/12\/07\/skender-pelivan-zudelovic\/#primaryimage\"},\"datePublished\":\"2010-12-07T10:28:01+00:00\",\"dateModified\":\"2010-12-07T10:28:01+00:00\",\"author\":{\"@id\":\"https:\/\/www.visit-ulcinj.com\/blog\/#\/schema\/person\/dcab619c614d3038751c63bc2aadc06d\"},\"description\":\"SKENDER \\\"PELIVAN\\\"-\u017du\u0111elovi\u0107,je danas u 70 godini \u017eivota, jo\u0161 uvijek markantan i iznad svega vedar \u010dovjek. Sreo sam ga na Pristanu gdje svaki dan dolazi\",\"breadcrumb\":{\"@id\":\"https:\/\/www.visit-ulcinj.com\/blog\/2010\/12\/07\/skender-pelivan-zudelovic\/#breadcrumb\"},\"inLanguage\":\"en-US\",\"potentialAction\":[{\"@type\":\"ReadAction\",\"target\":[\"https:\/\/www.visit-ulcinj.com\/blog\/2010\/12\/07\/skender-pelivan-zudelovic\/\"]}]},{\"@type\":\"BreadcrumbList\",\"@id\":\"https:\/\/www.visit-ulcinj.com\/blog\/2010\/12\/07\/skender-pelivan-zudelovic\/#breadcrumb\",\"itemListElement\":[{\"@type\":\"ListItem\",\"position\":1,\"name\":\"SKENDER &#8220;PELIVAN&#8221;-\u017du\u0111elovi\u0107,\"}]},{\"@type\":\"Person\",\"@id\":\"https:\/\/www.visit-ulcinj.com\/blog\/#\/schema\/person\/dcab619c614d3038751c63bc2aadc06d\",\"name\":\"ulqini\",\"sameAs\":[\"http:\/\/www.visit-ulcinj.com\"],\"url\":\"https:\/\/www.visit-ulcinj.com\/blog\/author\/admin\/\"}]}<\/script>\n<!-- \/ Yoast SEO plugin. -->","yoast_head_json":{"title":"SKENDER \"PELIVAN\"-\u017du\u0111elovi\u0107, - Lajme nga Ulqini","description":"SKENDER \"PELIVAN\"-\u017du\u0111elovi\u0107,je danas u 70 godini \u017eivota, jo\u0161 uvijek markantan i iznad svega vedar \u010dovjek. Sreo sam ga na Pristanu gdje svaki dan dolazi","robots":{"index":"index","follow":"follow","max-snippet":"max-snippet:-1","max-image-preview":"max-image-preview:large","max-video-preview":"max-video-preview:-1"},"canonical":"https:\/\/www.visit-ulcinj.com\/blog\/2010\/12\/07\/skender-pelivan-zudelovic\/","og_locale":"en_US","og_type":"article","og_title":"SKENDER \"PELIVAN\"-\u017du\u0111elovi\u0107, - Lajme nga Ulqini","og_description":"SKENDER \"PELIVAN\"-\u017du\u0111elovi\u0107,je danas u 70 godini \u017eivota, jo\u0161 uvijek markantan i iznad svega vedar \u010dovjek. Sreo sam ga na Pristanu gdje svaki dan dolazi","og_url":"https:\/\/www.visit-ulcinj.com\/blog\/2010\/12\/07\/skender-pelivan-zudelovic\/","og_site_name":"Lajme nga Ulqini","article_published_time":"2010-12-07T10:28:01+00:00","og_image":[{"url":"http:\/\/www.visit-ulcinj.com\/blog\/wp-content\/uploads\/2010\/12\/SKENDER-PELIVAN-Zudjelovic.jpg"}],"twitter_misc":{"Written by":"ulqini","Est. reading time":"4 minutes"},"schema":{"@context":"https:\/\/schema.org","@graph":[{"@type":"WebSite","@id":"https:\/\/www.visit-ulcinj.com\/blog\/#website","url":"https:\/\/www.visit-ulcinj.com\/blog\/","name":"Lajme nga Ulqini","description":"Lajme,Vijesti,Ulqini,Ulqin,Crna Gora,Mali i Zi","potentialAction":[{"@type":"SearchAction","target":{"@type":"EntryPoint","urlTemplate":"https:\/\/www.visit-ulcinj.com\/blog\/?s={search_term_string}"},"query-input":"required name=search_term_string"}],"inLanguage":"en-US"},{"@type":"ImageObject","inLanguage":"en-US","@id":"https:\/\/www.visit-ulcinj.com\/blog\/2010\/12\/07\/skender-pelivan-zudelovic\/#primaryimage","url":"https:\/\/www.visit-ulcinj.com\/blog\/wp-content\/uploads\/2010\/12\/SKENDER-PELIVAN-Zudjelovic.jpg","contentUrl":"https:\/\/www.visit-ulcinj.com\/blog\/wp-content\/uploads\/2010\/12\/SKENDER-PELIVAN-Zudjelovic.jpg","width":"720","height":"540"},{"@type":"WebPage","@id":"https:\/\/www.visit-ulcinj.com\/blog\/2010\/12\/07\/skender-pelivan-zudelovic\/#webpage","url":"https:\/\/www.visit-ulcinj.com\/blog\/2010\/12\/07\/skender-pelivan-zudelovic\/","name":"SKENDER \"PELIVAN\"-\u017du\u0111elovi\u0107, - Lajme nga Ulqini","isPartOf":{"@id":"https:\/\/www.visit-ulcinj.com\/blog\/#website"},"primaryImageOfPage":{"@id":"https:\/\/www.visit-ulcinj.com\/blog\/2010\/12\/07\/skender-pelivan-zudelovic\/#primaryimage"},"datePublished":"2010-12-07T10:28:01+00:00","dateModified":"2010-12-07T10:28:01+00:00","author":{"@id":"https:\/\/www.visit-ulcinj.com\/blog\/#\/schema\/person\/dcab619c614d3038751c63bc2aadc06d"},"description":"SKENDER \"PELIVAN\"-\u017du\u0111elovi\u0107,je danas u 70 godini \u017eivota, jo\u0161 uvijek markantan i iznad svega vedar \u010dovjek. Sreo sam ga na Pristanu gdje svaki dan dolazi","breadcrumb":{"@id":"https:\/\/www.visit-ulcinj.com\/blog\/2010\/12\/07\/skender-pelivan-zudelovic\/#breadcrumb"},"inLanguage":"en-US","potentialAction":[{"@type":"ReadAction","target":["https:\/\/www.visit-ulcinj.com\/blog\/2010\/12\/07\/skender-pelivan-zudelovic\/"]}]},{"@type":"BreadcrumbList","@id":"https:\/\/www.visit-ulcinj.com\/blog\/2010\/12\/07\/skender-pelivan-zudelovic\/#breadcrumb","itemListElement":[{"@type":"ListItem","position":1,"name":"SKENDER &#8220;PELIVAN&#8221;-\u017du\u0111elovi\u0107,"}]},{"@type":"Person","@id":"https:\/\/www.visit-ulcinj.com\/blog\/#\/schema\/person\/dcab619c614d3038751c63bc2aadc06d","name":"ulqini","sameAs":["http:\/\/www.visit-ulcinj.com"],"url":"https:\/\/www.visit-ulcinj.com\/blog\/author\/admin\/"}]}},"jetpack_featured_media_url":"","jetpack_sharing_enabled":true,"jetpack_shortlink":"https:\/\/wp.me\/pe6lTn-aB3","_links":{"self":[{"href":"https:\/\/www.visit-ulcinj.com\/blog\/wp-json\/wp\/v2\/posts\/40737"}],"collection":[{"href":"https:\/\/www.visit-ulcinj.com\/blog\/wp-json\/wp\/v2\/posts"}],"about":[{"href":"https:\/\/www.visit-ulcinj.com\/blog\/wp-json\/wp\/v2\/types\/post"}],"author":[{"embeddable":true,"href":"https:\/\/www.visit-ulcinj.com\/blog\/wp-json\/wp\/v2\/users\/1"}],"replies":[{"embeddable":true,"href":"https:\/\/www.visit-ulcinj.com\/blog\/wp-json\/wp\/v2\/comments?post=40737"}],"version-history":[{"count":0,"href":"https:\/\/www.visit-ulcinj.com\/blog\/wp-json\/wp\/v2\/posts\/40737\/revisions"}],"wp:attachment":[{"href":"https:\/\/www.visit-ulcinj.com\/blog\/wp-json\/wp\/v2\/media?parent=40737"}],"wp:term":[{"taxonomy":"category","embeddable":true,"href":"https:\/\/www.visit-ulcinj.com\/blog\/wp-json\/wp\/v2\/categories?post=40737"},{"taxonomy":"post_tag","embeddable":true,"href":"https:\/\/www.visit-ulcinj.com\/blog\/wp-json\/wp\/v2\/tags?post=40737"}],"curies":[{"name":"wp","href":"https:\/\/api.w.org\/{rel}","templated":true}]}}