{"id":40748,"date":"2010-12-07T19:16:51","date_gmt":"2010-12-07T18:16:51","guid":{"rendered":"http:\/\/www.visit-ulcinj.com\/blog\/?p=40748"},"modified":"2010-12-07T19:17:31","modified_gmt":"2010-12-07T18:17:31","slug":"niveli-i-ujit-bie-por-gjendja-ende-e-rende-tv-live-news24","status":"publish","type":"post","link":"https:\/\/www.visit-ulcinj.com\/blog\/2010\/12\/07\/niveli-i-ujit-bie-por-gjendja-ende-e-rende-tv-live-news24\/","title":{"rendered":"Niveli i ujit bie, por gjendja ende e r\u00ebnd\u00eb &#8211; TV LIVE NEWS24"},"content":{"rendered":"<p><strong><a href=\"http:\/\/www.visit-ulcinj.com\/blog\/wp-content\/uploads\/2010\/12\/Permbytjet-ana-malit-dhjetor-2010.jpg\"><img loading=\"lazy\" class=\"alignleft size-full wp-image-40749\" title=\"Permbytjet - ana malit dhjetor 2010\" src=\"http:\/\/www.visit-ulcinj.com\/blog\/wp-content\/uploads\/2010\/12\/Permbytjet-ana-malit-dhjetor-2010.jpg\" alt=\"\" width=\"490\" height=\"380\" \/><\/a>7.12.2010<\/strong><br \/>\nEdhe krahas zvog\u00eblimit t\u00eb ndjesh\u00ebm t\u00eb nivelit t\u00eb ujit situata n\u00eb rajonet e p\u00ebrmbytura vazhdon t\u00eb jet\u00eb mjaft e r\u00ebnd\u00eb.<\/p>\n<p>N\u00eb Mal t\u00eb Zi nga 11 komunat e p\u00ebrfshira me p\u00ebrmbytje, jan\u00eb evakuuar rreth 7 mij\u00eb banor\u00eb. Situata m\u00eb e r\u00ebnd\u00eb \u00ebsht\u00eb n\u00eb rajonin e Zet\u00ebs n\u00eb t\u00eb cilin 7 fshatra me rreth 8 mij\u00eb banor\u00eb ndodhen n\u00ebn uj\u00eb. Situat\u00eb e r\u00ebnd\u00eb vazhdon t\u00eb jet\u00eb edhe n\u00eb komun\u00ebn e Ulqinit p\u00ebrngjat\u00eb lumit t\u00eb Bun\u00ebs, pastaj n\u00eb Nikshiq, n\u00eb Plav\u00eb, Beran\u00eb e k\u00ebshtu me radh\u00eb. Vazhdon t\u00eb p\u00ebrmir\u00ebsohet gjendja pas p\u00ebrmbytjeve n\u00eb komun\u00ebn e Ulqinit.<\/p>\n<p>Niveli i ujit n\u00eb Lumin Buna gjat\u00eb 24 or\u00ebve t\u00eb fundit ka sh\u00ebnuar r\u00ebnie p\u00ebr 10 cm p\u00ebr dallim nga dita e djeshme. Gjat\u00eb dit\u00ebs s\u00eb sotme v\u00ebmendja e shtabit komunal t\u00eb emergjenc\u00ebs s\u00eb bashku me pjes\u00ebtar\u00eb t\u00eb ushtris\u00eb malazeze, policis\u00eb dhe aktivist\u00ebve vendor, \u00ebsht\u00eb p\u00ebrqendruar n\u00eb p\u00ebrforcimin e argjinaturave p\u00ebrgjat\u00eb lumit, duke filluar nga Ada e deri n\u00eb Sh\u00ebn Gjergj.<\/p>\n<p>Edhe n\u00eb territorin e komun\u00ebs urbane t\u00eb Tuzit, sidomos n\u00eb fshatrat p\u00ebrngjat\u00eb liqenit t\u00eb Shkodr\u00ebs, po ashtu vazhdon t\u00eb jet\u00eb situat\u00eb e r\u00ebnd\u00eb nga p\u00ebrmbytjet e shkaktuara nga niveli i lart\u00eb i ujit t\u00eb liqenit t\u00eb Shkodr\u00ebs, niveli i t\u00eb cilit pothuajse vazhdon t\u00eb jet\u00eb i nj\u00ebjt\u00eb. P\u00ebrmbytjet q\u00eb kan\u00eb p\u00ebrfshir\u00eb rajone t\u00eb shumta n\u00eb Mal t\u00eb Zi kan\u00eb shkaktuar d\u00ebme t\u00eb m\u00ebdha, n\u00eb ve\u00e7anti n\u00eb objektet e banimit, pastaj n\u00eb objektet p\u00ebrcjell\u00ebse, n\u00eb fondin e kafsh\u00ebve si dhe n\u00eb tokat e banor\u00ebve.<\/p>\n<p>Edhe pse ende nuk \u00ebsht\u00eb b\u00ebr\u00eb vler\u00ebsimi i d\u00ebmeve t\u00eb shkaktuara, ato do t\u00eb jen\u00eb shum\u00eb t\u00eb larta, andaj banor\u00ebt kan\u00eb nevoj\u00eb n\u00eb mb\u00ebshtetjen solidare p\u00ebr ti ndihmuar n\u00eb p\u00ebrballimin sa m\u00eb t\u00eb leht\u00eb t\u00eb pasojave nga p\u00ebrmbytjet. P\u00ebrve\u00e7 ndihmave t\u00eb deritashme nga organet kompetente shtet\u00ebrore n\u00eb tejkalimin e situat\u00ebs s\u00eb krijuar, kompani t\u00eb shumta, biznesmen dhe individ, kan\u00eb ndar\u00eb mjete t\u00eb konsiderueshme, dedikuar banor\u00ebve n\u00eb rajonet m\u00eb t\u00eb rrezikuara.<\/p>\n<p>Nd\u00ebrkoh\u00eb organet kompetente shtet\u00ebrore kan\u00eb nd\u00ebrmarr\u00eb t\u00eb gjitha masat e duhura p\u00ebr zvog\u00eblimin e pasojave nga p\u00ebrmbytjet, kurse n\u00eb periudh\u00ebn e ardhshme me qellim t\u00eb zvog\u00eblimit t\u00eb tyre nuk duhet l\u00ebn\u00eb pas dore nevojat prioritare t\u00eb banor\u00ebve t\u00eb rrezikuar, \u00ebsht\u00eb konstatuar n\u00eb mbledhjen e djeshme t\u00eb ekipit koordinues p\u00ebr menaxhimin e situatave t\u00eb jasht\u00ebzakonshme. N\u00eb k\u00ebt\u00eb mbledhje, t\u00eb cil\u00ebn e ka kryesuar kryetari i ekipit koordinues, kryeministri Millo Gjukanoviq \u00ebsht\u00eb analizuar situata n\u00eb komunat e p\u00ebrmbytura si dhe aktivitetet e organeve shtet\u00ebrore lidhur me ndihm\u00ebn e dh\u00ebn\u00eb banor\u00ebve.<\/p>\n<p><strong>TVCG<br \/>\n\n\t\t<style type=\"text\/css\">\n\t\t\t#gallery-1 {\n\t\t\t\tmargin: auto;\n\t\t\t}\n\t\t\t#gallery-1 .gallery-item {\n\t\t\t\tfloat: left;\n\t\t\t\tmargin-top: 10px;\n\t\t\t\ttext-align: center;\n\t\t\t\twidth: 33%;\n\t\t\t}\n\t\t\t#gallery-1 img {\n\t\t\t\tborder: 2px solid #cfcfcf;\n\t\t\t}\n\t\t\t#gallery-1 .gallery-caption {\n\t\t\t\tmargin-left: 0;\n\t\t\t}\n\t\t\t\/* see gallery_shortcode() in wp-includes\/media.php *\/\n\t\t<\/style>\n\t\t<div id='gallery-1' class='gallery galleryid-40748 gallery-columns-3 gallery-size-thumbnail'><dl class='gallery-item'>\n\t\t\t<dt class='gallery-icon landscape'>\n\t\t\t\t<a href='https:\/\/www.visit-ulcinj.com\/blog\/wp-content\/uploads\/2010\/12\/Permbytjet-ana-malit-dhjetor-2010.jpg'><img width=\"150\" height=\"150\" src=\"https:\/\/www.visit-ulcinj.com\/blog\/wp-content\/uploads\/2010\/12\/Permbytjet-ana-malit-dhjetor-2010-150x150.jpg\" class=\"attachment-thumbnail size-thumbnail\" alt=\"\" loading=\"lazy\" \/><\/a>\n\t\t\t<\/dt><\/dl><dl class='gallery-item'>\n\t\t\t<dt class='gallery-icon landscape'>\n\t\t\t\t<a href='https:\/\/www.visit-ulcinj.com\/blog\/wp-content\/uploads\/2010\/12\/Permbytjet-ana-malit-dhjetor-2010.1.jpg'><img width=\"150\" height=\"150\" src=\"https:\/\/www.visit-ulcinj.com\/blog\/wp-content\/uploads\/2010\/12\/Permbytjet-ana-malit-dhjetor-2010.1-150x150.jpg\" class=\"attachment-thumbnail size-thumbnail\" alt=\"\" loading=\"lazy\" \/><\/a>\n\t\t\t<\/dt><\/dl><dl class='gallery-item'>\n\t\t\t<dt class='gallery-icon landscape'>\n\t\t\t\t<a href='https:\/\/www.visit-ulcinj.com\/blog\/wp-content\/uploads\/2010\/12\/Permbytjet-ana-malit-dhjetor-2010.2.jpg'><img width=\"150\" height=\"150\" src=\"https:\/\/www.visit-ulcinj.com\/blog\/wp-content\/uploads\/2010\/12\/Permbytjet-ana-malit-dhjetor-2010.2-150x150.jpg\" class=\"attachment-thumbnail size-thumbnail\" alt=\"\" loading=\"lazy\" \/><\/a>\n\t\t\t<\/dt><\/dl><br style=\"clear: both\" \/>\n\t\t<\/div>\n<br \/>\n<\/strong><br \/>\n<strong>LAJME LIVE NGA NEWS24<\/strong><\/p>\n","protected":false},"excerpt":{"rendered":"<p>7.12.2010 Edhe krahas zvog\u00eblimit t\u00eb ndjesh\u00ebm t\u00eb nivelit t\u00eb ujit situata n\u00eb rajonet e p\u00ebrmbytura vazhdon t\u00eb jet\u00eb mjaft e r\u00ebnd\u00eb. N\u00eb Mal t\u00eb Zi nga 11 komunat e p\u00ebrfshira me p\u00ebrmbytje, jan\u00eb evakuuar rreth 7 mij\u00eb banor\u00eb. Situata m\u00eb e r\u00ebnd\u00eb \u00ebsht\u00eb n\u00eb rajonin e Zet\u00ebs n\u00eb t\u00eb cilin 7 fshatra me rreth 8 [&hellip;]<\/p>\n","protected":false},"author":1,"featured_media":0,"comment_status":"open","ping_status":"closed","sticky":false,"template":"","format":"standard","meta":{"spay_email":"","jetpack_publicize_message":"","jetpack_is_tweetstorm":false,"jetpack_publicize_feature_enabled":true},"categories":[1],"tags":[14351,3505,212,14352,14349,14353,3510,3502,14354,12340,14355,509,16216,16481,14356,3516,14357,3511,16477,3504,14358,3220,16214,14359,3506,3499,14360,14361,3509,16210,16211,14362,14363,3507,14655,3717,3500,1762,4625,3228,14364,4855,13230,3512,16212,11648,95,14365,3227,14366,3513,14348,16478,16479,4642,3514,16540,16476,14367,13203,3501,14368,14369,14370,10472,2083,3231,14371,3617,16202,3508,14372,3503,14373,14374,3515,5589,16215,3498,2800,15160,14375,16480,200,18,16213,14376],"jetpack_publicize_connections":[],"yoast_head":"<!-- This site is optimized with the Yoast SEO plugin v19.1 - https:\/\/yoast.com\/wordpress\/plugins\/seo\/ -->\n<title>Niveli i ujit bie, por gjendja ende e r\u00ebnd\u00eb - TV LIVE NEWS24 - Lajme nga Ulqini<\/title>\n<meta name=\"description\" content=\"7.12.2010 Edhe krahas zvog\u00eblimit t\u00eb ndjesh\u00ebm t\u00eb nivelit t\u00eb ujit situata n\u00eb rajonet e p\u00ebrmbytura vazhdon t\u00eb jet\u00eb mjaft e r\u00ebnd\u00eb. N\u00eb Mal t\u00eb Zi nga 11 komunat\" \/>\n<meta name=\"robots\" content=\"index, follow, max-snippet:-1, max-image-preview:large, max-video-preview:-1\" \/>\n<link rel=\"canonical\" href=\"https:\/\/www.visit-ulcinj.com\/blog\/2010\/12\/07\/niveli-i-ujit-bie-por-gjendja-ende-e-rende-tv-live-news24\/\" \/>\n<meta property=\"og:locale\" content=\"en_US\" \/>\n<meta property=\"og:type\" content=\"article\" \/>\n<meta property=\"og:title\" content=\"Niveli i ujit bie, por gjendja ende e r\u00ebnd\u00eb - TV LIVE NEWS24 - Lajme nga Ulqini\" \/>\n<meta property=\"og:description\" content=\"7.12.2010 Edhe krahas zvog\u00eblimit t\u00eb ndjesh\u00ebm t\u00eb nivelit t\u00eb ujit situata n\u00eb rajonet e p\u00ebrmbytura vazhdon t\u00eb jet\u00eb mjaft e r\u00ebnd\u00eb. N\u00eb Mal t\u00eb Zi nga 11 komunat\" \/>\n<meta property=\"og:url\" content=\"https:\/\/www.visit-ulcinj.com\/blog\/2010\/12\/07\/niveli-i-ujit-bie-por-gjendja-ende-e-rende-tv-live-news24\/\" \/>\n<meta property=\"og:site_name\" content=\"Lajme nga Ulqini\" \/>\n<meta property=\"article:published_time\" content=\"2010-12-07T18:16:51+00:00\" \/>\n<meta property=\"article:modified_time\" content=\"2010-12-07T18:17:31+00:00\" \/>\n<meta property=\"og:image\" content=\"https:\/\/www.visit-ulcinj.com\/blog\/wp-content\/uploads\/2010\/12\/Permbytjet-ana-malit-dhjetor-2010-150x150.jpg\" \/>\n<meta name=\"twitter:label1\" content=\"Written by\" \/>\n\t<meta name=\"twitter:data1\" content=\"ulqini\" \/>\n\t<meta name=\"twitter:label2\" content=\"Est. reading time\" \/>\n\t<meta name=\"twitter:data2\" content=\"2 minutes\" \/>\n<script type=\"application\/ld+json\" class=\"yoast-schema-graph\">{\"@context\":\"https:\/\/schema.org\",\"@graph\":[{\"@type\":\"WebSite\",\"@id\":\"https:\/\/www.visit-ulcinj.com\/blog\/#website\",\"url\":\"https:\/\/www.visit-ulcinj.com\/blog\/\",\"name\":\"Lajme nga Ulqini\",\"description\":\"Lajme,Vijesti,Ulqini,Ulqin,Crna Gora,Mali i Zi\",\"potentialAction\":[{\"@type\":\"SearchAction\",\"target\":{\"@type\":\"EntryPoint\",\"urlTemplate\":\"https:\/\/www.visit-ulcinj.com\/blog\/?s={search_term_string}\"},\"query-input\":\"required name=search_term_string\"}],\"inLanguage\":\"en-US\"},{\"@type\":\"ImageObject\",\"inLanguage\":\"en-US\",\"@id\":\"https:\/\/www.visit-ulcinj.com\/blog\/2010\/12\/07\/niveli-i-ujit-bie-por-gjendja-ende-e-rende-tv-live-news24\/#primaryimage\",\"url\":\"https:\/\/www.visit-ulcinj.com\/blog\/wp-content\/uploads\/2010\/12\/Permbytjet-ana-malit-dhjetor-2010.jpg\",\"contentUrl\":\"https:\/\/www.visit-ulcinj.com\/blog\/wp-content\/uploads\/2010\/12\/Permbytjet-ana-malit-dhjetor-2010.jpg\",\"width\":\"720\",\"height\":\"540\"},{\"@type\":\"WebPage\",\"@id\":\"https:\/\/www.visit-ulcinj.com\/blog\/2010\/12\/07\/niveli-i-ujit-bie-por-gjendja-ende-e-rende-tv-live-news24\/#webpage\",\"url\":\"https:\/\/www.visit-ulcinj.com\/blog\/2010\/12\/07\/niveli-i-ujit-bie-por-gjendja-ende-e-rende-tv-live-news24\/\",\"name\":\"Niveli i ujit bie, por gjendja ende e r\u00ebnd\u00eb - TV LIVE NEWS24 - Lajme nga Ulqini\",\"isPartOf\":{\"@id\":\"https:\/\/www.visit-ulcinj.com\/blog\/#website\"},\"primaryImageOfPage\":{\"@id\":\"https:\/\/www.visit-ulcinj.com\/blog\/2010\/12\/07\/niveli-i-ujit-bie-por-gjendja-ende-e-rende-tv-live-news24\/#primaryimage\"},\"datePublished\":\"2010-12-07T18:16:51+00:00\",\"dateModified\":\"2010-12-07T18:17:31+00:00\",\"author\":{\"@id\":\"https:\/\/www.visit-ulcinj.com\/blog\/#\/schema\/person\/dcab619c614d3038751c63bc2aadc06d\"},\"description\":\"7.12.2010 Edhe krahas zvog\u00eblimit t\u00eb ndjesh\u00ebm t\u00eb nivelit t\u00eb ujit situata n\u00eb rajonet e p\u00ebrmbytura vazhdon t\u00eb jet\u00eb mjaft e r\u00ebnd\u00eb. N\u00eb Mal t\u00eb Zi nga 11 komunat\",\"breadcrumb\":{\"@id\":\"https:\/\/www.visit-ulcinj.com\/blog\/2010\/12\/07\/niveli-i-ujit-bie-por-gjendja-ende-e-rende-tv-live-news24\/#breadcrumb\"},\"inLanguage\":\"en-US\",\"potentialAction\":[{\"@type\":\"ReadAction\",\"target\":[\"https:\/\/www.visit-ulcinj.com\/blog\/2010\/12\/07\/niveli-i-ujit-bie-por-gjendja-ende-e-rende-tv-live-news24\/\"]}]},{\"@type\":\"BreadcrumbList\",\"@id\":\"https:\/\/www.visit-ulcinj.com\/blog\/2010\/12\/07\/niveli-i-ujit-bie-por-gjendja-ende-e-rende-tv-live-news24\/#breadcrumb\",\"itemListElement\":[{\"@type\":\"ListItem\",\"position\":1,\"name\":\"Niveli i ujit bie, por gjendja ende e r\u00ebnd\u00eb &#8211; TV LIVE NEWS24\"}]},{\"@type\":\"Person\",\"@id\":\"https:\/\/www.visit-ulcinj.com\/blog\/#\/schema\/person\/dcab619c614d3038751c63bc2aadc06d\",\"name\":\"ulqini\",\"sameAs\":[\"http:\/\/www.visit-ulcinj.com\"],\"url\":\"https:\/\/www.visit-ulcinj.com\/blog\/author\/admin\/\"}]}<\/script>\n<!-- \/ Yoast SEO plugin. -->","yoast_head_json":{"title":"Niveli i ujit bie, por gjendja ende e r\u00ebnd\u00eb - TV LIVE NEWS24 - Lajme nga Ulqini","description":"7.12.2010 Edhe krahas zvog\u00eblimit t\u00eb ndjesh\u00ebm t\u00eb nivelit t\u00eb ujit situata n\u00eb rajonet e p\u00ebrmbytura vazhdon t\u00eb jet\u00eb mjaft e r\u00ebnd\u00eb. N\u00eb Mal t\u00eb Zi nga 11 komunat","robots":{"index":"index","follow":"follow","max-snippet":"max-snippet:-1","max-image-preview":"max-image-preview:large","max-video-preview":"max-video-preview:-1"},"canonical":"https:\/\/www.visit-ulcinj.com\/blog\/2010\/12\/07\/niveli-i-ujit-bie-por-gjendja-ende-e-rende-tv-live-news24\/","og_locale":"en_US","og_type":"article","og_title":"Niveli i ujit bie, por gjendja ende e r\u00ebnd\u00eb - TV LIVE NEWS24 - Lajme nga Ulqini","og_description":"7.12.2010 Edhe krahas zvog\u00eblimit t\u00eb ndjesh\u00ebm t\u00eb nivelit t\u00eb ujit situata n\u00eb rajonet e p\u00ebrmbytura vazhdon t\u00eb jet\u00eb mjaft e r\u00ebnd\u00eb. N\u00eb Mal t\u00eb Zi nga 11 komunat","og_url":"https:\/\/www.visit-ulcinj.com\/blog\/2010\/12\/07\/niveli-i-ujit-bie-por-gjendja-ende-e-rende-tv-live-news24\/","og_site_name":"Lajme nga Ulqini","article_published_time":"2010-12-07T18:16:51+00:00","article_modified_time":"2010-12-07T18:17:31+00:00","og_image":[{"url":"https:\/\/www.visit-ulcinj.com\/blog\/wp-content\/uploads\/2010\/12\/Permbytjet-ana-malit-dhjetor-2010-150x150.jpg"}],"twitter_misc":{"Written by":"ulqini","Est. reading time":"2 minutes"},"schema":{"@context":"https:\/\/schema.org","@graph":[{"@type":"WebSite","@id":"https:\/\/www.visit-ulcinj.com\/blog\/#website","url":"https:\/\/www.visit-ulcinj.com\/blog\/","name":"Lajme nga Ulqini","description":"Lajme,Vijesti,Ulqini,Ulqin,Crna Gora,Mali i Zi","potentialAction":[{"@type":"SearchAction","target":{"@type":"EntryPoint","urlTemplate":"https:\/\/www.visit-ulcinj.com\/blog\/?s={search_term_string}"},"query-input":"required name=search_term_string"}],"inLanguage":"en-US"},{"@type":"ImageObject","inLanguage":"en-US","@id":"https:\/\/www.visit-ulcinj.com\/blog\/2010\/12\/07\/niveli-i-ujit-bie-por-gjendja-ende-e-rende-tv-live-news24\/#primaryimage","url":"https:\/\/www.visit-ulcinj.com\/blog\/wp-content\/uploads\/2010\/12\/Permbytjet-ana-malit-dhjetor-2010.jpg","contentUrl":"https:\/\/www.visit-ulcinj.com\/blog\/wp-content\/uploads\/2010\/12\/Permbytjet-ana-malit-dhjetor-2010.jpg","width":"720","height":"540"},{"@type":"WebPage","@id":"https:\/\/www.visit-ulcinj.com\/blog\/2010\/12\/07\/niveli-i-ujit-bie-por-gjendja-ende-e-rende-tv-live-news24\/#webpage","url":"https:\/\/www.visit-ulcinj.com\/blog\/2010\/12\/07\/niveli-i-ujit-bie-por-gjendja-ende-e-rende-tv-live-news24\/","name":"Niveli i ujit bie, por gjendja ende e r\u00ebnd\u00eb - TV LIVE NEWS24 - Lajme nga Ulqini","isPartOf":{"@id":"https:\/\/www.visit-ulcinj.com\/blog\/#website"},"primaryImageOfPage":{"@id":"https:\/\/www.visit-ulcinj.com\/blog\/2010\/12\/07\/niveli-i-ujit-bie-por-gjendja-ende-e-rende-tv-live-news24\/#primaryimage"},"datePublished":"2010-12-07T18:16:51+00:00","dateModified":"2010-12-07T18:17:31+00:00","author":{"@id":"https:\/\/www.visit-ulcinj.com\/blog\/#\/schema\/person\/dcab619c614d3038751c63bc2aadc06d"},"description":"7.12.2010 Edhe krahas zvog\u00eblimit t\u00eb ndjesh\u00ebm t\u00eb nivelit t\u00eb ujit situata n\u00eb rajonet e p\u00ebrmbytura vazhdon t\u00eb jet\u00eb mjaft e r\u00ebnd\u00eb. N\u00eb Mal t\u00eb Zi nga 11 komunat","breadcrumb":{"@id":"https:\/\/www.visit-ulcinj.com\/blog\/2010\/12\/07\/niveli-i-ujit-bie-por-gjendja-ende-e-rende-tv-live-news24\/#breadcrumb"},"inLanguage":"en-US","potentialAction":[{"@type":"ReadAction","target":["https:\/\/www.visit-ulcinj.com\/blog\/2010\/12\/07\/niveli-i-ujit-bie-por-gjendja-ende-e-rende-tv-live-news24\/"]}]},{"@type":"BreadcrumbList","@id":"https:\/\/www.visit-ulcinj.com\/blog\/2010\/12\/07\/niveli-i-ujit-bie-por-gjendja-ende-e-rende-tv-live-news24\/#breadcrumb","itemListElement":[{"@type":"ListItem","position":1,"name":"Niveli i ujit bie, por gjendja ende e r\u00ebnd\u00eb &#8211; TV LIVE NEWS24"}]},{"@type":"Person","@id":"https:\/\/www.visit-ulcinj.com\/blog\/#\/schema\/person\/dcab619c614d3038751c63bc2aadc06d","name":"ulqini","sameAs":["http:\/\/www.visit-ulcinj.com"],"url":"https:\/\/www.visit-ulcinj.com\/blog\/author\/admin\/"}]}},"jetpack_featured_media_url":"","jetpack_sharing_enabled":true,"jetpack_shortlink":"https:\/\/wp.me\/pe6lTn-aBe","_links":{"self":[{"href":"https:\/\/www.visit-ulcinj.com\/blog\/wp-json\/wp\/v2\/posts\/40748"}],"collection":[{"href":"https:\/\/www.visit-ulcinj.com\/blog\/wp-json\/wp\/v2\/posts"}],"about":[{"href":"https:\/\/www.visit-ulcinj.com\/blog\/wp-json\/wp\/v2\/types\/post"}],"author":[{"embeddable":true,"href":"https:\/\/www.visit-ulcinj.com\/blog\/wp-json\/wp\/v2\/users\/1"}],"replies":[{"embeddable":true,"href":"https:\/\/www.visit-ulcinj.com\/blog\/wp-json\/wp\/v2\/comments?post=40748"}],"version-history":[{"count":0,"href":"https:\/\/www.visit-ulcinj.com\/blog\/wp-json\/wp\/v2\/posts\/40748\/revisions"}],"wp:attachment":[{"href":"https:\/\/www.visit-ulcinj.com\/blog\/wp-json\/wp\/v2\/media?parent=40748"}],"wp:term":[{"taxonomy":"category","embeddable":true,"href":"https:\/\/www.visit-ulcinj.com\/blog\/wp-json\/wp\/v2\/categories?post=40748"},{"taxonomy":"post_tag","embeddable":true,"href":"https:\/\/www.visit-ulcinj.com\/blog\/wp-json\/wp\/v2\/tags?post=40748"}],"curies":[{"name":"wp","href":"https:\/\/api.w.org\/{rel}","templated":true}]}}