{"id":40754,"date":"2010-12-07T20:16:42","date_gmt":"2010-12-07T19:16:42","guid":{"rendered":"http:\/\/www.visit-ulcinj.com\/blog\/?p=40754"},"modified":"2010-12-07T21:32:00","modified_gmt":"2010-12-07T20:32:00","slug":"plehrat-e-shqiperise-mberrijne-ne-ulqin-video","status":"publish","type":"post","link":"https:\/\/www.visit-ulcinj.com\/blog\/2010\/12\/07\/plehrat-e-shqiperise-mberrijne-ne-ulqin-video\/","title":{"rendered":"Plehrat e Shqip\u00ebris\u00eb mb\u00ebrrijn\u00eb edhe n\u00eb Ulqin &#8211; Video"},"content":{"rendered":"<p><a href=\"http:\/\/www.visit-ulcinj.com\/blog\/wp-content\/uploads\/2010\/12\/Plehrat-e-Shqiperis-mberrijn-ne-Ulqin.7.jpg\"><img loading=\"lazy\" class=\"alignleft size-full wp-image-40762\" title=\"Plehrat e Shqiperis mberrijn ne Ulqin.7\" src=\"http:\/\/www.visit-ulcinj.com\/blog\/wp-content\/uploads\/2010\/12\/Plehrat-e-Shqiperis-mberrijn-ne-Ulqin.7.jpg\" alt=\"\" width=\"490\" height=\"380\" \/><\/a>N\u00eb Ulqin ka shp\u00ebrthyer alarmi p\u00ebr shkak se brigjet e k\u00ebtij vendi jan\u00eb ndotur me produkte q\u00eb mendohet se kan\u00eb mb\u00ebrritur nga Shqip\u00ebria.<br \/>\nKufoma kafsh\u00ebsh, shishe e materiale t\u00eb shumta plastike jan\u00eb par\u00eb n\u00eb brigjet e Ulqinit, nd\u00ebrsa qytetar\u00ebt jan\u00eb ankuar p\u00ebr k\u00ebt\u00eb problem. N\u00eb k\u00ebt\u00eb vend ka nisur diskutimi se kush duhet t\u00eb merret me pastrimin e k\u00ebtyre mbeturinave q\u00eb kan\u00eb mb\u00ebrritur nga Shqip\u00ebria. Mediat vendase, por edhe t\u00eb vendeve per\u00ebndimore, lajm\u00ebrojn\u00eb p\u00ebr nj\u00eb rrezik q\u00eb vjen nga Shqip\u00ebria. \u201cMesdheu po ndotet nga Shqip\u00ebria\u201d, shkruajn\u00eb mediat zvicerane. Ekspert\u00ebt e KE kan\u00eb th\u00ebn\u00eb se mbeturinat kan\u00eb pasur etiketa shqiptare dhe rrymat i kan\u00eb sjell\u00eb n\u00eb drejtim t\u00eb Malit t\u00eb Zi dhe \u00a0Kroacis\u00eb.<\/p>\n<p><strong>Lajme nga Ulqini<\/strong><br \/>\n<strong>Foto nga <a href=\"http:\/\/www.facebook.com\/profile.php?id=1359492972\">Ismet  Karamanaga Facebook<\/a><\/strong><br \/>\n<!--YouTube Error: bad URL entered--><\/p>\n<p><strong>\n\t\t<style type=\"text\/css\">\n\t\t\t#gallery-1 {\n\t\t\t\tmargin: auto;\n\t\t\t}\n\t\t\t#gallery-1 .gallery-item {\n\t\t\t\tfloat: left;\n\t\t\t\tmargin-top: 10px;\n\t\t\t\ttext-align: center;\n\t\t\t\twidth: 33%;\n\t\t\t}\n\t\t\t#gallery-1 img {\n\t\t\t\tborder: 2px solid #cfcfcf;\n\t\t\t}\n\t\t\t#gallery-1 .gallery-caption {\n\t\t\t\tmargin-left: 0;\n\t\t\t}\n\t\t\t\/* see gallery_shortcode() in wp-includes\/media.php *\/\n\t\t<\/style>\n\t\t<div id='gallery-1' class='gallery galleryid-40754 gallery-columns-3 gallery-size-thumbnail'><dl class='gallery-item'>\n\t\t\t<dt class='gallery-icon landscape'>\n\t\t\t\t<a href='https:\/\/www.visit-ulcinj.com\/blog\/wp-content\/uploads\/2010\/12\/Plehrat-e-Shqiperis-mberrijn-ne-Ulqin.jpg'><img width=\"150\" height=\"150\" src=\"https:\/\/www.visit-ulcinj.com\/blog\/wp-content\/uploads\/2010\/12\/Plehrat-e-Shqiperis-mberrijn-ne-Ulqin-150x150.jpg\" class=\"attachment-thumbnail size-thumbnail\" alt=\"\" loading=\"lazy\" \/><\/a>\n\t\t\t<\/dt><\/dl><dl class='gallery-item'>\n\t\t\t<dt class='gallery-icon landscape'>\n\t\t\t\t<a href='https:\/\/www.visit-ulcinj.com\/blog\/wp-content\/uploads\/2010\/12\/Plehrat-e-Shqiperis-mberrijn-ne-Ulqin.1.jpg'><img width=\"150\" height=\"150\" src=\"https:\/\/www.visit-ulcinj.com\/blog\/wp-content\/uploads\/2010\/12\/Plehrat-e-Shqiperis-mberrijn-ne-Ulqin.1-150x150.jpg\" class=\"attachment-thumbnail size-thumbnail\" alt=\"\" loading=\"lazy\" \/><\/a>\n\t\t\t<\/dt><\/dl><dl class='gallery-item'>\n\t\t\t<dt class='gallery-icon landscape'>\n\t\t\t\t<a href='https:\/\/www.visit-ulcinj.com\/blog\/wp-content\/uploads\/2010\/12\/Plehrat-e-Shqiperis-mberrijn-ne-Ulqin.2.jpg'><img width=\"150\" height=\"150\" src=\"https:\/\/www.visit-ulcinj.com\/blog\/wp-content\/uploads\/2010\/12\/Plehrat-e-Shqiperis-mberrijn-ne-Ulqin.2-150x150.jpg\" class=\"attachment-thumbnail size-thumbnail\" alt=\"\" loading=\"lazy\" \/><\/a>\n\t\t\t<\/dt><\/dl><br style=\"clear: both\" \/><dl class='gallery-item'>\n\t\t\t<dt class='gallery-icon landscape'>\n\t\t\t\t<a href='https:\/\/www.visit-ulcinj.com\/blog\/wp-content\/uploads\/2010\/12\/Plehrat-e-Shqiperis-mberrijn-ne-Ulqin.3.jpg'><img width=\"150\" height=\"150\" src=\"https:\/\/www.visit-ulcinj.com\/blog\/wp-content\/uploads\/2010\/12\/Plehrat-e-Shqiperis-mberrijn-ne-Ulqin.3-150x150.jpg\" class=\"attachment-thumbnail size-thumbnail\" alt=\"\" loading=\"lazy\" \/><\/a>\n\t\t\t<\/dt><\/dl><dl class='gallery-item'>\n\t\t\t<dt class='gallery-icon landscape'>\n\t\t\t\t<a href='https:\/\/www.visit-ulcinj.com\/blog\/wp-content\/uploads\/2010\/12\/Plehrat-e-Shqiperis-mberrijn-ne-Ulqin.4.jpg'><img width=\"150\" height=\"150\" src=\"https:\/\/www.visit-ulcinj.com\/blog\/wp-content\/uploads\/2010\/12\/Plehrat-e-Shqiperis-mberrijn-ne-Ulqin.4-150x150.jpg\" class=\"attachment-thumbnail size-thumbnail\" alt=\"\" loading=\"lazy\" \/><\/a>\n\t\t\t<\/dt><\/dl><dl class='gallery-item'>\n\t\t\t<dt class='gallery-icon landscape'>\n\t\t\t\t<a href='https:\/\/www.visit-ulcinj.com\/blog\/wp-content\/uploads\/2010\/12\/Plehrat-e-Shqiperis-mberrijn-ne-Ulqin.5.jpg'><img width=\"150\" height=\"150\" src=\"https:\/\/www.visit-ulcinj.com\/blog\/wp-content\/uploads\/2010\/12\/Plehrat-e-Shqiperis-mberrijn-ne-Ulqin.5-150x150.jpg\" class=\"attachment-thumbnail size-thumbnail\" alt=\"\" loading=\"lazy\" \/><\/a>\n\t\t\t<\/dt><\/dl><br style=\"clear: both\" \/><dl class='gallery-item'>\n\t\t\t<dt class='gallery-icon landscape'>\n\t\t\t\t<a href='https:\/\/www.visit-ulcinj.com\/blog\/wp-content\/uploads\/2010\/12\/Plehrat-e-Shqiperis-mberrijn-ne-Ulqin.6.jpg'><img width=\"150\" height=\"150\" src=\"https:\/\/www.visit-ulcinj.com\/blog\/wp-content\/uploads\/2010\/12\/Plehrat-e-Shqiperis-mberrijn-ne-Ulqin.6-150x150.jpg\" class=\"attachment-thumbnail size-thumbnail\" alt=\"\" loading=\"lazy\" \/><\/a>\n\t\t\t<\/dt><\/dl><dl class='gallery-item'>\n\t\t\t<dt class='gallery-icon landscape'>\n\t\t\t\t<a href='https:\/\/www.visit-ulcinj.com\/blog\/wp-content\/uploads\/2010\/12\/Plehrat-e-Shqiperis-mberrijn-ne-Ulqin.7.jpg'><img width=\"150\" height=\"150\" src=\"https:\/\/www.visit-ulcinj.com\/blog\/wp-content\/uploads\/2010\/12\/Plehrat-e-Shqiperis-mberrijn-ne-Ulqin.7-150x150.jpg\" class=\"attachment-thumbnail size-thumbnail\" alt=\"\" loading=\"lazy\" \/><\/a>\n\t\t\t<\/dt><\/dl><dl class='gallery-item'>\n\t\t\t<dt class='gallery-icon landscape'>\n\t\t\t\t<a href='https:\/\/www.visit-ulcinj.com\/blog\/wp-content\/uploads\/2010\/12\/Plehrat-e-Shqiperis-mberrijn-ne-Ulqin.8.jpg'><img width=\"150\" height=\"150\" src=\"https:\/\/www.visit-ulcinj.com\/blog\/wp-content\/uploads\/2010\/12\/Plehrat-e-Shqiperis-mberrijn-ne-Ulqin.8-150x150.jpg\" class=\"attachment-thumbnail size-thumbnail\" alt=\"\" loading=\"lazy\" \/><\/a>\n\t\t\t<\/dt><\/dl><br style=\"clear: both\" \/><dl class='gallery-item'>\n\t\t\t<dt class='gallery-icon landscape'>\n\t\t\t\t<a href='https:\/\/www.visit-ulcinj.com\/blog\/wp-content\/uploads\/2010\/12\/Plehrat-e-Shqiperis-mberrijn-ne-Ulqin.9.jpg'><img width=\"150\" height=\"150\" src=\"https:\/\/www.visit-ulcinj.com\/blog\/wp-content\/uploads\/2010\/12\/Plehrat-e-Shqiperis-mberrijn-ne-Ulqin.9-150x150.jpg\" class=\"attachment-thumbnail size-thumbnail\" alt=\"\" loading=\"lazy\" \/><\/a>\n\t\t\t<\/dt><\/dl><dl class='gallery-item'>\n\t\t\t<dt class='gallery-icon landscape'>\n\t\t\t\t<a href='https:\/\/www.visit-ulcinj.com\/blog\/wp-content\/uploads\/2010\/12\/Plehrat-e-Shqiperis-mberrijn-ne-Ulqin.10.jpg'><img width=\"150\" height=\"150\" src=\"https:\/\/www.visit-ulcinj.com\/blog\/wp-content\/uploads\/2010\/12\/Plehrat-e-Shqiperis-mberrijn-ne-Ulqin.10-150x150.jpg\" class=\"attachment-thumbnail size-thumbnail\" alt=\"\" loading=\"lazy\" \/><\/a>\n\t\t\t<\/dt><\/dl><dl class='gallery-item'>\n\t\t\t<dt class='gallery-icon landscape'>\n\t\t\t\t<a href='https:\/\/www.visit-ulcinj.com\/blog\/wp-content\/uploads\/2010\/12\/Plehrat-e-Shqiperis-mberrijn-ne-Ulqin.11.jpg'><img width=\"150\" height=\"150\" src=\"https:\/\/www.visit-ulcinj.com\/blog\/wp-content\/uploads\/2010\/12\/Plehrat-e-Shqiperis-mberrijn-ne-Ulqin.11-150x150.jpg\" class=\"attachment-thumbnail size-thumbnail\" alt=\"\" loading=\"lazy\" \/><\/a>\n\t\t\t<\/dt><\/dl><br style=\"clear: both\" \/>\n\t\t<\/div>\n<br \/>\n<\/strong><\/p>\n","protected":false},"excerpt":{"rendered":"<p>N\u00eb Ulqin ka shp\u00ebrthyer alarmi p\u00ebr shkak se brigjet e k\u00ebtij vendi jan\u00eb ndotur me produkte q\u00eb mendohet se kan\u00eb mb\u00ebrritur nga Shqip\u00ebria. Kufoma kafsh\u00ebsh, shishe e materiale t\u00eb shumta plastike jan\u00eb par\u00eb n\u00eb brigjet e Ulqinit, nd\u00ebrsa qytetar\u00ebt jan\u00eb ankuar p\u00ebr k\u00ebt\u00eb problem. N\u00eb k\u00ebt\u00eb vend ka nisur diskutimi se kush duhet t\u00eb merret [&hellip;]<\/p>\n","protected":false},"author":1,"featured_media":0,"comment_status":"open","ping_status":"closed","sticky":false,"template":"","format":"standard","meta":{"spay_email":"","jetpack_publicize_message":"","jetpack_is_tweetstorm":false,"jetpack_publicize_feature_enabled":true},"categories":[15],"tags":[16542,16541,10897,200],"jetpack_publicize_connections":[],"yoast_head":"<!-- This site is optimized with the Yoast SEO plugin v19.1 - https:\/\/yoast.com\/wordpress\/plugins\/seo\/ -->\n<title>Plehrat e Shqip\u00ebris\u00eb mb\u00ebrrijn\u00eb edhe n\u00eb Ulqin - Video - Lajme nga Ulqini<\/title>\n<meta name=\"description\" content=\"N\u00eb Ulqin ka shp\u00ebrthyer alarmi p\u00ebr shkak se brigjet e k\u00ebtij vendi jan\u00eb ndotur me produkte q\u00eb mendohet se kan\u00eb mb\u00ebrritur nga Shqip\u00ebria. Kufoma kafsh\u00ebsh,\" \/>\n<meta name=\"robots\" content=\"index, follow, max-snippet:-1, max-image-preview:large, max-video-preview:-1\" \/>\n<link rel=\"canonical\" href=\"https:\/\/www.visit-ulcinj.com\/blog\/2010\/12\/07\/plehrat-e-shqiperise-mberrijne-ne-ulqin-video\/\" \/>\n<meta property=\"og:locale\" content=\"en_US\" \/>\n<meta property=\"og:type\" content=\"article\" \/>\n<meta property=\"og:title\" content=\"Plehrat e Shqip\u00ebris\u00eb mb\u00ebrrijn\u00eb edhe n\u00eb Ulqin - Video - Lajme nga Ulqini\" \/>\n<meta property=\"og:description\" content=\"N\u00eb Ulqin ka shp\u00ebrthyer alarmi p\u00ebr shkak se brigjet e k\u00ebtij vendi jan\u00eb ndotur me produkte q\u00eb mendohet se kan\u00eb mb\u00ebrritur nga Shqip\u00ebria. Kufoma kafsh\u00ebsh,\" \/>\n<meta property=\"og:url\" content=\"https:\/\/www.visit-ulcinj.com\/blog\/2010\/12\/07\/plehrat-e-shqiperise-mberrijne-ne-ulqin-video\/\" \/>\n<meta property=\"og:site_name\" content=\"Lajme nga Ulqini\" \/>\n<meta property=\"article:published_time\" content=\"2010-12-07T19:16:42+00:00\" \/>\n<meta property=\"article:modified_time\" content=\"2010-12-07T20:32:00+00:00\" \/>\n<meta property=\"og:image\" content=\"https:\/\/www.visit-ulcinj.com\/blog\/wp-content\/uploads\/2010\/12\/Plehrat-e-Shqiperis-mberrijn-ne-Ulqin-150x150.jpg\" \/>\n<meta name=\"twitter:label1\" content=\"Written by\" \/>\n\t<meta name=\"twitter:data1\" content=\"ulqini\" \/>\n\t<meta name=\"twitter:label2\" content=\"Est. reading time\" \/>\n\t<meta name=\"twitter:data2\" content=\"1 minute\" \/>\n<script type=\"application\/ld+json\" class=\"yoast-schema-graph\">{\"@context\":\"https:\/\/schema.org\",\"@graph\":[{\"@type\":\"WebSite\",\"@id\":\"https:\/\/www.visit-ulcinj.com\/blog\/#website\",\"url\":\"https:\/\/www.visit-ulcinj.com\/blog\/\",\"name\":\"Lajme nga Ulqini\",\"description\":\"Lajme,Vijesti,Ulqini,Ulqin,Crna Gora,Mali i Zi\",\"potentialAction\":[{\"@type\":\"SearchAction\",\"target\":{\"@type\":\"EntryPoint\",\"urlTemplate\":\"https:\/\/www.visit-ulcinj.com\/blog\/?s={search_term_string}\"},\"query-input\":\"required name=search_term_string\"}],\"inLanguage\":\"en-US\"},{\"@type\":\"ImageObject\",\"inLanguage\":\"en-US\",\"@id\":\"https:\/\/www.visit-ulcinj.com\/blog\/2010\/12\/07\/plehrat-e-shqiperise-mberrijne-ne-ulqin-video\/#primaryimage\",\"url\":\"https:\/\/www.visit-ulcinj.com\/blog\/wp-content\/uploads\/2010\/12\/Plehrat-e-Shqiperis-mberrijn-ne-Ulqin.7.jpg\",\"contentUrl\":\"https:\/\/www.visit-ulcinj.com\/blog\/wp-content\/uploads\/2010\/12\/Plehrat-e-Shqiperis-mberrijn-ne-Ulqin.7.jpg\",\"width\":\"720\",\"height\":\"540\"},{\"@type\":\"WebPage\",\"@id\":\"https:\/\/www.visit-ulcinj.com\/blog\/2010\/12\/07\/plehrat-e-shqiperise-mberrijne-ne-ulqin-video\/#webpage\",\"url\":\"https:\/\/www.visit-ulcinj.com\/blog\/2010\/12\/07\/plehrat-e-shqiperise-mberrijne-ne-ulqin-video\/\",\"name\":\"Plehrat e Shqip\u00ebris\u00eb mb\u00ebrrijn\u00eb edhe n\u00eb Ulqin - Video - Lajme nga Ulqini\",\"isPartOf\":{\"@id\":\"https:\/\/www.visit-ulcinj.com\/blog\/#website\"},\"primaryImageOfPage\":{\"@id\":\"https:\/\/www.visit-ulcinj.com\/blog\/2010\/12\/07\/plehrat-e-shqiperise-mberrijne-ne-ulqin-video\/#primaryimage\"},\"datePublished\":\"2010-12-07T19:16:42+00:00\",\"dateModified\":\"2010-12-07T20:32:00+00:00\",\"author\":{\"@id\":\"https:\/\/www.visit-ulcinj.com\/blog\/#\/schema\/person\/dcab619c614d3038751c63bc2aadc06d\"},\"description\":\"N\u00eb Ulqin ka shp\u00ebrthyer alarmi p\u00ebr shkak se brigjet e k\u00ebtij vendi jan\u00eb ndotur me produkte q\u00eb mendohet se kan\u00eb mb\u00ebrritur nga Shqip\u00ebria. Kufoma kafsh\u00ebsh,\",\"breadcrumb\":{\"@id\":\"https:\/\/www.visit-ulcinj.com\/blog\/2010\/12\/07\/plehrat-e-shqiperise-mberrijne-ne-ulqin-video\/#breadcrumb\"},\"inLanguage\":\"en-US\",\"potentialAction\":[{\"@type\":\"ReadAction\",\"target\":[\"https:\/\/www.visit-ulcinj.com\/blog\/2010\/12\/07\/plehrat-e-shqiperise-mberrijne-ne-ulqin-video\/\"]}]},{\"@type\":\"BreadcrumbList\",\"@id\":\"https:\/\/www.visit-ulcinj.com\/blog\/2010\/12\/07\/plehrat-e-shqiperise-mberrijne-ne-ulqin-video\/#breadcrumb\",\"itemListElement\":[{\"@type\":\"ListItem\",\"position\":1,\"name\":\"Plehrat e Shqip\u00ebris\u00eb mb\u00ebrrijn\u00eb edhe n\u00eb Ulqin &#8211; Video\"}]},{\"@type\":\"Person\",\"@id\":\"https:\/\/www.visit-ulcinj.com\/blog\/#\/schema\/person\/dcab619c614d3038751c63bc2aadc06d\",\"name\":\"ulqini\",\"sameAs\":[\"http:\/\/www.visit-ulcinj.com\"],\"url\":\"https:\/\/www.visit-ulcinj.com\/blog\/author\/admin\/\"}]}<\/script>\n<!-- \/ Yoast SEO plugin. -->","yoast_head_json":{"title":"Plehrat e Shqip\u00ebris\u00eb mb\u00ebrrijn\u00eb edhe n\u00eb Ulqin - Video - Lajme nga Ulqini","description":"N\u00eb Ulqin ka shp\u00ebrthyer alarmi p\u00ebr shkak se brigjet e k\u00ebtij vendi jan\u00eb ndotur me produkte q\u00eb mendohet se kan\u00eb mb\u00ebrritur nga Shqip\u00ebria. Kufoma kafsh\u00ebsh,","robots":{"index":"index","follow":"follow","max-snippet":"max-snippet:-1","max-image-preview":"max-image-preview:large","max-video-preview":"max-video-preview:-1"},"canonical":"https:\/\/www.visit-ulcinj.com\/blog\/2010\/12\/07\/plehrat-e-shqiperise-mberrijne-ne-ulqin-video\/","og_locale":"en_US","og_type":"article","og_title":"Plehrat e Shqip\u00ebris\u00eb mb\u00ebrrijn\u00eb edhe n\u00eb Ulqin - Video - Lajme nga Ulqini","og_description":"N\u00eb Ulqin ka shp\u00ebrthyer alarmi p\u00ebr shkak se brigjet e k\u00ebtij vendi jan\u00eb ndotur me produkte q\u00eb mendohet se kan\u00eb mb\u00ebrritur nga Shqip\u00ebria. Kufoma kafsh\u00ebsh,","og_url":"https:\/\/www.visit-ulcinj.com\/blog\/2010\/12\/07\/plehrat-e-shqiperise-mberrijne-ne-ulqin-video\/","og_site_name":"Lajme nga Ulqini","article_published_time":"2010-12-07T19:16:42+00:00","article_modified_time":"2010-12-07T20:32:00+00:00","og_image":[{"url":"https:\/\/www.visit-ulcinj.com\/blog\/wp-content\/uploads\/2010\/12\/Plehrat-e-Shqiperis-mberrijn-ne-Ulqin-150x150.jpg"}],"twitter_misc":{"Written by":"ulqini","Est. reading time":"1 minute"},"schema":{"@context":"https:\/\/schema.org","@graph":[{"@type":"WebSite","@id":"https:\/\/www.visit-ulcinj.com\/blog\/#website","url":"https:\/\/www.visit-ulcinj.com\/blog\/","name":"Lajme nga Ulqini","description":"Lajme,Vijesti,Ulqini,Ulqin,Crna Gora,Mali i Zi","potentialAction":[{"@type":"SearchAction","target":{"@type":"EntryPoint","urlTemplate":"https:\/\/www.visit-ulcinj.com\/blog\/?s={search_term_string}"},"query-input":"required name=search_term_string"}],"inLanguage":"en-US"},{"@type":"ImageObject","inLanguage":"en-US","@id":"https:\/\/www.visit-ulcinj.com\/blog\/2010\/12\/07\/plehrat-e-shqiperise-mberrijne-ne-ulqin-video\/#primaryimage","url":"https:\/\/www.visit-ulcinj.com\/blog\/wp-content\/uploads\/2010\/12\/Plehrat-e-Shqiperis-mberrijn-ne-Ulqin.7.jpg","contentUrl":"https:\/\/www.visit-ulcinj.com\/blog\/wp-content\/uploads\/2010\/12\/Plehrat-e-Shqiperis-mberrijn-ne-Ulqin.7.jpg","width":"720","height":"540"},{"@type":"WebPage","@id":"https:\/\/www.visit-ulcinj.com\/blog\/2010\/12\/07\/plehrat-e-shqiperise-mberrijne-ne-ulqin-video\/#webpage","url":"https:\/\/www.visit-ulcinj.com\/blog\/2010\/12\/07\/plehrat-e-shqiperise-mberrijne-ne-ulqin-video\/","name":"Plehrat e Shqip\u00ebris\u00eb mb\u00ebrrijn\u00eb edhe n\u00eb Ulqin - Video - Lajme nga Ulqini","isPartOf":{"@id":"https:\/\/www.visit-ulcinj.com\/blog\/#website"},"primaryImageOfPage":{"@id":"https:\/\/www.visit-ulcinj.com\/blog\/2010\/12\/07\/plehrat-e-shqiperise-mberrijne-ne-ulqin-video\/#primaryimage"},"datePublished":"2010-12-07T19:16:42+00:00","dateModified":"2010-12-07T20:32:00+00:00","author":{"@id":"https:\/\/www.visit-ulcinj.com\/blog\/#\/schema\/person\/dcab619c614d3038751c63bc2aadc06d"},"description":"N\u00eb Ulqin ka shp\u00ebrthyer alarmi p\u00ebr shkak se brigjet e k\u00ebtij vendi jan\u00eb ndotur me produkte q\u00eb mendohet se kan\u00eb mb\u00ebrritur nga Shqip\u00ebria. Kufoma kafsh\u00ebsh,","breadcrumb":{"@id":"https:\/\/www.visit-ulcinj.com\/blog\/2010\/12\/07\/plehrat-e-shqiperise-mberrijne-ne-ulqin-video\/#breadcrumb"},"inLanguage":"en-US","potentialAction":[{"@type":"ReadAction","target":["https:\/\/www.visit-ulcinj.com\/blog\/2010\/12\/07\/plehrat-e-shqiperise-mberrijne-ne-ulqin-video\/"]}]},{"@type":"BreadcrumbList","@id":"https:\/\/www.visit-ulcinj.com\/blog\/2010\/12\/07\/plehrat-e-shqiperise-mberrijne-ne-ulqin-video\/#breadcrumb","itemListElement":[{"@type":"ListItem","position":1,"name":"Plehrat e Shqip\u00ebris\u00eb mb\u00ebrrijn\u00eb edhe n\u00eb Ulqin &#8211; Video"}]},{"@type":"Person","@id":"https:\/\/www.visit-ulcinj.com\/blog\/#\/schema\/person\/dcab619c614d3038751c63bc2aadc06d","name":"ulqini","sameAs":["http:\/\/www.visit-ulcinj.com"],"url":"https:\/\/www.visit-ulcinj.com\/blog\/author\/admin\/"}]}},"jetpack_featured_media_url":"","jetpack_sharing_enabled":true,"jetpack_shortlink":"https:\/\/wp.me\/pe6lTn-aBk","_links":{"self":[{"href":"https:\/\/www.visit-ulcinj.com\/blog\/wp-json\/wp\/v2\/posts\/40754"}],"collection":[{"href":"https:\/\/www.visit-ulcinj.com\/blog\/wp-json\/wp\/v2\/posts"}],"about":[{"href":"https:\/\/www.visit-ulcinj.com\/blog\/wp-json\/wp\/v2\/types\/post"}],"author":[{"embeddable":true,"href":"https:\/\/www.visit-ulcinj.com\/blog\/wp-json\/wp\/v2\/users\/1"}],"replies":[{"embeddable":true,"href":"https:\/\/www.visit-ulcinj.com\/blog\/wp-json\/wp\/v2\/comments?post=40754"}],"version-history":[{"count":0,"href":"https:\/\/www.visit-ulcinj.com\/blog\/wp-json\/wp\/v2\/posts\/40754\/revisions"}],"wp:attachment":[{"href":"https:\/\/www.visit-ulcinj.com\/blog\/wp-json\/wp\/v2\/media?parent=40754"}],"wp:term":[{"taxonomy":"category","embeddable":true,"href":"https:\/\/www.visit-ulcinj.com\/blog\/wp-json\/wp\/v2\/categories?post=40754"},{"taxonomy":"post_tag","embeddable":true,"href":"https:\/\/www.visit-ulcinj.com\/blog\/wp-json\/wp\/v2\/tags?post=40754"}],"curies":[{"name":"wp","href":"https:\/\/api.w.org\/{rel}","templated":true}]}}