{"id":4079,"date":"2008-10-09T04:55:18","date_gmt":"2008-10-09T09:55:18","guid":{"rendered":"http:\/\/www.visit-ulcinj.com\/blog\/?p=4079"},"modified":"2008-10-17T13:22:02","modified_gmt":"2008-10-17T18:22:02","slug":"arapi-kupuju-deonice-solane-i-eurofonda","status":"publish","type":"post","link":"https:\/\/www.visit-ulcinj.com\/blog\/2008\/10\/09\/arapi-kupuju-deonice-solane-i-eurofonda\/","title":{"rendered":"Arapi kupuju deonice Solane i Eurofonda"},"content":{"rendered":"<p><a href=\"http:\/\/www.visit-ulcinj.com\/blog\/wp-content\/uploads\/2008\/10\/velika-plaza_2.jpg\"><img loading=\"lazy\" class=\"alignleft size-medium wp-image-4080\" title=\"velika-plaza_2\" src=\"http:\/\/www.visit-ulcinj.com\/blog\/wp-content\/uploads\/2008\/10\/velika-plaza_2-300x198.jpg\" alt=\"\" width=\"300\" height=\"198\" srcset=\"https:\/\/www.visit-ulcinj.com\/blog\/wp-content\/uploads\/2008\/10\/velika-plaza_2-300x198.jpg 300w, https:\/\/www.visit-ulcinj.com\/blog\/wp-content\/uploads\/2008\/10\/velika-plaza_2.jpg 640w\" sizes=\"(max-width: 300px) 100vw, 300px\" \/><\/a>Izvr\u0161ni direktor Dru\u0161tva za upravljanje Eurofondom Boj\u0161a \u0160otra, objavio je da su arapske kompanije ozbiljno zainteresovane za kupovinu deonica ulcinjske Solane Bajo Sekuli?, ali i za deonice Eurofonda.<br \/>\nNeki investitori su prepoznali interes da se mo\u017ee zaraditi kupovinom deonica ulcinjske kompanije, izjavio je \u0160otra za podgori?ki list Republika, odgovaraju?i na pitanje za\u0161to rastu deonice Solane. Deonice solane predvode, naime, dobitnike na NEX Montenegro berzi, zabele\u017eiv\u0161i rast od ?ak 22,2 posto, na 11 evra. Na konkurentskoj, Montenegroberzi, te deonice su ostale na pro\u0161lonedeljnom nivou od 9,64 evra.<br \/>\nUsprkos globalnoj finansijskoj krizi i potresima na ameri?kom tr\u017ei\u0161tu, Arapi imaju dosta novca i na njih kriza uop?e ne uti?e, izjavio je \u0160otra, ali nije hteo otkriti ime arapske kompanije s kojom se pregovara.<br \/>\nNa pitanje da li Arapi kupuju Solanu radi zemlji\u0161ta pogodnog za gradnju turisti?kih kapaciteta, \u0160otra je odgovorio da bi arapska kompanija zadr\u017eala postoje?u solanu, ali da im je i zemlji\u0161te &#8220;vrlo interesantno&#8221;.<br \/>\nUlcinjska Solana zauzima prostor od 1.468 hektara, najve?a je na isto?noj strani Jadrana i jedna me?u 10 najve?ih solana na Mediteranu.<br \/>\n<strong>Izvor \/ Vesti.rs<\/strong><\/p>\n<!-- vimeo error: not a vimeo video -->\n","protected":false},"excerpt":{"rendered":"<p>Izvr\u0161ni direktor Dru\u0161tva za upravljanje Eurofondom Boj\u0161a \u0160otra, objavio je da su arapske kompanije ozbiljno zainteresovane za kupovinu deonica ulcinjske Solane Bajo Sekuli?, ali i za deonice Eurofonda. Neki investitori su prepoznali interes da se mo\u017ee zaraditi kupovinom deonica ulcinjske kompanije, izjavio je \u0160otra za podgori?ki list Republika, odgovaraju?i na pitanje za\u0161to rastu deonice Solane. [&hellip;]<\/p>\n","protected":false},"author":1,"featured_media":0,"comment_status":"open","ping_status":"closed","sticky":false,"template":"","format":"standard","meta":{"spay_email":"","jetpack_publicize_message":"","jetpack_is_tweetstorm":false,"jetpack_publicize_feature_enabled":true},"categories":[12,15],"tags":[20,19],"jetpack_publicize_connections":[],"yoast_head":"<!-- This site is optimized with the Yoast SEO plugin v19.1 - https:\/\/yoast.com\/wordpress\/plugins\/seo\/ -->\n<title>Arapi kupuju deonice Solane i Eurofonda - Lajme nga Ulqini<\/title>\n<meta name=\"description\" content=\"Izvr\u0161ni direktor Dru\u0161tva za upravljanje Eurofondom Boj\u0161a \u0160otra, objavio je da su arapske kompanije ozbiljno zainteresovane za kupovinu deonica ulcinjske\" \/>\n<meta name=\"robots\" content=\"index, follow, max-snippet:-1, max-image-preview:large, max-video-preview:-1\" \/>\n<link rel=\"canonical\" href=\"https:\/\/www.visit-ulcinj.com\/blog\/2008\/10\/09\/arapi-kupuju-deonice-solane-i-eurofonda\/\" \/>\n<meta property=\"og:locale\" content=\"en_US\" \/>\n<meta property=\"og:type\" content=\"article\" \/>\n<meta property=\"og:title\" content=\"Arapi kupuju deonice Solane i Eurofonda - Lajme nga Ulqini\" \/>\n<meta property=\"og:description\" content=\"Izvr\u0161ni direktor Dru\u0161tva za upravljanje Eurofondom Boj\u0161a \u0160otra, objavio je da su arapske kompanije ozbiljno zainteresovane za kupovinu deonica ulcinjske\" \/>\n<meta property=\"og:url\" content=\"https:\/\/www.visit-ulcinj.com\/blog\/2008\/10\/09\/arapi-kupuju-deonice-solane-i-eurofonda\/\" \/>\n<meta property=\"og:site_name\" content=\"Lajme nga Ulqini\" \/>\n<meta property=\"article:published_time\" content=\"2008-10-09T09:55:18+00:00\" \/>\n<meta property=\"article:modified_time\" content=\"2008-10-17T18:22:02+00:00\" \/>\n<meta property=\"og:image\" content=\"http:\/\/www.visit-ulcinj.com\/blog\/wp-content\/uploads\/2008\/10\/velika-plaza_2-300x198.jpg\" \/>\n<meta name=\"twitter:label1\" content=\"Written by\" \/>\n\t<meta name=\"twitter:data1\" content=\"ulqini\" \/>\n\t<meta name=\"twitter:label2\" content=\"Est. reading time\" \/>\n\t<meta name=\"twitter:data2\" content=\"1 minute\" \/>\n<script type=\"application\/ld+json\" class=\"yoast-schema-graph\">{\"@context\":\"https:\/\/schema.org\",\"@graph\":[{\"@type\":\"WebSite\",\"@id\":\"https:\/\/www.visit-ulcinj.com\/blog\/#website\",\"url\":\"https:\/\/www.visit-ulcinj.com\/blog\/\",\"name\":\"Lajme nga Ulqini\",\"description\":\"Lajme,Vijesti,Ulqini,Ulqin,Crna Gora,Mali i Zi\",\"potentialAction\":[{\"@type\":\"SearchAction\",\"target\":{\"@type\":\"EntryPoint\",\"urlTemplate\":\"https:\/\/www.visit-ulcinj.com\/blog\/?s={search_term_string}\"},\"query-input\":\"required name=search_term_string\"}],\"inLanguage\":\"en-US\"},{\"@type\":\"ImageObject\",\"inLanguage\":\"en-US\",\"@id\":\"https:\/\/www.visit-ulcinj.com\/blog\/2008\/10\/09\/arapi-kupuju-deonice-solane-i-eurofonda\/#primaryimage\",\"url\":\"http:\/\/www.visit-ulcinj.com\/blog\/wp-content\/uploads\/2008\/10\/velika-plaza_2-300x198.jpg\",\"contentUrl\":\"http:\/\/www.visit-ulcinj.com\/blog\/wp-content\/uploads\/2008\/10\/velika-plaza_2-300x198.jpg\"},{\"@type\":\"WebPage\",\"@id\":\"https:\/\/www.visit-ulcinj.com\/blog\/2008\/10\/09\/arapi-kupuju-deonice-solane-i-eurofonda\/#webpage\",\"url\":\"https:\/\/www.visit-ulcinj.com\/blog\/2008\/10\/09\/arapi-kupuju-deonice-solane-i-eurofonda\/\",\"name\":\"Arapi kupuju deonice Solane i Eurofonda - Lajme nga Ulqini\",\"isPartOf\":{\"@id\":\"https:\/\/www.visit-ulcinj.com\/blog\/#website\"},\"primaryImageOfPage\":{\"@id\":\"https:\/\/www.visit-ulcinj.com\/blog\/2008\/10\/09\/arapi-kupuju-deonice-solane-i-eurofonda\/#primaryimage\"},\"datePublished\":\"2008-10-09T09:55:18+00:00\",\"dateModified\":\"2008-10-17T18:22:02+00:00\",\"author\":{\"@id\":\"https:\/\/www.visit-ulcinj.com\/blog\/#\/schema\/person\/dcab619c614d3038751c63bc2aadc06d\"},\"description\":\"Izvr\u0161ni direktor Dru\u0161tva za upravljanje Eurofondom Boj\u0161a \u0160otra, objavio je da su arapske kompanije ozbiljno zainteresovane za kupovinu deonica ulcinjske\",\"breadcrumb\":{\"@id\":\"https:\/\/www.visit-ulcinj.com\/blog\/2008\/10\/09\/arapi-kupuju-deonice-solane-i-eurofonda\/#breadcrumb\"},\"inLanguage\":\"en-US\",\"potentialAction\":[{\"@type\":\"ReadAction\",\"target\":[\"https:\/\/www.visit-ulcinj.com\/blog\/2008\/10\/09\/arapi-kupuju-deonice-solane-i-eurofonda\/\"]}]},{\"@type\":\"BreadcrumbList\",\"@id\":\"https:\/\/www.visit-ulcinj.com\/blog\/2008\/10\/09\/arapi-kupuju-deonice-solane-i-eurofonda\/#breadcrumb\",\"itemListElement\":[{\"@type\":\"ListItem\",\"position\":1,\"name\":\"Arapi kupuju deonice Solane i Eurofonda\"}]},{\"@type\":\"Person\",\"@id\":\"https:\/\/www.visit-ulcinj.com\/blog\/#\/schema\/person\/dcab619c614d3038751c63bc2aadc06d\",\"name\":\"ulqini\",\"sameAs\":[\"http:\/\/www.visit-ulcinj.com\"],\"url\":\"https:\/\/www.visit-ulcinj.com\/blog\/author\/admin\/\"}]}<\/script>\n<!-- \/ Yoast SEO plugin. -->","yoast_head_json":{"title":"Arapi kupuju deonice Solane i Eurofonda - Lajme nga Ulqini","description":"Izvr\u0161ni direktor Dru\u0161tva za upravljanje Eurofondom Boj\u0161a \u0160otra, objavio je da su arapske kompanije ozbiljno zainteresovane za kupovinu deonica ulcinjske","robots":{"index":"index","follow":"follow","max-snippet":"max-snippet:-1","max-image-preview":"max-image-preview:large","max-video-preview":"max-video-preview:-1"},"canonical":"https:\/\/www.visit-ulcinj.com\/blog\/2008\/10\/09\/arapi-kupuju-deonice-solane-i-eurofonda\/","og_locale":"en_US","og_type":"article","og_title":"Arapi kupuju deonice Solane i Eurofonda - Lajme nga Ulqini","og_description":"Izvr\u0161ni direktor Dru\u0161tva za upravljanje Eurofondom Boj\u0161a \u0160otra, objavio je da su arapske kompanije ozbiljno zainteresovane za kupovinu deonica ulcinjske","og_url":"https:\/\/www.visit-ulcinj.com\/blog\/2008\/10\/09\/arapi-kupuju-deonice-solane-i-eurofonda\/","og_site_name":"Lajme nga Ulqini","article_published_time":"2008-10-09T09:55:18+00:00","article_modified_time":"2008-10-17T18:22:02+00:00","og_image":[{"url":"http:\/\/www.visit-ulcinj.com\/blog\/wp-content\/uploads\/2008\/10\/velika-plaza_2-300x198.jpg"}],"twitter_misc":{"Written by":"ulqini","Est. reading time":"1 minute"},"schema":{"@context":"https:\/\/schema.org","@graph":[{"@type":"WebSite","@id":"https:\/\/www.visit-ulcinj.com\/blog\/#website","url":"https:\/\/www.visit-ulcinj.com\/blog\/","name":"Lajme nga Ulqini","description":"Lajme,Vijesti,Ulqini,Ulqin,Crna Gora,Mali i Zi","potentialAction":[{"@type":"SearchAction","target":{"@type":"EntryPoint","urlTemplate":"https:\/\/www.visit-ulcinj.com\/blog\/?s={search_term_string}"},"query-input":"required name=search_term_string"}],"inLanguage":"en-US"},{"@type":"ImageObject","inLanguage":"en-US","@id":"https:\/\/www.visit-ulcinj.com\/blog\/2008\/10\/09\/arapi-kupuju-deonice-solane-i-eurofonda\/#primaryimage","url":"http:\/\/www.visit-ulcinj.com\/blog\/wp-content\/uploads\/2008\/10\/velika-plaza_2-300x198.jpg","contentUrl":"http:\/\/www.visit-ulcinj.com\/blog\/wp-content\/uploads\/2008\/10\/velika-plaza_2-300x198.jpg"},{"@type":"WebPage","@id":"https:\/\/www.visit-ulcinj.com\/blog\/2008\/10\/09\/arapi-kupuju-deonice-solane-i-eurofonda\/#webpage","url":"https:\/\/www.visit-ulcinj.com\/blog\/2008\/10\/09\/arapi-kupuju-deonice-solane-i-eurofonda\/","name":"Arapi kupuju deonice Solane i Eurofonda - Lajme nga Ulqini","isPartOf":{"@id":"https:\/\/www.visit-ulcinj.com\/blog\/#website"},"primaryImageOfPage":{"@id":"https:\/\/www.visit-ulcinj.com\/blog\/2008\/10\/09\/arapi-kupuju-deonice-solane-i-eurofonda\/#primaryimage"},"datePublished":"2008-10-09T09:55:18+00:00","dateModified":"2008-10-17T18:22:02+00:00","author":{"@id":"https:\/\/www.visit-ulcinj.com\/blog\/#\/schema\/person\/dcab619c614d3038751c63bc2aadc06d"},"description":"Izvr\u0161ni direktor Dru\u0161tva za upravljanje Eurofondom Boj\u0161a \u0160otra, objavio je da su arapske kompanije ozbiljno zainteresovane za kupovinu deonica ulcinjske","breadcrumb":{"@id":"https:\/\/www.visit-ulcinj.com\/blog\/2008\/10\/09\/arapi-kupuju-deonice-solane-i-eurofonda\/#breadcrumb"},"inLanguage":"en-US","potentialAction":[{"@type":"ReadAction","target":["https:\/\/www.visit-ulcinj.com\/blog\/2008\/10\/09\/arapi-kupuju-deonice-solane-i-eurofonda\/"]}]},{"@type":"BreadcrumbList","@id":"https:\/\/www.visit-ulcinj.com\/blog\/2008\/10\/09\/arapi-kupuju-deonice-solane-i-eurofonda\/#breadcrumb","itemListElement":[{"@type":"ListItem","position":1,"name":"Arapi kupuju deonice Solane i Eurofonda"}]},{"@type":"Person","@id":"https:\/\/www.visit-ulcinj.com\/blog\/#\/schema\/person\/dcab619c614d3038751c63bc2aadc06d","name":"ulqini","sameAs":["http:\/\/www.visit-ulcinj.com"],"url":"https:\/\/www.visit-ulcinj.com\/blog\/author\/admin\/"}]}},"jetpack_featured_media_url":"","jetpack_sharing_enabled":true,"jetpack_shortlink":"https:\/\/wp.me\/pe6lTn-13N","_links":{"self":[{"href":"https:\/\/www.visit-ulcinj.com\/blog\/wp-json\/wp\/v2\/posts\/4079"}],"collection":[{"href":"https:\/\/www.visit-ulcinj.com\/blog\/wp-json\/wp\/v2\/posts"}],"about":[{"href":"https:\/\/www.visit-ulcinj.com\/blog\/wp-json\/wp\/v2\/types\/post"}],"author":[{"embeddable":true,"href":"https:\/\/www.visit-ulcinj.com\/blog\/wp-json\/wp\/v2\/users\/1"}],"replies":[{"embeddable":true,"href":"https:\/\/www.visit-ulcinj.com\/blog\/wp-json\/wp\/v2\/comments?post=4079"}],"version-history":[{"count":0,"href":"https:\/\/www.visit-ulcinj.com\/blog\/wp-json\/wp\/v2\/posts\/4079\/revisions"}],"wp:attachment":[{"href":"https:\/\/www.visit-ulcinj.com\/blog\/wp-json\/wp\/v2\/media?parent=4079"}],"wp:term":[{"taxonomy":"category","embeddable":true,"href":"https:\/\/www.visit-ulcinj.com\/blog\/wp-json\/wp\/v2\/categories?post=4079"},{"taxonomy":"post_tag","embeddable":true,"href":"https:\/\/www.visit-ulcinj.com\/blog\/wp-json\/wp\/v2\/tags?post=4079"}],"curies":[{"name":"wp","href":"https:\/\/api.w.org\/{rel}","templated":true}]}}