{"id":40797,"date":"2010-12-08T18:49:36","date_gmt":"2010-12-08T17:49:36","guid":{"rendered":"http:\/\/www.visit-ulcinj.com\/blog\/?p=40797"},"modified":"2010-12-08T18:59:06","modified_gmt":"2010-12-08T17:59:06","slug":"kupus-za-otpad-video","status":"publish","type":"post","link":"https:\/\/www.visit-ulcinj.com\/blog\/2010\/12\/08\/kupus-za-otpad-video\/","title":{"rendered":"Skender Heba: Kupus za otpad &#8211; Video"},"content":{"rendered":"<p><strong><a href=\"http:\/\/www.visit-ulcinj.com\/blog\/wp-content\/uploads\/2010\/12\/Skender-Heba.jpg\"><img loading=\"lazy\" class=\"alignleft size-full wp-image-40798\" title=\"Skender Heba\" src=\"http:\/\/www.visit-ulcinj.com\/blog\/wp-content\/uploads\/2010\/12\/Skender-Heba.jpg\" alt=\"\" width=\"330\" height=\"380\" \/><\/a>Kupus za otpad<\/strong><br \/>\nPredsejdnik Op\u0161tinske komisije za procjenu \u0161tete Vasko Radovi\u0107 kazao je da je u Ulcinju poplavljeno izme\u0111u 1.000 i 1.200 hektara zemlji\u0161ta.<br \/>\n&#8211; \u0160tete se odnose na hangare, \u0161tale, poljoprivredne usjeve i sijena, plastenike, planta\u017ee agruma i drugog vo\u0107a i sto\u010dne hrane &#8211; kazao je Radovi\u0107 \u201cVijestima\u201d.<br \/>\nOn je naglasio, da \u0107e se posljedice i ta\u010dna procjena \u0161tete mo\u0107i utvrditi tek nakon \u0161to se voda povu\u010de.<br \/>\nMje\u0161taninu Fraskanjela Skenderu Hebi pod vodom su i dalje prizemlje ku\u0107e, 15 tona kupusa i drugih poljoprivrednih zasada, sijeno, 400 korijena nara a po 20 mandarina i narand\u017ei.<br \/>\n&#8211; Sve je to vjerovatno otpad a posebno poljoprivredni zasadi. Kome da prodam kupus? Ne pada mi na pamet, ko zna sve odakle je ova voda stigla i preko koliko grobova je pro\u0161la &#8211; kazao je Heba.<br \/>\n<strong>S. A.<br \/>\n<a href=\"http:\/\/www.vijesti.me\/\" target=\"_blank\">Vijesti<\/a><\/strong><\/p>\n<p><strong><br \/>\n<\/strong><\/p>\n<p>Mje\u0161tani ulcinjskih sela na desnoj obali Bojane i vlasnici restorana i ku\u0107ica nizvodno ka u\u0161\u0107u, ju\u010de su odahnuli nakon \u0161to je nivo nabujale rijeke pao za oko deset cantimetara. U potopljenim Lisna Bori i Fraskanjelu, Bojana je ju\u010de bila samo centimetar ve\u0107a od najve\u0107eg vodostaja zabilje\u017eenog u januaru, \u0161to zna\u010di da je u proteklih nekoliko dana u tim selima nivo pao za vi\u0161e od 40 cm.<br \/>\nMo\u017eda najbolja situacija trenutno je nizvodno niz rijeku blizu u\u0161\u0107a gdje se voda povukla iz ve\u0107ine restorana i ku\u0107ica. Tome je, kako ka\u017eu vlasnici, zna\u010dajno doprinijela mehanizacija JU \u201cBriva\u201d iz Kotora koja je nekoliko dana \u0161irila u\u0161\u0107e na desnoj obali. Prethodno, Bojana je sama \u201cpojela\u201d pje\u0161\u010dani sprud na strani Ade.<br \/>\nCrnogorska Vlada je saop\u0161tila da nadle\u017ene slu\u017ebe \u201cpoku\u0161avaju da pomognu stanovni\u0161tvu\u201d, te da je operativni tim odredio je prioritetne zadatke.<br \/>\nIz Vlade je saop\u0161teno i da su ekipe MUP-a, Vojske, Policije ju\u010de radile na uklanjanju prepreka na putevima, kako bi se osposobio saobra\u0107aj, te da su anga\u017eovane i mobilne medicinske ekipe koje na terenu pru\u017eaju pomo\u0107 prema zahtjevu.<\/p>\n<p><a href=\"http:\/\/www.vijesti.me\/\" target=\"_blank\"><strong>Ekipa \u201cVijesti\u201d<\/strong><\/a><\/p>\n<p>\n\t\t<style type=\"text\/css\">\n\t\t\t#gallery-1 {\n\t\t\t\tmargin: auto;\n\t\t\t}\n\t\t\t#gallery-1 .gallery-item {\n\t\t\t\tfloat: left;\n\t\t\t\tmargin-top: 10px;\n\t\t\t\ttext-align: center;\n\t\t\t\twidth: 33%;\n\t\t\t}\n\t\t\t#gallery-1 img {\n\t\t\t\tborder: 2px solid #cfcfcf;\n\t\t\t}\n\t\t\t#gallery-1 .gallery-caption {\n\t\t\t\tmargin-left: 0;\n\t\t\t}\n\t\t\t\/* see gallery_shortcode() in wp-includes\/media.php *\/\n\t\t<\/style>\n\t\t<div id='gallery-1' class='gallery galleryid-40797 gallery-columns-3 gallery-size-thumbnail'><dl class='gallery-item'>\n\t\t\t<dt class='gallery-icon portrait'>\n\t\t\t\t<a href='https:\/\/www.visit-ulcinj.com\/blog\/wp-content\/uploads\/2010\/12\/Skender-Heba.jpg'><img width=\"150\" height=\"150\" src=\"https:\/\/www.visit-ulcinj.com\/blog\/wp-content\/uploads\/2010\/12\/Skender-Heba-150x150.jpg\" class=\"attachment-thumbnail size-thumbnail\" alt=\"\" loading=\"lazy\" \/><\/a>\n\t\t\t<\/dt><\/dl><dl class='gallery-item'>\n\t\t\t<dt class='gallery-icon landscape'>\n\t\t\t\t<a href='https:\/\/www.visit-ulcinj.com\/blog\/wp-content\/uploads\/2010\/12\/prosirenje-usca-bojane.jpg'><img width=\"150\" height=\"150\" src=\"https:\/\/www.visit-ulcinj.com\/blog\/wp-content\/uploads\/2010\/12\/prosirenje-usca-bojane-150x150.jpg\" class=\"attachment-thumbnail size-thumbnail\" alt=\"\" loading=\"lazy\" \/><\/a>\n\t\t\t<\/dt><\/dl><dl class='gallery-item'>\n\t\t\t<dt class='gallery-icon landscape'>\n\t\t\t\t<a href='https:\/\/www.visit-ulcinj.com\/blog\/wp-content\/uploads\/2010\/12\/prosirenje-usca-bojane1.jpg'><img width=\"150\" height=\"150\" src=\"https:\/\/www.visit-ulcinj.com\/blog\/wp-content\/uploads\/2010\/12\/prosirenje-usca-bojane1-150x150.jpg\" class=\"attachment-thumbnail size-thumbnail\" alt=\"\" loading=\"lazy\" \/><\/a>\n\t\t\t<\/dt><\/dl><br style=\"clear: both\" \/><dl class='gallery-item'>\n\t\t\t<dt class='gallery-icon landscape'>\n\t\t\t\t<a href='https:\/\/www.visit-ulcinj.com\/blog\/wp-content\/uploads\/2010\/12\/prosirenje-usca-bojane.2.jpg'><img width=\"150\" height=\"150\" src=\"https:\/\/www.visit-ulcinj.com\/blog\/wp-content\/uploads\/2010\/12\/prosirenje-usca-bojane.2-150x150.jpg\" class=\"attachment-thumbnail size-thumbnail\" alt=\"\" loading=\"lazy\" \/><\/a>\n\t\t\t<\/dt><\/dl><dl class='gallery-item'>\n\t\t\t<dt class='gallery-icon landscape'>\n\t\t\t\t<a href='https:\/\/www.visit-ulcinj.com\/blog\/wp-content\/uploads\/2010\/12\/prosirenje-usca-bojane.3.jpg'><img width=\"150\" height=\"150\" src=\"https:\/\/www.visit-ulcinj.com\/blog\/wp-content\/uploads\/2010\/12\/prosirenje-usca-bojane.3-150x150.jpg\" class=\"attachment-thumbnail size-thumbnail\" alt=\"\" loading=\"lazy\" \/><\/a>\n\t\t\t<\/dt><\/dl><dl class='gallery-item'>\n\t\t\t<dt class='gallery-icon landscape'>\n\t\t\t\t<a href='https:\/\/www.visit-ulcinj.com\/blog\/wp-content\/uploads\/2010\/12\/vaso-radovic_dps.jpg'><img width=\"150\" height=\"150\" src=\"https:\/\/www.visit-ulcinj.com\/blog\/wp-content\/uploads\/2010\/12\/vaso-radovic_dps-150x150.jpg\" class=\"attachment-thumbnail size-thumbnail\" alt=\"\" loading=\"lazy\" \/><\/a>\n\t\t\t<\/dt><\/dl><br style=\"clear: both\" \/>\n\t\t<\/div>\n<br \/>\n<!--YouTube Error: bad URL entered--><\/p>\n","protected":false},"excerpt":{"rendered":"<p>Kupus za otpad Predsejdnik Op\u0161tinske komisije za procjenu \u0161tete Vasko Radovi\u0107 kazao je da je u Ulcinju poplavljeno izme\u0111u 1.000 i 1.200 hektara zemlji\u0161ta. &#8211; \u0160tete se odnose na hangare, \u0161tale, poljoprivredne usjeve i sijena, plastenike, planta\u017ee agruma i drugog vo\u0107a i sto\u010dne hrane &#8211; kazao je Radovi\u0107 \u201cVijestima\u201d. On je naglasio, da \u0107e se [&hellip;]<\/p>\n","protected":false},"author":1,"featured_media":0,"comment_status":"open","ping_status":"closed","sticky":false,"template":"","format":"standard","meta":{"spay_email":"","jetpack_publicize_message":"","jetpack_is_tweetstorm":false,"jetpack_publicize_feature_enabled":true},"categories":[8337],"tags":[13246,16545,16451],"jetpack_publicize_connections":[],"yoast_head":"<!-- This site is optimized with the Yoast SEO plugin v19.1 - https:\/\/yoast.com\/wordpress\/plugins\/seo\/ -->\n<title>Skender Heba: Kupus za otpad - Video - Lajme nga Ulqini<\/title>\n<meta name=\"description\" content=\"Kupus za otpad Predsejdnik Op\u0161tinske komisije za procjenu \u0161tete Vasko Radovi\u0107 kazao je da je u Ulcinju poplavljeno izme\u0111u 1.000 i 1.200 hektara zemlji\u0161ta.\" \/>\n<meta name=\"robots\" content=\"index, follow, max-snippet:-1, max-image-preview:large, max-video-preview:-1\" \/>\n<link rel=\"canonical\" href=\"https:\/\/www.visit-ulcinj.com\/blog\/2010\/12\/08\/kupus-za-otpad-video\/\" \/>\n<meta property=\"og:locale\" content=\"en_US\" \/>\n<meta property=\"og:type\" content=\"article\" \/>\n<meta property=\"og:title\" content=\"Skender Heba: Kupus za otpad - Video - Lajme nga Ulqini\" \/>\n<meta property=\"og:description\" content=\"Kupus za otpad Predsejdnik Op\u0161tinske komisije za procjenu \u0161tete Vasko Radovi\u0107 kazao je da je u Ulcinju poplavljeno izme\u0111u 1.000 i 1.200 hektara zemlji\u0161ta.\" \/>\n<meta property=\"og:url\" content=\"https:\/\/www.visit-ulcinj.com\/blog\/2010\/12\/08\/kupus-za-otpad-video\/\" \/>\n<meta property=\"og:site_name\" content=\"Lajme nga Ulqini\" \/>\n<meta property=\"article:published_time\" content=\"2010-12-08T17:49:36+00:00\" \/>\n<meta property=\"article:modified_time\" content=\"2010-12-08T17:59:06+00:00\" \/>\n<meta property=\"og:image\" content=\"https:\/\/www.visit-ulcinj.com\/blog\/wp-content\/uploads\/2010\/12\/Skender-Heba-150x150.jpg\" \/>\n<meta name=\"twitter:label1\" content=\"Written by\" \/>\n\t<meta name=\"twitter:data1\" content=\"ulqini\" \/>\n\t<meta name=\"twitter:label2\" content=\"Est. reading time\" \/>\n\t<meta name=\"twitter:data2\" content=\"2 minutes\" \/>\n<script type=\"application\/ld+json\" class=\"yoast-schema-graph\">{\"@context\":\"https:\/\/schema.org\",\"@graph\":[{\"@type\":\"WebSite\",\"@id\":\"https:\/\/www.visit-ulcinj.com\/blog\/#website\",\"url\":\"https:\/\/www.visit-ulcinj.com\/blog\/\",\"name\":\"Lajme nga Ulqini\",\"description\":\"Lajme,Vijesti,Ulqini,Ulqin,Crna Gora,Mali i Zi\",\"potentialAction\":[{\"@type\":\"SearchAction\",\"target\":{\"@type\":\"EntryPoint\",\"urlTemplate\":\"https:\/\/www.visit-ulcinj.com\/blog\/?s={search_term_string}\"},\"query-input\":\"required name=search_term_string\"}],\"inLanguage\":\"en-US\"},{\"@type\":\"ImageObject\",\"inLanguage\":\"en-US\",\"@id\":\"https:\/\/www.visit-ulcinj.com\/blog\/2010\/12\/08\/kupus-za-otpad-video\/#primaryimage\",\"url\":\"https:\/\/www.visit-ulcinj.com\/blog\/wp-content\/uploads\/2010\/12\/Skender-Heba.jpg\",\"contentUrl\":\"https:\/\/www.visit-ulcinj.com\/blog\/wp-content\/uploads\/2010\/12\/Skender-Heba.jpg\",\"width\":\"555\",\"height\":\"561\"},{\"@type\":\"WebPage\",\"@id\":\"https:\/\/www.visit-ulcinj.com\/blog\/2010\/12\/08\/kupus-za-otpad-video\/#webpage\",\"url\":\"https:\/\/www.visit-ulcinj.com\/blog\/2010\/12\/08\/kupus-za-otpad-video\/\",\"name\":\"Skender Heba: Kupus za otpad - Video - Lajme nga Ulqini\",\"isPartOf\":{\"@id\":\"https:\/\/www.visit-ulcinj.com\/blog\/#website\"},\"primaryImageOfPage\":{\"@id\":\"https:\/\/www.visit-ulcinj.com\/blog\/2010\/12\/08\/kupus-za-otpad-video\/#primaryimage\"},\"datePublished\":\"2010-12-08T17:49:36+00:00\",\"dateModified\":\"2010-12-08T17:59:06+00:00\",\"author\":{\"@id\":\"https:\/\/www.visit-ulcinj.com\/blog\/#\/schema\/person\/dcab619c614d3038751c63bc2aadc06d\"},\"description\":\"Kupus za otpad Predsejdnik Op\u0161tinske komisije za procjenu \u0161tete Vasko Radovi\u0107 kazao je da je u Ulcinju poplavljeno izme\u0111u 1.000 i 1.200 hektara zemlji\u0161ta.\",\"breadcrumb\":{\"@id\":\"https:\/\/www.visit-ulcinj.com\/blog\/2010\/12\/08\/kupus-za-otpad-video\/#breadcrumb\"},\"inLanguage\":\"en-US\",\"potentialAction\":[{\"@type\":\"ReadAction\",\"target\":[\"https:\/\/www.visit-ulcinj.com\/blog\/2010\/12\/08\/kupus-za-otpad-video\/\"]}]},{\"@type\":\"BreadcrumbList\",\"@id\":\"https:\/\/www.visit-ulcinj.com\/blog\/2010\/12\/08\/kupus-za-otpad-video\/#breadcrumb\",\"itemListElement\":[{\"@type\":\"ListItem\",\"position\":1,\"name\":\"Skender Heba: Kupus za otpad &#8211; Video\"}]},{\"@type\":\"Person\",\"@id\":\"https:\/\/www.visit-ulcinj.com\/blog\/#\/schema\/person\/dcab619c614d3038751c63bc2aadc06d\",\"name\":\"ulqini\",\"sameAs\":[\"http:\/\/www.visit-ulcinj.com\"],\"url\":\"https:\/\/www.visit-ulcinj.com\/blog\/author\/admin\/\"}]}<\/script>\n<!-- \/ Yoast SEO plugin. -->","yoast_head_json":{"title":"Skender Heba: Kupus za otpad - Video - Lajme nga Ulqini","description":"Kupus za otpad Predsejdnik Op\u0161tinske komisije za procjenu \u0161tete Vasko Radovi\u0107 kazao je da je u Ulcinju poplavljeno izme\u0111u 1.000 i 1.200 hektara zemlji\u0161ta.","robots":{"index":"index","follow":"follow","max-snippet":"max-snippet:-1","max-image-preview":"max-image-preview:large","max-video-preview":"max-video-preview:-1"},"canonical":"https:\/\/www.visit-ulcinj.com\/blog\/2010\/12\/08\/kupus-za-otpad-video\/","og_locale":"en_US","og_type":"article","og_title":"Skender Heba: Kupus za otpad - Video - Lajme nga Ulqini","og_description":"Kupus za otpad Predsejdnik Op\u0161tinske komisije za procjenu \u0161tete Vasko Radovi\u0107 kazao je da je u Ulcinju poplavljeno izme\u0111u 1.000 i 1.200 hektara zemlji\u0161ta.","og_url":"https:\/\/www.visit-ulcinj.com\/blog\/2010\/12\/08\/kupus-za-otpad-video\/","og_site_name":"Lajme nga Ulqini","article_published_time":"2010-12-08T17:49:36+00:00","article_modified_time":"2010-12-08T17:59:06+00:00","og_image":[{"url":"https:\/\/www.visit-ulcinj.com\/blog\/wp-content\/uploads\/2010\/12\/Skender-Heba-150x150.jpg"}],"twitter_misc":{"Written by":"ulqini","Est. reading time":"2 minutes"},"schema":{"@context":"https:\/\/schema.org","@graph":[{"@type":"WebSite","@id":"https:\/\/www.visit-ulcinj.com\/blog\/#website","url":"https:\/\/www.visit-ulcinj.com\/blog\/","name":"Lajme nga Ulqini","description":"Lajme,Vijesti,Ulqini,Ulqin,Crna Gora,Mali i Zi","potentialAction":[{"@type":"SearchAction","target":{"@type":"EntryPoint","urlTemplate":"https:\/\/www.visit-ulcinj.com\/blog\/?s={search_term_string}"},"query-input":"required name=search_term_string"}],"inLanguage":"en-US"},{"@type":"ImageObject","inLanguage":"en-US","@id":"https:\/\/www.visit-ulcinj.com\/blog\/2010\/12\/08\/kupus-za-otpad-video\/#primaryimage","url":"https:\/\/www.visit-ulcinj.com\/blog\/wp-content\/uploads\/2010\/12\/Skender-Heba.jpg","contentUrl":"https:\/\/www.visit-ulcinj.com\/blog\/wp-content\/uploads\/2010\/12\/Skender-Heba.jpg","width":"555","height":"561"},{"@type":"WebPage","@id":"https:\/\/www.visit-ulcinj.com\/blog\/2010\/12\/08\/kupus-za-otpad-video\/#webpage","url":"https:\/\/www.visit-ulcinj.com\/blog\/2010\/12\/08\/kupus-za-otpad-video\/","name":"Skender Heba: Kupus za otpad - Video - Lajme nga Ulqini","isPartOf":{"@id":"https:\/\/www.visit-ulcinj.com\/blog\/#website"},"primaryImageOfPage":{"@id":"https:\/\/www.visit-ulcinj.com\/blog\/2010\/12\/08\/kupus-za-otpad-video\/#primaryimage"},"datePublished":"2010-12-08T17:49:36+00:00","dateModified":"2010-12-08T17:59:06+00:00","author":{"@id":"https:\/\/www.visit-ulcinj.com\/blog\/#\/schema\/person\/dcab619c614d3038751c63bc2aadc06d"},"description":"Kupus za otpad Predsejdnik Op\u0161tinske komisije za procjenu \u0161tete Vasko Radovi\u0107 kazao je da je u Ulcinju poplavljeno izme\u0111u 1.000 i 1.200 hektara zemlji\u0161ta.","breadcrumb":{"@id":"https:\/\/www.visit-ulcinj.com\/blog\/2010\/12\/08\/kupus-za-otpad-video\/#breadcrumb"},"inLanguage":"en-US","potentialAction":[{"@type":"ReadAction","target":["https:\/\/www.visit-ulcinj.com\/blog\/2010\/12\/08\/kupus-za-otpad-video\/"]}]},{"@type":"BreadcrumbList","@id":"https:\/\/www.visit-ulcinj.com\/blog\/2010\/12\/08\/kupus-za-otpad-video\/#breadcrumb","itemListElement":[{"@type":"ListItem","position":1,"name":"Skender Heba: Kupus za otpad &#8211; Video"}]},{"@type":"Person","@id":"https:\/\/www.visit-ulcinj.com\/blog\/#\/schema\/person\/dcab619c614d3038751c63bc2aadc06d","name":"ulqini","sameAs":["http:\/\/www.visit-ulcinj.com"],"url":"https:\/\/www.visit-ulcinj.com\/blog\/author\/admin\/"}]}},"jetpack_featured_media_url":"","jetpack_sharing_enabled":true,"jetpack_shortlink":"https:\/\/wp.me\/pe6lTn-aC1","_links":{"self":[{"href":"https:\/\/www.visit-ulcinj.com\/blog\/wp-json\/wp\/v2\/posts\/40797"}],"collection":[{"href":"https:\/\/www.visit-ulcinj.com\/blog\/wp-json\/wp\/v2\/posts"}],"about":[{"href":"https:\/\/www.visit-ulcinj.com\/blog\/wp-json\/wp\/v2\/types\/post"}],"author":[{"embeddable":true,"href":"https:\/\/www.visit-ulcinj.com\/blog\/wp-json\/wp\/v2\/users\/1"}],"replies":[{"embeddable":true,"href":"https:\/\/www.visit-ulcinj.com\/blog\/wp-json\/wp\/v2\/comments?post=40797"}],"version-history":[{"count":0,"href":"https:\/\/www.visit-ulcinj.com\/blog\/wp-json\/wp\/v2\/posts\/40797\/revisions"}],"wp:attachment":[{"href":"https:\/\/www.visit-ulcinj.com\/blog\/wp-json\/wp\/v2\/media?parent=40797"}],"wp:term":[{"taxonomy":"category","embeddable":true,"href":"https:\/\/www.visit-ulcinj.com\/blog\/wp-json\/wp\/v2\/categories?post=40797"},{"taxonomy":"post_tag","embeddable":true,"href":"https:\/\/www.visit-ulcinj.com\/blog\/wp-json\/wp\/v2\/tags?post=40797"}],"curies":[{"name":"wp","href":"https:\/\/api.w.org\/{rel}","templated":true}]}}