{"id":40815,"date":"2010-12-09T17:38:20","date_gmt":"2010-12-09T16:38:20","guid":{"rendered":"http:\/\/www.visit-ulcinj.com\/blog\/?p=40815"},"modified":"2010-12-09T17:38:20","modified_gmt":"2010-12-09T16:38:20","slug":"perfaqsuesit-e-okb-se%e2%80%93unhc-erunicefdhe-undp-i-qendruan-ne-ulqin","status":"publish","type":"post","link":"https:\/\/www.visit-ulcinj.com\/blog\/2010\/12\/09\/perfaqsuesit-e-okb-se%e2%80%93unhc-erunicefdhe-undp-i-qendruan-ne-ulqin\/","title":{"rendered":"P\u00ebrfaqsuesit e OKB-s\u00eb\u2013UNHC-er,UNICEF,dhe UNDP-i q\u00ebndruan n\u00eb Ulqin"},"content":{"rendered":"<p><strong><a href=\"http:\/\/www.visit-ulcinj.com\/blog\/wp-content\/uploads\/2010\/12\/Gezim-Hajdinaga-kryetari-i-komunes-se-Ulqinit.jpg\"><img loading=\"lazy\" class=\"alignleft size-full wp-image-40816\" title=\"Gezim Hajdinaga kryetari i komunes se Ulqinit\" src=\"http:\/\/www.visit-ulcinj.com\/blog\/wp-content\/uploads\/2010\/12\/Gezim-Hajdinaga-kryetari-i-komunes-se-Ulqinit.jpg\" alt=\"\" width=\"490\" height=\"390\" \/><\/a>Nd\u00ebrkomb\u00ebtar\u00ebt q\u00ebndruan n\u00eb Ulqin<\/strong><\/p>\n<p>Ulqin 09.12.2010<\/p>\n<p><strong>Nga Hatixhe Nelaj<\/strong><\/p>\n<p>P\u00ebrfaqsuesit e Kombeve t\u00eb bashkuara \u2013UNHC-er,UNICEF,dhe UNDP-i si dhe p\u00ebrfaqsuesit e Organizat\u00ebs Bot\u00ebrore t\u00eb sh\u00ebndet\u00ebsisi\u00eb t\u00eb cil\u00ebt kan\u00eb q\u00ebndruar dje\u00a0 n\u00eb komun\u00ebn e Ulqinit \u00a0kan\u00eb pasur nj\u00eb tajim pune me kryetarin i komun\u00ebs s\u00eb Ulqinit G\u00ebzim Hajdinaga ,nj\u00ebherit edhe kryetar i Shtabit t\u00eb em\u00ebrgjenc\u00ebs ,si dhe me an\u00ebtar\u00ebt e Shtabit t\u00eb em\u00ebrgjenc\u00ebs .<\/p>\n<p><a href=\"http:\/\/www.visit-ulcinj.com\/blog\/wp-content\/uploads\/2010\/12\/Gezim-Hajdinaga-kryetari-i-komunes-se-Ulqinit.1.jpg\"><img loading=\"lazy\" class=\"alignleft size-medium wp-image-40817\" title=\"Gezim Hajdinaga kryetari i komunes se Ulqinit.1\" src=\"http:\/\/www.visit-ulcinj.com\/blog\/wp-content\/uploads\/2010\/12\/Gezim-Hajdinaga-kryetari-i-komunes-se-Ulqinit.1-300x247.jpg\" alt=\"\" width=\"300\" height=\"247\" srcset=\"https:\/\/www.visit-ulcinj.com\/blog\/wp-content\/uploads\/2010\/12\/Gezim-Hajdinaga-kryetari-i-komunes-se-Ulqinit.1-300x247.jpg 300w, https:\/\/www.visit-ulcinj.com\/blog\/wp-content\/uploads\/2010\/12\/Gezim-Hajdinaga-kryetari-i-komunes-se-Ulqinit.1.jpg 693w\" sizes=\"(max-width: 300px) 100vw, 300px\" \/><\/a>Vizita erdhi pas p\u00ebrmbytjeve q\u00eb e kan\u00eb goditur komun\u00ebn e Ulqinit.Kryetari i komun\u00ebs deklaroi se me p\u00ebrbytje \u00ebsht\u00eb p\u00ebrfshi nj\u00eb zon\u00eb e madhe e komun\u00ebs s\u00eb \u00a0Ulqinit,26 sht\u00ebpi akoma jan\u00eb n\u00ebn uj\u00eb,jan\u00eb shkatrruar disa ura,dhe jan\u00eb b\u00ebr\u00eb d\u00ebme t\u00eb m\u00ebdha materiale.<\/p>\n<p>P\u00ebrfaqsuesit e Kombeve t\u00eb Bashkuara pas vizit\u00ebs kan\u00eb vizituar zonat e p\u00ebrmbytura n\u00eb pjes\u00ebn e Shtojit dhe n\u00eb An\u00eb t\u00eb Malit,p\u00ebr t\u00eb par\u00eb nga af\u00ebr gjendjen aktuale t\u00eb zonave t\u00eb p\u00ebrmbytura.Hajdinaga tha se q\u00ebllimi i vizit\u00ebs \u00ebsht\u00eb njohftimi i organizatave bot\u00ebrore me gjendjen aktuale pas p\u00ebrmbytjeve n\u00eb komun\u00ebn ton\u00eb.P\u00ebrfaqsuesit nd\u00ebrkomb\u00ebtar pas vizit\u00ebs q\u00eb i b\u00ebn\u00eb zonave t\u00eb p\u00ebrbytura pat\u00ebn edhe nj\u00eb takim m\u00eb t\u00eb zgj\u00ebruar me Shtabin e emergjenc\u00ebs.<\/p>\n<p>T\u00eb gjith\u00eb ishin t\u00eb mendimit se \u00ebsht\u00eb m\u00eb se urgjente t\u00eb punohet n\u00eb nj\u00eb projekt t\u00eb q\u00ebndruesh\u00ebm nd\u00ebrkufitar,ku duhet t\u00eb angazhohen ekspert t\u00eb fush\u00ebs p\u00ebrkat\u00ebse.Po ashtu u konstatua se gjendja n\u00eb terren akoma \u00ebsht\u00eb e v\u00ebshtir,por q\u00eb niveli i ujit ka r\u00ebnije graduale.<\/p>\n<p>Kryetari Hajdinada potencoi se tash i presin pun\u00eb t\u00eb m\u00ebdha,pasi t\u00eb t\u00ebrhiqet uji n\u00eb sht\u00ebijat e t\u00eb p\u00ebrmbyturve mbeten mbeturina t\u00eb m\u00ebdha,duhet urgjentisht t\u00eb b\u00ebhet dezinfektimi i sht\u00ebpiave,oborreve,shtallave p\u00ebr t\u00eb ndaluar ndonj\u00eb epidemi t\u00eb mundshme.<\/p>\n","protected":false},"excerpt":{"rendered":"<p>Nd\u00ebrkomb\u00ebtar\u00ebt q\u00ebndruan n\u00eb Ulqin Ulqin 09.12.2010 Nga Hatixhe Nelaj P\u00ebrfaqsuesit e Kombeve t\u00eb bashkuara \u2013UNHC-er,UNICEF,dhe UNDP-i si dhe p\u00ebrfaqsuesit e Organizat\u00ebs Bot\u00ebrore t\u00eb sh\u00ebndet\u00ebsisi\u00eb t\u00eb cil\u00ebt kan\u00eb q\u00ebndruar dje\u00a0 n\u00eb komun\u00ebn e Ulqinit \u00a0kan\u00eb pasur nj\u00eb tajim pune me kryetarin i komun\u00ebs s\u00eb Ulqinit G\u00ebzim Hajdinaga ,nj\u00ebherit edhe kryetar i Shtabit t\u00eb em\u00ebrgjenc\u00ebs ,si dhe [&hellip;]<\/p>\n","protected":false},"author":1,"featured_media":0,"comment_status":"open","ping_status":"closed","sticky":false,"template":"","format":"standard","meta":{"spay_email":"","jetpack_publicize_message":"","jetpack_is_tweetstorm":false,"jetpack_publicize_feature_enabled":true},"categories":[6],"tags":[2611,95,200,18],"jetpack_publicize_connections":[],"yoast_head":"<!-- This site is optimized with the Yoast SEO plugin v19.1 - https:\/\/yoast.com\/wordpress\/plugins\/seo\/ -->\n<title>P\u00ebrfaqsuesit e OKB-s\u00eb\u2013UNHC-er,UNICEF,dhe UNDP-i q\u00ebndruan n\u00eb Ulqin - Lajme nga Ulqini<\/title>\n<meta name=\"description\" content=\"Nd\u00ebrkomb\u00ebtar\u00ebt q\u00ebndruan n\u00eb Ulqin Ulqin 09.12.2010 Nga Hatixhe Nelaj P\u00ebrfaqsuesit e Kombeve t\u00eb bashkuara \u2013UNHC-er,UNICEF,dhe UNDP-i si dhe p\u00ebrfaqsuesit e\" \/>\n<meta name=\"robots\" content=\"index, follow, max-snippet:-1, max-image-preview:large, max-video-preview:-1\" \/>\n<link rel=\"canonical\" href=\"https:\/\/www.visit-ulcinj.com\/blog\/2010\/12\/09\/perfaqsuesit-e-okb-se\u2013unhc-erunicefdhe-undp-i-qendruan-ne-ulqin\/\" \/>\n<meta property=\"og:locale\" content=\"en_US\" \/>\n<meta property=\"og:type\" content=\"article\" \/>\n<meta property=\"og:title\" content=\"P\u00ebrfaqsuesit e OKB-s\u00eb\u2013UNHC-er,UNICEF,dhe UNDP-i q\u00ebndruan n\u00eb Ulqin - Lajme nga Ulqini\" \/>\n<meta property=\"og:description\" content=\"Nd\u00ebrkomb\u00ebtar\u00ebt q\u00ebndruan n\u00eb Ulqin Ulqin 09.12.2010 Nga Hatixhe Nelaj P\u00ebrfaqsuesit e Kombeve t\u00eb bashkuara \u2013UNHC-er,UNICEF,dhe UNDP-i si dhe p\u00ebrfaqsuesit e\" \/>\n<meta property=\"og:url\" content=\"https:\/\/www.visit-ulcinj.com\/blog\/2010\/12\/09\/perfaqsuesit-e-okb-se\u2013unhc-erunicefdhe-undp-i-qendruan-ne-ulqin\/\" \/>\n<meta property=\"og:site_name\" content=\"Lajme nga Ulqini\" \/>\n<meta property=\"article:published_time\" content=\"2010-12-09T16:38:20+00:00\" \/>\n<meta property=\"og:image\" content=\"http:\/\/www.visit-ulcinj.com\/blog\/wp-content\/uploads\/2010\/12\/Gezim-Hajdinaga-kryetari-i-komunes-se-Ulqinit.jpg\" \/>\n<meta name=\"twitter:label1\" content=\"Written by\" \/>\n\t<meta name=\"twitter:data1\" content=\"ulqini\" \/>\n\t<meta name=\"twitter:label2\" content=\"Est. reading time\" \/>\n\t<meta name=\"twitter:data2\" content=\"2 minutes\" \/>\n<script type=\"application\/ld+json\" class=\"yoast-schema-graph\">{\"@context\":\"https:\/\/schema.org\",\"@graph\":[{\"@type\":\"WebSite\",\"@id\":\"https:\/\/www.visit-ulcinj.com\/blog\/#website\",\"url\":\"https:\/\/www.visit-ulcinj.com\/blog\/\",\"name\":\"Lajme nga Ulqini\",\"description\":\"Lajme,Vijesti,Ulqini,Ulqin,Crna Gora,Mali i Zi\",\"potentialAction\":[{\"@type\":\"SearchAction\",\"target\":{\"@type\":\"EntryPoint\",\"urlTemplate\":\"https:\/\/www.visit-ulcinj.com\/blog\/?s={search_term_string}\"},\"query-input\":\"required name=search_term_string\"}],\"inLanguage\":\"en-US\"},{\"@type\":\"ImageObject\",\"inLanguage\":\"en-US\",\"@id\":\"https:\/\/www.visit-ulcinj.com\/blog\/2010\/12\/09\/perfaqsuesit-e-okb-se%e2%80%93unhc-erunicefdhe-undp-i-qendruan-ne-ulqin\/#primaryimage\",\"url\":\"https:\/\/www.visit-ulcinj.com\/blog\/wp-content\/uploads\/2010\/12\/Gezim-Hajdinaga-kryetari-i-komunes-se-Ulqinit.jpg\",\"contentUrl\":\"https:\/\/www.visit-ulcinj.com\/blog\/wp-content\/uploads\/2010\/12\/Gezim-Hajdinaga-kryetari-i-komunes-se-Ulqinit.jpg\",\"width\":\"693\",\"height\":\"576\"},{\"@type\":\"WebPage\",\"@id\":\"https:\/\/www.visit-ulcinj.com\/blog\/2010\/12\/09\/perfaqsuesit-e-okb-se%e2%80%93unhc-erunicefdhe-undp-i-qendruan-ne-ulqin\/#webpage\",\"url\":\"https:\/\/www.visit-ulcinj.com\/blog\/2010\/12\/09\/perfaqsuesit-e-okb-se%e2%80%93unhc-erunicefdhe-undp-i-qendruan-ne-ulqin\/\",\"name\":\"P\u00ebrfaqsuesit e OKB-s\u00eb\u2013UNHC-er,UNICEF,dhe UNDP-i q\u00ebndruan n\u00eb Ulqin - Lajme nga Ulqini\",\"isPartOf\":{\"@id\":\"https:\/\/www.visit-ulcinj.com\/blog\/#website\"},\"primaryImageOfPage\":{\"@id\":\"https:\/\/www.visit-ulcinj.com\/blog\/2010\/12\/09\/perfaqsuesit-e-okb-se%e2%80%93unhc-erunicefdhe-undp-i-qendruan-ne-ulqin\/#primaryimage\"},\"datePublished\":\"2010-12-09T16:38:20+00:00\",\"dateModified\":\"2010-12-09T16:38:20+00:00\",\"author\":{\"@id\":\"https:\/\/www.visit-ulcinj.com\/blog\/#\/schema\/person\/dcab619c614d3038751c63bc2aadc06d\"},\"description\":\"Nd\u00ebrkomb\u00ebtar\u00ebt q\u00ebndruan n\u00eb Ulqin Ulqin 09.12.2010 Nga Hatixhe Nelaj P\u00ebrfaqsuesit e Kombeve t\u00eb bashkuara \u2013UNHC-er,UNICEF,dhe UNDP-i si dhe p\u00ebrfaqsuesit e\",\"breadcrumb\":{\"@id\":\"https:\/\/www.visit-ulcinj.com\/blog\/2010\/12\/09\/perfaqsuesit-e-okb-se%e2%80%93unhc-erunicefdhe-undp-i-qendruan-ne-ulqin\/#breadcrumb\"},\"inLanguage\":\"en-US\",\"potentialAction\":[{\"@type\":\"ReadAction\",\"target\":[\"https:\/\/www.visit-ulcinj.com\/blog\/2010\/12\/09\/perfaqsuesit-e-okb-se%e2%80%93unhc-erunicefdhe-undp-i-qendruan-ne-ulqin\/\"]}]},{\"@type\":\"BreadcrumbList\",\"@id\":\"https:\/\/www.visit-ulcinj.com\/blog\/2010\/12\/09\/perfaqsuesit-e-okb-se%e2%80%93unhc-erunicefdhe-undp-i-qendruan-ne-ulqin\/#breadcrumb\",\"itemListElement\":[{\"@type\":\"ListItem\",\"position\":1,\"name\":\"P\u00ebrfaqsuesit e OKB-s\u00eb\u2013UNHC-er,UNICEF,dhe UNDP-i q\u00ebndruan n\u00eb Ulqin\"}]},{\"@type\":\"Person\",\"@id\":\"https:\/\/www.visit-ulcinj.com\/blog\/#\/schema\/person\/dcab619c614d3038751c63bc2aadc06d\",\"name\":\"ulqini\",\"sameAs\":[\"http:\/\/www.visit-ulcinj.com\"],\"url\":\"https:\/\/www.visit-ulcinj.com\/blog\/author\/admin\/\"}]}<\/script>\n<!-- \/ Yoast SEO plugin. -->","yoast_head_json":{"title":"P\u00ebrfaqsuesit e OKB-s\u00eb\u2013UNHC-er,UNICEF,dhe UNDP-i q\u00ebndruan n\u00eb Ulqin - Lajme nga Ulqini","description":"Nd\u00ebrkomb\u00ebtar\u00ebt q\u00ebndruan n\u00eb Ulqin Ulqin 09.12.2010 Nga Hatixhe Nelaj P\u00ebrfaqsuesit e Kombeve t\u00eb bashkuara \u2013UNHC-er,UNICEF,dhe UNDP-i si dhe p\u00ebrfaqsuesit e","robots":{"index":"index","follow":"follow","max-snippet":"max-snippet:-1","max-image-preview":"max-image-preview:large","max-video-preview":"max-video-preview:-1"},"canonical":"https:\/\/www.visit-ulcinj.com\/blog\/2010\/12\/09\/perfaqsuesit-e-okb-se\u2013unhc-erunicefdhe-undp-i-qendruan-ne-ulqin\/","og_locale":"en_US","og_type":"article","og_title":"P\u00ebrfaqsuesit e OKB-s\u00eb\u2013UNHC-er,UNICEF,dhe UNDP-i q\u00ebndruan n\u00eb Ulqin - Lajme nga Ulqini","og_description":"Nd\u00ebrkomb\u00ebtar\u00ebt q\u00ebndruan n\u00eb Ulqin Ulqin 09.12.2010 Nga Hatixhe Nelaj P\u00ebrfaqsuesit e Kombeve t\u00eb bashkuara \u2013UNHC-er,UNICEF,dhe UNDP-i si dhe p\u00ebrfaqsuesit e","og_url":"https:\/\/www.visit-ulcinj.com\/blog\/2010\/12\/09\/perfaqsuesit-e-okb-se\u2013unhc-erunicefdhe-undp-i-qendruan-ne-ulqin\/","og_site_name":"Lajme nga Ulqini","article_published_time":"2010-12-09T16:38:20+00:00","og_image":[{"url":"http:\/\/www.visit-ulcinj.com\/blog\/wp-content\/uploads\/2010\/12\/Gezim-Hajdinaga-kryetari-i-komunes-se-Ulqinit.jpg"}],"twitter_misc":{"Written by":"ulqini","Est. reading time":"2 minutes"},"schema":{"@context":"https:\/\/schema.org","@graph":[{"@type":"WebSite","@id":"https:\/\/www.visit-ulcinj.com\/blog\/#website","url":"https:\/\/www.visit-ulcinj.com\/blog\/","name":"Lajme nga Ulqini","description":"Lajme,Vijesti,Ulqini,Ulqin,Crna Gora,Mali i Zi","potentialAction":[{"@type":"SearchAction","target":{"@type":"EntryPoint","urlTemplate":"https:\/\/www.visit-ulcinj.com\/blog\/?s={search_term_string}"},"query-input":"required name=search_term_string"}],"inLanguage":"en-US"},{"@type":"ImageObject","inLanguage":"en-US","@id":"https:\/\/www.visit-ulcinj.com\/blog\/2010\/12\/09\/perfaqsuesit-e-okb-se%e2%80%93unhc-erunicefdhe-undp-i-qendruan-ne-ulqin\/#primaryimage","url":"https:\/\/www.visit-ulcinj.com\/blog\/wp-content\/uploads\/2010\/12\/Gezim-Hajdinaga-kryetari-i-komunes-se-Ulqinit.jpg","contentUrl":"https:\/\/www.visit-ulcinj.com\/blog\/wp-content\/uploads\/2010\/12\/Gezim-Hajdinaga-kryetari-i-komunes-se-Ulqinit.jpg","width":"693","height":"576"},{"@type":"WebPage","@id":"https:\/\/www.visit-ulcinj.com\/blog\/2010\/12\/09\/perfaqsuesit-e-okb-se%e2%80%93unhc-erunicefdhe-undp-i-qendruan-ne-ulqin\/#webpage","url":"https:\/\/www.visit-ulcinj.com\/blog\/2010\/12\/09\/perfaqsuesit-e-okb-se%e2%80%93unhc-erunicefdhe-undp-i-qendruan-ne-ulqin\/","name":"P\u00ebrfaqsuesit e OKB-s\u00eb\u2013UNHC-er,UNICEF,dhe UNDP-i q\u00ebndruan n\u00eb Ulqin - Lajme nga Ulqini","isPartOf":{"@id":"https:\/\/www.visit-ulcinj.com\/blog\/#website"},"primaryImageOfPage":{"@id":"https:\/\/www.visit-ulcinj.com\/blog\/2010\/12\/09\/perfaqsuesit-e-okb-se%e2%80%93unhc-erunicefdhe-undp-i-qendruan-ne-ulqin\/#primaryimage"},"datePublished":"2010-12-09T16:38:20+00:00","dateModified":"2010-12-09T16:38:20+00:00","author":{"@id":"https:\/\/www.visit-ulcinj.com\/blog\/#\/schema\/person\/dcab619c614d3038751c63bc2aadc06d"},"description":"Nd\u00ebrkomb\u00ebtar\u00ebt q\u00ebndruan n\u00eb Ulqin Ulqin 09.12.2010 Nga Hatixhe Nelaj P\u00ebrfaqsuesit e Kombeve t\u00eb bashkuara \u2013UNHC-er,UNICEF,dhe UNDP-i si dhe p\u00ebrfaqsuesit e","breadcrumb":{"@id":"https:\/\/www.visit-ulcinj.com\/blog\/2010\/12\/09\/perfaqsuesit-e-okb-se%e2%80%93unhc-erunicefdhe-undp-i-qendruan-ne-ulqin\/#breadcrumb"},"inLanguage":"en-US","potentialAction":[{"@type":"ReadAction","target":["https:\/\/www.visit-ulcinj.com\/blog\/2010\/12\/09\/perfaqsuesit-e-okb-se%e2%80%93unhc-erunicefdhe-undp-i-qendruan-ne-ulqin\/"]}]},{"@type":"BreadcrumbList","@id":"https:\/\/www.visit-ulcinj.com\/blog\/2010\/12\/09\/perfaqsuesit-e-okb-se%e2%80%93unhc-erunicefdhe-undp-i-qendruan-ne-ulqin\/#breadcrumb","itemListElement":[{"@type":"ListItem","position":1,"name":"P\u00ebrfaqsuesit e OKB-s\u00eb\u2013UNHC-er,UNICEF,dhe UNDP-i q\u00ebndruan n\u00eb Ulqin"}]},{"@type":"Person","@id":"https:\/\/www.visit-ulcinj.com\/blog\/#\/schema\/person\/dcab619c614d3038751c63bc2aadc06d","name":"ulqini","sameAs":["http:\/\/www.visit-ulcinj.com"],"url":"https:\/\/www.visit-ulcinj.com\/blog\/author\/admin\/"}]}},"jetpack_featured_media_url":"","jetpack_sharing_enabled":true,"jetpack_shortlink":"https:\/\/wp.me\/pe6lTn-aCj","_links":{"self":[{"href":"https:\/\/www.visit-ulcinj.com\/blog\/wp-json\/wp\/v2\/posts\/40815"}],"collection":[{"href":"https:\/\/www.visit-ulcinj.com\/blog\/wp-json\/wp\/v2\/posts"}],"about":[{"href":"https:\/\/www.visit-ulcinj.com\/blog\/wp-json\/wp\/v2\/types\/post"}],"author":[{"embeddable":true,"href":"https:\/\/www.visit-ulcinj.com\/blog\/wp-json\/wp\/v2\/users\/1"}],"replies":[{"embeddable":true,"href":"https:\/\/www.visit-ulcinj.com\/blog\/wp-json\/wp\/v2\/comments?post=40815"}],"version-history":[{"count":0,"href":"https:\/\/www.visit-ulcinj.com\/blog\/wp-json\/wp\/v2\/posts\/40815\/revisions"}],"wp:attachment":[{"href":"https:\/\/www.visit-ulcinj.com\/blog\/wp-json\/wp\/v2\/media?parent=40815"}],"wp:term":[{"taxonomy":"category","embeddable":true,"href":"https:\/\/www.visit-ulcinj.com\/blog\/wp-json\/wp\/v2\/categories?post=40815"},{"taxonomy":"post_tag","embeddable":true,"href":"https:\/\/www.visit-ulcinj.com\/blog\/wp-json\/wp\/v2\/tags?post=40815"}],"curies":[{"name":"wp","href":"https:\/\/api.w.org\/{rel}","templated":true}]}}