{"id":40825,"date":"2010-12-09T18:57:08","date_gmt":"2010-12-09T17:57:08","guid":{"rendered":"http:\/\/www.visit-ulcinj.com\/blog\/?p=40825"},"modified":"2010-12-09T19:15:58","modified_gmt":"2010-12-09T18:15:58","slug":"shqiperia-e-mali-i-zi-duan-ta-rregullojne-shtratin-e-bunes","status":"publish","type":"post","link":"https:\/\/www.visit-ulcinj.com\/blog\/2010\/12\/09\/shqiperia-e-mali-i-zi-duan-ta-rregullojne-shtratin-e-bunes\/","title":{"rendered":"Shqip\u00ebria e Mali i Zi duan ta rregullojn\u00eb shtratin e Bun\u00ebs &#8211; Video Exclusive"},"content":{"rendered":"<p><a href=\"http:\/\/www.visit-ulcinj.com\/blog\/wp-content\/uploads\/2010\/12\/Rregullimi-i-shtratit-te-lumit-Buna.jpg\"><img loading=\"lazy\" class=\"alignleft size-full wp-image-40826\" title=\"Rregullimi i shtratit te lumit Buna\" src=\"http:\/\/www.visit-ulcinj.com\/blog\/wp-content\/uploads\/2010\/12\/Rregullimi-i-shtratit-te-lumit-Buna.jpg\" alt=\"\" width=\"490\" height=\"390\" \/><\/a>Drejtoria e uj\u00ebrave t\u00eb Malit t\u00eb Zi ka konfirmuar dit\u00ebn e enjte se p\u00ebrfaq\u00ebsuesit e Malit t\u00eb Zi dhe koleg\u00ebt e tyre nga Shqip\u00ebria, n\u00eb takimin q\u00eb kan\u00eb pasur n\u00eb Podgoric\u00eb, jan\u00eb dakorduar p\u00ebr aktivitetet t\u00eb p\u00ebrbashk\u00ebta p\u00ebr rregullimin e rrjedh\u00ebs s\u00eb lumit Buna.<\/p>\n<p>Zyrtar\u00ebt nga Shqip\u00ebria dhe ata nga Mali i Zi, sipas KosovaLive, kan\u00eb konstatuar se \u201cdy vendet, n\u00eb nj\u00eb afat sa m\u00eb t\u00eb shkurt\u00ebr t\u00eb formojn\u00eb edhe institucionalizojn\u00eb nj\u00eb komision t\u00eb ekonomis\u00eb s\u00eb uj\u00ebrave edhe t\u00eb nxjerrin programin e aksionit p\u00ebr parandalime t\u00eb q\u00ebndrueshme t\u00eb p\u00ebrmbytjeve p\u00ebrgjat\u00eb rrjedh\u00ebs s\u00eb lumit nd\u00ebrkufitar Buna\u201d.<\/p>\n<p>Ndihm\u00ebsministri i Bujq\u00ebsis\u00eb, Pyjeve dhe Ekonomis\u00eb s\u00eb Uj\u00ebrave t\u00eb Malit t\u00eb Zi, Velizar Vojinoviq dhe homologu i tij shqiptar, Arben Demeti, deklaruan se ky projekt do t\u00eb p\u00ebrfshij\u00eb pastrimin e daljes s\u00eb Bun\u00ebs n\u00eb det, pastrimin e prurjeve dhe urave t\u00eb thyera nga shtrati, zgjerimi i Bun\u00ebs n\u00eb pjes\u00ebt ku \u00ebsht\u00eb e mundur.<\/p>\n<p>Krahas k\u00ebsaj, dy delegacionet kan\u00eb vler\u00ebsuar se duhet planifikuar edhe pastrimin e shtratit rreth urave ekzistuese q\u00eb t\u00eb mos ngadal\u00ebsohet rrjedha e lumit.<\/p>\n<p>Masat afatgjate kan\u00eb t\u00eb b\u00ebjn\u00eb me hartimin e planeve t\u00eb menaxhimit me nivelin e liqenit t\u00eb Shkodr\u00ebs, lumenjve Drin dhe Buna, si dhe sigurimin e mjeteve financiare nga fondet nd\u00ebrkomb\u00ebtare.<\/p>\n<p>P\u00ebrfaq\u00ebsuesit e dy vendeve konstatuan se bart\u00ebs t\u00eb k\u00ebtyre veprimtarive do t\u00eb jen\u00eb institucionet kompetente t\u00eb ekonomis\u00eb s\u00eb uj\u00ebrave dhe masat do t\u2019 i udh\u00ebheqin ministrit\u00eb gjegj\u00ebse t\u00eb Malit t\u00eb Zi dhe Shqip\u00ebris\u00eb.<\/p>\n<p><strong>Koha Net<br \/>\n\n\t\t<style type=\"text\/css\">\n\t\t\t#gallery-1 {\n\t\t\t\tmargin: auto;\n\t\t\t}\n\t\t\t#gallery-1 .gallery-item {\n\t\t\t\tfloat: left;\n\t\t\t\tmargin-top: 10px;\n\t\t\t\ttext-align: center;\n\t\t\t\twidth: 33%;\n\t\t\t}\n\t\t\t#gallery-1 img {\n\t\t\t\tborder: 2px solid #cfcfcf;\n\t\t\t}\n\t\t\t#gallery-1 .gallery-caption {\n\t\t\t\tmargin-left: 0;\n\t\t\t}\n\t\t\t\/* see gallery_shortcode() in wp-includes\/media.php *\/\n\t\t<\/style>\n\t\t<div id='gallery-1' class='gallery galleryid-40825 gallery-columns-3 gallery-size-thumbnail'><dl class='gallery-item'>\n\t\t\t<dt class='gallery-icon portrait'>\n\t\t\t\t<a href='https:\/\/www.visit-ulcinj.com\/blog\/wp-content\/uploads\/2010\/12\/Rregullimi-i-shtratit-te-lumit-Buna.2.jpg'><img width=\"150\" height=\"150\" src=\"https:\/\/www.visit-ulcinj.com\/blog\/wp-content\/uploads\/2010\/12\/Rregullimi-i-shtratit-te-lumit-Buna.2-150x150.jpg\" class=\"attachment-thumbnail size-thumbnail\" alt=\"\" loading=\"lazy\" \/><\/a>\n\t\t\t<\/dt><\/dl><dl class='gallery-item'>\n\t\t\t<dt class='gallery-icon landscape'>\n\t\t\t\t<a href='https:\/\/www.visit-ulcinj.com\/blog\/wp-content\/uploads\/2010\/12\/Rregullimi-i-shtratit-te-lumit-Buna.14.jpg'><img width=\"150\" height=\"150\" src=\"https:\/\/www.visit-ulcinj.com\/blog\/wp-content\/uploads\/2010\/12\/Rregullimi-i-shtratit-te-lumit-Buna.14-150x150.jpg\" class=\"attachment-thumbnail size-thumbnail\" alt=\"\" loading=\"lazy\" \/><\/a>\n\t\t\t<\/dt><\/dl><dl class='gallery-item'>\n\t\t\t<dt class='gallery-icon landscape'>\n\t\t\t\t<a href='https:\/\/www.visit-ulcinj.com\/blog\/wp-content\/uploads\/2010\/12\/Rregullimi-i-shtratit-te-lumit-Buna.11.jpg'><img width=\"150\" height=\"150\" src=\"https:\/\/www.visit-ulcinj.com\/blog\/wp-content\/uploads\/2010\/12\/Rregullimi-i-shtratit-te-lumit-Buna.11-150x150.jpg\" class=\"attachment-thumbnail size-thumbnail\" alt=\"\" loading=\"lazy\" \/><\/a>\n\t\t\t<\/dt><\/dl><br style=\"clear: both\" \/><dl class='gallery-item'>\n\t\t\t<dt class='gallery-icon landscape'>\n\t\t\t\t<a href='https:\/\/www.visit-ulcinj.com\/blog\/wp-content\/uploads\/2010\/12\/Rregullimi-i-shtratit-te-lumit-Buna.4.jpg'><img width=\"150\" height=\"150\" src=\"https:\/\/www.visit-ulcinj.com\/blog\/wp-content\/uploads\/2010\/12\/Rregullimi-i-shtratit-te-lumit-Buna.4-150x150.jpg\" class=\"attachment-thumbnail size-thumbnail\" alt=\"\" loading=\"lazy\" \/><\/a>\n\t\t\t<\/dt><\/dl><dl class='gallery-item'>\n\t\t\t<dt class='gallery-icon landscape'>\n\t\t\t\t<a href='https:\/\/www.visit-ulcinj.com\/blog\/wp-content\/uploads\/2010\/12\/Rregullimi-i-shtratit-te-lumit-Buna.9.jpg'><img width=\"150\" height=\"150\" src=\"https:\/\/www.visit-ulcinj.com\/blog\/wp-content\/uploads\/2010\/12\/Rregullimi-i-shtratit-te-lumit-Buna.9-150x150.jpg\" class=\"attachment-thumbnail size-thumbnail\" alt=\"\" loading=\"lazy\" \/><\/a>\n\t\t\t<\/dt><\/dl><dl class='gallery-item'>\n\t\t\t<dt class='gallery-icon portrait'>\n\t\t\t\t<a href='https:\/\/www.visit-ulcinj.com\/blog\/wp-content\/uploads\/2010\/12\/Rregullimi-i-shtratit-te-lumit-Buna.12.jpg'><img width=\"150\" height=\"150\" src=\"https:\/\/www.visit-ulcinj.com\/blog\/wp-content\/uploads\/2010\/12\/Rregullimi-i-shtratit-te-lumit-Buna.12-150x150.jpg\" class=\"attachment-thumbnail size-thumbnail\" alt=\"\" loading=\"lazy\" \/><\/a>\n\t\t\t<\/dt><\/dl><br style=\"clear: both\" \/><dl class='gallery-item'>\n\t\t\t<dt class='gallery-icon landscape'>\n\t\t\t\t<a href='https:\/\/www.visit-ulcinj.com\/blog\/wp-content\/uploads\/2010\/12\/Rregullimi-i-shtratit-te-lumit-Buna.8.jpg'><img width=\"150\" height=\"150\" src=\"https:\/\/www.visit-ulcinj.com\/blog\/wp-content\/uploads\/2010\/12\/Rregullimi-i-shtratit-te-lumit-Buna.8-150x150.jpg\" class=\"attachment-thumbnail size-thumbnail\" alt=\"\" loading=\"lazy\" \/><\/a>\n\t\t\t<\/dt><\/dl><dl class='gallery-item'>\n\t\t\t<dt class='gallery-icon landscape'>\n\t\t\t\t<a href='https:\/\/www.visit-ulcinj.com\/blog\/wp-content\/uploads\/2010\/12\/Rregullimi-i-shtratit-te-lumit-Buna.6.jpg'><img width=\"150\" height=\"150\" src=\"https:\/\/www.visit-ulcinj.com\/blog\/wp-content\/uploads\/2010\/12\/Rregullimi-i-shtratit-te-lumit-Buna.6-150x150.jpg\" class=\"attachment-thumbnail size-thumbnail\" alt=\"\" loading=\"lazy\" \/><\/a>\n\t\t\t<\/dt><\/dl><dl class='gallery-item'>\n\t\t\t<dt class='gallery-icon landscape'>\n\t\t\t\t<a href='https:\/\/www.visit-ulcinj.com\/blog\/wp-content\/uploads\/2010\/12\/Rregullimi-i-shtratit-te-lumit-Buna.7.jpg'><img width=\"150\" height=\"150\" src=\"https:\/\/www.visit-ulcinj.com\/blog\/wp-content\/uploads\/2010\/12\/Rregullimi-i-shtratit-te-lumit-Buna.7-150x150.jpg\" class=\"attachment-thumbnail size-thumbnail\" alt=\"\" loading=\"lazy\" \/><\/a>\n\t\t\t<\/dt><\/dl><br style=\"clear: both\" \/><dl class='gallery-item'>\n\t\t\t<dt class='gallery-icon landscape'>\n\t\t\t\t<a href='https:\/\/www.visit-ulcinj.com\/blog\/wp-content\/uploads\/2010\/12\/Rregullimi-i-shtratit-te-lumit-Buna.10.jpg'><img width=\"150\" height=\"150\" src=\"https:\/\/www.visit-ulcinj.com\/blog\/wp-content\/uploads\/2010\/12\/Rregullimi-i-shtratit-te-lumit-Buna.10-150x150.jpg\" class=\"attachment-thumbnail size-thumbnail\" alt=\"\" loading=\"lazy\" \/><\/a>\n\t\t\t<\/dt><\/dl><dl class='gallery-item'>\n\t\t\t<dt class='gallery-icon landscape'>\n\t\t\t\t<a href='https:\/\/www.visit-ulcinj.com\/blog\/wp-content\/uploads\/2010\/12\/Rregullimi-i-shtratit-te-lumit-Buna.13.jpg'><img width=\"150\" height=\"150\" src=\"https:\/\/www.visit-ulcinj.com\/blog\/wp-content\/uploads\/2010\/12\/Rregullimi-i-shtratit-te-lumit-Buna.13-150x150.jpg\" class=\"attachment-thumbnail size-thumbnail\" alt=\"\" loading=\"lazy\" \/><\/a>\n\t\t\t<\/dt><\/dl><dl class='gallery-item'>\n\t\t\t<dt class='gallery-icon portrait'>\n\t\t\t\t<a href='https:\/\/www.visit-ulcinj.com\/blog\/wp-content\/uploads\/2010\/12\/Rregullimi-i-shtratit-te-lumit-Buna.1.jpg'><img width=\"150\" height=\"150\" src=\"https:\/\/www.visit-ulcinj.com\/blog\/wp-content\/uploads\/2010\/12\/Rregullimi-i-shtratit-te-lumit-Buna.1-150x150.jpg\" class=\"attachment-thumbnail size-thumbnail\" alt=\"\" loading=\"lazy\" \/><\/a>\n\t\t\t<\/dt><\/dl><br style=\"clear: both\" \/><dl class='gallery-item'>\n\t\t\t<dt class='gallery-icon landscape'>\n\t\t\t\t<a href='https:\/\/www.visit-ulcinj.com\/blog\/wp-content\/uploads\/2010\/12\/Rregullimi-i-shtratit-te-lumit-Buna.3.jpg'><img width=\"150\" height=\"150\" src=\"https:\/\/www.visit-ulcinj.com\/blog\/wp-content\/uploads\/2010\/12\/Rregullimi-i-shtratit-te-lumit-Buna.3-150x150.jpg\" class=\"attachment-thumbnail size-thumbnail\" alt=\"\" loading=\"lazy\" \/><\/a>\n\t\t\t<\/dt><\/dl><dl class='gallery-item'>\n\t\t\t<dt class='gallery-icon portrait'>\n\t\t\t\t<a href='https:\/\/www.visit-ulcinj.com\/blog\/wp-content\/uploads\/2010\/12\/Rregullimi-i-shtratit-te-lumit-Buna.5.jpg'><img width=\"150\" height=\"150\" src=\"https:\/\/www.visit-ulcinj.com\/blog\/wp-content\/uploads\/2010\/12\/Rregullimi-i-shtratit-te-lumit-Buna.5-150x150.jpg\" class=\"attachment-thumbnail size-thumbnail\" alt=\"\" loading=\"lazy\" \/><\/a>\n\t\t\t<\/dt><\/dl><dl class='gallery-item'>\n\t\t\t<dt class='gallery-icon landscape'>\n\t\t\t\t<a href='https:\/\/www.visit-ulcinj.com\/blog\/wp-content\/uploads\/2010\/12\/Rregullimi-i-shtratit-te-lumit-Buna.jpg'><img width=\"150\" height=\"150\" src=\"https:\/\/www.visit-ulcinj.com\/blog\/wp-content\/uploads\/2010\/12\/Rregullimi-i-shtratit-te-lumit-Buna-150x150.jpg\" class=\"attachment-thumbnail size-thumbnail\" alt=\"\" loading=\"lazy\" \/><\/a>\n\t\t\t<\/dt><\/dl><br style=\"clear: both\" \/>\n\t\t<\/div>\n<br \/>\n<\/strong><br \/>\n<strong>VIDEO VLADA CRNE GORE<\/strong><\/p>\n","protected":false},"excerpt":{"rendered":"<p>Drejtoria e uj\u00ebrave t\u00eb Malit t\u00eb Zi ka konfirmuar dit\u00ebn e enjte se p\u00ebrfaq\u00ebsuesit e Malit t\u00eb Zi dhe koleg\u00ebt e tyre nga Shqip\u00ebria, n\u00eb takimin q\u00eb kan\u00eb pasur n\u00eb Podgoric\u00eb, jan\u00eb dakorduar p\u00ebr aktivitetet t\u00eb p\u00ebrbashk\u00ebta p\u00ebr rregullimin e rrjedh\u00ebs s\u00eb lumit Buna. Zyrtar\u00ebt nga Shqip\u00ebria dhe ata nga Mali i Zi, sipas KosovaLive, [&hellip;]<\/p>\n","protected":false},"author":1,"featured_media":0,"comment_status":"open","ping_status":"closed","sticky":false,"template":"","format":"standard","meta":{"spay_email":"","jetpack_publicize_message":"","jetpack_is_tweetstorm":false,"jetpack_publicize_feature_enabled":true},"categories":[13],"tags":[11648,16574,3617,16575,18],"jetpack_publicize_connections":[],"yoast_head":"<!-- This site is optimized with the Yoast SEO plugin v19.1 - https:\/\/yoast.com\/wordpress\/plugins\/seo\/ -->\n<title>Shqip\u00ebria e Mali i Zi duan ta rregullojn\u00eb shtratin e Bun\u00ebs - Video Exclusive - Lajme nga Ulqini<\/title>\n<meta name=\"description\" content=\"Drejtoria e uj\u00ebrave t\u00eb Malit t\u00eb Zi ka konfirmuar dit\u00ebn e enjte se p\u00ebrfaq\u00ebsuesit e Malit t\u00eb Zi dhe koleg\u00ebt e tyre nga Shqip\u00ebria, n\u00eb takimin q\u00eb kan\u00eb pasur\" \/>\n<meta name=\"robots\" content=\"index, follow, max-snippet:-1, max-image-preview:large, max-video-preview:-1\" \/>\n<link rel=\"canonical\" href=\"https:\/\/www.visit-ulcinj.com\/blog\/2010\/12\/09\/shqiperia-e-mali-i-zi-duan-ta-rregullojne-shtratin-e-bunes\/\" \/>\n<meta property=\"og:locale\" content=\"en_US\" \/>\n<meta property=\"og:type\" content=\"article\" \/>\n<meta property=\"og:title\" content=\"Shqip\u00ebria e Mali i Zi duan ta rregullojn\u00eb shtratin e Bun\u00ebs - Video Exclusive - Lajme nga Ulqini\" \/>\n<meta property=\"og:description\" content=\"Drejtoria e uj\u00ebrave t\u00eb Malit t\u00eb Zi ka konfirmuar dit\u00ebn e enjte se p\u00ebrfaq\u00ebsuesit e Malit t\u00eb Zi dhe koleg\u00ebt e tyre nga Shqip\u00ebria, n\u00eb takimin q\u00eb kan\u00eb pasur\" \/>\n<meta property=\"og:url\" content=\"https:\/\/www.visit-ulcinj.com\/blog\/2010\/12\/09\/shqiperia-e-mali-i-zi-duan-ta-rregullojne-shtratin-e-bunes\/\" \/>\n<meta property=\"og:site_name\" content=\"Lajme nga Ulqini\" \/>\n<meta property=\"article:published_time\" content=\"2010-12-09T17:57:08+00:00\" \/>\n<meta property=\"article:modified_time\" content=\"2010-12-09T18:15:58+00:00\" \/>\n<meta property=\"og:image\" content=\"https:\/\/www.visit-ulcinj.com\/blog\/wp-content\/uploads\/2010\/12\/Rregullimi-i-shtratit-te-lumit-Buna.1-150x150.jpg\" \/>\n<meta name=\"twitter:label1\" content=\"Written by\" \/>\n\t<meta name=\"twitter:data1\" content=\"ulqini\" \/>\n\t<meta name=\"twitter:label2\" content=\"Est. reading time\" \/>\n\t<meta name=\"twitter:data2\" content=\"1 minute\" \/>\n<script type=\"application\/ld+json\" class=\"yoast-schema-graph\">{\"@context\":\"https:\/\/schema.org\",\"@graph\":[{\"@type\":\"WebSite\",\"@id\":\"https:\/\/www.visit-ulcinj.com\/blog\/#website\",\"url\":\"https:\/\/www.visit-ulcinj.com\/blog\/\",\"name\":\"Lajme nga Ulqini\",\"description\":\"Lajme,Vijesti,Ulqini,Ulqin,Crna Gora,Mali i Zi\",\"potentialAction\":[{\"@type\":\"SearchAction\",\"target\":{\"@type\":\"EntryPoint\",\"urlTemplate\":\"https:\/\/www.visit-ulcinj.com\/blog\/?s={search_term_string}\"},\"query-input\":\"required name=search_term_string\"}],\"inLanguage\":\"en-US\"},{\"@type\":\"ImageObject\",\"inLanguage\":\"en-US\",\"@id\":\"https:\/\/www.visit-ulcinj.com\/blog\/2010\/12\/09\/shqiperia-e-mali-i-zi-duan-ta-rregullojne-shtratin-e-bunes\/#primaryimage\",\"url\":\"https:\/\/www.visit-ulcinj.com\/blog\/wp-content\/uploads\/2010\/12\/Rregullimi-i-shtratit-te-lumit-Buna.jpg\",\"contentUrl\":\"https:\/\/www.visit-ulcinj.com\/blog\/wp-content\/uploads\/2010\/12\/Rregullimi-i-shtratit-te-lumit-Buna.jpg\",\"width\":\"604\",\"height\":\"403\"},{\"@type\":\"WebPage\",\"@id\":\"https:\/\/www.visit-ulcinj.com\/blog\/2010\/12\/09\/shqiperia-e-mali-i-zi-duan-ta-rregullojne-shtratin-e-bunes\/#webpage\",\"url\":\"https:\/\/www.visit-ulcinj.com\/blog\/2010\/12\/09\/shqiperia-e-mali-i-zi-duan-ta-rregullojne-shtratin-e-bunes\/\",\"name\":\"Shqip\u00ebria e Mali i Zi duan ta rregullojn\u00eb shtratin e Bun\u00ebs - Video Exclusive - Lajme nga Ulqini\",\"isPartOf\":{\"@id\":\"https:\/\/www.visit-ulcinj.com\/blog\/#website\"},\"primaryImageOfPage\":{\"@id\":\"https:\/\/www.visit-ulcinj.com\/blog\/2010\/12\/09\/shqiperia-e-mali-i-zi-duan-ta-rregullojne-shtratin-e-bunes\/#primaryimage\"},\"datePublished\":\"2010-12-09T17:57:08+00:00\",\"dateModified\":\"2010-12-09T18:15:58+00:00\",\"author\":{\"@id\":\"https:\/\/www.visit-ulcinj.com\/blog\/#\/schema\/person\/dcab619c614d3038751c63bc2aadc06d\"},\"description\":\"Drejtoria e uj\u00ebrave t\u00eb Malit t\u00eb Zi ka konfirmuar dit\u00ebn e enjte se p\u00ebrfaq\u00ebsuesit e Malit t\u00eb Zi dhe koleg\u00ebt e tyre nga Shqip\u00ebria, n\u00eb takimin q\u00eb kan\u00eb pasur\",\"breadcrumb\":{\"@id\":\"https:\/\/www.visit-ulcinj.com\/blog\/2010\/12\/09\/shqiperia-e-mali-i-zi-duan-ta-rregullojne-shtratin-e-bunes\/#breadcrumb\"},\"inLanguage\":\"en-US\",\"potentialAction\":[{\"@type\":\"ReadAction\",\"target\":[\"https:\/\/www.visit-ulcinj.com\/blog\/2010\/12\/09\/shqiperia-e-mali-i-zi-duan-ta-rregullojne-shtratin-e-bunes\/\"]}]},{\"@type\":\"BreadcrumbList\",\"@id\":\"https:\/\/www.visit-ulcinj.com\/blog\/2010\/12\/09\/shqiperia-e-mali-i-zi-duan-ta-rregullojne-shtratin-e-bunes\/#breadcrumb\",\"itemListElement\":[{\"@type\":\"ListItem\",\"position\":1,\"name\":\"Shqip\u00ebria e Mali i Zi duan ta rregullojn\u00eb shtratin e Bun\u00ebs &#8211; Video Exclusive\"}]},{\"@type\":\"Person\",\"@id\":\"https:\/\/www.visit-ulcinj.com\/blog\/#\/schema\/person\/dcab619c614d3038751c63bc2aadc06d\",\"name\":\"ulqini\",\"sameAs\":[\"http:\/\/www.visit-ulcinj.com\"],\"url\":\"https:\/\/www.visit-ulcinj.com\/blog\/author\/admin\/\"}]}<\/script>\n<!-- \/ Yoast SEO plugin. -->","yoast_head_json":{"title":"Shqip\u00ebria e Mali i Zi duan ta rregullojn\u00eb shtratin e Bun\u00ebs - Video Exclusive - Lajme nga Ulqini","description":"Drejtoria e uj\u00ebrave t\u00eb Malit t\u00eb Zi ka konfirmuar dit\u00ebn e enjte se p\u00ebrfaq\u00ebsuesit e Malit t\u00eb Zi dhe koleg\u00ebt e tyre nga Shqip\u00ebria, n\u00eb takimin q\u00eb kan\u00eb pasur","robots":{"index":"index","follow":"follow","max-snippet":"max-snippet:-1","max-image-preview":"max-image-preview:large","max-video-preview":"max-video-preview:-1"},"canonical":"https:\/\/www.visit-ulcinj.com\/blog\/2010\/12\/09\/shqiperia-e-mali-i-zi-duan-ta-rregullojne-shtratin-e-bunes\/","og_locale":"en_US","og_type":"article","og_title":"Shqip\u00ebria e Mali i Zi duan ta rregullojn\u00eb shtratin e Bun\u00ebs - Video Exclusive - Lajme nga Ulqini","og_description":"Drejtoria e uj\u00ebrave t\u00eb Malit t\u00eb Zi ka konfirmuar dit\u00ebn e enjte se p\u00ebrfaq\u00ebsuesit e Malit t\u00eb Zi dhe koleg\u00ebt e tyre nga Shqip\u00ebria, n\u00eb takimin q\u00eb kan\u00eb pasur","og_url":"https:\/\/www.visit-ulcinj.com\/blog\/2010\/12\/09\/shqiperia-e-mali-i-zi-duan-ta-rregullojne-shtratin-e-bunes\/","og_site_name":"Lajme nga Ulqini","article_published_time":"2010-12-09T17:57:08+00:00","article_modified_time":"2010-12-09T18:15:58+00:00","og_image":[{"url":"https:\/\/www.visit-ulcinj.com\/blog\/wp-content\/uploads\/2010\/12\/Rregullimi-i-shtratit-te-lumit-Buna.1-150x150.jpg"}],"twitter_misc":{"Written by":"ulqini","Est. reading time":"1 minute"},"schema":{"@context":"https:\/\/schema.org","@graph":[{"@type":"WebSite","@id":"https:\/\/www.visit-ulcinj.com\/blog\/#website","url":"https:\/\/www.visit-ulcinj.com\/blog\/","name":"Lajme nga Ulqini","description":"Lajme,Vijesti,Ulqini,Ulqin,Crna Gora,Mali i Zi","potentialAction":[{"@type":"SearchAction","target":{"@type":"EntryPoint","urlTemplate":"https:\/\/www.visit-ulcinj.com\/blog\/?s={search_term_string}"},"query-input":"required name=search_term_string"}],"inLanguage":"en-US"},{"@type":"ImageObject","inLanguage":"en-US","@id":"https:\/\/www.visit-ulcinj.com\/blog\/2010\/12\/09\/shqiperia-e-mali-i-zi-duan-ta-rregullojne-shtratin-e-bunes\/#primaryimage","url":"https:\/\/www.visit-ulcinj.com\/blog\/wp-content\/uploads\/2010\/12\/Rregullimi-i-shtratit-te-lumit-Buna.jpg","contentUrl":"https:\/\/www.visit-ulcinj.com\/blog\/wp-content\/uploads\/2010\/12\/Rregullimi-i-shtratit-te-lumit-Buna.jpg","width":"604","height":"403"},{"@type":"WebPage","@id":"https:\/\/www.visit-ulcinj.com\/blog\/2010\/12\/09\/shqiperia-e-mali-i-zi-duan-ta-rregullojne-shtratin-e-bunes\/#webpage","url":"https:\/\/www.visit-ulcinj.com\/blog\/2010\/12\/09\/shqiperia-e-mali-i-zi-duan-ta-rregullojne-shtratin-e-bunes\/","name":"Shqip\u00ebria e Mali i Zi duan ta rregullojn\u00eb shtratin e Bun\u00ebs - Video Exclusive - Lajme nga Ulqini","isPartOf":{"@id":"https:\/\/www.visit-ulcinj.com\/blog\/#website"},"primaryImageOfPage":{"@id":"https:\/\/www.visit-ulcinj.com\/blog\/2010\/12\/09\/shqiperia-e-mali-i-zi-duan-ta-rregullojne-shtratin-e-bunes\/#primaryimage"},"datePublished":"2010-12-09T17:57:08+00:00","dateModified":"2010-12-09T18:15:58+00:00","author":{"@id":"https:\/\/www.visit-ulcinj.com\/blog\/#\/schema\/person\/dcab619c614d3038751c63bc2aadc06d"},"description":"Drejtoria e uj\u00ebrave t\u00eb Malit t\u00eb Zi ka konfirmuar dit\u00ebn e enjte se p\u00ebrfaq\u00ebsuesit e Malit t\u00eb Zi dhe koleg\u00ebt e tyre nga Shqip\u00ebria, n\u00eb takimin q\u00eb kan\u00eb pasur","breadcrumb":{"@id":"https:\/\/www.visit-ulcinj.com\/blog\/2010\/12\/09\/shqiperia-e-mali-i-zi-duan-ta-rregullojne-shtratin-e-bunes\/#breadcrumb"},"inLanguage":"en-US","potentialAction":[{"@type":"ReadAction","target":["https:\/\/www.visit-ulcinj.com\/blog\/2010\/12\/09\/shqiperia-e-mali-i-zi-duan-ta-rregullojne-shtratin-e-bunes\/"]}]},{"@type":"BreadcrumbList","@id":"https:\/\/www.visit-ulcinj.com\/blog\/2010\/12\/09\/shqiperia-e-mali-i-zi-duan-ta-rregullojne-shtratin-e-bunes\/#breadcrumb","itemListElement":[{"@type":"ListItem","position":1,"name":"Shqip\u00ebria e Mali i Zi duan ta rregullojn\u00eb shtratin e Bun\u00ebs &#8211; Video Exclusive"}]},{"@type":"Person","@id":"https:\/\/www.visit-ulcinj.com\/blog\/#\/schema\/person\/dcab619c614d3038751c63bc2aadc06d","name":"ulqini","sameAs":["http:\/\/www.visit-ulcinj.com"],"url":"https:\/\/www.visit-ulcinj.com\/blog\/author\/admin\/"}]}},"jetpack_featured_media_url":"","jetpack_sharing_enabled":true,"jetpack_shortlink":"https:\/\/wp.me\/pe6lTn-aCt","_links":{"self":[{"href":"https:\/\/www.visit-ulcinj.com\/blog\/wp-json\/wp\/v2\/posts\/40825"}],"collection":[{"href":"https:\/\/www.visit-ulcinj.com\/blog\/wp-json\/wp\/v2\/posts"}],"about":[{"href":"https:\/\/www.visit-ulcinj.com\/blog\/wp-json\/wp\/v2\/types\/post"}],"author":[{"embeddable":true,"href":"https:\/\/www.visit-ulcinj.com\/blog\/wp-json\/wp\/v2\/users\/1"}],"replies":[{"embeddable":true,"href":"https:\/\/www.visit-ulcinj.com\/blog\/wp-json\/wp\/v2\/comments?post=40825"}],"version-history":[{"count":0,"href":"https:\/\/www.visit-ulcinj.com\/blog\/wp-json\/wp\/v2\/posts\/40825\/revisions"}],"wp:attachment":[{"href":"https:\/\/www.visit-ulcinj.com\/blog\/wp-json\/wp\/v2\/media?parent=40825"}],"wp:term":[{"taxonomy":"category","embeddable":true,"href":"https:\/\/www.visit-ulcinj.com\/blog\/wp-json\/wp\/v2\/categories?post=40825"},{"taxonomy":"post_tag","embeddable":true,"href":"https:\/\/www.visit-ulcinj.com\/blog\/wp-json\/wp\/v2\/tags?post=40825"}],"curies":[{"name":"wp","href":"https:\/\/api.w.org\/{rel}","templated":true}]}}