{"id":40864,"date":"2010-12-10T21:33:00","date_gmt":"2010-12-10T20:33:00","guid":{"rendered":"http:\/\/www.visit-ulcinj.com\/blog\/?p=40864"},"modified":"2010-12-10T22:09:27","modified_gmt":"2010-12-10T21:09:27","slug":"te-ndihmojme-se-bashku-viktimat-e-permbytjes-ne-ane-te-malit","status":"publish","type":"post","link":"https:\/\/www.visit-ulcinj.com\/blog\/2010\/12\/10\/te-ndihmojme-se-bashku-viktimat-e-permbytjes-ne-ane-te-malit\/","title":{"rendered":"T\u00eb ndihmojm\u00eb s\u00eb bashku viktimat e p\u00ebrmbytjes n\u00eb An\u00eb t\u00eb Malit"},"content":{"rendered":"<p><strong><a href=\"http:\/\/anaemalit.com\/permbytjet\/ndihmoni.html\" target=\"_blank\"><img loading=\"lazy\" class=\"alignleft size-full wp-image-40865\" title=\"Ndihmo viktimat e permbytjes ne Ane te Malit,The flooding crisis in Ana Mali - Ulcinj - Montenegro_1,SOS,HELP,NDIHMO,POMOC,HILFE,\u0645\u0633\u0627\u0639\u062f\u0629, \u043f\u043e\u043c\u043e\u0449, \u5e2e\u52a9, hj\u00e6lp, ayuda, apua, aider, \u03b2\u03bf\u03ae\u03b8\u03b5\u03b9\u03b1, \u05e2\u05d6\u05e8\u05d4, seg\u00edts\u00e9g, cabhr\u00fa le, Hj\u00e1lp, aiuto, \u30d8\u30eb\u30d7, \u043f\u043e\u043c\u043e\u0448, jg\u0127inu, helpen, hjelp, pomocy, ajutor, \u043f\u043e\u043c\u043e\u0449\u044c, \u041f\u043e\u043c\u043e\u045b, pomoc, pomo\u010d, hj\u00e4lp, yard\u0131m, \u0414\u043e\u0432\u0456\u0434\u043a\u0430, \u05d4\u05d9\u05dc\u05e3,Ulcinj,Montenegro,Amull, Amulli, ana malit, Bijela Gora, BLerim Marshiqi, Bojk\u00eb, Bojku, Brajsha, Brajshe, bratic\u00eb, Briska e Ep\u00ebrme, \u00c7apraj, Darza, Dodaj, Dragaj (Dragina), Dragina, Fraskanjeli, Fraskanjell, gezim salaj, Gjonzaj, intervista, Intervju, Kaliman, Kalimani, Katerkolla, Klezna e Ep\u00ebrme, Klezna e Poshtme, Kllezna, Kllezna e Nalt, Kllezna e Poshtme, Kod\u00ebr, Kolonza, Kosiq, Kosiqi, KRAVAR, Kravari, kru\u00e7, Krute, Kryetar i Shoqates Ana e Malit n\u00eb New York, krytha, Kryth\u00eb, Lajmet \/ Vijesti, Lisna Bora, Lisna Bore, Lulejt, Mali i Zi, Megjreqi, milla, Mill\u00eb, Muriqani, Muzafer Koliqi, Naser Cobaj, new york, Oblika, Pistull, Rashtisha, Rastish, Re\u00e7, Sal\u00e7, Selita, Shas, Shasi, Sh\u00ebngjergj, shkodra, shoqata shqiptaro amerikane \u201cAna e Malit\u201d, Shtegvasha, Shtodh\u00ebr, Shtodri, Shtoj i Ep\u00ebrm, Shtoj i Posht\u00ebm, Shtufi, Sukobina, Sukubina, Sukubin\u00eb, Suma, Sutjell, ulqin, ulqini, vijesti, Zenelejt, Zogaj,\" src=\"http:\/\/www.visit-ulcinj.com\/blog\/wp-content\/uploads\/2010\/12\/Ndihmo-viktimat-e-permbytjes-ne-Ane-te-Malit.jpg\" alt=\"\" width=\"962\" height=\"335\" srcset=\"https:\/\/www.visit-ulcinj.com\/blog\/wp-content\/uploads\/2010\/12\/Ndihmo-viktimat-e-permbytjes-ne-Ane-te-Malit.jpg 962w, https:\/\/www.visit-ulcinj.com\/blog\/wp-content\/uploads\/2010\/12\/Ndihmo-viktimat-e-permbytjes-ne-Ane-te-Malit-300x104.jpg 300w\" sizes=\"(max-width: 962px) 100vw, 962px\" \/><\/a><a href=\"http:\/\/anaemalit.com\/permbytjet\/ndihmoni.html\" target=\"_blank\">Shoqata Shqiptaro Amerikane Ana e Malit <\/a>n\u00eb New York organizon mbledhjen e fondeve p\u00ebr t\u00eb d\u00ebmtuarit nga p\u00ebrmbytjet n\u00eb An\u00eb t\u00eb Malit.<\/strong><br \/>\nFatkeq\u00ebsia natyrore q\u00eb ka p\u00ebrfshir\u00eb An\u00ebn e Malit dhe zona t\u00eb tjera n\u00eb vend, \u00ebsht\u00eb vendosur n\u00eb qend\u00ebr t\u00eb v\u00ebmendjes s\u00eb shqiptar\u00ebve t\u00eb Amerik\u00ebs, familjeve shqiptare n\u00eb Amerik\u00eb, t\u00eb komunitetit shqiptaro-amerikan. K\u00ebto dit\u00eb pas festave t\u00eb 28 N\u00ebntorit, shqet\u00ebsimi i shqiptar\u00ebve t\u00eb Amerik\u00ebs \u00ebsht\u00eb p\u00ebr t&#8217;u ardhur n\u00eb ndihm\u00eb, e t\u00eb jen\u00eb n\u00eb mb\u00ebshtetjen e familjar\u00ebve t\u00eb tyre dhe t\u00eb bashkatdhetar\u00ebve t\u00eb tyre, t\u00eb cil\u00ebt, prej m\u00eb shum\u00eb se pes\u00eb dit\u00ebsh po p\u00ebrballen me nj\u00eb katastrof\u00eb t\u00eb papar\u00eb natyrore, nga nj\u00eb p\u00ebrmbytje me p\u00ebrmasa shkat\u00ebrrimtare, q\u00eb i ka detyruar \u00a0mij\u00ebra njer\u00ebz deri tani t\u00eb largohen nga sht\u00ebpit\u00eb e tyre.<\/p>\n<p>Bashk\u00ebthemeluesit e shoqat\u00ebs t\u00eb Komunitetit Shqiptaro-Amerikan\u00a0&#8220;Shoqata Ana Malit&#8221;,kan th\u00ebn\u00eb se &#8220;kjo\u00a0fatkeq\u00ebsi e papar\u00eb natyrore ka ngritur n\u00eb k\u00ebmb\u00eb komunitetin shqiptar,\u00a0individ\u00eb, shoqata dhe organizatat e komunitetit. P\u00ebrmbytja n\u00eb An\u00eb t\u00eb Malit t\u00eb Ulqinit ka qen\u00eb\u00a0vazhdimisht n\u00eb v\u00ebmendjen dhe shqet\u00ebsimin e komunitetit shqiptar n\u00eb Nju\u00a0Jork&#8221;, &#8211; than\u00eb ato, duke shtuar se edhe k\u00ebsaj radhe komuniteti shqiptar s\u2019ka dyshim\u00a0q\u00eb do t\u00eb jet\u00eb \u00a0i gatsh\u00ebm t\u00eb jap\u00eb ndihmat e tij p\u00ebr k\u00ebt\u00eb fatkeq\u00ebsi natyrore.<\/p>\n<p>Kjo ka qen\u00eb nj\u00eb katastrof\u00eb natyrore, ka qen\u00eb nj\u00eb situat\u00eb shum\u00eb e\u00a0Jasht\u00ebzakonshme.Duhet th\u00ebn\u00eb se ka pasur p\u00ebrmbytje n\u00eb ato zona\u00a0edhe m\u00eb para, p\u00ebrmbytje t\u00eb tjera sipas zonave n\u00eb An\u00eb t\u00eb Malit,Ulqin,Shtoj\u00eb,Shkoder etj, por asnj\u00ebher\u00eb si\u00a0kjo k\u00ebsaj radhe.<\/p>\n<p>Ana Malit e ndiejn\u00eb solidaritetin e diaspores te komunitetit shqiptar n\u00eb Nju Jork Siti,\u00a0ve\u00e7an\u00ebrisht n\u00eb Bruklin, Kuins, Staten Island dhe Bronks, jo vet\u00ebm n\u00eb fjal\u00eb,, &#8211; por edhe me vepra, q\u00eb t\u2019i ndihmojm\u00eb njer\u00ebzit n\u00eb nevoj\u00eb t\u00eb\u00a0dalin nga kjo situat\u00eb jasht\u00ebzakonisht e v\u00ebshtir\u00eb\u201d.<br \/>\nFtojm\u00eb gjith\u00eb shqiptar\u00ebt me pun\u00eb dhe q\u00ebndrim n\u00eb diaspor dhe Ulqin, shoqatat, klubet, bashk\u00ebsit\u00eb fetare, intelektual\u00ebt, shoq\u00ebrit\u00eb afariste, firmat shqiptare donator\u00ebt individual e institucional pa dallim moshe, gjinie, krahine e feje q\u00eb t\u00eb kontribuojn\u00eb n\u00eb k\u00ebt\u00eb aksion humanitar p\u00ebr ndihm\u00eb<\/p>\n<p>Lajme nga Ulqini u b\u00ebn thirrje bashkatdhetar\u00ebve tan\u00eb, jo vet\u00ebm n\u00eb diaspor, por dhe gjith\u00eb atyre q\u00eb kan\u00eb vullnet t\u00eb mir\u00eb, q\u00eb me mjetet tona t\u2019ua leht\u00ebsojm\u00eb v\u00ebshtir\u00ebsit\u00eb\u00a0 \u00a0familjeve, t\u00eb cil\u00ebt k\u00ebto dit\u00eb po kalojn\u00eb nj\u00eb situat\u00eb tep\u00ebr t\u00eb r\u00ebnd\u00eb.<br \/>\nNga stafi drejtues\u00a0\u00bbLajme nga Ulqini\u00a0\u00bb shpresojm\u00eb se as k\u00ebsaj here nuk do t\u00eb mungoj\u00eb solidariteti yn\u00eb, ashtu si\u00e7 nuk ka munguar edhe her\u00eb t\u00eb tjera,qoft\u00eb duke ia leht\u00ebsuar varf\u00ebrin\u00eb dikujt, apo dikujt tjet\u00ebr duke i siguruar para p\u00ebr sh\u00ebrim dhe sende tjera t\u00eb jet\u00ebs.<\/p>\n<p>Thon\u00eb se shpresa vdes e fundit, k\u00ebshtu thon\u00eb edhe banor\u00ebt e An\u00ebs s\u00eb Malit dhe Ulqinit n\u00eb p\u00ebrgjithesi duke shpresuar p\u00ebr nj\u00eb t\u00eb ardhme m\u00eb t\u00eb mir t\u00eb vendit t\u00eb vet.<\/p>\n<p><strong>I lutemi\u00a0 \u00e7do antari ta Shperndaje ne Facebook lajmin.Faliminderit<\/strong><\/p>\n<p><strong>Lajme nga Ulqini<br \/>\n<\/strong><strong><!--YouTube Error: bad URL entered--><\/strong><\/p>\n<div id=\"header\">\n<h3>Linku: <a href=\"http:\/\/anaemalit.com\/permbytjet\/ndihmoni.html\" target=\"_blank\">Shoqata Ana e Malit<\/a><\/h3>\n<\/div>\n<p><strong> <a href=\"http:\/\/anaemalit.com\/permbytjet\/ndihmoni.html\" target=\"_blank\"><img loading=\"lazy\" class=\"alignleft size-full wp-image-40867\" title=\"Ndihmo viktimat e permbytjes ne Ane te Malit.2\" src=\"http:\/\/www.visit-ulcinj.com\/blog\/wp-content\/uploads\/2010\/12\/Ndihmo-viktimat-e-permbytjes-ne-Ane-te-Malit.2.jpg\" alt=\"\" width=\"962\" height=\"635\" srcset=\"https:\/\/www.visit-ulcinj.com\/blog\/wp-content\/uploads\/2010\/12\/Ndihmo-viktimat-e-permbytjes-ne-Ane-te-Malit.2.jpg 962w, https:\/\/www.visit-ulcinj.com\/blog\/wp-content\/uploads\/2010\/12\/Ndihmo-viktimat-e-permbytjes-ne-Ane-te-Malit.2-300x198.jpg 300w\" sizes=\"(max-width: 962px) 100vw, 962px\" \/><\/a><br \/>\n<\/strong><\/p>\n","protected":false},"excerpt":{"rendered":"<p>Shoqata Shqiptaro Amerikane Ana e Malit n\u00eb New York organizon mbledhjen e fondeve p\u00ebr t\u00eb d\u00ebmtuarit nga p\u00ebrmbytjet n\u00eb An\u00eb t\u00eb Malit. Fatkeq\u00ebsia natyrore q\u00eb ka p\u00ebrfshir\u00eb An\u00ebn e Malit dhe zona t\u00eb tjera n\u00eb vend, \u00ebsht\u00eb vendosur n\u00eb qend\u00ebr t\u00eb v\u00ebmendjes s\u00eb shqiptar\u00ebve t\u00eb Amerik\u00ebs, familjeve shqiptare n\u00eb Amerik\u00eb, t\u00eb komunitetit shqiptaro-amerikan. K\u00ebto dit\u00eb [&hellip;]<\/p>\n","protected":false},"author":1,"featured_media":0,"comment_status":"open","ping_status":"closed","sticky":false,"template":"","format":"standard","meta":{"spay_email":"","jetpack_publicize_message":"","jetpack_is_tweetstorm":false,"jetpack_publicize_feature_enabled":true},"categories":[1],"tags":[16554,16560,16567,14351,3505,212,16553,16552,14352,14349,14353,3510,3502,14354,12340,14355,16558,16216,14356,3516,14357,3511,3504,14358,3220,16214,16249,16564,16547,16559,16565,16551,8966,16491,14359,3506,3499,14360,14361,3509,16210,16211,14362,14363,16426,3507,14655,3717,3500,1762,4625,16490,3228,14364,22008,13230,3512,16212,95,14365,3227,14366,79,3513,14348,1082,16478,4642,3514,14367,13393,16566,3501,14368,14369,14370,16557,10472,2083,3231,14371,3617,16202,3508,14372,3503,14373,14374,3515,5589,16215,3498,2800,15160,14375,16546,19,200,18,1388,16213,14376],"jetpack_publicize_connections":[],"yoast_head":"<!-- This site is optimized with the Yoast SEO plugin v19.1 - https:\/\/yoast.com\/wordpress\/plugins\/seo\/ -->\n<title>T\u00eb ndihmojm\u00eb s\u00eb bashku viktimat e p\u00ebrmbytjes n\u00eb An\u00eb t\u00eb Malit - Lajme nga Ulqini<\/title>\n<meta name=\"description\" content=\"Shoqata Shqiptaro Amerikane Ana e Malit n\u00eb New York organizon mbledhjen e fondeve p\u00ebr t\u00eb d\u00ebmtuarit nga p\u00ebrmbytjet n\u00eb An\u00eb t\u00eb Malit. Fatkeq\u00ebsia natyrore q\u00eb\" \/>\n<meta name=\"robots\" content=\"index, follow, max-snippet:-1, max-image-preview:large, max-video-preview:-1\" \/>\n<link rel=\"canonical\" href=\"https:\/\/www.visit-ulcinj.com\/blog\/2010\/12\/10\/te-ndihmojme-se-bashku-viktimat-e-permbytjes-ne-ane-te-malit\/\" \/>\n<meta property=\"og:locale\" content=\"en_US\" \/>\n<meta property=\"og:type\" content=\"article\" \/>\n<meta property=\"og:title\" content=\"T\u00eb ndihmojm\u00eb s\u00eb bashku viktimat e p\u00ebrmbytjes n\u00eb An\u00eb t\u00eb Malit - Lajme nga Ulqini\" \/>\n<meta property=\"og:description\" content=\"Shoqata Shqiptaro Amerikane Ana e Malit n\u00eb New York organizon mbledhjen e fondeve p\u00ebr t\u00eb d\u00ebmtuarit nga p\u00ebrmbytjet n\u00eb An\u00eb t\u00eb Malit. Fatkeq\u00ebsia natyrore q\u00eb\" \/>\n<meta property=\"og:url\" content=\"https:\/\/www.visit-ulcinj.com\/blog\/2010\/12\/10\/te-ndihmojme-se-bashku-viktimat-e-permbytjes-ne-ane-te-malit\/\" \/>\n<meta property=\"og:site_name\" content=\"Lajme nga Ulqini\" \/>\n<meta property=\"article:published_time\" content=\"2010-12-10T20:33:00+00:00\" \/>\n<meta property=\"article:modified_time\" content=\"2010-12-10T21:09:27+00:00\" \/>\n<meta property=\"og:image\" content=\"http:\/\/www.visit-ulcinj.com\/blog\/wp-content\/uploads\/2010\/12\/Ndihmo-viktimat-e-permbytjes-ne-Ane-te-Malit.jpg\" \/>\n<meta name=\"twitter:label1\" content=\"Written by\" \/>\n\t<meta name=\"twitter:data1\" content=\"ulqini\" \/>\n\t<meta name=\"twitter:label2\" content=\"Est. reading time\" \/>\n\t<meta name=\"twitter:data2\" content=\"3 minutes\" \/>\n<script type=\"application\/ld+json\" class=\"yoast-schema-graph\">{\"@context\":\"https:\/\/schema.org\",\"@graph\":[{\"@type\":\"WebSite\",\"@id\":\"https:\/\/www.visit-ulcinj.com\/blog\/#website\",\"url\":\"https:\/\/www.visit-ulcinj.com\/blog\/\",\"name\":\"Lajme nga Ulqini\",\"description\":\"Lajme,Vijesti,Ulqini,Ulqin,Crna Gora,Mali i Zi\",\"potentialAction\":[{\"@type\":\"SearchAction\",\"target\":{\"@type\":\"EntryPoint\",\"urlTemplate\":\"https:\/\/www.visit-ulcinj.com\/blog\/?s={search_term_string}\"},\"query-input\":\"required name=search_term_string\"}],\"inLanguage\":\"en-US\"},{\"@type\":\"ImageObject\",\"inLanguage\":\"en-US\",\"@id\":\"https:\/\/www.visit-ulcinj.com\/blog\/2010\/12\/10\/te-ndihmojme-se-bashku-viktimat-e-permbytjes-ne-ane-te-malit\/#primaryimage\",\"url\":\"https:\/\/www.visit-ulcinj.com\/blog\/wp-content\/uploads\/2010\/12\/Ndihmo-viktimat-e-permbytjes-ne-Ane-te-Malit.jpg\",\"contentUrl\":\"https:\/\/www.visit-ulcinj.com\/blog\/wp-content\/uploads\/2010\/12\/Ndihmo-viktimat-e-permbytjes-ne-Ane-te-Malit.jpg\",\"width\":\"962\",\"height\":\"335\"},{\"@type\":\"WebPage\",\"@id\":\"https:\/\/www.visit-ulcinj.com\/blog\/2010\/12\/10\/te-ndihmojme-se-bashku-viktimat-e-permbytjes-ne-ane-te-malit\/#webpage\",\"url\":\"https:\/\/www.visit-ulcinj.com\/blog\/2010\/12\/10\/te-ndihmojme-se-bashku-viktimat-e-permbytjes-ne-ane-te-malit\/\",\"name\":\"T\u00eb ndihmojm\u00eb s\u00eb bashku viktimat e p\u00ebrmbytjes n\u00eb An\u00eb t\u00eb Malit - Lajme nga Ulqini\",\"isPartOf\":{\"@id\":\"https:\/\/www.visit-ulcinj.com\/blog\/#website\"},\"primaryImageOfPage\":{\"@id\":\"https:\/\/www.visit-ulcinj.com\/blog\/2010\/12\/10\/te-ndihmojme-se-bashku-viktimat-e-permbytjes-ne-ane-te-malit\/#primaryimage\"},\"datePublished\":\"2010-12-10T20:33:00+00:00\",\"dateModified\":\"2010-12-10T21:09:27+00:00\",\"author\":{\"@id\":\"https:\/\/www.visit-ulcinj.com\/blog\/#\/schema\/person\/dcab619c614d3038751c63bc2aadc06d\"},\"description\":\"Shoqata Shqiptaro Amerikane Ana e Malit n\u00eb New York organizon mbledhjen e fondeve p\u00ebr t\u00eb d\u00ebmtuarit nga p\u00ebrmbytjet n\u00eb An\u00eb t\u00eb Malit. Fatkeq\u00ebsia natyrore q\u00eb\",\"breadcrumb\":{\"@id\":\"https:\/\/www.visit-ulcinj.com\/blog\/2010\/12\/10\/te-ndihmojme-se-bashku-viktimat-e-permbytjes-ne-ane-te-malit\/#breadcrumb\"},\"inLanguage\":\"en-US\",\"potentialAction\":[{\"@type\":\"ReadAction\",\"target\":[\"https:\/\/www.visit-ulcinj.com\/blog\/2010\/12\/10\/te-ndihmojme-se-bashku-viktimat-e-permbytjes-ne-ane-te-malit\/\"]}]},{\"@type\":\"BreadcrumbList\",\"@id\":\"https:\/\/www.visit-ulcinj.com\/blog\/2010\/12\/10\/te-ndihmojme-se-bashku-viktimat-e-permbytjes-ne-ane-te-malit\/#breadcrumb\",\"itemListElement\":[{\"@type\":\"ListItem\",\"position\":1,\"name\":\"T\u00eb ndihmojm\u00eb s\u00eb bashku viktimat e p\u00ebrmbytjes n\u00eb An\u00eb t\u00eb Malit\"}]},{\"@type\":\"Person\",\"@id\":\"https:\/\/www.visit-ulcinj.com\/blog\/#\/schema\/person\/dcab619c614d3038751c63bc2aadc06d\",\"name\":\"ulqini\",\"sameAs\":[\"http:\/\/www.visit-ulcinj.com\"],\"url\":\"https:\/\/www.visit-ulcinj.com\/blog\/author\/admin\/\"}]}<\/script>\n<!-- \/ Yoast SEO plugin. -->","yoast_head_json":{"title":"T\u00eb ndihmojm\u00eb s\u00eb bashku viktimat e p\u00ebrmbytjes n\u00eb An\u00eb t\u00eb Malit - Lajme nga Ulqini","description":"Shoqata Shqiptaro Amerikane Ana e Malit n\u00eb New York organizon mbledhjen e fondeve p\u00ebr t\u00eb d\u00ebmtuarit nga p\u00ebrmbytjet n\u00eb An\u00eb t\u00eb Malit. Fatkeq\u00ebsia natyrore q\u00eb","robots":{"index":"index","follow":"follow","max-snippet":"max-snippet:-1","max-image-preview":"max-image-preview:large","max-video-preview":"max-video-preview:-1"},"canonical":"https:\/\/www.visit-ulcinj.com\/blog\/2010\/12\/10\/te-ndihmojme-se-bashku-viktimat-e-permbytjes-ne-ane-te-malit\/","og_locale":"en_US","og_type":"article","og_title":"T\u00eb ndihmojm\u00eb s\u00eb bashku viktimat e p\u00ebrmbytjes n\u00eb An\u00eb t\u00eb Malit - Lajme nga Ulqini","og_description":"Shoqata Shqiptaro Amerikane Ana e Malit n\u00eb New York organizon mbledhjen e fondeve p\u00ebr t\u00eb d\u00ebmtuarit nga p\u00ebrmbytjet n\u00eb An\u00eb t\u00eb Malit. Fatkeq\u00ebsia natyrore q\u00eb","og_url":"https:\/\/www.visit-ulcinj.com\/blog\/2010\/12\/10\/te-ndihmojme-se-bashku-viktimat-e-permbytjes-ne-ane-te-malit\/","og_site_name":"Lajme nga Ulqini","article_published_time":"2010-12-10T20:33:00+00:00","article_modified_time":"2010-12-10T21:09:27+00:00","og_image":[{"url":"http:\/\/www.visit-ulcinj.com\/blog\/wp-content\/uploads\/2010\/12\/Ndihmo-viktimat-e-permbytjes-ne-Ane-te-Malit.jpg"}],"twitter_misc":{"Written by":"ulqini","Est. reading time":"3 minutes"},"schema":{"@context":"https:\/\/schema.org","@graph":[{"@type":"WebSite","@id":"https:\/\/www.visit-ulcinj.com\/blog\/#website","url":"https:\/\/www.visit-ulcinj.com\/blog\/","name":"Lajme nga Ulqini","description":"Lajme,Vijesti,Ulqini,Ulqin,Crna Gora,Mali i Zi","potentialAction":[{"@type":"SearchAction","target":{"@type":"EntryPoint","urlTemplate":"https:\/\/www.visit-ulcinj.com\/blog\/?s={search_term_string}"},"query-input":"required name=search_term_string"}],"inLanguage":"en-US"},{"@type":"ImageObject","inLanguage":"en-US","@id":"https:\/\/www.visit-ulcinj.com\/blog\/2010\/12\/10\/te-ndihmojme-se-bashku-viktimat-e-permbytjes-ne-ane-te-malit\/#primaryimage","url":"https:\/\/www.visit-ulcinj.com\/blog\/wp-content\/uploads\/2010\/12\/Ndihmo-viktimat-e-permbytjes-ne-Ane-te-Malit.jpg","contentUrl":"https:\/\/www.visit-ulcinj.com\/blog\/wp-content\/uploads\/2010\/12\/Ndihmo-viktimat-e-permbytjes-ne-Ane-te-Malit.jpg","width":"962","height":"335"},{"@type":"WebPage","@id":"https:\/\/www.visit-ulcinj.com\/blog\/2010\/12\/10\/te-ndihmojme-se-bashku-viktimat-e-permbytjes-ne-ane-te-malit\/#webpage","url":"https:\/\/www.visit-ulcinj.com\/blog\/2010\/12\/10\/te-ndihmojme-se-bashku-viktimat-e-permbytjes-ne-ane-te-malit\/","name":"T\u00eb ndihmojm\u00eb s\u00eb bashku viktimat e p\u00ebrmbytjes n\u00eb An\u00eb t\u00eb Malit - Lajme nga Ulqini","isPartOf":{"@id":"https:\/\/www.visit-ulcinj.com\/blog\/#website"},"primaryImageOfPage":{"@id":"https:\/\/www.visit-ulcinj.com\/blog\/2010\/12\/10\/te-ndihmojme-se-bashku-viktimat-e-permbytjes-ne-ane-te-malit\/#primaryimage"},"datePublished":"2010-12-10T20:33:00+00:00","dateModified":"2010-12-10T21:09:27+00:00","author":{"@id":"https:\/\/www.visit-ulcinj.com\/blog\/#\/schema\/person\/dcab619c614d3038751c63bc2aadc06d"},"description":"Shoqata Shqiptaro Amerikane Ana e Malit n\u00eb New York organizon mbledhjen e fondeve p\u00ebr t\u00eb d\u00ebmtuarit nga p\u00ebrmbytjet n\u00eb An\u00eb t\u00eb Malit. Fatkeq\u00ebsia natyrore q\u00eb","breadcrumb":{"@id":"https:\/\/www.visit-ulcinj.com\/blog\/2010\/12\/10\/te-ndihmojme-se-bashku-viktimat-e-permbytjes-ne-ane-te-malit\/#breadcrumb"},"inLanguage":"en-US","potentialAction":[{"@type":"ReadAction","target":["https:\/\/www.visit-ulcinj.com\/blog\/2010\/12\/10\/te-ndihmojme-se-bashku-viktimat-e-permbytjes-ne-ane-te-malit\/"]}]},{"@type":"BreadcrumbList","@id":"https:\/\/www.visit-ulcinj.com\/blog\/2010\/12\/10\/te-ndihmojme-se-bashku-viktimat-e-permbytjes-ne-ane-te-malit\/#breadcrumb","itemListElement":[{"@type":"ListItem","position":1,"name":"T\u00eb ndihmojm\u00eb s\u00eb bashku viktimat e p\u00ebrmbytjes n\u00eb An\u00eb t\u00eb Malit"}]},{"@type":"Person","@id":"https:\/\/www.visit-ulcinj.com\/blog\/#\/schema\/person\/dcab619c614d3038751c63bc2aadc06d","name":"ulqini","sameAs":["http:\/\/www.visit-ulcinj.com"],"url":"https:\/\/www.visit-ulcinj.com\/blog\/author\/admin\/"}]}},"jetpack_featured_media_url":"","jetpack_sharing_enabled":true,"jetpack_shortlink":"https:\/\/wp.me\/pe6lTn-aD6","_links":{"self":[{"href":"https:\/\/www.visit-ulcinj.com\/blog\/wp-json\/wp\/v2\/posts\/40864"}],"collection":[{"href":"https:\/\/www.visit-ulcinj.com\/blog\/wp-json\/wp\/v2\/posts"}],"about":[{"href":"https:\/\/www.visit-ulcinj.com\/blog\/wp-json\/wp\/v2\/types\/post"}],"author":[{"embeddable":true,"href":"https:\/\/www.visit-ulcinj.com\/blog\/wp-json\/wp\/v2\/users\/1"}],"replies":[{"embeddable":true,"href":"https:\/\/www.visit-ulcinj.com\/blog\/wp-json\/wp\/v2\/comments?post=40864"}],"version-history":[{"count":0,"href":"https:\/\/www.visit-ulcinj.com\/blog\/wp-json\/wp\/v2\/posts\/40864\/revisions"}],"wp:attachment":[{"href":"https:\/\/www.visit-ulcinj.com\/blog\/wp-json\/wp\/v2\/media?parent=40864"}],"wp:term":[{"taxonomy":"category","embeddable":true,"href":"https:\/\/www.visit-ulcinj.com\/blog\/wp-json\/wp\/v2\/categories?post=40864"},{"taxonomy":"post_tag","embeddable":true,"href":"https:\/\/www.visit-ulcinj.com\/blog\/wp-json\/wp\/v2\/tags?post=40864"}],"curies":[{"name":"wp","href":"https:\/\/api.w.org\/{rel}","templated":true}]}}