{"id":40873,"date":"2010-12-10T22:22:14","date_gmt":"2010-12-10T21:22:14","guid":{"rendered":"http:\/\/www.visit-ulcinj.com\/blog\/?p=40873"},"modified":"2010-12-10T22:22:14","modified_gmt":"2010-12-10T21:22:14","slug":"ulcinj-bentovi-su-izdrzali-i-ovaj-put-smo-spasili-veliku-plazu","status":"publish","type":"post","link":"https:\/\/www.visit-ulcinj.com\/blog\/2010\/12\/10\/ulcinj-bentovi-su-izdrzali-i-ovaj-put-smo-spasili-veliku-plazu\/","title":{"rendered":"Ulcinj &#8211; Bentovi su izdr\u017eali i ovaj put smo spasili Veliku pla\u017eu"},"content":{"rendered":"<p><strong><a href=\"http:\/\/www.visit-ulcinj.com\/blog\/wp-content\/uploads\/2010\/12\/poplave-u-crnu-goru.jpg\"><img loading=\"lazy\" class=\"alignleft size-full wp-image-40874\" title=\"poplave u crnu goru\" src=\"http:\/\/www.visit-ulcinj.com\/blog\/wp-content\/uploads\/2010\/12\/poplave-u-crnu-goru.jpg\" alt=\"\" width=\"800\" height=\"600\" srcset=\"https:\/\/www.visit-ulcinj.com\/blog\/wp-content\/uploads\/2010\/12\/poplave-u-crnu-goru.jpg 800w, https:\/\/www.visit-ulcinj.com\/blog\/wp-content\/uploads\/2010\/12\/poplave-u-crnu-goru-300x225.jpg 300w\" sizes=\"(max-width: 800px) 100vw, 800px\" \/><\/a>\u010cunovi voze do 22 sata<\/strong><br \/>\nUlcinj &#8211; \u201cBentovi su izdr\u017eali i ovaj put smo spasili Veliku pla\u017eu i grad od poplava\u201d.<br \/>\nOvako je ju\u010de odgovorio na pitanje \u201eVijesti\u201c \u010dlan kriznog \u0161taba Rudolf Elezovi\u0107.<br \/>\nUprkos stabilizaciji situacije u Ulcinju, op\u0161tinski krizni \u0161tab donio je odluku da se nastave radovi na u\u010dvr\u0161\u0107ivanju i podizanju bentova do granica, koja bi zna\u010dila ve\u0107i stepen za\u0161tite od novih eventualnih poplava.<br \/>\nBojana je ju\u010de ponovo opala za deset centimetara, ali su ku\u0107e i imanja u vladimirskim selima Fraskanjel i Lisna Bori i dalje pod vodom.<br \/>\n\u201cBarkom idem na posao, a tako se i vra\u0107am ku\u0107i\u201d, ka\u017ee Nailj Tahirovi\u0107 iz Lisne Bori.<\/p>\n<p>Dodaje da nema svoju barku, pa \u010deka i po sat ili dva da neko nai\u0111e i \u201cpokupi\u201d ga ispred ku\u0107e.<br \/>\n\u201cI kad zavr\u0161im posao, grabim do obale da se vratim ku\u0107i na vrijeme, jer poslije ne bih imao \u010dim do ku\u0107e\u201d, pri\u010da Tahirovi\u0107 kako mu proti\u010du dani u potpopljenom selu.<br \/>\nKa\u017ee da su ga prije nekoliko dana posjetili predsjednik Op\u0161tine Gzim Hajdinaga i njegovi saradnici, i od tada niko vi\u0161e.<br \/>\n\u201cPrije dva dana neko je do\u0161ao iz \u0161taba i podijelio nam \u010dizme i to je sve. Najavljuju zahla\u0111enje, a meni, kao i kom\u0161ijama i ro\u0111acima, sva drva su pod vodom. Vjerovatno \u0107emo se grijati na struju, ali je pitanje ho\u0107emo li imati redovno snabdijevanje\u201d, pla\u0161i se Tahirovi\u0107 za naredne dane. Naglasio da je njegovo selo pod vodom skoro mjesec.<br \/>\n\u201cSve vrijeme niko nije dolazio niti vjerovao fotografijama da smo poplavljeni. Govorili su nam da su to slike od januara. Tek kad su do\u0161li prije par dana uvjerili su se da smo govorili istinu\u201d, ka\u017ee Tahirovi\u0107.<\/p>\n<p>Predsjednik odbora MZ Crmnica \u0110uro Markovi\u0107 rekao je da su ju\u010de obi\u0161li dvije ku\u0107e iz kojih se voda povukla, a sa vlasnicima je razgovarano \u0161ta sada treba raditi. Poplavljenim crmni\u010dkim doma\u0107instvima ju\u010de je podijeljeno gorivo za agregate i hrana. Voda se na Virpazaru i dalje povla\u010di, a krizni \u0161tab je ve\u0107 uradio operativni plan \u0161ta treba odraditi kada se potpuno povu\u010de. Prvi potez bi\u0107e ra\u0161\u010di\u0161\u0107avanje ku\u0107a i izno\u0161enje namje\u0161taja, potom deratizacija i dezinfekcija, a tek onda procjena \u0161teta. \u010camd\u017eije i dalje de\u017euraju do 22 sata, kako bi \u010dunovima prebacivali putnike sa jednog na drugi kraj potopljenog Virpazara.<br \/>\nBarska lokalna uprava je otvorila \u017eiro-ra\u010dun za pomo\u0107 535-11659-22, kod Prve banke Crne Gore.<\/p>\n<p><strong>S.A. &#8211; R.P.<br \/>\n<a href=\"http:\/\/www.vijesti.me\/\" target=\"_blank\">Vijesti<\/a><\/strong><\/p>\n","protected":false},"excerpt":{"rendered":"<p>\u010cunovi voze do 22 sata Ulcinj &#8211; \u201cBentovi su izdr\u017eali i ovaj put smo spasili Veliku pla\u017eu i grad od poplava\u201d. Ovako je ju\u010de odgovorio na pitanje \u201eVijesti\u201c \u010dlan kriznog \u0161taba Rudolf Elezovi\u0107. Uprkos stabilizaciji situacije u Ulcinju, op\u0161tinski krizni \u0161tab donio je odluku da se nastave radovi na u\u010dvr\u0161\u0107ivanju i podizanju bentova do granica, [&hellip;]<\/p>\n","protected":false},"author":1,"featured_media":0,"comment_status":"open","ping_status":"closed","sticky":false,"template":"","format":"standard","meta":{"spay_email":"","jetpack_publicize_message":"","jetpack_is_tweetstorm":false,"jetpack_publicize_feature_enabled":true},"categories":[8337],"tags":[16469,13246],"jetpack_publicize_connections":[],"yoast_head":"<!-- This site is optimized with the Yoast SEO plugin v19.1 - https:\/\/yoast.com\/wordpress\/plugins\/seo\/ -->\n<title>Ulcinj - Bentovi su izdr\u017eali i ovaj put smo spasili Veliku pla\u017eu - Lajme nga Ulqini<\/title>\n<meta name=\"description\" content=\"\u010cunovi voze do 22 sata Ulcinj - \u201cBentovi su izdr\u017eali i ovaj put smo spasili Veliku pla\u017eu i grad od poplava\u201d. Ovako je ju\u010de odgovorio na pitanje \u201eVijesti\u201c\" \/>\n<meta name=\"robots\" content=\"index, follow, max-snippet:-1, max-image-preview:large, max-video-preview:-1\" \/>\n<link rel=\"canonical\" href=\"https:\/\/www.visit-ulcinj.com\/blog\/2010\/12\/10\/ulcinj-bentovi-su-izdrzali-i-ovaj-put-smo-spasili-veliku-plazu\/\" \/>\n<meta property=\"og:locale\" content=\"en_US\" \/>\n<meta property=\"og:type\" content=\"article\" \/>\n<meta property=\"og:title\" content=\"Ulcinj - Bentovi su izdr\u017eali i ovaj put smo spasili Veliku pla\u017eu - Lajme nga Ulqini\" \/>\n<meta property=\"og:description\" content=\"\u010cunovi voze do 22 sata Ulcinj - \u201cBentovi su izdr\u017eali i ovaj put smo spasili Veliku pla\u017eu i grad od poplava\u201d. Ovako je ju\u010de odgovorio na pitanje \u201eVijesti\u201c\" \/>\n<meta property=\"og:url\" content=\"https:\/\/www.visit-ulcinj.com\/blog\/2010\/12\/10\/ulcinj-bentovi-su-izdrzali-i-ovaj-put-smo-spasili-veliku-plazu\/\" \/>\n<meta property=\"og:site_name\" content=\"Lajme nga Ulqini\" \/>\n<meta property=\"article:published_time\" content=\"2010-12-10T21:22:14+00:00\" \/>\n<meta property=\"og:image\" content=\"http:\/\/www.visit-ulcinj.com\/blog\/wp-content\/uploads\/2010\/12\/poplave-u-crnu-goru.jpg\" \/>\n<meta name=\"twitter:label1\" content=\"Written by\" \/>\n\t<meta name=\"twitter:data1\" content=\"ulqini\" \/>\n\t<meta name=\"twitter:label2\" content=\"Est. reading time\" \/>\n\t<meta name=\"twitter:data2\" content=\"2 minutes\" \/>\n<script type=\"application\/ld+json\" class=\"yoast-schema-graph\">{\"@context\":\"https:\/\/schema.org\",\"@graph\":[{\"@type\":\"WebSite\",\"@id\":\"https:\/\/www.visit-ulcinj.com\/blog\/#website\",\"url\":\"https:\/\/www.visit-ulcinj.com\/blog\/\",\"name\":\"Lajme nga Ulqini\",\"description\":\"Lajme,Vijesti,Ulqini,Ulqin,Crna Gora,Mali i Zi\",\"potentialAction\":[{\"@type\":\"SearchAction\",\"target\":{\"@type\":\"EntryPoint\",\"urlTemplate\":\"https:\/\/www.visit-ulcinj.com\/blog\/?s={search_term_string}\"},\"query-input\":\"required name=search_term_string\"}],\"inLanguage\":\"en-US\"},{\"@type\":\"ImageObject\",\"inLanguage\":\"en-US\",\"@id\":\"https:\/\/www.visit-ulcinj.com\/blog\/2010\/12\/10\/ulcinj-bentovi-su-izdrzali-i-ovaj-put-smo-spasili-veliku-plazu\/#primaryimage\",\"url\":\"https:\/\/www.visit-ulcinj.com\/blog\/wp-content\/uploads\/2010\/12\/poplave-u-crnu-goru.jpg\",\"contentUrl\":\"https:\/\/www.visit-ulcinj.com\/blog\/wp-content\/uploads\/2010\/12\/poplave-u-crnu-goru.jpg\",\"width\":\"800\",\"height\":\"600\"},{\"@type\":\"WebPage\",\"@id\":\"https:\/\/www.visit-ulcinj.com\/blog\/2010\/12\/10\/ulcinj-bentovi-su-izdrzali-i-ovaj-put-smo-spasili-veliku-plazu\/#webpage\",\"url\":\"https:\/\/www.visit-ulcinj.com\/blog\/2010\/12\/10\/ulcinj-bentovi-su-izdrzali-i-ovaj-put-smo-spasili-veliku-plazu\/\",\"name\":\"Ulcinj - Bentovi su izdr\u017eali i ovaj put smo spasili Veliku pla\u017eu - Lajme nga Ulqini\",\"isPartOf\":{\"@id\":\"https:\/\/www.visit-ulcinj.com\/blog\/#website\"},\"primaryImageOfPage\":{\"@id\":\"https:\/\/www.visit-ulcinj.com\/blog\/2010\/12\/10\/ulcinj-bentovi-su-izdrzali-i-ovaj-put-smo-spasili-veliku-plazu\/#primaryimage\"},\"datePublished\":\"2010-12-10T21:22:14+00:00\",\"dateModified\":\"2010-12-10T21:22:14+00:00\",\"author\":{\"@id\":\"https:\/\/www.visit-ulcinj.com\/blog\/#\/schema\/person\/dcab619c614d3038751c63bc2aadc06d\"},\"description\":\"\u010cunovi voze do 22 sata Ulcinj - \u201cBentovi su izdr\u017eali i ovaj put smo spasili Veliku pla\u017eu i grad od poplava\u201d. Ovako je ju\u010de odgovorio na pitanje \u201eVijesti\u201c\",\"breadcrumb\":{\"@id\":\"https:\/\/www.visit-ulcinj.com\/blog\/2010\/12\/10\/ulcinj-bentovi-su-izdrzali-i-ovaj-put-smo-spasili-veliku-plazu\/#breadcrumb\"},\"inLanguage\":\"en-US\",\"potentialAction\":[{\"@type\":\"ReadAction\",\"target\":[\"https:\/\/www.visit-ulcinj.com\/blog\/2010\/12\/10\/ulcinj-bentovi-su-izdrzali-i-ovaj-put-smo-spasili-veliku-plazu\/\"]}]},{\"@type\":\"BreadcrumbList\",\"@id\":\"https:\/\/www.visit-ulcinj.com\/blog\/2010\/12\/10\/ulcinj-bentovi-su-izdrzali-i-ovaj-put-smo-spasili-veliku-plazu\/#breadcrumb\",\"itemListElement\":[{\"@type\":\"ListItem\",\"position\":1,\"name\":\"Ulcinj &#8211; Bentovi su izdr\u017eali i ovaj put smo spasili Veliku pla\u017eu\"}]},{\"@type\":\"Person\",\"@id\":\"https:\/\/www.visit-ulcinj.com\/blog\/#\/schema\/person\/dcab619c614d3038751c63bc2aadc06d\",\"name\":\"ulqini\",\"sameAs\":[\"http:\/\/www.visit-ulcinj.com\"],\"url\":\"https:\/\/www.visit-ulcinj.com\/blog\/author\/admin\/\"}]}<\/script>\n<!-- \/ Yoast SEO plugin. -->","yoast_head_json":{"title":"Ulcinj - Bentovi su izdr\u017eali i ovaj put smo spasili Veliku pla\u017eu - Lajme nga Ulqini","description":"\u010cunovi voze do 22 sata Ulcinj - \u201cBentovi su izdr\u017eali i ovaj put smo spasili Veliku pla\u017eu i grad od poplava\u201d. Ovako je ju\u010de odgovorio na pitanje \u201eVijesti\u201c","robots":{"index":"index","follow":"follow","max-snippet":"max-snippet:-1","max-image-preview":"max-image-preview:large","max-video-preview":"max-video-preview:-1"},"canonical":"https:\/\/www.visit-ulcinj.com\/blog\/2010\/12\/10\/ulcinj-bentovi-su-izdrzali-i-ovaj-put-smo-spasili-veliku-plazu\/","og_locale":"en_US","og_type":"article","og_title":"Ulcinj - Bentovi su izdr\u017eali i ovaj put smo spasili Veliku pla\u017eu - Lajme nga Ulqini","og_description":"\u010cunovi voze do 22 sata Ulcinj - \u201cBentovi su izdr\u017eali i ovaj put smo spasili Veliku pla\u017eu i grad od poplava\u201d. Ovako je ju\u010de odgovorio na pitanje \u201eVijesti\u201c","og_url":"https:\/\/www.visit-ulcinj.com\/blog\/2010\/12\/10\/ulcinj-bentovi-su-izdrzali-i-ovaj-put-smo-spasili-veliku-plazu\/","og_site_name":"Lajme nga Ulqini","article_published_time":"2010-12-10T21:22:14+00:00","og_image":[{"url":"http:\/\/www.visit-ulcinj.com\/blog\/wp-content\/uploads\/2010\/12\/poplave-u-crnu-goru.jpg"}],"twitter_misc":{"Written by":"ulqini","Est. reading time":"2 minutes"},"schema":{"@context":"https:\/\/schema.org","@graph":[{"@type":"WebSite","@id":"https:\/\/www.visit-ulcinj.com\/blog\/#website","url":"https:\/\/www.visit-ulcinj.com\/blog\/","name":"Lajme nga Ulqini","description":"Lajme,Vijesti,Ulqini,Ulqin,Crna Gora,Mali i Zi","potentialAction":[{"@type":"SearchAction","target":{"@type":"EntryPoint","urlTemplate":"https:\/\/www.visit-ulcinj.com\/blog\/?s={search_term_string}"},"query-input":"required name=search_term_string"}],"inLanguage":"en-US"},{"@type":"ImageObject","inLanguage":"en-US","@id":"https:\/\/www.visit-ulcinj.com\/blog\/2010\/12\/10\/ulcinj-bentovi-su-izdrzali-i-ovaj-put-smo-spasili-veliku-plazu\/#primaryimage","url":"https:\/\/www.visit-ulcinj.com\/blog\/wp-content\/uploads\/2010\/12\/poplave-u-crnu-goru.jpg","contentUrl":"https:\/\/www.visit-ulcinj.com\/blog\/wp-content\/uploads\/2010\/12\/poplave-u-crnu-goru.jpg","width":"800","height":"600"},{"@type":"WebPage","@id":"https:\/\/www.visit-ulcinj.com\/blog\/2010\/12\/10\/ulcinj-bentovi-su-izdrzali-i-ovaj-put-smo-spasili-veliku-plazu\/#webpage","url":"https:\/\/www.visit-ulcinj.com\/blog\/2010\/12\/10\/ulcinj-bentovi-su-izdrzali-i-ovaj-put-smo-spasili-veliku-plazu\/","name":"Ulcinj - Bentovi su izdr\u017eali i ovaj put smo spasili Veliku pla\u017eu - Lajme nga Ulqini","isPartOf":{"@id":"https:\/\/www.visit-ulcinj.com\/blog\/#website"},"primaryImageOfPage":{"@id":"https:\/\/www.visit-ulcinj.com\/blog\/2010\/12\/10\/ulcinj-bentovi-su-izdrzali-i-ovaj-put-smo-spasili-veliku-plazu\/#primaryimage"},"datePublished":"2010-12-10T21:22:14+00:00","dateModified":"2010-12-10T21:22:14+00:00","author":{"@id":"https:\/\/www.visit-ulcinj.com\/blog\/#\/schema\/person\/dcab619c614d3038751c63bc2aadc06d"},"description":"\u010cunovi voze do 22 sata Ulcinj - \u201cBentovi su izdr\u017eali i ovaj put smo spasili Veliku pla\u017eu i grad od poplava\u201d. Ovako je ju\u010de odgovorio na pitanje \u201eVijesti\u201c","breadcrumb":{"@id":"https:\/\/www.visit-ulcinj.com\/blog\/2010\/12\/10\/ulcinj-bentovi-su-izdrzali-i-ovaj-put-smo-spasili-veliku-plazu\/#breadcrumb"},"inLanguage":"en-US","potentialAction":[{"@type":"ReadAction","target":["https:\/\/www.visit-ulcinj.com\/blog\/2010\/12\/10\/ulcinj-bentovi-su-izdrzali-i-ovaj-put-smo-spasili-veliku-plazu\/"]}]},{"@type":"BreadcrumbList","@id":"https:\/\/www.visit-ulcinj.com\/blog\/2010\/12\/10\/ulcinj-bentovi-su-izdrzali-i-ovaj-put-smo-spasili-veliku-plazu\/#breadcrumb","itemListElement":[{"@type":"ListItem","position":1,"name":"Ulcinj &#8211; Bentovi su izdr\u017eali i ovaj put smo spasili Veliku pla\u017eu"}]},{"@type":"Person","@id":"https:\/\/www.visit-ulcinj.com\/blog\/#\/schema\/person\/dcab619c614d3038751c63bc2aadc06d","name":"ulqini","sameAs":["http:\/\/www.visit-ulcinj.com"],"url":"https:\/\/www.visit-ulcinj.com\/blog\/author\/admin\/"}]}},"jetpack_featured_media_url":"","jetpack_sharing_enabled":true,"jetpack_shortlink":"https:\/\/wp.me\/pe6lTn-aDf","_links":{"self":[{"href":"https:\/\/www.visit-ulcinj.com\/blog\/wp-json\/wp\/v2\/posts\/40873"}],"collection":[{"href":"https:\/\/www.visit-ulcinj.com\/blog\/wp-json\/wp\/v2\/posts"}],"about":[{"href":"https:\/\/www.visit-ulcinj.com\/blog\/wp-json\/wp\/v2\/types\/post"}],"author":[{"embeddable":true,"href":"https:\/\/www.visit-ulcinj.com\/blog\/wp-json\/wp\/v2\/users\/1"}],"replies":[{"embeddable":true,"href":"https:\/\/www.visit-ulcinj.com\/blog\/wp-json\/wp\/v2\/comments?post=40873"}],"version-history":[{"count":0,"href":"https:\/\/www.visit-ulcinj.com\/blog\/wp-json\/wp\/v2\/posts\/40873\/revisions"}],"wp:attachment":[{"href":"https:\/\/www.visit-ulcinj.com\/blog\/wp-json\/wp\/v2\/media?parent=40873"}],"wp:term":[{"taxonomy":"category","embeddable":true,"href":"https:\/\/www.visit-ulcinj.com\/blog\/wp-json\/wp\/v2\/categories?post=40873"},{"taxonomy":"post_tag","embeddable":true,"href":"https:\/\/www.visit-ulcinj.com\/blog\/wp-json\/wp\/v2\/tags?post=40873"}],"curies":[{"name":"wp","href":"https:\/\/api.w.org\/{rel}","templated":true}]}}