{"id":4088,"date":"2008-10-09T12:41:08","date_gmt":"2008-10-09T17:41:08","guid":{"rendered":"http:\/\/www.visit-ulcinj.com\/blog\/?p=4088"},"modified":"2008-10-17T13:21:00","modified_gmt":"2008-10-17T18:21:00","slug":"il-congresso-di-berlino-e-la-questione-di-ulcinj","status":"publish","type":"post","link":"https:\/\/www.visit-ulcinj.com\/blog\/2008\/10\/09\/il-congresso-di-berlino-e-la-questione-di-ulcinj\/","title":{"rendered":"IL Congresso di Berlino e la questione di Ulcinj"},"content":{"rendered":"<p style=\"text-align: left;\"><a href=\"http:\/\/www.visit-ulcinj.com\/blog\/wp-content\/uploads\/2008\/10\/berliner_kongress.jpg\"><img loading=\"lazy\" class=\"alignleft size-medium wp-image-4089\" title=\"berliner_kongress\" src=\"http:\/\/www.visit-ulcinj.com\/blog\/wp-content\/uploads\/2008\/10\/berliner_kongress-300x151.jpg\" alt=\"\" width=\"300\" height=\"151\" srcset=\"https:\/\/www.visit-ulcinj.com\/blog\/wp-content\/uploads\/2008\/10\/berliner_kongress-300x151.jpg 300w, https:\/\/www.visit-ulcinj.com\/blog\/wp-content\/uploads\/2008\/10\/berliner_kongress.jpg 988w\" sizes=\"(max-width: 300px) 100vw, 300px\" \/><\/a>Il 20 gennaio del 1878, nella guerra con la Turchia, il Montenegro conquist\u00f2Ulcinj. Con la Pace di Santo Stefano, la citt\u00e0 fu restituita alla Turchia, mentre alMontenegro furono cedute le localit\u00e0 di Plav e Gusinje nell&#8217;interno, i villaggialbanesi di Grude, Hoti e Kastrati, gran parte del lago di Scutari ed il territorioad occidente di Mrkojevid fino al mare. Le grandi potenze europee (Gran Bre-tagna, Germania, Austria-Ungheria, Francia e Italia) contestarono le clausoledel trattato di pace di Santo Stefano e, nell&#8217;estate del 1878, convocarono ilCongresso di Berlino con la partecipazione della Russia, Turchia, Bulgaria, Ser-bia, Grecia e Montenegro. In quel congresso furono confermate le annessionia beneficio del Montenegro delle localit\u00e0 suindicate, ma la Porta ottomana nondiede il proprio assenso. Ne segu\u00ec un&#8217;intensa attivit\u00e0 diplomatica a Istambul,Cettigne, Pietoburgo, Vienna, Londra e in altre citt\u00e0 delle grandi potenze.<a href=\"http:\/\/www.visit-ulcinj.com\/blog\/wp-content\/uploads\/2008\/10\/ulqini-vjeter.jpg\"><img loading=\"lazy\" class=\"size-medium wp-image-4091 alignright\" title=\"ulqini-vjeter\" src=\"http:\/\/www.visit-ulcinj.com\/blog\/wp-content\/uploads\/2008\/10\/ulqini-vjeter-198x300.jpg\" alt=\"\" width=\"158\" height=\"240\" srcset=\"https:\/\/www.visit-ulcinj.com\/blog\/wp-content\/uploads\/2008\/10\/ulqini-vjeter-198x300.jpg 198w, https:\/\/www.visit-ulcinj.com\/blog\/wp-content\/uploads\/2008\/10\/ulqini-vjeter.jpg 352w\" sizes=\"(max-width: 158px) 100vw, 158px\" \/><\/a><br \/>\nAl parlamento di Londra, il presidente Gladstone chiese energicamente chefossero rispettate le clausole del Congresso di Berlino. Ben presto vennero riti-rati da Istambul tutti gli ambasciatori delle grandi potenze e sostituiti da influentipersonalit\u00e0. L&#8217;Inghilterra invi\u00f2 Sir Gotchan, gi\u00e0 nominato vicer\u00e8 dell&#8217;India, con ilcompito di coordinare i compiti di tutti gli inviati speciali delle grandi potenze. Lasua nomina fu spiegata con l&#8217;importanza data alla situazione in Oriente e conla necessit\u00e0 che il Sultano, dai contatti personali con un personaggio qual eral&#8217;inviato speciale che occupava un posto di grande rilievo nel parlamento e nellapolitica dell&#8217;Inghilterra, si rendesse conto \u00bb delle serie intenzioni delle grandipotenze di attuare gli impegni assunti verso il Montenegro e la Grecia\u00ab. Inoltre,Londra chiese energicamente alla Porta di prendere immediate misure per laconsegna al Montenegro delle localit\u00e0 cedute.<a href=\"http:\/\/www.visit-ulcinj.com\/blog\/wp-content\/uploads\/2008\/10\/southeast_europe_1878.jpg\"><img loading=\"lazy\" class=\"size-medium wp-image-4090 alignleft\" title=\"southeast_europe_1878\" src=\"http:\/\/www.visit-ulcinj.com\/blog\/wp-content\/uploads\/2008\/10\/southeast_europe_1878.jpg\" alt=\"\" width=\"226\" height=\"126\" \/><\/a><br \/>\nInvece la situazione si complic\u00f2 con la caduta del governo di Mahmut Nedim-pasci\u00e0 e la nomina a grande visir (premier) di Said-pasci\u00e0. Costui era sosteni-tore della politica inglese, ma non lo era il ministro dell&#8217;esercito Husein Husni-pasci8, ex governatore di Scutari, n\u00e9 il ministro degli esteri Abedin-pasi\u00e0, di ori-gine albanese, al quale il Sultano ordin\u00f2 di spedire in Albania un proclama perinvitare il popolo a \u00bbricorrere anche alla restistenza sanguinosa, se necessario,per impedire a chiunque di mettere piede sul suolo della pi\u00f9 cara provincia, l&#8217;Al-bania\u00ab.<a href=\"http:\/\/www.visit-ulcinj.com\/blog\/wp-content\/uploads\/2008\/10\/pamja-e-lagjes-rana-nga-kalaja-e-ulqinit-11.jpg\"><img loading=\"lazy\" class=\"alignright size-thumbnail wp-image-4092\" title=\"pamja-e-lagjes-rana-nga-kalaja-e-ulqinit-11\" src=\"http:\/\/www.visit-ulcinj.com\/blog\/wp-content\/uploads\/2008\/10\/pamja-e-lagjes-rana-nga-kalaja-e-ulqinit-11-150x150.jpg\" alt=\"\" width=\"212\" height=\"110\" \/><\/a><br \/>\nDi fronte a questa situazione, l&#8217;Inghilterra propose uno scambio di territori: ilMontenegro avrebbe rinunciato alle localit\u00e0 albanesi di Hoti, Grude e Kastrati,in cambio della citt\u00e0 di Ulcinj. Nell&#8217;eventualit\u00e0 di un intervento militare, gli Inglesiavrebbero potuto pi\u00f9 facilmente aiutare i Montenegrini dal mare. Stranamente..questa proposta fu condivisa dall&#8217;Impero Austro-Ungarico e cio\u00e8 dalla potenza dominante nell&#8217;Adriatico che pure al Congresso di Berlino si era opposta all&#8217;us-cita del Montenegro sul mare ed a malincuore aveva accettato la cessione alMontenegro di Bar (Antivari).<br \/>\n<a href=\"http:\/\/www.visit-ulcinj.com\/blog\/wp-content\/uploads\/2008\/10\/pamja-e-lagjes-rana-nga-kalaja-e-ulqinit1.jpg\"><img loading=\"lazy\" class=\"alignleft size-thumbnail wp-image-4093\" title=\"pamja-e-lagjes-rana-nga-kalaja-e-ulqinit1\" src=\"http:\/\/www.visit-ulcinj.com\/blog\/wp-content\/uploads\/2008\/10\/pamja-e-lagjes-rana-nga-kalaja-e-ulqinit1-150x150.jpg\" alt=\"\" width=\"221\" height=\"124\" \/><\/a>Pertanto, la proposta britannica, stilata come pro-posta comune di Londra e Vienna, fu consegnata alla Porta il 26 giugno 1880.II sultano and\u00f2 su tuttle le furie, respingendo la nota, mentre la sua corte,temendo un intervento militare, sparse fra i diplomatici a lstambul la voce che\u00bbil sultano \u00e8 impazzito\u00ab. Contemporaneamente fu proposto all&#8217;ambasciatoremontenegrino Gavro Vukovic di concedere al suo paese un risarcimento indenaro, e ci\u00f2 entro un mese, per i territori contesi. Offeso da tale offerta, il Mon-tenegro ruppe i rapporti diplomatici con la Turchia e ritir\u00f2 il proprio ambascia-tore da Istambul. La pressione delle grandi potenze sulla Porta s&#8217;intensific\u00f2, ilsultano accett\u00f2 ufficialmente la proposta dello scambio dei territori, ma altempo stesso fece trasportare con navi a Ulcinj materiale bellico e truppe.<a href=\"http:\/\/www.visit-ulcinj.com\/blog\/wp-content\/uploads\/2008\/10\/pazari-i-ulqinit-fillimi-shekullit-xx1.jpg\"><img loading=\"lazy\" class=\"alignright size-thumbnail wp-image-4094\" title=\"pazari-i-ulqinit-fillimi-shekullit-xx1\" src=\"http:\/\/www.visit-ulcinj.com\/blog\/wp-content\/uploads\/2008\/10\/pazari-i-ulqinit-fillimi-shekullit-xx1-150x150.jpg\" alt=\"\" width=\"150\" height=\"150\" \/><\/a><br \/>\nA questo punto l&#8217;energico premier inglese Gladstone propose alle grandipotenze di inviare le loro squadre navali nelle acque di Ulcinj; la proposta fuaccettata, con l&#8217;eccezione del cancelliere tedesco Bismark, ma anche lui fin\u00ecper solidarizzare quando Gladstone ammon\u00ec che qualora la bandiera tedescanon fosse ,stata presente nell&#8217;armata navale, la Germania non avrebbe potutocontare sul consorzio europeo.<br \/>\nLa flotta alleata gett\u00f2 le ancore nel porto di Gravosa (Gruz, presso Dubrovnik).L&#8217;Inghilterra, la Francia, l&#8217;Italia e l&#8217;Austria-Ungheria inviarono le loro unit\u00e0 miglio-ri, come a una parata, mentre la Russia e la Germania furono presenti con naviminori. Complessivamente fu creata una flotta di 37 navi da guerra con circa550 cannoni fra i quali numerosi di calibro 250 e 180 mm con granate da 600e 400 kg.<br \/>\n<a href=\"http:\/\/www.visit-ulcinj.com\/blog\/wp-content\/uploads\/2008\/10\/te-sahat-kulla1.jpg\"><img loading=\"lazy\" class=\"alignleft size-medium wp-image-4095\" title=\"te-sahat-kulla1\" src=\"http:\/\/www.visit-ulcinj.com\/blog\/wp-content\/uploads\/2008\/10\/te-sahat-kulla1-300x169.jpg\" alt=\"\" width=\"226\" height=\"127\" srcset=\"https:\/\/www.visit-ulcinj.com\/blog\/wp-content\/uploads\/2008\/10\/te-sahat-kulla1-300x169.jpg 300w, https:\/\/www.visit-ulcinj.com\/blog\/wp-content\/uploads\/2008\/10\/te-sahat-kulla1.jpg 640w\" sizes=\"(max-width: 226px) 100vw, 226px\" \/><\/a>La flotta, comandata dall&#8217;ammiraglio britannico Seymour, successi-vamente si avvicin\u00f2 ad Ulcinj, entrando nelle Bocce di Cattaro. Su una dellenavi francesi c&#8217;era l&#8217;ufficiale Julien Viaud noto come scrittore con lo pseudo-nimo di Pierre Loti (1850-1923), il quale \u2014 affascinato dalla bellezza di una fan-ciulla Bocchese, scrisse una poesia a lei dedicata. Nonostante questa dimo-strazione di forza, la Turchia continu\u00f2 a tergiversare, rinviando la consegna diUlcinj, mentre l&#8217;esercito montenegrino attendeva invano sulle posizioni pros-sime alla citt\u00e0. L&#8217;ostinatezza del sultano Hamid sulla questione di Ulcinj feceperdere la pazienza ai flemmatici inglesi, sicch\u00e9 la flotta alleata ricevette l&#8217;ordinedi raggiungere il Pireo (Grecia), preparandosi all&#8217;invasione di uno dei maggioriporti turchi. Al tempo stesso i giornali europei, le personalit\u00e0 pi\u00f9 in vista e l&#8217;o-pinione pubblica si occuparono intensamente della questione di Ulcinj, indu-cendo le grandi potenze ad essere pi\u00f9 energiche.<a href=\"http:\/\/www.visit-ulcinj.com\/blog\/wp-content\/uploads\/2008\/10\/ruga-e-ulqinit.jpg\"><img loading=\"lazy\" class=\"alignright size-thumbnail wp-image-4096\" title=\"ruga-e-ulqinit\" src=\"http:\/\/www.visit-ulcinj.com\/blog\/wp-content\/uploads\/2008\/10\/ruga-e-ulqinit-150x150.jpg\" alt=\"\" width=\"150\" height=\"150\" \/><\/a><br \/>\nPer iniziativa di Lord Granwil-le, l&#8217;ambasciatore inglese a Istanbul, d&#8217;intesa con gli altri colleghi europei, con-segn\u00f2 alla Porta un ultimatum: \u00bbL&#8217;alta Porta deve consegnare al Montenegro lacitt\u00e0 di Ulcinj con tutto il suo distretto fino al Bojana, pacificamente e senza resi-stenza il 15 novembre. Qualora ci\u00f2 non verr\u00e0 fatto, la flotta unita, la quale si tro-ver\u00e0 quel giorno nella baia di Burnab presso Smirne, entrer\u00e0 nel Porto di Smirnee conquister\u00e0 la citt\u00e0. Verranno sottomesse tutte le autorit\u00e0, saranno incameratitutti gli introiti del vilaiato e di essi si disporr\u00e0, ed il Montenegro ricever\u00e0 la suagiusta parte. Se ci\u00f2 non fosse sufficiente a costringere l&#8217;alta Porta, si ricorrer\u00e0alla forza e sar\u00e0 conquistata Salonicco\u00ab.<br \/>\nL&#8217;ultimatum fu per la Porta una pillola molto amara, tanto pi\u00f9 che tale procedi-mento delle grandi poteze, per cominciare, avrebbe potuto essere applicatoanche per gli irrisolti problemi in Armenia, Grecia ed altrove. <a href=\"http:\/\/www.visit-ulcinj.com\/blog\/wp-content\/uploads\/2008\/10\/maje-pazari_ulqin_2_.jpg\"><img loading=\"lazy\" class=\"alignleft size-thumbnail wp-image-4097\" title=\"maje-pazari_ulqin_2_\" src=\"http:\/\/www.visit-ulcinj.com\/blog\/wp-content\/uploads\/2008\/10\/maje-pazari_ulqin_2_-150x150.jpg\" alt=\"\" width=\"150\" height=\"183\" \/><\/a>Venutosi a trovarein una difficile situazione, il sultano Hamid dimise il pasci\u00e0 scutarino Veli Rizache era stato il pi\u00f9 tenace nel rifiutare la cessione di Ulcinj e invi\u00f2 al suo postoil pacifico ma influente Dervish-pasci\u00e0 con quattromila soldati che, partendo daScutari, giunse a Ulcinj per sistemare tutto ci\u00f2 che era necessario per la con-segna della citt\u00e0 e delle fortezze nei suoi dintorni, sul fiume Bojana, sul Mozuraed a Materizi.<br \/>\nSotto il comando del voivoda Bozo Petrovic, due battaglioni dell&#8217;esercito mon-tenegrino raggiunsero allora Mrkojevici e, compiuti i preparativi, fu inviato adUlcinj il voivoda Simo Popovib, gi\u00e0 nominato governatore del Litorale con capo-luogo Ulcinj. Il governatore, scortato da 600 soldati al comando di Petar Stan-kovib, prese in-consegna \u00bbtutte le fortificazioni, la citt\u00e0 di Ulcinj e il suo distrettofino al Bojana\u00ab. In tal modo, dopo una lunga battaglia diplomatica e le suddettedimostrazioni di forza, Ulcinj fu annessa al Principato del Montenegro il 30novembre 1880.<a href=\"http:\/\/www.visit-ulcinj.com\/blog\/wp-content\/uploads\/2008\/10\/dulcigno.jpg\"><img loading=\"lazy\" class=\"alignright size-thumbnail wp-image-4098\" title=\"dulcigno\" src=\"http:\/\/www.visit-ulcinj.com\/blog\/wp-content\/uploads\/2008\/10\/dulcigno-150x150.jpg\" alt=\"\" width=\"202\" height=\"150\" \/><\/a><br \/>\nII principe Nicola l del Montenegro, che aveva sempre sognato di affacciarsi sulmare, di creare una propria flotta e sviluppare un&#8217;agricoltura mediterranea, nonnascose il proprio entusiasmo per i successi militari e diplomatici e lo manifest\u00f2scrivendo il poemetto \u00bbSposalizio del Montenegro col mare\u00ab. Eccone unastrofa:<br \/>\n<strong>\u00bbTi saluto, o mare azzurro,<br \/>\nsconfinata prateria acquea,<br \/>\nspazio immenso,<br \/>\nsperanza nostra antica&#8230;\u00ab<\/strong><\/p>\n<p style=\"text-align: left;\"><!--YouTube Error: bad URL entered--><\/p>\n<p style=\"text-align: center;\"><a class=\"aligncenter\" title=\"???? ????,?????,Ulcinj,Montenegru,??????????,?ernoqoriya,Besplatni internet oglasi,Besplatni oglasi,besplatni mali oglasi,besplatni turisti\u00e8ki oglasi,oglasi, usluge, turizam,Turisti\u00e8ke usluge,Doma?i turizam,Besplatni Oglasnik,Brzi Oglasi Besplatno,Besplatno OglasavanjeTurizam,besplatni oglasi sa slikom,Turisticki informator besplatni,li\u00e8ni-oglasi,BESPLATNI Turisticki OGLASI SA SLIKAMA,BESPLATNI Turisticki Oglasi saVideom,turisticki smestaj oglasi,Turisti\u00e8ki vodi\u00e8 balkana,BESPLATNA REZERVACIJA SMESTAJA,Postavite besplatno Vas oglas,FREE TOURIST GUIDES,Izdavanje-Turizam oglasi,Balkan Turisticki vodic,shpallje turistike falas,Shpallje Falas,Shpallje falas per Komplekse Turistike,Lajmerime,Njoftime,shpallje shqip per shqiptaret ne shqiperi kosova maqedoni,mal te zi,???????????,Montenegiro,?ern? Hora,??????????,Cz\u00f4rnog?ra,Cz\u00f4rn\u00f4 G?ra,Carna G?ra,T?ernogooria,?ernogoriya,Montain\u00e9agr?,Montenegwo,?orna Hora,Montenegr?,M?ntenigro,Chernogoriya ,?\u00earnogor\u00ee ,?????????,????????? ,??????? ,Montes Nigrae,Mons Niger,M\u00f4ntenegr\u00f4,Muntenegru,??????????,Czarnog?ra,Muntinigru,Muntenegro,&lt;br &gt;&lt;\/a&gt; Muntenegru,\t?ierna Hora,Cxerngora,????????,?rna gora,Moontineegro,?ornog\u00f9ra,?ernogori?a,Chernogoriya,Mont?negro,????? ???? ,?r?na Gora,?r?nogorije,?ernogorija,?arnahoryja,??????????,???????????????????? ,?ern\u00f4g\u00f4riy\u00e2,M\u00fbnt\u00een\u00ee?r\u00fb,????? ?????? ,????????,??????????,???????????,M\u00e2nten\u00eegro,???? ????? ,????????,M\u00f4ntenegr\u00f4,????????????,???????????,????????????, ??????????? ,????????????,??????????? ,?\u2022?R\/?K?R ,\u0192\u201a\u0192\u201c\u0192e\u0192l\u0192O\u0192?,\u00b8???\u00b3?\u00b1?\u00b7? ,Muntenegru, ????? ????, Montenegr?,chambres ? louer ? ulcinj, location de vacance, location saisonni?res, louer villa,location de vacance, Locations vacance, h?bergements vacances, locations villa, logements de vacances, location maison avec piscine, Location vacance, locations de vacance, h?bergements de vacances, location villa, locations entre particulier, logements vacance, vacances ? Mont?n?gro - location ? Ulcinj ,location  de bigorre,Urlaub in Ulcinj -Montenegro,Hotelbewertungen Ulcinj,Reisen Ulcinj, Urlaub Ulcinj,Hotel in Serbien und Montenegro von Urlaubern bewertet,Billig Urlaub in Ulcinj,ferienh?user,ferienwohnung,Billige Ferienh?user,Ferienwohnung ULCINJ,Ferien an der Adria,Urlaub im Ferienhaus ulcinjBilligreisen Ulcinj,Pauschalreisen,FKK Strand Ada Bojana ulcinj,Last Minute Angebote ulcinj,Preise f?r Lastminute,Kleinanzeigen gratis,Ausflug nach Ulcinj,FKK-Reisen ada bojana,FKK-Urlaub ulcinj,Privatni smje?taj,rezervacija smje?taja,apartmani,sobe,ku?e,odmor,sobe za odmor ulcinj,Pretra?ivanje privatnog smje?taja,rooms rent accommodation ulcinj, rentail private accommodation ulcinj,?elite rezervirati privatni smje?taj,Private accommodation,Smje?taj ulcinj,Pushime Verore ulqin,pushime t? lira n? ulqin,Pushime ne plazh,Pushime te kendshme,dhoma per pushime ulqin,dhoma me qera ulqin,dhoma te lira ulqin,pushime te lira ulqin,mali i zi,kosova,maqedoni,shqiperi,Pushime ne det te ulqinit,godi?nji odmor u ulcinj,odmor u ulcinj,Ku?a za odmor,kuda na odmor,ljetovanje u ulcinj,slobodne sobe,dhoma te lira,ku?a uz more,turisti?ka ponuda,odmor i zabava,povolne cene,sobe,usluge,Mjesto za Va? odmor , Place for Your holiday,Odmor portal,putovanaja,Iznajmljivanje soba ulcinj,odmor ulcinj info,Va?e mjesto za odmor ulcinj,nudisticka plaza ada bojana,smjestaj ponuda ulcinj,lokacioni i dhomave ulqin,deti,plazhet e bukura,diskoteka,zbavitja,.\" href=\"http:\/\/www.visit-ulcinj.com\/tourism\/\" target=\"_blank\"><img loading=\"lazy\" class=\"aligncenter\" title=\"SHPALLJE TURISTIKE FALAS,FREE TOURIST GUIDES,BESPLATNI TURISTI?KI OGLASI,balkan holiday rentals,ALBANIJA,ALBANIA,SHQIPERIJA,CRNA GORA,HRVATSKA,KROACIA,SLOVENIJA,MAKEDONIJA,MAKEDONIA,SRBIJA,MONTENEGRO,MALI I ZI,\" src=\"http:\/\/www.visit-ulcinj.com\/blog\/wp-content\/uploads\/2008\/09\/balkanholidayrentals.gif\" alt=\"Apatin,  Aran?elovac,  ?uprija,  ?a?ak,  ?apljina,  ?itluk,  ?abac,  ?ipovo,  ?iroki Brijeg,  ?ep?e,  ?ivinice,  Ba?ka Palanka,  Banja Luka,  Banovi?i,  Be?ej,  beograd,  Biha?,  Bijeljina,  Bor,  Bor?a,  Bosanska Gradi?ka,  Bosanska Krupa,  Bosanski ?amac,  Bosanski Brod,  Bosanski Novi,  Br?ko,  Bu?im,  Bugojno,  Cazin,  Crna Gora,  Derventa,  Doboj,  Donji Vakuf,  Drvar,  Dubrovnik,  Fo?a,  Fojnica,  Glamo?,  Gora?de,  Gornji Milanovac,  Gornji Vakuf,  gostivar,  Gra?anica,  Grada?ac,  Gradiska,  Grahovo,  Had?i?i,  Ilid?a,  In?ija,  Jablanica,  Jagodina,  Jajce,  Kakanj,  Kalu?erica,  Kikinda,  Klju?,  Konjic,  Kotor Varo?,  Kragujevac,  Kraljevo,  Kru?evac,  Kula,  Kupres,  Lakta?i,  Lazarevac,  Leskovac,  Livno,  Ljubinje,  ljublana,  Ljubu?ki,  Loznica,  Lukavac,  Maglaj,  Mladenovac,  Modri?a,  montenegro erlajnz,  mostar,  Mrkonji? Grad,  Neum,  Ni?,  Novi Pazar,  Novi Sad,  Novi Travnik,  Obrenovac,  Od?ak,  ohrid,  Ora?je,  Pale,  Pan?evo,  Para?in,  Pirot,  Po?arevac,  Podgorica,  Priboj,  Prijedor,  Prokuplje,  Prozor,  pula,  rijeka,  Ruma,  Sanski Most,  Sarajevo,  Senta,  serbija,  sibenik,  skopje,  Smederevo,  Smederevska Palanka,  Sokolac,  Sombor,  split,  Srebrenica,  Srebrenik,  Sremska Mitrovica,  Stolac,  Struga,  Subotica,  Temerin,  Tesli?,  tetovo,  Travnik,  Trebinje,  tuzla,  U?ice,  ulcinj,  Valjevo,  Velika Kladu?a,  Vi?egrad,  Visoko,  Vitez,  Vogo??a,  vojvodina,  Vranje,  Vr?ac,  Vrbas,  zadar,  Zagreb,  Zaje?ar,  Zavidovi?i,  Zenica,  Zrenjanin,  Zvornik,copacabana ulcinj,  h?tels,  hotel ulqin,  Kosova,  Mali i Zi,  Maqedonija,  Montenegro,  montenegro tourisme plage,  montenegro ulcinj,  Shpallje Falas,  Shpallje Falas per shitjen e shtepis se juaj,  Shpallje Falas per villat e juaj,  Shpallje Falas Real Estate,  Shpallje Falas turistike,  shqiperija,  tourisme,  Ulci?,  ulcinj,  ulqin,  ulqin hotel,  ulqini,  ulqini 2007,Ada Bojana,  Alba?czyk,  Cita di Dolcino,  Copacabana,  Czarnog?ra,  Czarnog?rzec,  Don Kichota,  Ma\u00b3a Pla?a,  Mandra,  MIGUEL DE SERVANTES,  p?\u00b3wyspy Marjan,  Pla?a Valdanos,  Rzeka Bojana,  Shas \/ ?as \/ Sva?,  Ulci?,  Ulcinjsk\u00b9 Riwier?,  Wielka Pla?a,  Wyspa Bojana,GORA,??????????,???????,??????????, ?ern? Hora,TO ULCINJ \/ ULQIN,MONTENEGRO, Czarnog?ra, Muntenegru, ????? ????, Montenegr?,villa ? louer ? ulcinj, location de vacance, location saisonni?res, louer chambres,location de vacance, Locations vacance, h?bergements vacances, locations villa, logements de vacances, location maison avec piscine, Location vacance, locations de vacance, h?bergements de vacances, location, locations entre particulier, logements vacance, vacances ? Mont?n?gro - location ? Ulcinj ,location  de bigorre,Albaniku,  Artana,  Bujanoci,  Burimi,  Dardana,  Dardan?,  De?an,  Dibra,  Drenas,  Drenasi,  Ferizaj,  Ferizaji,  Fush? Kosova,Besplatni internet oglasi,Besplatni oglasi,besplatni mali oglasi,besplatni turisti?ki oglasi,oglasi, usluge, turizam,Turisti?ke usluge,Doma?i turizam,Besplatni Oglasnik,Brzi Oglasi Besplatno,Besplatno OglasavanjeTurizam,besplatni oglasi sa slikom,Turisticki informator besplatni,li?ni-oglasi,BESPLATNI Turisticki OGLASI SA SLIKAMA,BESPLATNI Turisticki Oglasi saVideom,turisticki smestaj oglasi,Turisti?ki vodi? balkana,BESPLATNA REZERVACIJA SMESTAJA,Postavite besplatno Vas oglas,FREE TOURIST GUIDES,Izdavanje-Turizam oglasi,Balkan Turisticki vodic,shpallje turistike falas,Shpallje Falas,Shpallje falas per Komplekse Turistike,Lajmerime,Njoftime,shpallje shqip per shqiptaret ne shqiperi kosova maqedoni,mal te zi,Fush? Kosov?,  Gjakova,  Gjakov?,  Gjilan,  Gjilani,  Gostivari,  Istog,  Istog\u00b7,  Ka?anik,  Ka?aniku,  Kastrioti,  K?r?ova,  Klina,  Klin?,  Kumanova,  Leposaviq,  Leskovci,  Likova,  Lipjan,  Lipjani,  Malisheva,  Malishev?,  Manastiri,  Medvegja,  Mitrovica,  Mitrovic?,  Novob?rd?,  Obiliq\u00b7 Rahovec,  Ohri,  Peja,  Pej?,  Podujeva,  Podujev?,  Presheva,  Prishtina,  Prishtin?,  Prizren,  Prizreni,  Rahoveci,  Sharri,  Sharri (Kosov?),  Shkupi,  Sht?rpca,  Sht?rpc?,  Shtime,  Sk?nderaj,  Struga,  Tetova,  Theranda,  Therand?,  Triumf Riza,  Veleshta,  Viti,  Vitia,  Vushtrri,  Vushtrria,  Zubin Potok,  Zubin Potoku,  Zve?an,  Zve?ani,Struga,Gostivari,Gostivar,Ker?ova,Tirana,Durr?si,Elbasani,Shkodra,Tuzi,Vlora, Kor?a,Fieri,Berati,Lushnja ,Kavaja,Pogradeci,La?i,Gjirokastra,Patosi,Kruja,Ku?ova,Kuk?si,Lezha,Saranda,Peshkopia,Burreli,C?rriku,?orovoda,Shijaku,Librazhdi,Tepelena,Gramshi,Poli?ani,Bulqiza,P?rmeti,Fush?Kruja,Kamza,Rr?sheni,Ballshi,Mamurrasi,BajramCurri,Erseka,Peqini,Divjaka,Selenica,Bilishti,Roskoveci,Puka,Memaliaj,Rrogozhina,Ura Vajgurore,Himara,Delvina,Vora,Kopliku,Maliqi,P?rrenjasi,Kruma, Libohova,Orikumi,Fush?-Arr?za,Sh?ngjini,Rubiku,Miloti, Leskoviku,Konispoli,K?lcyra,Krasta,K?rraba,Manastiri,Hara?ina,Likova,Prilepi,Zajazi,Vrap?ishti,Bogovin?,\" width=\"420\" height=\"120\" \/><\/a><\/p>\n","protected":false},"excerpt":{"rendered":"<p>Il 20 gennaio del 1878, nella guerra con la Turchia, il Montenegro conquist\u00f2Ulcinj. Con la Pace di Santo Stefano, la citt\u00e0 fu restituita alla Turchia, mentre alMontenegro furono cedute le localit\u00e0 di Plav e Gusinje nell&#8217;interno, i villaggialbanesi di Grude, Hoti e Kastrati, gran parte del lago di Scutari ed il territorioad occidente di Mrkojevid [&hellip;]<\/p>\n","protected":false},"author":1,"featured_media":0,"comment_status":"open","ping_status":"closed","sticky":false,"template":"","format":"standard","meta":{"spay_email":"","jetpack_publicize_message":"","jetpack_is_tweetstorm":false,"jetpack_publicize_feature_enabled":true},"categories":[13,11,15],"tags":[3642,79,459,19],"jetpack_publicize_connections":[],"yoast_head":"<!-- This site is optimized with the Yoast SEO plugin v19.1 - https:\/\/yoast.com\/wordpress\/plugins\/seo\/ -->\n<title>IL Congresso di Berlino e la questione di Ulcinj - Lajme nga Ulqini<\/title>\n<meta name=\"description\" content=\"Il 20 gennaio del 1878, nella guerra con la Turchia, il Montenegro conquist\u00f2Ulcinj. Con la Pace di Santo Stefano, la citt\u00e0 fu restituita alla Turchia,\" \/>\n<meta name=\"robots\" content=\"index, follow, max-snippet:-1, max-image-preview:large, max-video-preview:-1\" \/>\n<link rel=\"canonical\" href=\"https:\/\/www.visit-ulcinj.com\/blog\/2008\/10\/09\/il-congresso-di-berlino-e-la-questione-di-ulcinj\/\" \/>\n<meta property=\"og:locale\" content=\"en_US\" \/>\n<meta property=\"og:type\" content=\"article\" \/>\n<meta property=\"og:title\" content=\"IL Congresso di Berlino e la questione di Ulcinj - Lajme nga Ulqini\" \/>\n<meta property=\"og:description\" content=\"Il 20 gennaio del 1878, nella guerra con la Turchia, il Montenegro conquist\u00f2Ulcinj. Con la Pace di Santo Stefano, la citt\u00e0 fu restituita alla Turchia,\" \/>\n<meta property=\"og:url\" content=\"https:\/\/www.visit-ulcinj.com\/blog\/2008\/10\/09\/il-congresso-di-berlino-e-la-questione-di-ulcinj\/\" \/>\n<meta property=\"og:site_name\" content=\"Lajme nga Ulqini\" \/>\n<meta property=\"article:published_time\" content=\"2008-10-09T17:41:08+00:00\" \/>\n<meta property=\"article:modified_time\" content=\"2008-10-17T18:21:00+00:00\" \/>\n<meta property=\"og:image\" content=\"http:\/\/www.visit-ulcinj.com\/blog\/wp-content\/uploads\/2008\/10\/berliner_kongress-300x151.jpg\" \/>\n<meta name=\"twitter:label1\" content=\"Written by\" \/>\n\t<meta name=\"twitter:data1\" content=\"ulqini\" \/>\n\t<meta name=\"twitter:label2\" content=\"Est. reading time\" \/>\n\t<meta name=\"twitter:data2\" content=\"6 minutes\" \/>\n<script type=\"application\/ld+json\" class=\"yoast-schema-graph\">{\"@context\":\"https:\/\/schema.org\",\"@graph\":[{\"@type\":\"WebSite\",\"@id\":\"https:\/\/www.visit-ulcinj.com\/blog\/#website\",\"url\":\"https:\/\/www.visit-ulcinj.com\/blog\/\",\"name\":\"Lajme nga Ulqini\",\"description\":\"Lajme,Vijesti,Ulqini,Ulqin,Crna Gora,Mali i Zi\",\"potentialAction\":[{\"@type\":\"SearchAction\",\"target\":{\"@type\":\"EntryPoint\",\"urlTemplate\":\"https:\/\/www.visit-ulcinj.com\/blog\/?s={search_term_string}\"},\"query-input\":\"required name=search_term_string\"}],\"inLanguage\":\"en-US\"},{\"@type\":\"ImageObject\",\"inLanguage\":\"en-US\",\"@id\":\"https:\/\/www.visit-ulcinj.com\/blog\/2008\/10\/09\/il-congresso-di-berlino-e-la-questione-di-ulcinj\/#primaryimage\",\"url\":\"http:\/\/www.visit-ulcinj.com\/blog\/wp-content\/uploads\/2008\/10\/berliner_kongress-300x151.jpg\",\"contentUrl\":\"http:\/\/www.visit-ulcinj.com\/blog\/wp-content\/uploads\/2008\/10\/berliner_kongress-300x151.jpg\"},{\"@type\":\"WebPage\",\"@id\":\"https:\/\/www.visit-ulcinj.com\/blog\/2008\/10\/09\/il-congresso-di-berlino-e-la-questione-di-ulcinj\/#webpage\",\"url\":\"https:\/\/www.visit-ulcinj.com\/blog\/2008\/10\/09\/il-congresso-di-berlino-e-la-questione-di-ulcinj\/\",\"name\":\"IL Congresso di Berlino e la questione di Ulcinj - Lajme nga Ulqini\",\"isPartOf\":{\"@id\":\"https:\/\/www.visit-ulcinj.com\/blog\/#website\"},\"primaryImageOfPage\":{\"@id\":\"https:\/\/www.visit-ulcinj.com\/blog\/2008\/10\/09\/il-congresso-di-berlino-e-la-questione-di-ulcinj\/#primaryimage\"},\"datePublished\":\"2008-10-09T17:41:08+00:00\",\"dateModified\":\"2008-10-17T18:21:00+00:00\",\"author\":{\"@id\":\"https:\/\/www.visit-ulcinj.com\/blog\/#\/schema\/person\/dcab619c614d3038751c63bc2aadc06d\"},\"description\":\"Il 20 gennaio del 1878, nella guerra con la Turchia, il Montenegro conquist\u00f2Ulcinj. Con la Pace di Santo Stefano, la citt\u00e0 fu restituita alla Turchia,\",\"breadcrumb\":{\"@id\":\"https:\/\/www.visit-ulcinj.com\/blog\/2008\/10\/09\/il-congresso-di-berlino-e-la-questione-di-ulcinj\/#breadcrumb\"},\"inLanguage\":\"en-US\",\"potentialAction\":[{\"@type\":\"ReadAction\",\"target\":[\"https:\/\/www.visit-ulcinj.com\/blog\/2008\/10\/09\/il-congresso-di-berlino-e-la-questione-di-ulcinj\/\"]}]},{\"@type\":\"BreadcrumbList\",\"@id\":\"https:\/\/www.visit-ulcinj.com\/blog\/2008\/10\/09\/il-congresso-di-berlino-e-la-questione-di-ulcinj\/#breadcrumb\",\"itemListElement\":[{\"@type\":\"ListItem\",\"position\":1,\"name\":\"IL Congresso di Berlino e la questione di Ulcinj\"}]},{\"@type\":\"Person\",\"@id\":\"https:\/\/www.visit-ulcinj.com\/blog\/#\/schema\/person\/dcab619c614d3038751c63bc2aadc06d\",\"name\":\"ulqini\",\"sameAs\":[\"http:\/\/www.visit-ulcinj.com\"],\"url\":\"https:\/\/www.visit-ulcinj.com\/blog\/author\/admin\/\"}]}<\/script>\n<!-- \/ Yoast SEO plugin. -->","yoast_head_json":{"title":"IL Congresso di Berlino e la questione di Ulcinj - Lajme nga Ulqini","description":"Il 20 gennaio del 1878, nella guerra con la Turchia, il Montenegro conquist\u00f2Ulcinj. Con la Pace di Santo Stefano, la citt\u00e0 fu restituita alla Turchia,","robots":{"index":"index","follow":"follow","max-snippet":"max-snippet:-1","max-image-preview":"max-image-preview:large","max-video-preview":"max-video-preview:-1"},"canonical":"https:\/\/www.visit-ulcinj.com\/blog\/2008\/10\/09\/il-congresso-di-berlino-e-la-questione-di-ulcinj\/","og_locale":"en_US","og_type":"article","og_title":"IL Congresso di Berlino e la questione di Ulcinj - Lajme nga Ulqini","og_description":"Il 20 gennaio del 1878, nella guerra con la Turchia, il Montenegro conquist\u00f2Ulcinj. Con la Pace di Santo Stefano, la citt\u00e0 fu restituita alla Turchia,","og_url":"https:\/\/www.visit-ulcinj.com\/blog\/2008\/10\/09\/il-congresso-di-berlino-e-la-questione-di-ulcinj\/","og_site_name":"Lajme nga Ulqini","article_published_time":"2008-10-09T17:41:08+00:00","article_modified_time":"2008-10-17T18:21:00+00:00","og_image":[{"url":"http:\/\/www.visit-ulcinj.com\/blog\/wp-content\/uploads\/2008\/10\/berliner_kongress-300x151.jpg"}],"twitter_misc":{"Written by":"ulqini","Est. reading time":"6 minutes"},"schema":{"@context":"https:\/\/schema.org","@graph":[{"@type":"WebSite","@id":"https:\/\/www.visit-ulcinj.com\/blog\/#website","url":"https:\/\/www.visit-ulcinj.com\/blog\/","name":"Lajme nga Ulqini","description":"Lajme,Vijesti,Ulqini,Ulqin,Crna Gora,Mali i Zi","potentialAction":[{"@type":"SearchAction","target":{"@type":"EntryPoint","urlTemplate":"https:\/\/www.visit-ulcinj.com\/blog\/?s={search_term_string}"},"query-input":"required name=search_term_string"}],"inLanguage":"en-US"},{"@type":"ImageObject","inLanguage":"en-US","@id":"https:\/\/www.visit-ulcinj.com\/blog\/2008\/10\/09\/il-congresso-di-berlino-e-la-questione-di-ulcinj\/#primaryimage","url":"http:\/\/www.visit-ulcinj.com\/blog\/wp-content\/uploads\/2008\/10\/berliner_kongress-300x151.jpg","contentUrl":"http:\/\/www.visit-ulcinj.com\/blog\/wp-content\/uploads\/2008\/10\/berliner_kongress-300x151.jpg"},{"@type":"WebPage","@id":"https:\/\/www.visit-ulcinj.com\/blog\/2008\/10\/09\/il-congresso-di-berlino-e-la-questione-di-ulcinj\/#webpage","url":"https:\/\/www.visit-ulcinj.com\/blog\/2008\/10\/09\/il-congresso-di-berlino-e-la-questione-di-ulcinj\/","name":"IL Congresso di Berlino e la questione di Ulcinj - Lajme nga Ulqini","isPartOf":{"@id":"https:\/\/www.visit-ulcinj.com\/blog\/#website"},"primaryImageOfPage":{"@id":"https:\/\/www.visit-ulcinj.com\/blog\/2008\/10\/09\/il-congresso-di-berlino-e-la-questione-di-ulcinj\/#primaryimage"},"datePublished":"2008-10-09T17:41:08+00:00","dateModified":"2008-10-17T18:21:00+00:00","author":{"@id":"https:\/\/www.visit-ulcinj.com\/blog\/#\/schema\/person\/dcab619c614d3038751c63bc2aadc06d"},"description":"Il 20 gennaio del 1878, nella guerra con la Turchia, il Montenegro conquist\u00f2Ulcinj. Con la Pace di Santo Stefano, la citt\u00e0 fu restituita alla Turchia,","breadcrumb":{"@id":"https:\/\/www.visit-ulcinj.com\/blog\/2008\/10\/09\/il-congresso-di-berlino-e-la-questione-di-ulcinj\/#breadcrumb"},"inLanguage":"en-US","potentialAction":[{"@type":"ReadAction","target":["https:\/\/www.visit-ulcinj.com\/blog\/2008\/10\/09\/il-congresso-di-berlino-e-la-questione-di-ulcinj\/"]}]},{"@type":"BreadcrumbList","@id":"https:\/\/www.visit-ulcinj.com\/blog\/2008\/10\/09\/il-congresso-di-berlino-e-la-questione-di-ulcinj\/#breadcrumb","itemListElement":[{"@type":"ListItem","position":1,"name":"IL Congresso di Berlino e la questione di Ulcinj"}]},{"@type":"Person","@id":"https:\/\/www.visit-ulcinj.com\/blog\/#\/schema\/person\/dcab619c614d3038751c63bc2aadc06d","name":"ulqini","sameAs":["http:\/\/www.visit-ulcinj.com"],"url":"https:\/\/www.visit-ulcinj.com\/blog\/author\/admin\/"}]}},"jetpack_featured_media_url":"","jetpack_sharing_enabled":true,"jetpack_shortlink":"https:\/\/wp.me\/pe6lTn-13W","_links":{"self":[{"href":"https:\/\/www.visit-ulcinj.com\/blog\/wp-json\/wp\/v2\/posts\/4088"}],"collection":[{"href":"https:\/\/www.visit-ulcinj.com\/blog\/wp-json\/wp\/v2\/posts"}],"about":[{"href":"https:\/\/www.visit-ulcinj.com\/blog\/wp-json\/wp\/v2\/types\/post"}],"author":[{"embeddable":true,"href":"https:\/\/www.visit-ulcinj.com\/blog\/wp-json\/wp\/v2\/users\/1"}],"replies":[{"embeddable":true,"href":"https:\/\/www.visit-ulcinj.com\/blog\/wp-json\/wp\/v2\/comments?post=4088"}],"version-history":[{"count":0,"href":"https:\/\/www.visit-ulcinj.com\/blog\/wp-json\/wp\/v2\/posts\/4088\/revisions"}],"wp:attachment":[{"href":"https:\/\/www.visit-ulcinj.com\/blog\/wp-json\/wp\/v2\/media?parent=4088"}],"wp:term":[{"taxonomy":"category","embeddable":true,"href":"https:\/\/www.visit-ulcinj.com\/blog\/wp-json\/wp\/v2\/categories?post=4088"},{"taxonomy":"post_tag","embeddable":true,"href":"https:\/\/www.visit-ulcinj.com\/blog\/wp-json\/wp\/v2\/tags?post=4088"}],"curies":[{"name":"wp","href":"https:\/\/api.w.org\/{rel}","templated":true}]}}