{"id":40885,"date":"2010-12-11T15:07:24","date_gmt":"2010-12-11T14:07:24","guid":{"rendered":"http:\/\/www.visit-ulcinj.com\/blog\/?p=40885"},"modified":"2010-12-11T15:08:41","modified_gmt":"2010-12-11T14:08:41","slug":"dafina-zeqiri-do-te-festoje-nderrimin-e-viteve-ne-zvicer","status":"publish","type":"post","link":"https:\/\/www.visit-ulcinj.com\/blog\/2010\/12\/11\/dafina-zeqiri-do-te-festoje-nderrimin-e-viteve-ne-zvicer\/","title":{"rendered":"Dafina Zeqiri do t\u00eb festoj\u00eb nd\u00ebrrimin e viteve n\u00eb Zvic\u00ebr"},"content":{"rendered":"<p><a href=\"http:\/\/www.visit-ulcinj.com\/blog\/wp-content\/uploads\/2010\/12\/Dafina-Zeqiri-1.jpg\"><img loading=\"lazy\" class=\"alignleft size-full wp-image-40888\" title=\"Dafina-Zeqiri-1\" src=\"http:\/\/www.visit-ulcinj.com\/blog\/wp-content\/uploads\/2010\/12\/Dafina-Zeqiri-1.jpg\" alt=\"\" width=\"508\" height=\"339\" \/><\/a><\/p>\n<p>K\u00ebng\u00ebtarja Dafina Zeqiri, nj\u00eb nd\u00ebr emrat m\u00eb t\u00eb k\u00ebrkuar n\u00eb tregun muzikor p\u00ebr momentin, k\u00ebt\u00eb vit do t\u00eb festoj\u00eb nd\u00ebrrimin e viteve n\u00eb diskotekat shqiptare n\u00eb Zvic\u00ebr dhe pik\u00ebrisht n\u00eb Zurich, aty ku mblidhen gjith\u00eb shqiptar\u00ebt p\u00ebr t\u00eb festuar.Para se t\u00eb arrij\u00eb festa e madhe, k\u00ebng\u00ebtarja do t\u00eb performoj\u00eb n\u00eb disa koncerte n\u00ebp\u00ebr Gjermani dhe Angli, kurse pastaj do t\u00eb kthehet n\u00eb Zvic\u00ebr ku do t\u00eb pres\u00eb Vitin e Ri.<\/p>\n<p><a href=\"http:\/\/www.visit-ulcinj.com\/blog\/wp-content\/uploads\/2010\/12\/2po2-feat.-Tuna-Dafina-Zeqiri-1.jpg\"><img loading=\"lazy\" class=\"alignleft size-full wp-image-40887\" title=\"2po2 feat. Tuna &amp; Dafina Zeqiri - 1\" src=\"http:\/\/www.visit-ulcinj.com\/blog\/wp-content\/uploads\/2010\/12\/2po2-feat.-Tuna-Dafina-Zeqiri-1.jpg\" alt=\"\" width=\"508\" height=\"339\" \/><\/a><\/p>\n<p>Edhe pse \u00ebsht\u00eb e re n\u00eb karrier\u00eb, me nj\u00eb album profesional, Dafina ka arritur sukses t\u00eb konsideruesh\u00ebm n\u00eb krahasim me disa kolege t\u00eb tjera, e kjo fal\u00eb vokalit dhe pamjes s\u00eb saj. Zakonisht, p\u00ebr nj\u00eb koncert Dafina paguhet rreth 3 mij\u00eb euro, nd\u00ebrsa kur b\u00ebhet fjal\u00eb p\u00ebr nj\u00eb tur koncertesh, at\u00ebher\u00eb k\u00ebng\u00ebtar\u00ebt dakordohen q\u00eb 3-4 mbr\u00ebmje t\u00eb paguhen n\u00eb nj\u00eb \u00e7mim, nd\u00ebrkoh\u00eb p\u00ebr festa sigurisht q\u00eb \u00e7mimi ngritet m\u00eb lart dhe Dafina mund t\u00eb paguhet deri n\u00eb 5-6 mij\u00eb euro.<\/p>\n<p><a href=\"http:\/\/www.visit-ulcinj.com\/blog\/wp-content\/uploads\/2010\/12\/Dafina-Zeqiri-Rock-This-Club-Promo.jpg\"><img loading=\"lazy\" class=\"alignleft size-full wp-image-40889\" title=\"Dafina-Zeqiri-Rock-This-Club-Promo\" src=\"http:\/\/www.visit-ulcinj.com\/blog\/wp-content\/uploads\/2010\/12\/Dafina-Zeqiri-Rock-This-Club-Promo.jpg\" alt=\"\" width=\"508\" height=\"230\" \/><\/a><\/p>\n<p>Sa u p\u00ebrket k\u00ebng\u00ebve t\u00eb reja, ajo p\u00ebr momentin ka lan\u00e7uar duetin me Ledrin me titull \u201cPo m\u2019p\u00eblqen\u201d, kurse k\u00ebng\u00eb t\u00eb tjera nuk ka realizuar. Klipi i k\u00ebsaj k\u00ebnge do t\u00eb jet\u00eb gati diku n\u00eb fundi i dhjetorit, para festave.<\/p>\n<!--YouTube Error: bad URL entered-->\n","protected":false},"excerpt":{"rendered":"<p>K\u00ebng\u00ebtarja Dafina Zeqiri, nj\u00eb nd\u00ebr emrat m\u00eb t\u00eb k\u00ebrkuar n\u00eb tregun muzikor p\u00ebr momentin, k\u00ebt\u00eb vit do t\u00eb festoj\u00eb nd\u00ebrrimin e viteve n\u00eb diskotekat shqiptare n\u00eb Zvic\u00ebr dhe pik\u00ebrisht n\u00eb Zurich, aty ku mblidhen gjith\u00eb shqiptar\u00ebt p\u00ebr t\u00eb festuar.Para se t\u00eb arrij\u00eb festa e madhe, k\u00ebng\u00ebtarja do t\u00eb performoj\u00eb n\u00eb disa koncerte n\u00ebp\u00ebr Gjermani dhe [&hellip;]<\/p>\n","protected":false},"author":1,"featured_media":0,"comment_status":"open","ping_status":"closed","sticky":false,"template":"","format":"standard","meta":{"spay_email":"","jetpack_publicize_message":"","jetpack_is_tweetstorm":false,"jetpack_publicize_feature_enabled":true},"categories":[1],"tags":[4926,16585,16584,7851],"jetpack_publicize_connections":[],"yoast_head":"<!-- This site is optimized with the Yoast SEO plugin v19.1 - https:\/\/yoast.com\/wordpress\/plugins\/seo\/ -->\n<title>Dafina Zeqiri do t\u00eb festoj\u00eb nd\u00ebrrimin e viteve n\u00eb Zvic\u00ebr - Lajme nga Ulqini<\/title>\n<meta name=\"description\" content=\"K\u00ebng\u00ebtarja Dafina Zeqiri, nj\u00eb nd\u00ebr emrat m\u00eb t\u00eb k\u00ebrkuar n\u00eb tregun muzikor p\u00ebr momentin, k\u00ebt\u00eb vit do t\u00eb festoj\u00eb nd\u00ebrrimin e viteve n\u00eb diskotekat shqiptare\" \/>\n<meta name=\"robots\" content=\"index, follow, max-snippet:-1, max-image-preview:large, max-video-preview:-1\" \/>\n<link rel=\"canonical\" href=\"https:\/\/www.visit-ulcinj.com\/blog\/2010\/12\/11\/dafina-zeqiri-do-te-festoje-nderrimin-e-viteve-ne-zvicer\/\" \/>\n<meta property=\"og:locale\" content=\"en_US\" \/>\n<meta property=\"og:type\" content=\"article\" \/>\n<meta property=\"og:title\" content=\"Dafina Zeqiri do t\u00eb festoj\u00eb nd\u00ebrrimin e viteve n\u00eb Zvic\u00ebr - Lajme nga Ulqini\" \/>\n<meta property=\"og:description\" content=\"K\u00ebng\u00ebtarja Dafina Zeqiri, nj\u00eb nd\u00ebr emrat m\u00eb t\u00eb k\u00ebrkuar n\u00eb tregun muzikor p\u00ebr momentin, k\u00ebt\u00eb vit do t\u00eb festoj\u00eb nd\u00ebrrimin e viteve n\u00eb diskotekat shqiptare\" \/>\n<meta property=\"og:url\" content=\"https:\/\/www.visit-ulcinj.com\/blog\/2010\/12\/11\/dafina-zeqiri-do-te-festoje-nderrimin-e-viteve-ne-zvicer\/\" \/>\n<meta property=\"og:site_name\" content=\"Lajme nga Ulqini\" \/>\n<meta property=\"article:published_time\" content=\"2010-12-11T14:07:24+00:00\" \/>\n<meta property=\"article:modified_time\" content=\"2010-12-11T14:08:41+00:00\" \/>\n<meta property=\"og:image\" content=\"http:\/\/www.visit-ulcinj.com\/blog\/wp-content\/uploads\/2010\/12\/Dafina-Zeqiri-1.jpg\" \/>\n<meta name=\"twitter:label1\" content=\"Written by\" \/>\n\t<meta name=\"twitter:data1\" content=\"ulqini\" \/>\n\t<meta name=\"twitter:label2\" content=\"Est. reading time\" \/>\n\t<meta name=\"twitter:data2\" content=\"1 minute\" \/>\n<script type=\"application\/ld+json\" class=\"yoast-schema-graph\">{\"@context\":\"https:\/\/schema.org\",\"@graph\":[{\"@type\":\"WebSite\",\"@id\":\"https:\/\/www.visit-ulcinj.com\/blog\/#website\",\"url\":\"https:\/\/www.visit-ulcinj.com\/blog\/\",\"name\":\"Lajme nga Ulqini\",\"description\":\"Lajme,Vijesti,Ulqini,Ulqin,Crna Gora,Mali i Zi\",\"potentialAction\":[{\"@type\":\"SearchAction\",\"target\":{\"@type\":\"EntryPoint\",\"urlTemplate\":\"https:\/\/www.visit-ulcinj.com\/blog\/?s={search_term_string}\"},\"query-input\":\"required name=search_term_string\"}],\"inLanguage\":\"en-US\"},{\"@type\":\"ImageObject\",\"inLanguage\":\"en-US\",\"@id\":\"https:\/\/www.visit-ulcinj.com\/blog\/2010\/12\/11\/dafina-zeqiri-do-te-festoje-nderrimin-e-viteve-ne-zvicer\/#primaryimage\",\"url\":\"http:\/\/www.visit-ulcinj.com\/blog\/wp-content\/uploads\/2010\/12\/Dafina-Zeqiri-1.jpg\",\"contentUrl\":\"http:\/\/www.visit-ulcinj.com\/blog\/wp-content\/uploads\/2010\/12\/Dafina-Zeqiri-1.jpg\"},{\"@type\":\"WebPage\",\"@id\":\"https:\/\/www.visit-ulcinj.com\/blog\/2010\/12\/11\/dafina-zeqiri-do-te-festoje-nderrimin-e-viteve-ne-zvicer\/#webpage\",\"url\":\"https:\/\/www.visit-ulcinj.com\/blog\/2010\/12\/11\/dafina-zeqiri-do-te-festoje-nderrimin-e-viteve-ne-zvicer\/\",\"name\":\"Dafina Zeqiri do t\u00eb festoj\u00eb nd\u00ebrrimin e viteve n\u00eb Zvic\u00ebr - Lajme nga Ulqini\",\"isPartOf\":{\"@id\":\"https:\/\/www.visit-ulcinj.com\/blog\/#website\"},\"primaryImageOfPage\":{\"@id\":\"https:\/\/www.visit-ulcinj.com\/blog\/2010\/12\/11\/dafina-zeqiri-do-te-festoje-nderrimin-e-viteve-ne-zvicer\/#primaryimage\"},\"datePublished\":\"2010-12-11T14:07:24+00:00\",\"dateModified\":\"2010-12-11T14:08:41+00:00\",\"author\":{\"@id\":\"https:\/\/www.visit-ulcinj.com\/blog\/#\/schema\/person\/dcab619c614d3038751c63bc2aadc06d\"},\"description\":\"K\u00ebng\u00ebtarja Dafina Zeqiri, nj\u00eb nd\u00ebr emrat m\u00eb t\u00eb k\u00ebrkuar n\u00eb tregun muzikor p\u00ebr momentin, k\u00ebt\u00eb vit do t\u00eb festoj\u00eb nd\u00ebrrimin e viteve n\u00eb diskotekat shqiptare\",\"breadcrumb\":{\"@id\":\"https:\/\/www.visit-ulcinj.com\/blog\/2010\/12\/11\/dafina-zeqiri-do-te-festoje-nderrimin-e-viteve-ne-zvicer\/#breadcrumb\"},\"inLanguage\":\"en-US\",\"potentialAction\":[{\"@type\":\"ReadAction\",\"target\":[\"https:\/\/www.visit-ulcinj.com\/blog\/2010\/12\/11\/dafina-zeqiri-do-te-festoje-nderrimin-e-viteve-ne-zvicer\/\"]}]},{\"@type\":\"BreadcrumbList\",\"@id\":\"https:\/\/www.visit-ulcinj.com\/blog\/2010\/12\/11\/dafina-zeqiri-do-te-festoje-nderrimin-e-viteve-ne-zvicer\/#breadcrumb\",\"itemListElement\":[{\"@type\":\"ListItem\",\"position\":1,\"name\":\"Dafina Zeqiri do t\u00eb festoj\u00eb nd\u00ebrrimin e viteve n\u00eb Zvic\u00ebr\"}]},{\"@type\":\"Person\",\"@id\":\"https:\/\/www.visit-ulcinj.com\/blog\/#\/schema\/person\/dcab619c614d3038751c63bc2aadc06d\",\"name\":\"ulqini\",\"sameAs\":[\"http:\/\/www.visit-ulcinj.com\"],\"url\":\"https:\/\/www.visit-ulcinj.com\/blog\/author\/admin\/\"}]}<\/script>\n<!-- \/ Yoast SEO plugin. -->","yoast_head_json":{"title":"Dafina Zeqiri do t\u00eb festoj\u00eb nd\u00ebrrimin e viteve n\u00eb Zvic\u00ebr - Lajme nga Ulqini","description":"K\u00ebng\u00ebtarja Dafina Zeqiri, nj\u00eb nd\u00ebr emrat m\u00eb t\u00eb k\u00ebrkuar n\u00eb tregun muzikor p\u00ebr momentin, k\u00ebt\u00eb vit do t\u00eb festoj\u00eb nd\u00ebrrimin e viteve n\u00eb diskotekat shqiptare","robots":{"index":"index","follow":"follow","max-snippet":"max-snippet:-1","max-image-preview":"max-image-preview:large","max-video-preview":"max-video-preview:-1"},"canonical":"https:\/\/www.visit-ulcinj.com\/blog\/2010\/12\/11\/dafina-zeqiri-do-te-festoje-nderrimin-e-viteve-ne-zvicer\/","og_locale":"en_US","og_type":"article","og_title":"Dafina Zeqiri do t\u00eb festoj\u00eb nd\u00ebrrimin e viteve n\u00eb Zvic\u00ebr - Lajme nga Ulqini","og_description":"K\u00ebng\u00ebtarja Dafina Zeqiri, nj\u00eb nd\u00ebr emrat m\u00eb t\u00eb k\u00ebrkuar n\u00eb tregun muzikor p\u00ebr momentin, k\u00ebt\u00eb vit do t\u00eb festoj\u00eb nd\u00ebrrimin e viteve n\u00eb diskotekat shqiptare","og_url":"https:\/\/www.visit-ulcinj.com\/blog\/2010\/12\/11\/dafina-zeqiri-do-te-festoje-nderrimin-e-viteve-ne-zvicer\/","og_site_name":"Lajme nga Ulqini","article_published_time":"2010-12-11T14:07:24+00:00","article_modified_time":"2010-12-11T14:08:41+00:00","og_image":[{"url":"http:\/\/www.visit-ulcinj.com\/blog\/wp-content\/uploads\/2010\/12\/Dafina-Zeqiri-1.jpg"}],"twitter_misc":{"Written by":"ulqini","Est. reading time":"1 minute"},"schema":{"@context":"https:\/\/schema.org","@graph":[{"@type":"WebSite","@id":"https:\/\/www.visit-ulcinj.com\/blog\/#website","url":"https:\/\/www.visit-ulcinj.com\/blog\/","name":"Lajme nga Ulqini","description":"Lajme,Vijesti,Ulqini,Ulqin,Crna Gora,Mali i Zi","potentialAction":[{"@type":"SearchAction","target":{"@type":"EntryPoint","urlTemplate":"https:\/\/www.visit-ulcinj.com\/blog\/?s={search_term_string}"},"query-input":"required name=search_term_string"}],"inLanguage":"en-US"},{"@type":"ImageObject","inLanguage":"en-US","@id":"https:\/\/www.visit-ulcinj.com\/blog\/2010\/12\/11\/dafina-zeqiri-do-te-festoje-nderrimin-e-viteve-ne-zvicer\/#primaryimage","url":"http:\/\/www.visit-ulcinj.com\/blog\/wp-content\/uploads\/2010\/12\/Dafina-Zeqiri-1.jpg","contentUrl":"http:\/\/www.visit-ulcinj.com\/blog\/wp-content\/uploads\/2010\/12\/Dafina-Zeqiri-1.jpg"},{"@type":"WebPage","@id":"https:\/\/www.visit-ulcinj.com\/blog\/2010\/12\/11\/dafina-zeqiri-do-te-festoje-nderrimin-e-viteve-ne-zvicer\/#webpage","url":"https:\/\/www.visit-ulcinj.com\/blog\/2010\/12\/11\/dafina-zeqiri-do-te-festoje-nderrimin-e-viteve-ne-zvicer\/","name":"Dafina Zeqiri do t\u00eb festoj\u00eb nd\u00ebrrimin e viteve n\u00eb Zvic\u00ebr - Lajme nga Ulqini","isPartOf":{"@id":"https:\/\/www.visit-ulcinj.com\/blog\/#website"},"primaryImageOfPage":{"@id":"https:\/\/www.visit-ulcinj.com\/blog\/2010\/12\/11\/dafina-zeqiri-do-te-festoje-nderrimin-e-viteve-ne-zvicer\/#primaryimage"},"datePublished":"2010-12-11T14:07:24+00:00","dateModified":"2010-12-11T14:08:41+00:00","author":{"@id":"https:\/\/www.visit-ulcinj.com\/blog\/#\/schema\/person\/dcab619c614d3038751c63bc2aadc06d"},"description":"K\u00ebng\u00ebtarja Dafina Zeqiri, nj\u00eb nd\u00ebr emrat m\u00eb t\u00eb k\u00ebrkuar n\u00eb tregun muzikor p\u00ebr momentin, k\u00ebt\u00eb vit do t\u00eb festoj\u00eb nd\u00ebrrimin e viteve n\u00eb diskotekat shqiptare","breadcrumb":{"@id":"https:\/\/www.visit-ulcinj.com\/blog\/2010\/12\/11\/dafina-zeqiri-do-te-festoje-nderrimin-e-viteve-ne-zvicer\/#breadcrumb"},"inLanguage":"en-US","potentialAction":[{"@type":"ReadAction","target":["https:\/\/www.visit-ulcinj.com\/blog\/2010\/12\/11\/dafina-zeqiri-do-te-festoje-nderrimin-e-viteve-ne-zvicer\/"]}]},{"@type":"BreadcrumbList","@id":"https:\/\/www.visit-ulcinj.com\/blog\/2010\/12\/11\/dafina-zeqiri-do-te-festoje-nderrimin-e-viteve-ne-zvicer\/#breadcrumb","itemListElement":[{"@type":"ListItem","position":1,"name":"Dafina Zeqiri do t\u00eb festoj\u00eb nd\u00ebrrimin e viteve n\u00eb Zvic\u00ebr"}]},{"@type":"Person","@id":"https:\/\/www.visit-ulcinj.com\/blog\/#\/schema\/person\/dcab619c614d3038751c63bc2aadc06d","name":"ulqini","sameAs":["http:\/\/www.visit-ulcinj.com"],"url":"https:\/\/www.visit-ulcinj.com\/blog\/author\/admin\/"}]}},"jetpack_featured_media_url":"","jetpack_sharing_enabled":true,"jetpack_shortlink":"https:\/\/wp.me\/pe6lTn-aDr","_links":{"self":[{"href":"https:\/\/www.visit-ulcinj.com\/blog\/wp-json\/wp\/v2\/posts\/40885"}],"collection":[{"href":"https:\/\/www.visit-ulcinj.com\/blog\/wp-json\/wp\/v2\/posts"}],"about":[{"href":"https:\/\/www.visit-ulcinj.com\/blog\/wp-json\/wp\/v2\/types\/post"}],"author":[{"embeddable":true,"href":"https:\/\/www.visit-ulcinj.com\/blog\/wp-json\/wp\/v2\/users\/1"}],"replies":[{"embeddable":true,"href":"https:\/\/www.visit-ulcinj.com\/blog\/wp-json\/wp\/v2\/comments?post=40885"}],"version-history":[{"count":0,"href":"https:\/\/www.visit-ulcinj.com\/blog\/wp-json\/wp\/v2\/posts\/40885\/revisions"}],"wp:attachment":[{"href":"https:\/\/www.visit-ulcinj.com\/blog\/wp-json\/wp\/v2\/media?parent=40885"}],"wp:term":[{"taxonomy":"category","embeddable":true,"href":"https:\/\/www.visit-ulcinj.com\/blog\/wp-json\/wp\/v2\/categories?post=40885"},{"taxonomy":"post_tag","embeddable":true,"href":"https:\/\/www.visit-ulcinj.com\/blog\/wp-json\/wp\/v2\/tags?post=40885"}],"curies":[{"name":"wp","href":"https:\/\/api.w.org\/{rel}","templated":true}]}}