{"id":40886,"date":"2010-12-11T15:07:48","date_gmt":"2010-12-11T14:07:48","guid":{"rendered":"http:\/\/www.visit-ulcinj.com\/blog\/?p=40886"},"modified":"2010-12-11T15:09:17","modified_gmt":"2010-12-11T14:09:17","slug":"vershim-mbeturinash-ne-plazhin-a-madh-te-ulqinit","status":"publish","type":"post","link":"https:\/\/www.visit-ulcinj.com\/blog\/2010\/12\/11\/vershim-mbeturinash-ne-plazhin-a-madh-te-ulqinit\/","title":{"rendered":"V\u00ebrshim mbeturinash n\u00eb Plazhin a Madh t\u00eb Ulqinit"},"content":{"rendered":"<p><a href=\"http:\/\/www.visit-ulcinj.com\/blog\/wp-content\/uploads\/2010\/12\/Pastrim-mbeturinash-ne-Plazhin-a-Madh-te-Ulqinit.jpg\"><img loading=\"lazy\" class=\"alignleft size-full wp-image-40890\" title=\"Pastrim mbeturinash ne Plazhin a Madh te Ulqinit\" src=\"http:\/\/www.visit-ulcinj.com\/blog\/wp-content\/uploads\/2010\/12\/Pastrim-mbeturinash-ne-Plazhin-a-Madh-te-Ulqinit.jpg\" alt=\"\" width=\"640\" height=\"370\" \/><\/a>Ulqin, 11 dhjetor &#8211; Plazhi i Madh i Ulqinit, me nj\u00eb gjat\u00ebsi prej 12 kilometrash, \u00ebsht\u00eb v\u00ebrshuar nga plehrat q\u00eb i ka sjell\u00eb rritja e shtratit t\u00eb lumit nd\u00ebrkufitar t\u00eb Bun\u00ebs. Te banor\u00ebt gravitues n\u00eb Shtoj \u00ebsht\u00eb rritur paniku nga p\u00ebrhapja e s\u00ebmundjeve ngjit\u00ebse.<br \/>\nGjykuar sipas etiketave t\u00eb shisheve t\u00eb plastik\u00ebs, ambalazhit, mbetjeve mjek\u00ebsore dhe pajisjeve elektro-sht\u00ebpiake, jo zyrtarisht thuhet se k\u00ebto mbeturina e kan\u00eb origjin\u00ebn nga Shqip\u00ebria dhe bregdeti i Malit t\u00eb Zi.<br \/>\nVeprimtari i njohur i mjedisit, ulqinaku Xhelal Hoxhiq, kryetar i organizat\u00ebs joqeveritare \u201cHapi i gjelb\u00ebr\u201d, tha p\u00ebr KosovaLive se ndotje t\u00eb tilla kan\u00eb qen\u00eb dukuri e rregullt, por sivjet \u00ebsht\u00eb rritur si rezultat i rritjes s\u00eb nivelit t\u00eb Bun\u00ebs.<br \/>\n\u201cBuna, pas rritjes s\u00eb nivelit t\u00eb saj, rr\u00ebmben t\u00eb gjitha mbetjet buz\u00eb lumit dhe i derdh ato n\u00eb Adriatik, t\u00eb cilat pastaj val\u00ebt e detit i shtrijn\u00eb n\u00eb plazhe\u201d, tha Xhelali.<br \/>\nDrejtori i Sht\u00ebpis\u00eb s\u00eb Sh\u00ebndetit dhe an\u00ebtar i Shtabit t\u00eb emergjenc\u00ebs n\u00eb Ulqin, d.Gani Karamanaga tha se aktualisht nuk ekziston ndonj\u00eb gjendje alarmante, por ai porosit qytetar\u00ebt q\u00eb t\u00eb mos i prekin plehrat p\u00ebrgjat\u00eb Plazhit t\u00eb Madh.<br \/>\nNd\u00ebrmarrja e t\u00eb mirave t\u00eb detit, me seli n\u00eb Budva, dit\u00ebn e premte u ka d\u00ebrguar urdh\u00ebres\u00eb qiramarr\u00ebsve t\u00eb plazheve n\u00eb bregdetin e Ulqinit q\u00eb menj\u00ebher\u00eb t&#8217;i pastrojn\u00eb ato, sepse ky obligim \u00ebsht\u00eb i p\u00ebrcaktuar me kontrat\u00ebn e qiramarrjes s\u00eb plazheve. Ata pas sezonit turistik nuk i pastrojn\u00eb m\u00eb ato, dhe k\u00ebtij ambienti i japin nj\u00eb imazh shum\u00eb t\u00eb sh\u00ebmtuar.<br \/>\nQiramarr\u00ebsit nuk jan\u00eb vet\u00ebm nga Ulqini, por edhe nga Kosova, Shqip\u00ebria, madje edhe nga Rusia.<\/p>\n<p><strong>KOHA NET<br \/>\n<\/strong><strong>[flv width=&#8221;490&#8243;  height=&#8221;390&#8243;]http:\/\/video1.top-channel.tv\/18754796\/flv\/kronika\/NDOTJAMALZI.flv[\/flv]<\/strong><\/p>\n","protected":false},"excerpt":{"rendered":"<p>Ulqin, 11 dhjetor &#8211; Plazhi i Madh i Ulqinit, me nj\u00eb gjat\u00ebsi prej 12 kilometrash, \u00ebsht\u00eb v\u00ebrshuar nga plehrat q\u00eb i ka sjell\u00eb rritja e shtratit t\u00eb lumit nd\u00ebrkufitar t\u00eb Bun\u00ebs. Te banor\u00ebt gravitues n\u00eb Shtoj \u00ebsht\u00eb rritur paniku nga p\u00ebrhapja e s\u00ebmundjeve ngjit\u00ebse. Gjykuar sipas etiketave t\u00eb shisheve t\u00eb plastik\u00ebs, ambalazhit, mbetjeve mjek\u00ebsore dhe [&hellip;]<\/p>\n","protected":false},"author":1,"featured_media":0,"comment_status":"open","ping_status":"closed","sticky":false,"template":"","format":"standard","meta":{"spay_email":"","jetpack_publicize_message":"","jetpack_is_tweetstorm":false,"jetpack_publicize_feature_enabled":true},"categories":[15],"tags":[16586,2203,2211,200],"jetpack_publicize_connections":[],"yoast_head":"<!-- This site is optimized with the Yoast SEO plugin v19.1 - https:\/\/yoast.com\/wordpress\/plugins\/seo\/ -->\n<title>V\u00ebrshim mbeturinash n\u00eb Plazhin a Madh t\u00eb Ulqinit - Lajme nga Ulqini<\/title>\n<meta name=\"description\" content=\"Ulqin, 11 dhjetor - Plazhi i Madh i Ulqinit, me nj\u00eb gjat\u00ebsi prej 12 kilometrash, \u00ebsht\u00eb v\u00ebrshuar nga plehrat q\u00eb i ka sjell\u00eb rritja e shtratit t\u00eb lumit\" \/>\n<meta name=\"robots\" content=\"index, follow, max-snippet:-1, max-image-preview:large, max-video-preview:-1\" \/>\n<link rel=\"canonical\" href=\"https:\/\/www.visit-ulcinj.com\/blog\/2010\/12\/11\/vershim-mbeturinash-ne-plazhin-a-madh-te-ulqinit\/\" \/>\n<meta property=\"og:locale\" content=\"en_US\" \/>\n<meta property=\"og:type\" content=\"article\" \/>\n<meta property=\"og:title\" content=\"V\u00ebrshim mbeturinash n\u00eb Plazhin a Madh t\u00eb Ulqinit - Lajme nga Ulqini\" \/>\n<meta property=\"og:description\" content=\"Ulqin, 11 dhjetor - Plazhi i Madh i Ulqinit, me nj\u00eb gjat\u00ebsi prej 12 kilometrash, \u00ebsht\u00eb v\u00ebrshuar nga plehrat q\u00eb i ka sjell\u00eb rritja e shtratit t\u00eb lumit\" \/>\n<meta property=\"og:url\" content=\"https:\/\/www.visit-ulcinj.com\/blog\/2010\/12\/11\/vershim-mbeturinash-ne-plazhin-a-madh-te-ulqinit\/\" \/>\n<meta property=\"og:site_name\" content=\"Lajme nga Ulqini\" \/>\n<meta property=\"article:published_time\" content=\"2010-12-11T14:07:48+00:00\" \/>\n<meta property=\"article:modified_time\" content=\"2010-12-11T14:09:17+00:00\" \/>\n<meta property=\"og:image\" content=\"http:\/\/www.visit-ulcinj.com\/blog\/wp-content\/uploads\/2010\/12\/Pastrim-mbeturinash-ne-Plazhin-a-Madh-te-Ulqinit.jpg\" \/>\n<meta name=\"twitter:label1\" content=\"Written by\" \/>\n\t<meta name=\"twitter:data1\" content=\"ulqini\" \/>\n\t<meta name=\"twitter:label2\" content=\"Est. reading time\" \/>\n\t<meta name=\"twitter:data2\" content=\"2 minutes\" \/>\n<script type=\"application\/ld+json\" class=\"yoast-schema-graph\">{\"@context\":\"https:\/\/schema.org\",\"@graph\":[{\"@type\":\"WebSite\",\"@id\":\"https:\/\/www.visit-ulcinj.com\/blog\/#website\",\"url\":\"https:\/\/www.visit-ulcinj.com\/blog\/\",\"name\":\"Lajme nga Ulqini\",\"description\":\"Lajme,Vijesti,Ulqini,Ulqin,Crna Gora,Mali i Zi\",\"potentialAction\":[{\"@type\":\"SearchAction\",\"target\":{\"@type\":\"EntryPoint\",\"urlTemplate\":\"https:\/\/www.visit-ulcinj.com\/blog\/?s={search_term_string}\"},\"query-input\":\"required name=search_term_string\"}],\"inLanguage\":\"en-US\"},{\"@type\":\"ImageObject\",\"inLanguage\":\"en-US\",\"@id\":\"https:\/\/www.visit-ulcinj.com\/blog\/2010\/12\/11\/vershim-mbeturinash-ne-plazhin-a-madh-te-ulqinit\/#primaryimage\",\"url\":\"http:\/\/www.visit-ulcinj.com\/blog\/wp-content\/uploads\/2010\/12\/Pastrim-mbeturinash-ne-Plazhin-a-Madh-te-Ulqinit.jpg\",\"contentUrl\":\"http:\/\/www.visit-ulcinj.com\/blog\/wp-content\/uploads\/2010\/12\/Pastrim-mbeturinash-ne-Plazhin-a-Madh-te-Ulqinit.jpg\"},{\"@type\":\"WebPage\",\"@id\":\"https:\/\/www.visit-ulcinj.com\/blog\/2010\/12\/11\/vershim-mbeturinash-ne-plazhin-a-madh-te-ulqinit\/#webpage\",\"url\":\"https:\/\/www.visit-ulcinj.com\/blog\/2010\/12\/11\/vershim-mbeturinash-ne-plazhin-a-madh-te-ulqinit\/\",\"name\":\"V\u00ebrshim mbeturinash n\u00eb Plazhin a Madh t\u00eb Ulqinit - Lajme nga Ulqini\",\"isPartOf\":{\"@id\":\"https:\/\/www.visit-ulcinj.com\/blog\/#website\"},\"primaryImageOfPage\":{\"@id\":\"https:\/\/www.visit-ulcinj.com\/blog\/2010\/12\/11\/vershim-mbeturinash-ne-plazhin-a-madh-te-ulqinit\/#primaryimage\"},\"datePublished\":\"2010-12-11T14:07:48+00:00\",\"dateModified\":\"2010-12-11T14:09:17+00:00\",\"author\":{\"@id\":\"https:\/\/www.visit-ulcinj.com\/blog\/#\/schema\/person\/dcab619c614d3038751c63bc2aadc06d\"},\"description\":\"Ulqin, 11 dhjetor - Plazhi i Madh i Ulqinit, me nj\u00eb gjat\u00ebsi prej 12 kilometrash, \u00ebsht\u00eb v\u00ebrshuar nga plehrat q\u00eb i ka sjell\u00eb rritja e shtratit t\u00eb lumit\",\"breadcrumb\":{\"@id\":\"https:\/\/www.visit-ulcinj.com\/blog\/2010\/12\/11\/vershim-mbeturinash-ne-plazhin-a-madh-te-ulqinit\/#breadcrumb\"},\"inLanguage\":\"en-US\",\"potentialAction\":[{\"@type\":\"ReadAction\",\"target\":[\"https:\/\/www.visit-ulcinj.com\/blog\/2010\/12\/11\/vershim-mbeturinash-ne-plazhin-a-madh-te-ulqinit\/\"]}]},{\"@type\":\"BreadcrumbList\",\"@id\":\"https:\/\/www.visit-ulcinj.com\/blog\/2010\/12\/11\/vershim-mbeturinash-ne-plazhin-a-madh-te-ulqinit\/#breadcrumb\",\"itemListElement\":[{\"@type\":\"ListItem\",\"position\":1,\"name\":\"V\u00ebrshim mbeturinash n\u00eb Plazhin a Madh t\u00eb Ulqinit\"}]},{\"@type\":\"Person\",\"@id\":\"https:\/\/www.visit-ulcinj.com\/blog\/#\/schema\/person\/dcab619c614d3038751c63bc2aadc06d\",\"name\":\"ulqini\",\"sameAs\":[\"http:\/\/www.visit-ulcinj.com\"],\"url\":\"https:\/\/www.visit-ulcinj.com\/blog\/author\/admin\/\"}]}<\/script>\n<!-- \/ Yoast SEO plugin. -->","yoast_head_json":{"title":"V\u00ebrshim mbeturinash n\u00eb Plazhin a Madh t\u00eb Ulqinit - Lajme nga Ulqini","description":"Ulqin, 11 dhjetor - Plazhi i Madh i Ulqinit, me nj\u00eb gjat\u00ebsi prej 12 kilometrash, \u00ebsht\u00eb v\u00ebrshuar nga plehrat q\u00eb i ka sjell\u00eb rritja e shtratit t\u00eb lumit","robots":{"index":"index","follow":"follow","max-snippet":"max-snippet:-1","max-image-preview":"max-image-preview:large","max-video-preview":"max-video-preview:-1"},"canonical":"https:\/\/www.visit-ulcinj.com\/blog\/2010\/12\/11\/vershim-mbeturinash-ne-plazhin-a-madh-te-ulqinit\/","og_locale":"en_US","og_type":"article","og_title":"V\u00ebrshim mbeturinash n\u00eb Plazhin a Madh t\u00eb Ulqinit - Lajme nga Ulqini","og_description":"Ulqin, 11 dhjetor - Plazhi i Madh i Ulqinit, me nj\u00eb gjat\u00ebsi prej 12 kilometrash, \u00ebsht\u00eb v\u00ebrshuar nga plehrat q\u00eb i ka sjell\u00eb rritja e shtratit t\u00eb lumit","og_url":"https:\/\/www.visit-ulcinj.com\/blog\/2010\/12\/11\/vershim-mbeturinash-ne-plazhin-a-madh-te-ulqinit\/","og_site_name":"Lajme nga Ulqini","article_published_time":"2010-12-11T14:07:48+00:00","article_modified_time":"2010-12-11T14:09:17+00:00","og_image":[{"url":"http:\/\/www.visit-ulcinj.com\/blog\/wp-content\/uploads\/2010\/12\/Pastrim-mbeturinash-ne-Plazhin-a-Madh-te-Ulqinit.jpg"}],"twitter_misc":{"Written by":"ulqini","Est. reading time":"2 minutes"},"schema":{"@context":"https:\/\/schema.org","@graph":[{"@type":"WebSite","@id":"https:\/\/www.visit-ulcinj.com\/blog\/#website","url":"https:\/\/www.visit-ulcinj.com\/blog\/","name":"Lajme nga Ulqini","description":"Lajme,Vijesti,Ulqini,Ulqin,Crna Gora,Mali i Zi","potentialAction":[{"@type":"SearchAction","target":{"@type":"EntryPoint","urlTemplate":"https:\/\/www.visit-ulcinj.com\/blog\/?s={search_term_string}"},"query-input":"required name=search_term_string"}],"inLanguage":"en-US"},{"@type":"ImageObject","inLanguage":"en-US","@id":"https:\/\/www.visit-ulcinj.com\/blog\/2010\/12\/11\/vershim-mbeturinash-ne-plazhin-a-madh-te-ulqinit\/#primaryimage","url":"http:\/\/www.visit-ulcinj.com\/blog\/wp-content\/uploads\/2010\/12\/Pastrim-mbeturinash-ne-Plazhin-a-Madh-te-Ulqinit.jpg","contentUrl":"http:\/\/www.visit-ulcinj.com\/blog\/wp-content\/uploads\/2010\/12\/Pastrim-mbeturinash-ne-Plazhin-a-Madh-te-Ulqinit.jpg"},{"@type":"WebPage","@id":"https:\/\/www.visit-ulcinj.com\/blog\/2010\/12\/11\/vershim-mbeturinash-ne-plazhin-a-madh-te-ulqinit\/#webpage","url":"https:\/\/www.visit-ulcinj.com\/blog\/2010\/12\/11\/vershim-mbeturinash-ne-plazhin-a-madh-te-ulqinit\/","name":"V\u00ebrshim mbeturinash n\u00eb Plazhin a Madh t\u00eb Ulqinit - Lajme nga Ulqini","isPartOf":{"@id":"https:\/\/www.visit-ulcinj.com\/blog\/#website"},"primaryImageOfPage":{"@id":"https:\/\/www.visit-ulcinj.com\/blog\/2010\/12\/11\/vershim-mbeturinash-ne-plazhin-a-madh-te-ulqinit\/#primaryimage"},"datePublished":"2010-12-11T14:07:48+00:00","dateModified":"2010-12-11T14:09:17+00:00","author":{"@id":"https:\/\/www.visit-ulcinj.com\/blog\/#\/schema\/person\/dcab619c614d3038751c63bc2aadc06d"},"description":"Ulqin, 11 dhjetor - Plazhi i Madh i Ulqinit, me nj\u00eb gjat\u00ebsi prej 12 kilometrash, \u00ebsht\u00eb v\u00ebrshuar nga plehrat q\u00eb i ka sjell\u00eb rritja e shtratit t\u00eb lumit","breadcrumb":{"@id":"https:\/\/www.visit-ulcinj.com\/blog\/2010\/12\/11\/vershim-mbeturinash-ne-plazhin-a-madh-te-ulqinit\/#breadcrumb"},"inLanguage":"en-US","potentialAction":[{"@type":"ReadAction","target":["https:\/\/www.visit-ulcinj.com\/blog\/2010\/12\/11\/vershim-mbeturinash-ne-plazhin-a-madh-te-ulqinit\/"]}]},{"@type":"BreadcrumbList","@id":"https:\/\/www.visit-ulcinj.com\/blog\/2010\/12\/11\/vershim-mbeturinash-ne-plazhin-a-madh-te-ulqinit\/#breadcrumb","itemListElement":[{"@type":"ListItem","position":1,"name":"V\u00ebrshim mbeturinash n\u00eb Plazhin a Madh t\u00eb Ulqinit"}]},{"@type":"Person","@id":"https:\/\/www.visit-ulcinj.com\/blog\/#\/schema\/person\/dcab619c614d3038751c63bc2aadc06d","name":"ulqini","sameAs":["http:\/\/www.visit-ulcinj.com"],"url":"https:\/\/www.visit-ulcinj.com\/blog\/author\/admin\/"}]}},"jetpack_featured_media_url":"","jetpack_sharing_enabled":true,"jetpack_shortlink":"https:\/\/wp.me\/pe6lTn-aDs","_links":{"self":[{"href":"https:\/\/www.visit-ulcinj.com\/blog\/wp-json\/wp\/v2\/posts\/40886"}],"collection":[{"href":"https:\/\/www.visit-ulcinj.com\/blog\/wp-json\/wp\/v2\/posts"}],"about":[{"href":"https:\/\/www.visit-ulcinj.com\/blog\/wp-json\/wp\/v2\/types\/post"}],"author":[{"embeddable":true,"href":"https:\/\/www.visit-ulcinj.com\/blog\/wp-json\/wp\/v2\/users\/1"}],"replies":[{"embeddable":true,"href":"https:\/\/www.visit-ulcinj.com\/blog\/wp-json\/wp\/v2\/comments?post=40886"}],"version-history":[{"count":0,"href":"https:\/\/www.visit-ulcinj.com\/blog\/wp-json\/wp\/v2\/posts\/40886\/revisions"}],"wp:attachment":[{"href":"https:\/\/www.visit-ulcinj.com\/blog\/wp-json\/wp\/v2\/media?parent=40886"}],"wp:term":[{"taxonomy":"category","embeddable":true,"href":"https:\/\/www.visit-ulcinj.com\/blog\/wp-json\/wp\/v2\/categories?post=40886"},{"taxonomy":"post_tag","embeddable":true,"href":"https:\/\/www.visit-ulcinj.com\/blog\/wp-json\/wp\/v2\/tags?post=40886"}],"curies":[{"name":"wp","href":"https:\/\/api.w.org\/{rel}","templated":true}]}}