{"id":40898,"date":"2010-12-11T15:30:03","date_gmt":"2010-12-11T14:30:03","guid":{"rendered":"http:\/\/www.visit-ulcinj.com\/blog\/?p=40898"},"modified":"2010-12-11T15:33:24","modified_gmt":"2010-12-11T14:33:24","slug":"genta-dhe-nora-miqesia-e-fshehte-qe-do-te-finalizohet-me-nje-duet-te-nxehte","status":"publish","type":"post","link":"https:\/\/www.visit-ulcinj.com\/blog\/2010\/12\/11\/genta-dhe-nora-miqesia-e-fshehte-qe-do-te-finalizohet-me-nje-duet-te-nxehte\/","title":{"rendered":"Genta dhe Nora, miq\u00ebsia e fsheht\u00eb q\u00eb do t\u00eb finalizohet me nj\u00eb duet t\u00eb nxeht\u00eb"},"content":{"rendered":"<p><a href=\"http:\/\/www.visit-ulcinj.com\/blog\/wp-content\/uploads\/2010\/12\/Genta-Ismajli-dhe-Nora-Istrefi-1.jpg\"><img loading=\"lazy\" class=\"alignleft size-full wp-image-40899\" title=\"Genta-Ismajli-dhe-Nora-Istrefi-1\" src=\"http:\/\/www.visit-ulcinj.com\/blog\/wp-content\/uploads\/2010\/12\/Genta-Ismajli-dhe-Nora-Istrefi-1.jpg\" alt=\"\" width=\"508\" height=\"623\" \/><\/a><\/p>\n<p>Deri m\u00eb tani, Genta dhe Nora nuk jan\u00eb shprehur askund se jan\u00eb mikesha! Edhe pse shpesh kemi par\u00eb fotografi ku paraqiten duke vall\u00ebzuar s\u00eb bashku, miq\u00ebsia mes tyre mbetej mister. Por bashk\u00ebpunimi i tyre m\u00eb i ri na i shuan dilemat. Nuk do t\u00eb jet\u00eb k\u00ebng\u00eb \u201calla Beyonce &amp; Shakira\u201d, por mund t\u00eb thuhet se do t\u00eb jet\u00eb nj\u00eb duet i nxeht\u00eb sa \u00e7\u2019jan\u00eb dhe vet\u00eb k\u00ebng\u00ebtaret.<\/p>\n<p><strong>Nuk njohin rivalistet mes tyre<\/strong><\/p>\n<p><strong><a href=\"http:\/\/www.visit-ulcinj.com\/blog\/wp-content\/uploads\/2010\/12\/Nora-Istrefi-1.jpg\"><img loading=\"lazy\" class=\"alignleft size-full wp-image-40900\" title=\"Nora-Istrefi-1\" src=\"http:\/\/www.visit-ulcinj.com\/blog\/wp-content\/uploads\/2010\/12\/Nora-Istrefi-1.jpg\" alt=\"\" width=\"508\" height=\"339\" \/><\/a><br \/>\n<\/strong><\/p>\n<p>I fejuari i Nor\u00ebs, Roberti, ka nj\u00eb koh\u00eb t\u00eb gjat\u00eb q\u00eb njihej me Milotin, ish t\u00eb dashurin e Genta Ismajlit. Ndoshta dhe kjo gj\u00eb i ka shtyr\u00eb dy k\u00ebng\u00ebtaret e njohura t\u00eb vazhdojn\u00eb miq\u00ebsin\u00eb mes tyre derisa miq\u00ebsia e Robertit dhe Milotit vazhdon akoma dhe k\u00ebto dit\u00eb edhe pas ndarjes s\u00eb Milotit nga Genta, nd\u00ebrsa t\u00eb nj\u00ebjtin rit\u00ebm t\u00eb shoq\u00ebrimit kan\u00eb dhe Genta me Nor\u00ebn, qoft\u00eb n\u00ebp\u00ebr koncerte apo n\u00ebp\u00ebr lokale t\u00eb nat\u00ebs t\u00eb cilat i frekuentojn\u00eb. Jan\u00eb pothuajse nd\u00ebr t\u00eb vetmet, t\u00eb cilat deri m\u00eb tani nuk jan\u00eb z\u00ebn\u00eb p\u00ebr asgj\u00eb. Jan\u00eb mikesha prej fillimit t\u00eb karrier\u00ebs, duke k\u00ebnduar n\u00ebp\u00ebr projekte televizive s\u00eb bashku edhe me shum\u00eb k\u00ebng\u00ebtar\u00eb t\u00eb tjer\u00eb, por af\u00ebrsia mes tyre dallohej m\u00eb shum\u00eb, pa\u00e7ka se nuk jan\u00eb shprehur publikisht. Iniciatorja e k\u00ebsaj miq\u00ebsie thuhet t\u00eb ket\u00eb qen\u00eb Nora, e cila njihet p\u00ebr nga karakteri shum\u00eb i but\u00eb dhe mbresl\u00ebn\u00ebs, gj\u00eb q\u00eb i ka b\u00ebr\u00eb shum\u00eb p\u00ebrshtypje Gent\u00ebs. Q\u00eb t\u00eb dyja n\u00ebp\u00ebr intervista t\u00eb ndryshme jan\u00eb cituar t\u00eb ken\u00eb th\u00ebn\u00eb se me asnj\u00eb k\u00ebng\u00ebtare t\u00eb estrad\u00ebs nuk njohin rivalitet. P\u00ebr t\u00eb v\u00ebrtetuar k\u00ebt\u00eb gj\u00eb, vitin e kaluar q\u00eb t\u00eb dyja pozuan s\u00eb bashku p\u00ebr kalendarin e Vitit t\u00eb Ri, nd\u00ebrsa kan\u00eb vall\u00ebzuar s\u00eb bashku n\u00eb dasm\u00ebn e Bleros, si dhe n\u00eb shum\u00eb evente ku kan\u00eb qen\u00eb t\u00eb ftuara t\u00eb dyjat.<\/p>\n<p><strong>Miq\u00ebsia q\u00eb do t\u00eb\u00a0\u201cP\u00ebrfundoj\u00eb&#8221; n\u00eb duet<\/strong><\/p>\n<p><strong><a href=\"http:\/\/www.visit-ulcinj.com\/blog\/wp-content\/uploads\/2010\/12\/Nora-Istrefi-1.jpg\"><\/a><a href=\"http:\/\/www.visit-ulcinj.com\/blog\/wp-content\/uploads\/2010\/12\/Genta-Ismajli-ne-Oxygen.jpg\"><img loading=\"lazy\" class=\"alignleft size-full wp-image-40903\" title=\"Genta-Ismajli-ne-Oxygen\" src=\"http:\/\/www.visit-ulcinj.com\/blog\/wp-content\/uploads\/2010\/12\/Genta-Ismajli-ne-Oxygen.jpg\" alt=\"\" width=\"508\" height=\"339\" \/><\/a><\/strong><\/p>\n<p>Ndon\u00ebse sot \u00ebsht\u00eb b\u00ebr\u00eb tradit\u00eb tek k\u00ebng\u00ebtar\u00ebt q\u00eb sapo t\u00eb b\u00ebhen pak miq, menj\u00ebher\u00eb t\u00eb realizojn\u00eb nj\u00eb bashk\u00ebpunim, nj\u00eb gj\u00eb e till\u00eb nuk ka ndodhur me Gent\u00ebn e Nor\u00ebn deri m\u00eb tani, pasi shoq\u00ebrohen prej vitesh por nuk kan\u00eb realizuar ndonj\u00eb duet. Ne m\u00ebsojm\u00eb se k\u00ebng\u00ebtaret kan\u00eb b\u00ebr\u00eb tashm\u00eb planet e duhura p\u00ebr t\u00eb realizuar bashk\u00ebpunimin e nxeht\u00eb, jan\u00eb dakorduar por akoma nuk kan\u00eb filluar t\u00eb in\u00e7izojn\u00eb k\u00ebng\u00ebn pasi duan q\u00eb projekti t\u00eb jet\u00eb i p\u00ebrmasave t\u00eb m\u00ebdha e jo vet\u00ebm nj\u00eb duet i thjesht\u00eb.<\/p>\n<p><strong>P\u00ebr vitin e ri, Genta n\u00eb K\u00ebr\u00e7ov\u00eb kurse Nora n\u00eb Zvic\u00ebr<\/strong><\/p>\n<p>Si shum\u00eb k\u00ebng\u00ebtar\u00eb t\u00eb tjer\u00eb, edhe Genta me Nor\u00ebn kan\u00eb caktuar datat e koncerteve. Si\u00e7 b\u00ebhet e ditur nga reklamat e ndryshme, Genta nat\u00ebn e par\u00eb t\u00eb Vitit t\u00eb Ri do t\u00eb k\u00ebndoj\u00eb n\u00eb K\u00ebr\u00e7ov\u00eb t\u00eb Maqedonis\u00eb. \u201cN\u00eb k\u00ebt\u00eb fundvit do t\u00eb jem m\u00eb 31 dhjetor n\u00eb K\u00ebr\u00e7ov\u00eb, nd\u00ebrsa jam duke p\u00ebrgatitur disa k\u00ebng\u00eb t\u00eb reja dhe gjith\u00e7ka tjet\u00ebr q\u00eb ka t\u00eb b\u00ebj\u00eb me muzik\u00eb, performac\u00eb, stil etj. Nd\u00ebrsa Nora tashm\u00eb vazhdon turin e saj n\u00ebp\u00ebr disa diskoteka shqiptare n\u00eb Europ\u00eb, p\u00ebr t\u00eb udh\u00ebtuar m\u00eb pas drejt Shteteve t\u00eb Bashkuara p\u00ebr disa koncerte me Tingullin e 3nt dhe Ermal Fejzullaun, kurse p\u00ebr nat\u00ebn festive ajo do t\u00eb jet\u00eb n\u00eb Zvic\u00ebr.<\/p>\n<!--YouTube Error: bad URL entered-->\n","protected":false},"excerpt":{"rendered":"<p>Deri m\u00eb tani, Genta dhe Nora nuk jan\u00eb shprehur askund se jan\u00eb mikesha! Edhe pse shpesh kemi par\u00eb fotografi ku paraqiten duke vall\u00ebzuar s\u00eb bashku, miq\u00ebsia mes tyre mbetej mister. Por bashk\u00ebpunimi i tyre m\u00eb i ri na i shuan dilemat. Nuk do t\u00eb jet\u00eb k\u00ebng\u00eb \u201calla Beyonce &amp; Shakira\u201d, por mund t\u00eb thuhet se [&hellip;]<\/p>\n","protected":false},"author":1,"featured_media":0,"comment_status":"open","ping_status":"closed","sticky":false,"template":"","format":"standard","meta":{"spay_email":"","jetpack_publicize_message":"","jetpack_is_tweetstorm":false,"jetpack_publicize_feature_enabled":true},"categories":[1],"tags":[16587,323,8417,4939],"jetpack_publicize_connections":[],"yoast_head":"<!-- This site is optimized with the Yoast SEO plugin v19.1 - https:\/\/yoast.com\/wordpress\/plugins\/seo\/ -->\n<title>Genta dhe Nora, miq\u00ebsia e fsheht\u00eb q\u00eb do t\u00eb finalizohet me nj\u00eb duet t\u00eb nxeht\u00eb - Lajme nga Ulqini<\/title>\n<meta name=\"description\" content=\"Deri m\u00eb tani, Genta dhe Nora nuk jan\u00eb shprehur askund se jan\u00eb mikesha! Edhe pse shpesh kemi par\u00eb fotografi ku paraqiten duke vall\u00ebzuar s\u00eb bashku, miq\u00ebsia\" \/>\n<meta name=\"robots\" content=\"index, follow, max-snippet:-1, max-image-preview:large, max-video-preview:-1\" \/>\n<link rel=\"canonical\" href=\"https:\/\/www.visit-ulcinj.com\/blog\/2010\/12\/11\/genta-dhe-nora-miqesia-e-fshehte-qe-do-te-finalizohet-me-nje-duet-te-nxehte\/\" \/>\n<meta property=\"og:locale\" content=\"en_US\" \/>\n<meta property=\"og:type\" content=\"article\" \/>\n<meta property=\"og:title\" content=\"Genta dhe Nora, miq\u00ebsia e fsheht\u00eb q\u00eb do t\u00eb finalizohet me nj\u00eb duet t\u00eb nxeht\u00eb - Lajme nga Ulqini\" \/>\n<meta property=\"og:description\" content=\"Deri m\u00eb tani, Genta dhe Nora nuk jan\u00eb shprehur askund se jan\u00eb mikesha! Edhe pse shpesh kemi par\u00eb fotografi ku paraqiten duke vall\u00ebzuar s\u00eb bashku, miq\u00ebsia\" \/>\n<meta property=\"og:url\" content=\"https:\/\/www.visit-ulcinj.com\/blog\/2010\/12\/11\/genta-dhe-nora-miqesia-e-fshehte-qe-do-te-finalizohet-me-nje-duet-te-nxehte\/\" \/>\n<meta property=\"og:site_name\" content=\"Lajme nga Ulqini\" \/>\n<meta property=\"article:published_time\" content=\"2010-12-11T14:30:03+00:00\" \/>\n<meta property=\"article:modified_time\" content=\"2010-12-11T14:33:24+00:00\" \/>\n<meta property=\"og:image\" content=\"http:\/\/www.visit-ulcinj.com\/blog\/wp-content\/uploads\/2010\/12\/Genta-Ismajli-dhe-Nora-Istrefi-1.jpg\" \/>\n<meta name=\"twitter:label1\" content=\"Written by\" \/>\n\t<meta name=\"twitter:data1\" content=\"ulqini\" \/>\n\t<meta name=\"twitter:label2\" content=\"Est. reading time\" \/>\n\t<meta name=\"twitter:data2\" content=\"3 minutes\" \/>\n<script type=\"application\/ld+json\" class=\"yoast-schema-graph\">{\"@context\":\"https:\/\/schema.org\",\"@graph\":[{\"@type\":\"WebSite\",\"@id\":\"https:\/\/www.visit-ulcinj.com\/blog\/#website\",\"url\":\"https:\/\/www.visit-ulcinj.com\/blog\/\",\"name\":\"Lajme nga Ulqini\",\"description\":\"Lajme,Vijesti,Ulqini,Ulqin,Crna Gora,Mali i Zi\",\"potentialAction\":[{\"@type\":\"SearchAction\",\"target\":{\"@type\":\"EntryPoint\",\"urlTemplate\":\"https:\/\/www.visit-ulcinj.com\/blog\/?s={search_term_string}\"},\"query-input\":\"required name=search_term_string\"}],\"inLanguage\":\"en-US\"},{\"@type\":\"ImageObject\",\"inLanguage\":\"en-US\",\"@id\":\"https:\/\/www.visit-ulcinj.com\/blog\/2010\/12\/11\/genta-dhe-nora-miqesia-e-fshehte-qe-do-te-finalizohet-me-nje-duet-te-nxehte\/#primaryimage\",\"url\":\"http:\/\/www.visit-ulcinj.com\/blog\/wp-content\/uploads\/2010\/12\/Genta-Ismajli-dhe-Nora-Istrefi-1.jpg\",\"contentUrl\":\"http:\/\/www.visit-ulcinj.com\/blog\/wp-content\/uploads\/2010\/12\/Genta-Ismajli-dhe-Nora-Istrefi-1.jpg\"},{\"@type\":\"WebPage\",\"@id\":\"https:\/\/www.visit-ulcinj.com\/blog\/2010\/12\/11\/genta-dhe-nora-miqesia-e-fshehte-qe-do-te-finalizohet-me-nje-duet-te-nxehte\/#webpage\",\"url\":\"https:\/\/www.visit-ulcinj.com\/blog\/2010\/12\/11\/genta-dhe-nora-miqesia-e-fshehte-qe-do-te-finalizohet-me-nje-duet-te-nxehte\/\",\"name\":\"Genta dhe Nora, miq\u00ebsia e fsheht\u00eb q\u00eb do t\u00eb finalizohet me nj\u00eb duet t\u00eb nxeht\u00eb - Lajme nga Ulqini\",\"isPartOf\":{\"@id\":\"https:\/\/www.visit-ulcinj.com\/blog\/#website\"},\"primaryImageOfPage\":{\"@id\":\"https:\/\/www.visit-ulcinj.com\/blog\/2010\/12\/11\/genta-dhe-nora-miqesia-e-fshehte-qe-do-te-finalizohet-me-nje-duet-te-nxehte\/#primaryimage\"},\"datePublished\":\"2010-12-11T14:30:03+00:00\",\"dateModified\":\"2010-12-11T14:33:24+00:00\",\"author\":{\"@id\":\"https:\/\/www.visit-ulcinj.com\/blog\/#\/schema\/person\/dcab619c614d3038751c63bc2aadc06d\"},\"description\":\"Deri m\u00eb tani, Genta dhe Nora nuk jan\u00eb shprehur askund se jan\u00eb mikesha! Edhe pse shpesh kemi par\u00eb fotografi ku paraqiten duke vall\u00ebzuar s\u00eb bashku, miq\u00ebsia\",\"breadcrumb\":{\"@id\":\"https:\/\/www.visit-ulcinj.com\/blog\/2010\/12\/11\/genta-dhe-nora-miqesia-e-fshehte-qe-do-te-finalizohet-me-nje-duet-te-nxehte\/#breadcrumb\"},\"inLanguage\":\"en-US\",\"potentialAction\":[{\"@type\":\"ReadAction\",\"target\":[\"https:\/\/www.visit-ulcinj.com\/blog\/2010\/12\/11\/genta-dhe-nora-miqesia-e-fshehte-qe-do-te-finalizohet-me-nje-duet-te-nxehte\/\"]}]},{\"@type\":\"BreadcrumbList\",\"@id\":\"https:\/\/www.visit-ulcinj.com\/blog\/2010\/12\/11\/genta-dhe-nora-miqesia-e-fshehte-qe-do-te-finalizohet-me-nje-duet-te-nxehte\/#breadcrumb\",\"itemListElement\":[{\"@type\":\"ListItem\",\"position\":1,\"name\":\"Genta dhe Nora, miq\u00ebsia e fsheht\u00eb q\u00eb do t\u00eb finalizohet me nj\u00eb duet t\u00eb nxeht\u00eb\"}]},{\"@type\":\"Person\",\"@id\":\"https:\/\/www.visit-ulcinj.com\/blog\/#\/schema\/person\/dcab619c614d3038751c63bc2aadc06d\",\"name\":\"ulqini\",\"sameAs\":[\"http:\/\/www.visit-ulcinj.com\"],\"url\":\"https:\/\/www.visit-ulcinj.com\/blog\/author\/admin\/\"}]}<\/script>\n<!-- \/ Yoast SEO plugin. -->","yoast_head_json":{"title":"Genta dhe Nora, miq\u00ebsia e fsheht\u00eb q\u00eb do t\u00eb finalizohet me nj\u00eb duet t\u00eb nxeht\u00eb - Lajme nga Ulqini","description":"Deri m\u00eb tani, Genta dhe Nora nuk jan\u00eb shprehur askund se jan\u00eb mikesha! Edhe pse shpesh kemi par\u00eb fotografi ku paraqiten duke vall\u00ebzuar s\u00eb bashku, miq\u00ebsia","robots":{"index":"index","follow":"follow","max-snippet":"max-snippet:-1","max-image-preview":"max-image-preview:large","max-video-preview":"max-video-preview:-1"},"canonical":"https:\/\/www.visit-ulcinj.com\/blog\/2010\/12\/11\/genta-dhe-nora-miqesia-e-fshehte-qe-do-te-finalizohet-me-nje-duet-te-nxehte\/","og_locale":"en_US","og_type":"article","og_title":"Genta dhe Nora, miq\u00ebsia e fsheht\u00eb q\u00eb do t\u00eb finalizohet me nj\u00eb duet t\u00eb nxeht\u00eb - Lajme nga Ulqini","og_description":"Deri m\u00eb tani, Genta dhe Nora nuk jan\u00eb shprehur askund se jan\u00eb mikesha! Edhe pse shpesh kemi par\u00eb fotografi ku paraqiten duke vall\u00ebzuar s\u00eb bashku, miq\u00ebsia","og_url":"https:\/\/www.visit-ulcinj.com\/blog\/2010\/12\/11\/genta-dhe-nora-miqesia-e-fshehte-qe-do-te-finalizohet-me-nje-duet-te-nxehte\/","og_site_name":"Lajme nga Ulqini","article_published_time":"2010-12-11T14:30:03+00:00","article_modified_time":"2010-12-11T14:33:24+00:00","og_image":[{"url":"http:\/\/www.visit-ulcinj.com\/blog\/wp-content\/uploads\/2010\/12\/Genta-Ismajli-dhe-Nora-Istrefi-1.jpg"}],"twitter_misc":{"Written by":"ulqini","Est. reading time":"3 minutes"},"schema":{"@context":"https:\/\/schema.org","@graph":[{"@type":"WebSite","@id":"https:\/\/www.visit-ulcinj.com\/blog\/#website","url":"https:\/\/www.visit-ulcinj.com\/blog\/","name":"Lajme nga Ulqini","description":"Lajme,Vijesti,Ulqini,Ulqin,Crna Gora,Mali i Zi","potentialAction":[{"@type":"SearchAction","target":{"@type":"EntryPoint","urlTemplate":"https:\/\/www.visit-ulcinj.com\/blog\/?s={search_term_string}"},"query-input":"required name=search_term_string"}],"inLanguage":"en-US"},{"@type":"ImageObject","inLanguage":"en-US","@id":"https:\/\/www.visit-ulcinj.com\/blog\/2010\/12\/11\/genta-dhe-nora-miqesia-e-fshehte-qe-do-te-finalizohet-me-nje-duet-te-nxehte\/#primaryimage","url":"http:\/\/www.visit-ulcinj.com\/blog\/wp-content\/uploads\/2010\/12\/Genta-Ismajli-dhe-Nora-Istrefi-1.jpg","contentUrl":"http:\/\/www.visit-ulcinj.com\/blog\/wp-content\/uploads\/2010\/12\/Genta-Ismajli-dhe-Nora-Istrefi-1.jpg"},{"@type":"WebPage","@id":"https:\/\/www.visit-ulcinj.com\/blog\/2010\/12\/11\/genta-dhe-nora-miqesia-e-fshehte-qe-do-te-finalizohet-me-nje-duet-te-nxehte\/#webpage","url":"https:\/\/www.visit-ulcinj.com\/blog\/2010\/12\/11\/genta-dhe-nora-miqesia-e-fshehte-qe-do-te-finalizohet-me-nje-duet-te-nxehte\/","name":"Genta dhe Nora, miq\u00ebsia e fsheht\u00eb q\u00eb do t\u00eb finalizohet me nj\u00eb duet t\u00eb nxeht\u00eb - Lajme nga Ulqini","isPartOf":{"@id":"https:\/\/www.visit-ulcinj.com\/blog\/#website"},"primaryImageOfPage":{"@id":"https:\/\/www.visit-ulcinj.com\/blog\/2010\/12\/11\/genta-dhe-nora-miqesia-e-fshehte-qe-do-te-finalizohet-me-nje-duet-te-nxehte\/#primaryimage"},"datePublished":"2010-12-11T14:30:03+00:00","dateModified":"2010-12-11T14:33:24+00:00","author":{"@id":"https:\/\/www.visit-ulcinj.com\/blog\/#\/schema\/person\/dcab619c614d3038751c63bc2aadc06d"},"description":"Deri m\u00eb tani, Genta dhe Nora nuk jan\u00eb shprehur askund se jan\u00eb mikesha! Edhe pse shpesh kemi par\u00eb fotografi ku paraqiten duke vall\u00ebzuar s\u00eb bashku, miq\u00ebsia","breadcrumb":{"@id":"https:\/\/www.visit-ulcinj.com\/blog\/2010\/12\/11\/genta-dhe-nora-miqesia-e-fshehte-qe-do-te-finalizohet-me-nje-duet-te-nxehte\/#breadcrumb"},"inLanguage":"en-US","potentialAction":[{"@type":"ReadAction","target":["https:\/\/www.visit-ulcinj.com\/blog\/2010\/12\/11\/genta-dhe-nora-miqesia-e-fshehte-qe-do-te-finalizohet-me-nje-duet-te-nxehte\/"]}]},{"@type":"BreadcrumbList","@id":"https:\/\/www.visit-ulcinj.com\/blog\/2010\/12\/11\/genta-dhe-nora-miqesia-e-fshehte-qe-do-te-finalizohet-me-nje-duet-te-nxehte\/#breadcrumb","itemListElement":[{"@type":"ListItem","position":1,"name":"Genta dhe Nora, miq\u00ebsia e fsheht\u00eb q\u00eb do t\u00eb finalizohet me nj\u00eb duet t\u00eb nxeht\u00eb"}]},{"@type":"Person","@id":"https:\/\/www.visit-ulcinj.com\/blog\/#\/schema\/person\/dcab619c614d3038751c63bc2aadc06d","name":"ulqini","sameAs":["http:\/\/www.visit-ulcinj.com"],"url":"https:\/\/www.visit-ulcinj.com\/blog\/author\/admin\/"}]}},"jetpack_featured_media_url":"","jetpack_sharing_enabled":true,"jetpack_shortlink":"https:\/\/wp.me\/pe6lTn-aDE","_links":{"self":[{"href":"https:\/\/www.visit-ulcinj.com\/blog\/wp-json\/wp\/v2\/posts\/40898"}],"collection":[{"href":"https:\/\/www.visit-ulcinj.com\/blog\/wp-json\/wp\/v2\/posts"}],"about":[{"href":"https:\/\/www.visit-ulcinj.com\/blog\/wp-json\/wp\/v2\/types\/post"}],"author":[{"embeddable":true,"href":"https:\/\/www.visit-ulcinj.com\/blog\/wp-json\/wp\/v2\/users\/1"}],"replies":[{"embeddable":true,"href":"https:\/\/www.visit-ulcinj.com\/blog\/wp-json\/wp\/v2\/comments?post=40898"}],"version-history":[{"count":0,"href":"https:\/\/www.visit-ulcinj.com\/blog\/wp-json\/wp\/v2\/posts\/40898\/revisions"}],"wp:attachment":[{"href":"https:\/\/www.visit-ulcinj.com\/blog\/wp-json\/wp\/v2\/media?parent=40898"}],"wp:term":[{"taxonomy":"category","embeddable":true,"href":"https:\/\/www.visit-ulcinj.com\/blog\/wp-json\/wp\/v2\/categories?post=40898"},{"taxonomy":"post_tag","embeddable":true,"href":"https:\/\/www.visit-ulcinj.com\/blog\/wp-json\/wp\/v2\/tags?post=40898"}],"curies":[{"name":"wp","href":"https:\/\/api.w.org\/{rel}","templated":true}]}}