{"id":40907,"date":"2010-12-11T16:02:43","date_gmt":"2010-12-11T15:02:43","guid":{"rendered":"http:\/\/www.visit-ulcinj.com\/blog\/?p=40907"},"modified":"2010-12-11T16:02:43","modified_gmt":"2010-12-11T15:02:43","slug":"bertina-e-big-brother-do-te-largohem-nga-shqiperia","status":"publish","type":"post","link":"https:\/\/www.visit-ulcinj.com\/blog\/2010\/12\/11\/bertina-e-big-brother-do-te-largohem-nga-shqiperia\/","title":{"rendered":"Bertina e \u201cBig Brother\u201d: Do t\u00eb largohem nga Shqip\u00ebria"},"content":{"rendered":"<p><a href=\"http:\/\/www.visit-ulcinj.com\/blog\/wp-content\/uploads\/2010\/12\/Bertina-Mehmeti-1.jpg\"><img loading=\"lazy\" class=\"alignleft size-full wp-image-40908\" title=\"Bertina Mehmeti-1\" src=\"http:\/\/www.visit-ulcinj.com\/blog\/wp-content\/uploads\/2010\/12\/Bertina-Mehmeti-1.jpg\" alt=\"\" width=\"508\" height=\"339\" \/><\/a><\/p>\n<p>Vet\u00ebm 64 dit\u00eb t\u00eb jetuara mes kamerave mjaftuan q\u00eb Bertina Mehmeti e \u201cBig Brother 3\u201d t\u2019i provonte t\u00eb gjitha, \u00e7far\u00eb nj\u00eb njeriu i rastis n\u00eb jet\u00ebn e tij; dashurin\u00eb pasionante, xhelozit\u00eb e t\u00eb tjer\u00ebve, b\u00ebrrylat dhe mbi t\u00eb gjitha t\u00eb njihte vetveten. I \u00ebsht\u00eb kthyer jet\u00ebs normale, larg trysnis\u00eb psikologjike q\u00eb ushtron aventuara e nj\u00eb  \u201creality show\u201d, ku shpesh konkurrent\u00ebt etikohen si \u201ckavie\u201d eksperimentale. N\u00eb k\u00ebt\u00eb intervist\u00eb Bertina tregon gjith\u00eb p\u00ebrjetimet e saj dhe planin p\u00ebr t\u00eb v\u00ebn\u00eb n\u00eb prov\u00eb dashurin\u00eb me Erion Zeqiraj. Nj\u00eb master n\u00eb Gjermani do t\u00eb jet\u00eb arsyeja p\u00ebr t\u2019u larguar p\u00ebr pak koh\u00eb nga Shqip\u00ebria,dhe p\u00ebr ta jetuar lidhen e saj n\u00eb larg\u00ebsi: Bertina, \u00e7far\u00eb rrjedhe ka marr\u00eb jeta jote tani q\u00eb nuk shfaqesh m\u00ebn\u00eb syt\u00eb e publikut?<\/p>\n<p>Ah, m\u00eb n\u00eb fund jam kthyer n\u00eb ritmin e t\u00eb p\u00ebrditshmes, pra n\u00eb jet\u00ebn  normale q\u00eb b\u00ebja para se t\u00eb hyja n\u00eb \u201cBig Brother\u201d. Aktulisht jam shefe e marketingut n\u00eb nj\u00eb kompani sigurimesh, n\u00eb rolin e menaxheres.Zgjohem her\u00ebt, shkoj n\u00eb pun\u00eb me orar t\u00eb zgjatur dhe \u00e7far\u00eb mund t\u00eb mbetet t\u00eb b\u00ebj pas pun\u00ebs \u00ebsht\u00eb pak koh\u00eb e lir\u00eb, q\u00eb e kaloj duke shijuar nj\u00eb kafe me shoq\u00ebrin\u00eb, dhe me raste, me Erionin. Them me raste me Erionin pasi p\u00ebrgjith\u00ebsisht dalim fundjavave ku frekuentojm\u00eb jet\u00ebn e nat\u00ebs, e vetmja mund\u00ebsi p\u00ebr ne t\u00eb dy kur mund t\u00eb b\u00ebjm\u00eb di\u00e7ka ndryshe nga dit\u00ebt e tjera.<\/p>\n<p><strong> N\u00eb daljet e tua tek e \u201cE diell\u201d u duk sikur do fokusoheshe tek bota e televizionit. \u00c7far\u00eb po ndodh tani me k\u00ebt\u00eb pasion?<\/strong><\/p>\n<p>Un\u00eb n\u00eb t\u00eb v\u00ebrtet\u00eb nuk e kam menduar spektaklin si ambicie timen n\u00eb jet\u00eb dhe as sot nuk e mendoj si pjes\u00eb e jet\u00ebs sime n\u00eb vazhdim. Por prap\u00eb, n\u00ebse do kisha oferta interesante, nuk do t\u2019i refuzoja. P\u00ebr t\u2019u treguar e sinqert\u00eb nuk e kisha menduar veten time m\u00eb par\u00eb n\u00eb televizion, madje as m\u00eb kishte shkuar ndonj\u00ebher\u00eb n\u00eb mendje t\u00eb isha pjes\u00eb e tij, edhe pse ashtu si padashur u b\u00ebra pjes\u00eb e atij \u201creality show\u201d. Deri tani kam investuar n\u00eb profesionin tim. Pas 5 vjet studimesh n\u00eb nj\u00eb fakultet t\u00eb v\u00ebshtir\u00eb si Inxhinieria e Mjedisit, aty do t\u00eb vazhdoj t\u00eb investoj m\u00eb tej. Bot\u00ebn e spektaklit do ta shihja si opsion t\u00eb dyt\u00eb, edhe p\u00ebr faktin se m\u00eb p\u00eblqen t\u00eb provoj n\u00eb drejtime t\u00eb ndryshme, pasi jam gjithmon\u00eb kurioze t\u00eb eksploroj n\u00eb jet\u00eb.<\/p>\n<p><strong> Pasi dole nga \u201cBig Brother\u201d, more ndonj\u00eb ofert\u00eb televizive ?<\/strong><\/p>\n<p><strong><a href=\"http:\/\/www.visit-ulcinj.com\/blog\/wp-content\/uploads\/2010\/12\/Bertina-Mehmeti-dhe-Erioni-1.jpg\"><img loading=\"lazy\" class=\"alignleft size-full wp-image-40909\" title=\"Bertina Mehmeti-dhe-Erioni-1\" src=\"http:\/\/www.visit-ulcinj.com\/blog\/wp-content\/uploads\/2010\/12\/Bertina-Mehmeti-dhe-Erioni-1.jpg\" alt=\"\" width=\"508\" height=\"339\" \/><\/a><br \/>\n<\/strong><\/p>\n<p>Jo, nuk mora oferta dhe ndoshta kjo ishte arsyeja pse u shk\u00ebputa nga televizioni. Gjithsesi, jam e mendimit kurr\u00eb mos thuaj kurr\u00eb, ashtu si padashur mund t\u00eb jem diku nuk e p\u00ebrjashtoj mund\u00ebsin\u00eb. Edhe puna q\u00eb b\u00ebj momentalisht nuk \u00ebsht\u00eb pjes\u00eb e profesionit tim, por m\u00eb p\u00eblqen dhe do t\u00eb doja t\u00eb vazhdoja, pasi m\u00eb p\u00eblqen t\u00eb zbuloj gj\u00ebra interesante rreth biznesit, pik\u00ebrisht tani kur biznesi \u00ebsht\u00eb \u00e7el\u00ebsi i suksesit t\u00eb dit\u00ebve t\u00eb sotme.<\/p>\n<p><strong> P\u00ebrmende Erionin n\u00eb fillim t\u00eb k\u00ebsaj interviste, si vazhdon lidhja juaj?<\/strong><\/p>\n<p>Lidhja jon\u00eb vazhdon n\u00eb normalitetin q\u00eb u ndodh t\u00eb jetojn\u00eb shum\u00eb \u00e7ifte n\u00eb lidhjet e tyre. Takohemi, jetojm\u00eb bashk\u00eb, shpesh shum\u00eb gj\u00ebra qofshin t\u00eb mira apo t\u00eb k\u00ebqija tashm\u00eb i ndajm\u00eb mes nesh. N\u00eb k\u00ebto momente e kemi mb\u00ebshtetje nj\u00ebri-tjetrin dhe mendoj q\u00eb tashm\u00eb \u00ebsht\u00eb nj\u00eb lidhje e fort\u00eb, e cila ka hedhur v\u00ebrtet hapa t\u00eb r\u00ebnd\u00ebsishme n\u00eb ecurin\u00eb e saj.<\/p>\n<p><strong> Deri para pak muajsh nuk ishe prezantuar ende me prind\u00ebrit e Erionit. Je takuar me ta k\u00ebto koh\u00eb?<\/strong><\/p>\n<p>Ende jo, p\u00ebr arsye se kam par\u00eb se ndoshta edhe familjet tona jan\u00eb t\u00eb ndrojtura, kan\u00eb at\u00eb natyr\u00ebn m\u00eb shum\u00eb serioze se \u00e7\u2019duhet. Megjithat\u00eb s\u2019e shoh si nj\u00eb gj\u00eb q\u00eb mund t\u00eb m\u00eb shqet\u00ebsoj\u00eb, pasi duke kuptuar natyrat e njer\u00ebzve, un\u00eb i respektoj ata. Nd\u00ebrsa Erioni dhe n\u00ebna ime jan\u00eb takuar disa her\u00eb n\u00eb Tiran\u00eb, por kan\u00eb qen\u00eb takime t\u00eb rast\u00ebsishme.<\/p>\n<p><strong> Po ti e ke k\u00ebrkuar nj\u00eb takim me familjen e Erionit, do e kishe d\u00ebshiruar?<\/strong><\/p>\n<p><img loading=\"lazy\" class=\"alignleft size-full wp-image-40910\" title=\"Bertina Mehmeti-2\" src=\"http:\/\/www.visit-ulcinj.com\/blog\/wp-content\/uploads\/2010\/12\/Bertina-Mehmeti-2.jpg\" alt=\"\" width=\"550\" height=\"400\" \/><\/p>\n<p>As un\u00eb nuk e kam k\u00ebrkuar, pasi nuk mendoj se ka qen\u00eb e nevojshme dhe s\u2019\u00ebsht\u00eb se do ndryshonte ndonj\u00eb gj\u00eb n\u00eb lidhjen time me Erionin. Nuk m\u00eb shqet\u00ebson kjo gj\u00eb p\u00ebr momentin.<\/p>\n<p><strong> Meq\u00ebn\u00ebse thua q\u00eb lidhja me Erionin \u00ebsht\u00eb konsoliduar, t\u00eb pakt\u00ebn ju t\u00eb dy keni b\u00ebr\u00eb ndonj\u00eb plan p\u00ebr fejes\u00eb t\u00eb af\u00ebrt?<\/strong><\/p>\n<p>M\u00ebnyra sesi jetojm\u00eb \u00ebsht\u00eb pak a shum\u00eb e nj\u00ebjta gj\u00eb si t\u00eb ishim t\u00eb fejuar. Vet\u00ebm ideja q\u00eb nuk kemi marr\u00eb vendimin t\u00eb quhemi \u201ct\u00eb fejuar\u201d dhe t\u00eb jetojm\u00eb n\u00eb t\u00eb nj\u00ebjt\u00ebn sht\u00ebpi 24 or\u00eb ndryshon. Ndoshta tani \u00ebsht\u00eb momenti t\u00eb fokusohemi n\u00eb profesionet dhe karrier\u00ebn ton\u00eb. Erioni ende s\u2019\u00ebsht\u00eb konsoliduar n\u00eb profesionin e tij n\u00eb bot\u00ebn e televizionit, nd\u00ebrsa un\u00eb kam plane t\u00eb tjera p\u00ebr veten. Do doja t\u00eb b\u00ebja realitet d\u00ebshir\u00ebn p\u00ebr t\u00eb ndjekur studimet master n\u00eb deg\u00ebn e inxhinieris\u00eb, n\u00eb nj\u00eb universitet jasht\u00eb shtetit, shpresoj n\u00eb Gjermani.<\/p>\n<p><strong> \u00cbsht\u00eb dakord Erioni p\u00ebr k\u00ebt\u00eb vendim, q\u00eb ti t\u00eb zhvendosesh jasht\u00eb shtetit?<\/strong><\/p>\n<p>Po, pse jo\u2026<\/p>\n<p><strong> Nuk trembeni se larg\u00ebsia mund ta zbeh\u00eb lidhjen tuaj, beson se mund t\u00eb funksionoj\u00eb n\u00eb larg\u00ebsi?<\/strong><\/p>\n<p>Nuk e di. \u00cbsht\u00eb di\u00e7ka q\u00eb duket shum\u00eb e v\u00ebshtir\u00eb, por \u00ebsht\u00eb prova m\u00eb e fort\u00eb q\u00eb mund t\u00eb kaloj\u00eb nj\u00eb lidhje dhe q\u00eb do tregoj\u00eb n\u00ebse \u00ebsht\u00eb dashuri e v\u00ebrtet\u00eb apo jo.<\/p>\n<p><strong> Mendon se lidhja juaj pas kaq muajsh ka nevoj\u00eb p\u00ebr k\u00ebt\u00eb lloj prove?<\/strong><\/p>\n<p>S\u2019e besoj. Thjesht \u00ebsht\u00eb nj\u00eb hap q\u00eb un\u00eb duhet ta hedh n\u00eb jet\u00eb dhe duhet t\u00eb jemi t\u00eb dy t\u00eb fort\u00eb p\u00ebr ta kaluar.<\/p>\n<p><strong> Kur je me nj\u00eb njeri, e supozon si njeriun e jet\u00ebs, apo thjesht i g\u00ebzohesh momentit?<\/strong><\/p>\n<p>Un\u00eb nga natyra ime nuk kam qen\u00eb, nuk jam dhe nuk do t\u00eb jem  femra q\u00eb krijoj lidhje t\u00eb momentit, pra t\u00eb t\u00eb mendoj q\u00eb tani po jetoj momentin dhe kjo \u00ebsht\u00eb e gjitha. Gjithmon\u00eb mendoj q\u00eb n\u00eb lidhje t\u00eb jap dhe lidhja t\u00eb m\u00eb jap\u00eb mua.<\/p>\n<p><strong> Lidhjen me Erionin sa jet\u00ebgjat\u00eb e sheh, mund t\u00eb jet\u00eb ai bashk\u00ebshorti yt nj\u00eb dit\u00eb?<\/strong><\/p>\n<p>S\u2019i dihet,  edhe mund t\u00eb jet\u00eb, edhe s\u2019mund t\u00eb jet\u00eb bashk\u00ebshorti im. Un\u00eb mendoj se jet\u00ebs nuk i dihet n\u00eb asnj\u00eb moment. P\u00ebr momentin kemi nj\u00eb lidhje t\u00eb konsoliduar, me t\u00eb mirat, t\u00eb k\u00ebqijat, z\u00ebnkat, m\u00ebrit\u00eb, dashurin\u00eb.. Se \u00e7far\u00eb mund t\u00eb ndodh\u00eb, asnj\u00ebri s\u2019mund ta parashikoj\u00eb se \u00e7\u2019mund t\u00eb ndodh\u00eb, jo vet\u00ebm n\u00eb nj\u00eb lidhje, por dhe n\u00eb jet\u00eb. P\u00ebr momentin ne pretendojm\u00eb se jemi mir\u00eb dhe e konsiderojm\u00eb nj\u00ebri-tjetrin pjes\u00eb t\u00eb r\u00ebnd\u00ebsishme t\u00eb jet\u00ebve tona. Tani \u00ebsht\u00eb ende shum\u00eb her\u00ebt p\u00ebr t\u00eb menduar p\u00ebr martes\u00ebn.<\/p>\n<p><strong> M\u00eb 26 shtator festove 25 vjetorin, dit\u00eblindjen e par\u00eb me Erionin. \u00c7far\u00eb suprize t\u00eb b\u00ebri ai?<\/strong><\/p>\n<p>N\u00eb fakt kaluam bukur nga nj\u00eb lokal n\u00eb tjetrin dhe p\u00ebrfunduam n\u00eb nj\u00eb emision t\u00eb von\u00eb televiziv, n\u00eb \u201cOra news\u201d. Dhurata e Erionit ishte nj\u00eb mace persiane Blanche, e cila m\u00eb \u00ebsht\u00eb b\u00ebr\u00eb tashm\u00eb pjes\u00eb e r\u00ebnd\u00ebsishme, si f\u00ebmij\u00eb. Fillimisht nuk \u00ebsht\u00eb se e d\u00ebshirova shum\u00eb se gjith\u00eb koh\u00ebn n\u00eb pun\u00eb dhe s\u2019do kujdesesha dot. M\u00eb duket sikur po b\u00ebj praktik\u00ebn p\u00ebr t\u2019u kujdesur p\u00ebr f\u00ebmij\u00ebn tim n\u00eb t\u00eb ardhmen dhe mbase Erioni ma ka b\u00ebr\u00eb me q\u00ebllim.<\/p>\n<p><strong> Brenda loj\u00ebs n\u00eb BB dukej sikur mes jush kishte m\u00eb shum\u00eb z\u00ebnka. Po tani \u00e7far\u00eb dashurie \u00ebsht\u00eb, ajo pasionante apo me logjik\u00eb?<\/strong><\/p>\n<p>Mendoj se n\u00eb \u201cBig Brother\u201d ka dal\u00eb ana jon\u00eb e gabuar, sepse ne kemi kaluar shum\u00eb momente t\u00eb bukura aty. P\u00ebrsa i p\u00ebrket dashuris\u00eb, ndoshta pasionantja ka ndodhur n\u00eb fillim. E kujtoj shum\u00eb mir\u00eb at\u00eb momentin e par\u00eb kur un\u00eb hyra e fundit n\u00eb \u201cBB\u201d dhe kur Erioni m\u00eb shoq\u00ebroi brenda n\u00eb sht\u00ebpi. Ishte ai momenti q\u00eb ai ndjeu di\u00e7ka, e dallova nga syt\u00eb dhe sjellja me mua. Nd\u00ebrsa nga ana ime ka qen\u00eb m\u00eb shum\u00eb telepati. E ndieja q\u00eb dicka do ndodhte me Erionin, di\u00e7ka do m\u00eb lidhte, do ishte nj\u00eb pjes\u00eb interesante marr\u00ebdh\u00ebnia ime me t\u00eb dhe ashtu ndodhi. Pasioni ka kaluar besoj. Tani jemi mes logjik\u00ebs dhe realitetit, i mendojm\u00eb m\u00eb thell\u00eb gj\u00ebrat dhe p\u00ebrs\u00ebri ka hap\u00ebsir\u00eb p\u00ebr t\u00eb njohur nj\u00ebri-tjetrin, si  dhe an\u00eb t\u00eb tjera t\u00eb tipit dhe sjelljes.<\/p>\n<p><a href=\"http:\/\/www.visit-ulcinj.com\/blog\/wp-content\/uploads\/2010\/12\/Bertina-Mehmeti-3.jpg\"><img loading=\"lazy\" class=\"alignleft size-full wp-image-40911\" title=\"Bertina Mehmeti-3\" src=\"http:\/\/www.visit-ulcinj.com\/blog\/wp-content\/uploads\/2010\/12\/Bertina-Mehmeti-3.jpg\" alt=\"\" width=\"508\" height=\"680\" \/><\/a><\/p>\n<p><strong> M\u00eb sip\u00ebr the q\u00eb \u00ebsht\u00eb her\u00ebt p\u00ebr martes\u00eb, pse?<\/strong><\/p>\n<p>\u00cbsht\u00eb her\u00ebt, sepse ne kemi ende hapa p\u00ebr t\u00eb hedhur p\u00ebr t\u00eb konsoliduar n\u00eb jet\u00ebn ton\u00eb profesionale. Jemi n\u00eb t\u00eb nj\u00ebjt\u00ebn mosh\u00eb, t\u00eb dy 25 vje\u00e7 dhe ndoshta p\u00ebr mashkullin \u00ebsht\u00eb shum\u00eb her\u00ebt. P\u00ebr mua mund t\u00eb jet\u00eb mosha e duhur, por e thash\u00eb q\u00eb kam plane t\u00eb miat p\u00ebr t\u00eb ndjekur masterin.<\/p>\n<p><strong> Shum\u00eb \u00e7ifte kur jan\u00eb dhe t\u00eb v\u00ebzhguar vuajn\u00eb xhelozin\u00eb e nj\u00ebri-tjterit. Ju?<\/strong><\/p>\n<p>Jo, deri tani. Mund t\u00eb jemi dhe natyra xheloze, po jo xheloz\u00eb pa arsye. Gj\u00ebja m\u00eb e keqe \u00ebsht\u00eb kur xhelozia kthehet n\u00eb s\u00ebmundje, duke mos qen\u00eb tregues i dashuris\u00eb. T\u00eb jesh xheloz \u00ebsht\u00eb di\u00e7ka interesante se d\u00ebshmon dashuri, por deri tani s\u2019i kemi dh\u00ebn\u00eb shkas nj\u00ebri-tjterit.<\/p>\n<p><strong> Je shprehur gjat\u00eb spektaklit se Erioni ka sjellje f\u00ebminore. Mendon t\u00eb nj\u00ebjt\u00ebn gj\u00eb tani?<\/strong><\/p>\n<p>Mendoj q\u00eb n\u00eb p\u00ebrgjith\u00ebsi ai \u00ebsht\u00eb natyr\u00eb e till\u00eb. I p\u00eblqen t\u00eb b\u00ebj\u00eb shaka. Megjithat\u00eb, tani q\u00eb po njihemi mir\u00eb kam njohur dhe seriozin tek ai. Un\u00eb dhe ai jemi tipa t\u00eb ndrysh\u00ebm. Erioni \u00ebsht\u00eb m\u00eb i qet\u00eb, i mer gj\u00ebrat m\u00eb leht\u00eb, nd\u00ebrsa un\u00eb jam m\u00eb e thell\u00eb n\u00eb trajtimin problemeve q\u00eb na dalin dhe dua t\u00eb jem e prer\u00eb. Por kontrasti krijon at\u00eb pjes\u00ebn e r\u00ebnd\u00ebsishme t\u00eb t\u00ebrheqjes mes nesh dhe ndaj jemi bashk\u00eb.<\/p>\n<p><strong> \u00c7far\u00eb ka ndryshuar n\u00eb jet\u00ebn t\u00ebnde pas daljes nga \u201cBig Brother 3\u201d? Ruan miq\u00ebsi me ish-banor\u00ebt?<\/strong><\/p>\n<p>N\u00eb jet\u00ebn time ka ndryshuar thjesht ideja q\u00eb t\u00eb gjith\u00eb m\u00eb njohin dhe \u00ebsht\u00eb bukur. N\u00eb brendin\u00eb time si Bertin\u00eb, asgj\u00eb s\u2019ka ndryshuar. Besoj dhe p\u00ebr miqt\u00eb tan\u00eb Jetmirin dhe Kik\u00ebn, met\u00eb cil\u00ebt vazhdojm\u00eb miq\u00ebsin\u00eb e krijuar brenda sht\u00ebpis\u00eb.<\/p>\n<p><strong> P\u00ebr disa dit\u00eb nis \u201cBig Brother 4\u201d, kishe ndonj\u00eb k\u00ebshill\u00eb p\u00ebr konkurrent\u00ebt e rinj?<\/strong><\/p>\n<p>Po, do u thoja q\u00eb shpeshher\u00eb \u00ebsht\u00eb e r\u00ebnd\u00ebsishme t\u2019ia kalosh mir\u00eb, bukur, e t\u00eb krijosh gj\u00ebra t\u00eb bukura e t\u00eb reja. Do u thoja q\u00eb brenda sht\u00ebpis\u00eb provon nj\u00eb stres t\u00eb madh psikologjik, ndaj duhet fuqi psikologjike p\u00ebr ta p\u00ebrballuar. Mendoj se \u00e7dokush duhet t\u00eb ket\u00eb ide t\u00eb qarta dhe nj\u00eb strategji. Mungesa e nj\u00eb strategjie \u00ebsht\u00eb pengu im, megjithat\u00eb \u00ebsht\u00eb nj\u00eb eksperienc\u00eb e rrall\u00eb, q\u00eb edhe n\u00ebse do t\u00eb m\u00eb jepej mund\u00ebsia s\u00ebrish prap\u00eb do ta provoja.<\/p>\n","protected":false},"excerpt":{"rendered":"<p>Vet\u00ebm 64 dit\u00eb t\u00eb jetuara mes kamerave mjaftuan q\u00eb Bertina Mehmeti e \u201cBig Brother 3\u201d t\u2019i provonte t\u00eb gjitha, \u00e7far\u00eb nj\u00eb njeriu i rastis n\u00eb jet\u00ebn e tij; dashurin\u00eb pasionante, xhelozit\u00eb e t\u00eb tjer\u00ebve, b\u00ebrrylat dhe mbi t\u00eb gjitha t\u00eb njihte vetveten. I \u00ebsht\u00eb kthyer jet\u00ebs normale, larg trysnis\u00eb psikologjike q\u00eb ushtron aventuara e nj\u00eb [&hellip;]<\/p>\n","protected":false},"author":1,"featured_media":0,"comment_status":"open","ping_status":"closed","sticky":false,"template":"","format":"standard","meta":{"spay_email":"","jetpack_publicize_message":"","jetpack_is_tweetstorm":false,"jetpack_publicize_feature_enabled":true},"categories":[1],"tags":[16189,6506,16190],"jetpack_publicize_connections":[],"yoast_head":"<!-- This site is optimized with the Yoast SEO plugin v19.1 - https:\/\/yoast.com\/wordpress\/plugins\/seo\/ -->\n<title>Bertina Mehmeti e \u201cBig Brother Albania\u201d: Do t\u00eb largohem nga Shqip\u00ebria<\/title>\n<meta name=\"description\" content=\"Vet\u00ebm 64 dit\u00eb t\u00eb jetuara mes kamerave mjaftuan q\u00eb Bertina Mehmeti e \u201cBig Brother 3\u201d t\u2019i provonte t\u00eb gjitha, \u00e7far\u00eb nj\u00eb njeriu i rastis n\u00eb jet\u00ebn e tij;\" \/>\n<meta name=\"robots\" content=\"index, follow, max-snippet:-1, max-image-preview:large, max-video-preview:-1\" \/>\n<link rel=\"canonical\" href=\"https:\/\/www.visit-ulcinj.com\/blog\/2010\/12\/11\/bertina-e-big-brother-do-te-largohem-nga-shqiperia\/\" \/>\n<meta property=\"og:locale\" content=\"en_US\" \/>\n<meta property=\"og:type\" content=\"article\" \/>\n<meta property=\"og:title\" content=\"Bertina Mehmeti e \u201cBig Brother Albania\u201d: Do t\u00eb largohem nga Shqip\u00ebria\" \/>\n<meta property=\"og:description\" content=\"Vet\u00ebm 64 dit\u00eb t\u00eb jetuara mes kamerave mjaftuan q\u00eb Bertina Mehmeti e \u201cBig Brother 3\u201d t\u2019i provonte t\u00eb gjitha, \u00e7far\u00eb nj\u00eb njeriu i rastis n\u00eb jet\u00ebn e tij;\" \/>\n<meta property=\"og:url\" content=\"https:\/\/www.visit-ulcinj.com\/blog\/2010\/12\/11\/bertina-e-big-brother-do-te-largohem-nga-shqiperia\/\" \/>\n<meta property=\"og:site_name\" content=\"Lajme nga Ulqini\" \/>\n<meta property=\"article:published_time\" content=\"2010-12-11T15:02:43+00:00\" \/>\n<meta property=\"og:image\" content=\"http:\/\/www.visit-ulcinj.com\/blog\/wp-content\/uploads\/2010\/12\/Bertina-Mehmeti-1.jpg\" \/>\n<meta name=\"twitter:label1\" content=\"Written by\" \/>\n\t<meta name=\"twitter:data1\" content=\"ulqini\" \/>\n\t<meta name=\"twitter:label2\" content=\"Est. reading time\" \/>\n\t<meta name=\"twitter:data2\" content=\"9 minutes\" \/>\n<script type=\"application\/ld+json\" class=\"yoast-schema-graph\">{\"@context\":\"https:\/\/schema.org\",\"@graph\":[{\"@type\":\"WebSite\",\"@id\":\"https:\/\/www.visit-ulcinj.com\/blog\/#website\",\"url\":\"https:\/\/www.visit-ulcinj.com\/blog\/\",\"name\":\"Lajme nga Ulqini\",\"description\":\"Lajme,Vijesti,Ulqini,Ulqin,Crna Gora,Mali i Zi\",\"potentialAction\":[{\"@type\":\"SearchAction\",\"target\":{\"@type\":\"EntryPoint\",\"urlTemplate\":\"https:\/\/www.visit-ulcinj.com\/blog\/?s={search_term_string}\"},\"query-input\":\"required name=search_term_string\"}],\"inLanguage\":\"en-US\"},{\"@type\":\"ImageObject\",\"inLanguage\":\"en-US\",\"@id\":\"https:\/\/www.visit-ulcinj.com\/blog\/2010\/12\/11\/bertina-e-big-brother-do-te-largohem-nga-shqiperia\/#primaryimage\",\"url\":\"http:\/\/www.visit-ulcinj.com\/blog\/wp-content\/uploads\/2010\/12\/Bertina-Mehmeti-1.jpg\",\"contentUrl\":\"http:\/\/www.visit-ulcinj.com\/blog\/wp-content\/uploads\/2010\/12\/Bertina-Mehmeti-1.jpg\"},{\"@type\":\"WebPage\",\"@id\":\"https:\/\/www.visit-ulcinj.com\/blog\/2010\/12\/11\/bertina-e-big-brother-do-te-largohem-nga-shqiperia\/#webpage\",\"url\":\"https:\/\/www.visit-ulcinj.com\/blog\/2010\/12\/11\/bertina-e-big-brother-do-te-largohem-nga-shqiperia\/\",\"name\":\"Bertina Mehmeti e \u201cBig Brother Albania\u201d: Do t\u00eb largohem nga Shqip\u00ebria\",\"isPartOf\":{\"@id\":\"https:\/\/www.visit-ulcinj.com\/blog\/#website\"},\"primaryImageOfPage\":{\"@id\":\"https:\/\/www.visit-ulcinj.com\/blog\/2010\/12\/11\/bertina-e-big-brother-do-te-largohem-nga-shqiperia\/#primaryimage\"},\"datePublished\":\"2010-12-11T15:02:43+00:00\",\"dateModified\":\"2010-12-11T15:02:43+00:00\",\"author\":{\"@id\":\"https:\/\/www.visit-ulcinj.com\/blog\/#\/schema\/person\/dcab619c614d3038751c63bc2aadc06d\"},\"description\":\"Vet\u00ebm 64 dit\u00eb t\u00eb jetuara mes kamerave mjaftuan q\u00eb Bertina Mehmeti e \u201cBig Brother 3\u201d t\u2019i provonte t\u00eb gjitha, \u00e7far\u00eb nj\u00eb njeriu i rastis n\u00eb jet\u00ebn e tij;\",\"breadcrumb\":{\"@id\":\"https:\/\/www.visit-ulcinj.com\/blog\/2010\/12\/11\/bertina-e-big-brother-do-te-largohem-nga-shqiperia\/#breadcrumb\"},\"inLanguage\":\"en-US\",\"potentialAction\":[{\"@type\":\"ReadAction\",\"target\":[\"https:\/\/www.visit-ulcinj.com\/blog\/2010\/12\/11\/bertina-e-big-brother-do-te-largohem-nga-shqiperia\/\"]}]},{\"@type\":\"BreadcrumbList\",\"@id\":\"https:\/\/www.visit-ulcinj.com\/blog\/2010\/12\/11\/bertina-e-big-brother-do-te-largohem-nga-shqiperia\/#breadcrumb\",\"itemListElement\":[{\"@type\":\"ListItem\",\"position\":1,\"name\":\"Bertina e \u201cBig Brother\u201d: Do t\u00eb largohem nga Shqip\u00ebria\"}]},{\"@type\":\"Person\",\"@id\":\"https:\/\/www.visit-ulcinj.com\/blog\/#\/schema\/person\/dcab619c614d3038751c63bc2aadc06d\",\"name\":\"ulqini\",\"sameAs\":[\"http:\/\/www.visit-ulcinj.com\"],\"url\":\"https:\/\/www.visit-ulcinj.com\/blog\/author\/admin\/\"}]}<\/script>\n<!-- \/ Yoast SEO plugin. -->","yoast_head_json":{"title":"Bertina Mehmeti e \u201cBig Brother Albania\u201d: Do t\u00eb largohem nga Shqip\u00ebria","description":"Vet\u00ebm 64 dit\u00eb t\u00eb jetuara mes kamerave mjaftuan q\u00eb Bertina Mehmeti e \u201cBig Brother 3\u201d t\u2019i provonte t\u00eb gjitha, \u00e7far\u00eb nj\u00eb njeriu i rastis n\u00eb jet\u00ebn e tij;","robots":{"index":"index","follow":"follow","max-snippet":"max-snippet:-1","max-image-preview":"max-image-preview:large","max-video-preview":"max-video-preview:-1"},"canonical":"https:\/\/www.visit-ulcinj.com\/blog\/2010\/12\/11\/bertina-e-big-brother-do-te-largohem-nga-shqiperia\/","og_locale":"en_US","og_type":"article","og_title":"Bertina Mehmeti e \u201cBig Brother Albania\u201d: Do t\u00eb largohem nga Shqip\u00ebria","og_description":"Vet\u00ebm 64 dit\u00eb t\u00eb jetuara mes kamerave mjaftuan q\u00eb Bertina Mehmeti e \u201cBig Brother 3\u201d t\u2019i provonte t\u00eb gjitha, \u00e7far\u00eb nj\u00eb njeriu i rastis n\u00eb jet\u00ebn e tij;","og_url":"https:\/\/www.visit-ulcinj.com\/blog\/2010\/12\/11\/bertina-e-big-brother-do-te-largohem-nga-shqiperia\/","og_site_name":"Lajme nga Ulqini","article_published_time":"2010-12-11T15:02:43+00:00","og_image":[{"url":"http:\/\/www.visit-ulcinj.com\/blog\/wp-content\/uploads\/2010\/12\/Bertina-Mehmeti-1.jpg"}],"twitter_misc":{"Written by":"ulqini","Est. reading time":"9 minutes"},"schema":{"@context":"https:\/\/schema.org","@graph":[{"@type":"WebSite","@id":"https:\/\/www.visit-ulcinj.com\/blog\/#website","url":"https:\/\/www.visit-ulcinj.com\/blog\/","name":"Lajme nga Ulqini","description":"Lajme,Vijesti,Ulqini,Ulqin,Crna Gora,Mali i Zi","potentialAction":[{"@type":"SearchAction","target":{"@type":"EntryPoint","urlTemplate":"https:\/\/www.visit-ulcinj.com\/blog\/?s={search_term_string}"},"query-input":"required name=search_term_string"}],"inLanguage":"en-US"},{"@type":"ImageObject","inLanguage":"en-US","@id":"https:\/\/www.visit-ulcinj.com\/blog\/2010\/12\/11\/bertina-e-big-brother-do-te-largohem-nga-shqiperia\/#primaryimage","url":"http:\/\/www.visit-ulcinj.com\/blog\/wp-content\/uploads\/2010\/12\/Bertina-Mehmeti-1.jpg","contentUrl":"http:\/\/www.visit-ulcinj.com\/blog\/wp-content\/uploads\/2010\/12\/Bertina-Mehmeti-1.jpg"},{"@type":"WebPage","@id":"https:\/\/www.visit-ulcinj.com\/blog\/2010\/12\/11\/bertina-e-big-brother-do-te-largohem-nga-shqiperia\/#webpage","url":"https:\/\/www.visit-ulcinj.com\/blog\/2010\/12\/11\/bertina-e-big-brother-do-te-largohem-nga-shqiperia\/","name":"Bertina Mehmeti e \u201cBig Brother Albania\u201d: Do t\u00eb largohem nga Shqip\u00ebria","isPartOf":{"@id":"https:\/\/www.visit-ulcinj.com\/blog\/#website"},"primaryImageOfPage":{"@id":"https:\/\/www.visit-ulcinj.com\/blog\/2010\/12\/11\/bertina-e-big-brother-do-te-largohem-nga-shqiperia\/#primaryimage"},"datePublished":"2010-12-11T15:02:43+00:00","dateModified":"2010-12-11T15:02:43+00:00","author":{"@id":"https:\/\/www.visit-ulcinj.com\/blog\/#\/schema\/person\/dcab619c614d3038751c63bc2aadc06d"},"description":"Vet\u00ebm 64 dit\u00eb t\u00eb jetuara mes kamerave mjaftuan q\u00eb Bertina Mehmeti e \u201cBig Brother 3\u201d t\u2019i provonte t\u00eb gjitha, \u00e7far\u00eb nj\u00eb njeriu i rastis n\u00eb jet\u00ebn e tij;","breadcrumb":{"@id":"https:\/\/www.visit-ulcinj.com\/blog\/2010\/12\/11\/bertina-e-big-brother-do-te-largohem-nga-shqiperia\/#breadcrumb"},"inLanguage":"en-US","potentialAction":[{"@type":"ReadAction","target":["https:\/\/www.visit-ulcinj.com\/blog\/2010\/12\/11\/bertina-e-big-brother-do-te-largohem-nga-shqiperia\/"]}]},{"@type":"BreadcrumbList","@id":"https:\/\/www.visit-ulcinj.com\/blog\/2010\/12\/11\/bertina-e-big-brother-do-te-largohem-nga-shqiperia\/#breadcrumb","itemListElement":[{"@type":"ListItem","position":1,"name":"Bertina e \u201cBig Brother\u201d: Do t\u00eb largohem nga Shqip\u00ebria"}]},{"@type":"Person","@id":"https:\/\/www.visit-ulcinj.com\/blog\/#\/schema\/person\/dcab619c614d3038751c63bc2aadc06d","name":"ulqini","sameAs":["http:\/\/www.visit-ulcinj.com"],"url":"https:\/\/www.visit-ulcinj.com\/blog\/author\/admin\/"}]}},"jetpack_featured_media_url":"","jetpack_sharing_enabled":true,"jetpack_shortlink":"https:\/\/wp.me\/pe6lTn-aDN","_links":{"self":[{"href":"https:\/\/www.visit-ulcinj.com\/blog\/wp-json\/wp\/v2\/posts\/40907"}],"collection":[{"href":"https:\/\/www.visit-ulcinj.com\/blog\/wp-json\/wp\/v2\/posts"}],"about":[{"href":"https:\/\/www.visit-ulcinj.com\/blog\/wp-json\/wp\/v2\/types\/post"}],"author":[{"embeddable":true,"href":"https:\/\/www.visit-ulcinj.com\/blog\/wp-json\/wp\/v2\/users\/1"}],"replies":[{"embeddable":true,"href":"https:\/\/www.visit-ulcinj.com\/blog\/wp-json\/wp\/v2\/comments?post=40907"}],"version-history":[{"count":0,"href":"https:\/\/www.visit-ulcinj.com\/blog\/wp-json\/wp\/v2\/posts\/40907\/revisions"}],"wp:attachment":[{"href":"https:\/\/www.visit-ulcinj.com\/blog\/wp-json\/wp\/v2\/media?parent=40907"}],"wp:term":[{"taxonomy":"category","embeddable":true,"href":"https:\/\/www.visit-ulcinj.com\/blog\/wp-json\/wp\/v2\/categories?post=40907"},{"taxonomy":"post_tag","embeddable":true,"href":"https:\/\/www.visit-ulcinj.com\/blog\/wp-json\/wp\/v2\/tags?post=40907"}],"curies":[{"name":"wp","href":"https:\/\/api.w.org\/{rel}","templated":true}]}}