{"id":40914,"date":"2010-12-11T16:24:02","date_gmt":"2010-12-11T15:24:02","guid":{"rendered":"http:\/\/www.visit-ulcinj.com\/blog\/?p=40914"},"modified":"2010-12-11T16:24:02","modified_gmt":"2010-12-11T15:24:02","slug":"argjentina-ramosaj-zana-krasniqi-dhe-tuna-sejdiu-pushtojne-kopertinat-e-fundvitit-ne-kosove","status":"publish","type":"post","link":"https:\/\/www.visit-ulcinj.com\/blog\/2010\/12\/11\/argjentina-ramosaj-zana-krasniqi-dhe-tuna-sejdiu-pushtojne-kopertinat-e-fundvitit-ne-kosove\/","title":{"rendered":"Argjentina Ramosaj, Zana Krasniqi dhe Tuna Sejdiu pushtojn\u00eb kopertinat e fundvitit n\u00eb Kosov\u00eb"},"content":{"rendered":"<p><a href=\"http:\/\/www.visit-ulcinj.com\/blog\/wp-content\/uploads\/2010\/12\/revista-fundvitit.jpg\"><img loading=\"lazy\" class=\"alignleft size-full wp-image-40915\" title=\"revista-fundvitit\" src=\"http:\/\/www.visit-ulcinj.com\/blog\/wp-content\/uploads\/2010\/12\/revista-fundvitit.jpg\" alt=\"\" width=\"508\" height=\"229\" \/><\/a><\/p>\n<p>\u00cbsht\u00eb privilegj i rrall\u00eb t\u00eb gjendesh n\u00eb kopertinat e revistave t\u00eb njohura, me rastin e festave t\u00eb fundvitit. K\u00ebt\u00eb gj\u00eb po e shijojn\u00eb edhe tri bukuroshet e ekranit Argjentina, Tuna dhe Zana Krasniqi.<\/p>\n<p><a href=\"http:\/\/www.visit-ulcinj.com\/blog\/wp-content\/uploads\/2010\/12\/Revista-Imedica-Altina-Sejdiu.jpg\"><img loading=\"lazy\" class=\"alignleft size-full wp-image-40916\" title=\"Revista-Imedica-Altina-Sejdiu\" src=\"http:\/\/www.visit-ulcinj.com\/blog\/wp-content\/uploads\/2010\/12\/Revista-Imedica-Altina-Sejdiu.jpg\" alt=\"\" width=\"516\" height=\"720\" \/><\/a><\/p>\n<p>\u201cKosovarja, Select dhe Teuta\u201d, jan\u00eb tri revista shum\u00eb prestigjioze dhe m\u00eb t\u00eb lexuarat n\u00eb mbar\u00eb Kosov\u00ebn, t\u00eb cilat kan\u00eb zgjedhur k\u00ebto tri vajza p\u00ebr t\u00eb qen\u00eb pjes\u00eb e numrave festiv\u00eb p\u00ebr fundvit. Jo rast\u00ebsisht jan\u00eb zgjedhur k\u00ebto imazhe p\u00ebr t\u00eb qen\u00eb pjes\u00eb e k\u00ebtyre revistave, pasi Argjentina dhe Tuna p\u00ebr momentin jan\u00eb nd\u00ebr k\u00ebng\u00ebtaret m\u00eb aktive n\u00eb sken\u00ebn muzikore, qoft\u00eb me klipe dhe paraqitje t\u00eb ndryshme gjithandej.<\/p>\n<p>Kurse Zana Krasniqi b\u00ebri nj\u00eb rikthim n\u00eb media, pas nj\u00eb pauze t\u00eb gjat\u00eb q\u00eb b\u00ebri pa impenjime n\u00eb modelim. Argjentina do t\u00eb pushoj\u00eb gjat\u00eb festave t\u00eb fundvitit dhe nuk do t\u00eb paraqitet n\u00eb ndonj\u00eb koncert, nd\u00ebrsa do t\u00eb realizoj\u00eb nj\u00eb duet me aktorin kosovar Fatos Kryeziu dhe nj\u00eb k\u00ebng\u00eb tjet\u00ebr\u00a0\u201csolo\u201d.<\/p>\n<p><a href=\"http:\/\/www.visit-ulcinj.com\/blog\/wp-content\/uploads\/2010\/12\/Revista-Kosovarja-Argentina-Ramosaj.jpg\"><img loading=\"lazy\" class=\"alignleft size-full wp-image-40917\" title=\"Revista-Kosovarja-Argentina-Ramosaj\" src=\"http:\/\/www.visit-ulcinj.com\/blog\/wp-content\/uploads\/2010\/12\/Revista-Kosovarja-Argentina-Ramosaj.jpg\" alt=\"\" width=\"509\" height=\"720\" \/><\/a><\/p>\n<p>Tuna pritet t\u00eb jet\u00eb e pranishme gati n\u00eb gjitha xhirimet televizive q\u00eb b\u00ebhen n\u00eb Kosov\u00eb e Maqedoni, nd\u00ebrkoh\u00eb q\u00eb do t\u00eb lan\u00e7oj\u00eb dhe nj\u00eb k\u00ebng\u00eb t\u00eb re, si dhe duetin me Getoar Selimin.<\/p>\n<p><a href=\"http:\/\/www.visit-ulcinj.com\/blog\/wp-content\/uploads\/2010\/12\/Revista-Teuta-Zana-Krasniqi.jpg\"><img loading=\"lazy\" class=\"alignleft size-full wp-image-40918\" title=\"Revista-Teuta-Zana-Krasniqi\" src=\"http:\/\/www.visit-ulcinj.com\/blog\/wp-content\/uploads\/2010\/12\/Revista-Teuta-Zana-Krasniqi.jpg\" alt=\"\" width=\"250\" height=\"345\" \/><\/a><\/p>\n<p>Kurse p\u00ebr festat e fundvitit ka shum\u00eb gjasa q\u00eb t\u00eb udh\u00ebtoj\u00eb drejt Shteteve t\u00eb Bashkuara t\u00eb Amerik\u00ebs ose n\u00eb Zvic\u00ebr. Zana Krasniqi p\u00ebr momentin po q\u00ebndron n\u00eb Amerik\u00eb, n\u00eb k\u00ebrkim t\u00eb kontratave t\u00eb reja p\u00ebr modelim.<\/p>\n","protected":false},"excerpt":{"rendered":"<p>\u00cbsht\u00eb privilegj i rrall\u00eb t\u00eb gjendesh n\u00eb kopertinat e revistave t\u00eb njohura, me rastin e festave t\u00eb fundvitit. K\u00ebt\u00eb gj\u00eb po e shijojn\u00eb edhe tri bukuroshet e ekranit Argjentina, Tuna dhe Zana Krasniqi. \u201cKosovarja, Select dhe Teuta\u201d, jan\u00eb tri revista shum\u00eb prestigjioze dhe m\u00eb t\u00eb lexuarat n\u00eb mbar\u00eb Kosov\u00ebn, t\u00eb cilat kan\u00eb zgjedhur k\u00ebto tri [&hellip;]<\/p>\n","protected":false},"author":1,"featured_media":0,"comment_status":"open","ping_status":"closed","sticky":false,"template":"","format":"standard","meta":{"spay_email":"","jetpack_publicize_message":"","jetpack_is_tweetstorm":false,"jetpack_publicize_feature_enabled":true},"categories":[1],"tags":[16524,16592,16590,325,16593,16591,16589,16588,5099,4970,5210],"jetpack_publicize_connections":[],"yoast_head":"<!-- This site is optimized with the Yoast SEO plugin v19.1 - https:\/\/yoast.com\/wordpress\/plugins\/seo\/ -->\n<title>Argjentina Ramosaj, Zana Krasniqi dhe Tuna Sejdiu pushtojn\u00eb kopertinat e fundvitit n\u00eb Kosov\u00eb - Lajme nga Ulqini<\/title>\n<meta name=\"description\" content=\"\u00cbsht\u00eb privilegj i rrall\u00eb t\u00eb gjendesh n\u00eb kopertinat e revistave t\u00eb njohura, me rastin e festave t\u00eb fundvitit. K\u00ebt\u00eb gj\u00eb po e shijojn\u00eb edhe tri bukuroshet e\" \/>\n<meta name=\"robots\" content=\"index, follow, max-snippet:-1, max-image-preview:large, max-video-preview:-1\" \/>\n<link rel=\"canonical\" href=\"https:\/\/www.visit-ulcinj.com\/blog\/2010\/12\/11\/argjentina-ramosaj-zana-krasniqi-dhe-tuna-sejdiu-pushtojne-kopertinat-e-fundvitit-ne-kosove\/\" \/>\n<meta property=\"og:locale\" content=\"en_US\" \/>\n<meta property=\"og:type\" content=\"article\" \/>\n<meta property=\"og:title\" content=\"Argjentina Ramosaj, Zana Krasniqi dhe Tuna Sejdiu pushtojn\u00eb kopertinat e fundvitit n\u00eb Kosov\u00eb - Lajme nga Ulqini\" \/>\n<meta property=\"og:description\" content=\"\u00cbsht\u00eb privilegj i rrall\u00eb t\u00eb gjendesh n\u00eb kopertinat e revistave t\u00eb njohura, me rastin e festave t\u00eb fundvitit. K\u00ebt\u00eb gj\u00eb po e shijojn\u00eb edhe tri bukuroshet e\" \/>\n<meta property=\"og:url\" content=\"https:\/\/www.visit-ulcinj.com\/blog\/2010\/12\/11\/argjentina-ramosaj-zana-krasniqi-dhe-tuna-sejdiu-pushtojne-kopertinat-e-fundvitit-ne-kosove\/\" \/>\n<meta property=\"og:site_name\" content=\"Lajme nga Ulqini\" \/>\n<meta property=\"article:published_time\" content=\"2010-12-11T15:24:02+00:00\" \/>\n<meta property=\"og:image\" content=\"http:\/\/www.visit-ulcinj.com\/blog\/wp-content\/uploads\/2010\/12\/revista-fundvitit.jpg\" \/>\n<meta name=\"twitter:label1\" content=\"Written by\" \/>\n\t<meta name=\"twitter:data1\" content=\"ulqini\" \/>\n\t<meta name=\"twitter:label2\" content=\"Est. reading time\" \/>\n\t<meta name=\"twitter:data2\" content=\"1 minute\" \/>\n<script type=\"application\/ld+json\" class=\"yoast-schema-graph\">{\"@context\":\"https:\/\/schema.org\",\"@graph\":[{\"@type\":\"WebSite\",\"@id\":\"https:\/\/www.visit-ulcinj.com\/blog\/#website\",\"url\":\"https:\/\/www.visit-ulcinj.com\/blog\/\",\"name\":\"Lajme nga Ulqini\",\"description\":\"Lajme,Vijesti,Ulqini,Ulqin,Crna Gora,Mali i Zi\",\"potentialAction\":[{\"@type\":\"SearchAction\",\"target\":{\"@type\":\"EntryPoint\",\"urlTemplate\":\"https:\/\/www.visit-ulcinj.com\/blog\/?s={search_term_string}\"},\"query-input\":\"required name=search_term_string\"}],\"inLanguage\":\"en-US\"},{\"@type\":\"ImageObject\",\"inLanguage\":\"en-US\",\"@id\":\"https:\/\/www.visit-ulcinj.com\/blog\/2010\/12\/11\/argjentina-ramosaj-zana-krasniqi-dhe-tuna-sejdiu-pushtojne-kopertinat-e-fundvitit-ne-kosove\/#primaryimage\",\"url\":\"http:\/\/www.visit-ulcinj.com\/blog\/wp-content\/uploads\/2010\/12\/revista-fundvitit.jpg\",\"contentUrl\":\"http:\/\/www.visit-ulcinj.com\/blog\/wp-content\/uploads\/2010\/12\/revista-fundvitit.jpg\"},{\"@type\":\"WebPage\",\"@id\":\"https:\/\/www.visit-ulcinj.com\/blog\/2010\/12\/11\/argjentina-ramosaj-zana-krasniqi-dhe-tuna-sejdiu-pushtojne-kopertinat-e-fundvitit-ne-kosove\/#webpage\",\"url\":\"https:\/\/www.visit-ulcinj.com\/blog\/2010\/12\/11\/argjentina-ramosaj-zana-krasniqi-dhe-tuna-sejdiu-pushtojne-kopertinat-e-fundvitit-ne-kosove\/\",\"name\":\"Argjentina Ramosaj, Zana Krasniqi dhe Tuna Sejdiu pushtojn\u00eb kopertinat e fundvitit n\u00eb Kosov\u00eb - Lajme nga Ulqini\",\"isPartOf\":{\"@id\":\"https:\/\/www.visit-ulcinj.com\/blog\/#website\"},\"primaryImageOfPage\":{\"@id\":\"https:\/\/www.visit-ulcinj.com\/blog\/2010\/12\/11\/argjentina-ramosaj-zana-krasniqi-dhe-tuna-sejdiu-pushtojne-kopertinat-e-fundvitit-ne-kosove\/#primaryimage\"},\"datePublished\":\"2010-12-11T15:24:02+00:00\",\"dateModified\":\"2010-12-11T15:24:02+00:00\",\"author\":{\"@id\":\"https:\/\/www.visit-ulcinj.com\/blog\/#\/schema\/person\/dcab619c614d3038751c63bc2aadc06d\"},\"description\":\"\u00cbsht\u00eb privilegj i rrall\u00eb t\u00eb gjendesh n\u00eb kopertinat e revistave t\u00eb njohura, me rastin e festave t\u00eb fundvitit. K\u00ebt\u00eb gj\u00eb po e shijojn\u00eb edhe tri bukuroshet e\",\"breadcrumb\":{\"@id\":\"https:\/\/www.visit-ulcinj.com\/blog\/2010\/12\/11\/argjentina-ramosaj-zana-krasniqi-dhe-tuna-sejdiu-pushtojne-kopertinat-e-fundvitit-ne-kosove\/#breadcrumb\"},\"inLanguage\":\"en-US\",\"potentialAction\":[{\"@type\":\"ReadAction\",\"target\":[\"https:\/\/www.visit-ulcinj.com\/blog\/2010\/12\/11\/argjentina-ramosaj-zana-krasniqi-dhe-tuna-sejdiu-pushtojne-kopertinat-e-fundvitit-ne-kosove\/\"]}]},{\"@type\":\"BreadcrumbList\",\"@id\":\"https:\/\/www.visit-ulcinj.com\/blog\/2010\/12\/11\/argjentina-ramosaj-zana-krasniqi-dhe-tuna-sejdiu-pushtojne-kopertinat-e-fundvitit-ne-kosove\/#breadcrumb\",\"itemListElement\":[{\"@type\":\"ListItem\",\"position\":1,\"name\":\"Argjentina Ramosaj, Zana Krasniqi dhe Tuna Sejdiu pushtojn\u00eb kopertinat e fundvitit n\u00eb Kosov\u00eb\"}]},{\"@type\":\"Person\",\"@id\":\"https:\/\/www.visit-ulcinj.com\/blog\/#\/schema\/person\/dcab619c614d3038751c63bc2aadc06d\",\"name\":\"ulqini\",\"sameAs\":[\"http:\/\/www.visit-ulcinj.com\"],\"url\":\"https:\/\/www.visit-ulcinj.com\/blog\/author\/admin\/\"}]}<\/script>\n<!-- \/ Yoast SEO plugin. -->","yoast_head_json":{"title":"Argjentina Ramosaj, Zana Krasniqi dhe Tuna Sejdiu pushtojn\u00eb kopertinat e fundvitit n\u00eb Kosov\u00eb - Lajme nga Ulqini","description":"\u00cbsht\u00eb privilegj i rrall\u00eb t\u00eb gjendesh n\u00eb kopertinat e revistave t\u00eb njohura, me rastin e festave t\u00eb fundvitit. K\u00ebt\u00eb gj\u00eb po e shijojn\u00eb edhe tri bukuroshet e","robots":{"index":"index","follow":"follow","max-snippet":"max-snippet:-1","max-image-preview":"max-image-preview:large","max-video-preview":"max-video-preview:-1"},"canonical":"https:\/\/www.visit-ulcinj.com\/blog\/2010\/12\/11\/argjentina-ramosaj-zana-krasniqi-dhe-tuna-sejdiu-pushtojne-kopertinat-e-fundvitit-ne-kosove\/","og_locale":"en_US","og_type":"article","og_title":"Argjentina Ramosaj, Zana Krasniqi dhe Tuna Sejdiu pushtojn\u00eb kopertinat e fundvitit n\u00eb Kosov\u00eb - Lajme nga Ulqini","og_description":"\u00cbsht\u00eb privilegj i rrall\u00eb t\u00eb gjendesh n\u00eb kopertinat e revistave t\u00eb njohura, me rastin e festave t\u00eb fundvitit. K\u00ebt\u00eb gj\u00eb po e shijojn\u00eb edhe tri bukuroshet e","og_url":"https:\/\/www.visit-ulcinj.com\/blog\/2010\/12\/11\/argjentina-ramosaj-zana-krasniqi-dhe-tuna-sejdiu-pushtojne-kopertinat-e-fundvitit-ne-kosove\/","og_site_name":"Lajme nga Ulqini","article_published_time":"2010-12-11T15:24:02+00:00","og_image":[{"url":"http:\/\/www.visit-ulcinj.com\/blog\/wp-content\/uploads\/2010\/12\/revista-fundvitit.jpg"}],"twitter_misc":{"Written by":"ulqini","Est. reading time":"1 minute"},"schema":{"@context":"https:\/\/schema.org","@graph":[{"@type":"WebSite","@id":"https:\/\/www.visit-ulcinj.com\/blog\/#website","url":"https:\/\/www.visit-ulcinj.com\/blog\/","name":"Lajme nga Ulqini","description":"Lajme,Vijesti,Ulqini,Ulqin,Crna Gora,Mali i Zi","potentialAction":[{"@type":"SearchAction","target":{"@type":"EntryPoint","urlTemplate":"https:\/\/www.visit-ulcinj.com\/blog\/?s={search_term_string}"},"query-input":"required name=search_term_string"}],"inLanguage":"en-US"},{"@type":"ImageObject","inLanguage":"en-US","@id":"https:\/\/www.visit-ulcinj.com\/blog\/2010\/12\/11\/argjentina-ramosaj-zana-krasniqi-dhe-tuna-sejdiu-pushtojne-kopertinat-e-fundvitit-ne-kosove\/#primaryimage","url":"http:\/\/www.visit-ulcinj.com\/blog\/wp-content\/uploads\/2010\/12\/revista-fundvitit.jpg","contentUrl":"http:\/\/www.visit-ulcinj.com\/blog\/wp-content\/uploads\/2010\/12\/revista-fundvitit.jpg"},{"@type":"WebPage","@id":"https:\/\/www.visit-ulcinj.com\/blog\/2010\/12\/11\/argjentina-ramosaj-zana-krasniqi-dhe-tuna-sejdiu-pushtojne-kopertinat-e-fundvitit-ne-kosove\/#webpage","url":"https:\/\/www.visit-ulcinj.com\/blog\/2010\/12\/11\/argjentina-ramosaj-zana-krasniqi-dhe-tuna-sejdiu-pushtojne-kopertinat-e-fundvitit-ne-kosove\/","name":"Argjentina Ramosaj, Zana Krasniqi dhe Tuna Sejdiu pushtojn\u00eb kopertinat e fundvitit n\u00eb Kosov\u00eb - Lajme nga Ulqini","isPartOf":{"@id":"https:\/\/www.visit-ulcinj.com\/blog\/#website"},"primaryImageOfPage":{"@id":"https:\/\/www.visit-ulcinj.com\/blog\/2010\/12\/11\/argjentina-ramosaj-zana-krasniqi-dhe-tuna-sejdiu-pushtojne-kopertinat-e-fundvitit-ne-kosove\/#primaryimage"},"datePublished":"2010-12-11T15:24:02+00:00","dateModified":"2010-12-11T15:24:02+00:00","author":{"@id":"https:\/\/www.visit-ulcinj.com\/blog\/#\/schema\/person\/dcab619c614d3038751c63bc2aadc06d"},"description":"\u00cbsht\u00eb privilegj i rrall\u00eb t\u00eb gjendesh n\u00eb kopertinat e revistave t\u00eb njohura, me rastin e festave t\u00eb fundvitit. K\u00ebt\u00eb gj\u00eb po e shijojn\u00eb edhe tri bukuroshet e","breadcrumb":{"@id":"https:\/\/www.visit-ulcinj.com\/blog\/2010\/12\/11\/argjentina-ramosaj-zana-krasniqi-dhe-tuna-sejdiu-pushtojne-kopertinat-e-fundvitit-ne-kosove\/#breadcrumb"},"inLanguage":"en-US","potentialAction":[{"@type":"ReadAction","target":["https:\/\/www.visit-ulcinj.com\/blog\/2010\/12\/11\/argjentina-ramosaj-zana-krasniqi-dhe-tuna-sejdiu-pushtojne-kopertinat-e-fundvitit-ne-kosove\/"]}]},{"@type":"BreadcrumbList","@id":"https:\/\/www.visit-ulcinj.com\/blog\/2010\/12\/11\/argjentina-ramosaj-zana-krasniqi-dhe-tuna-sejdiu-pushtojne-kopertinat-e-fundvitit-ne-kosove\/#breadcrumb","itemListElement":[{"@type":"ListItem","position":1,"name":"Argjentina Ramosaj, Zana Krasniqi dhe Tuna Sejdiu pushtojn\u00eb kopertinat e fundvitit n\u00eb Kosov\u00eb"}]},{"@type":"Person","@id":"https:\/\/www.visit-ulcinj.com\/blog\/#\/schema\/person\/dcab619c614d3038751c63bc2aadc06d","name":"ulqini","sameAs":["http:\/\/www.visit-ulcinj.com"],"url":"https:\/\/www.visit-ulcinj.com\/blog\/author\/admin\/"}]}},"jetpack_featured_media_url":"","jetpack_sharing_enabled":true,"jetpack_shortlink":"https:\/\/wp.me\/pe6lTn-aDU","_links":{"self":[{"href":"https:\/\/www.visit-ulcinj.com\/blog\/wp-json\/wp\/v2\/posts\/40914"}],"collection":[{"href":"https:\/\/www.visit-ulcinj.com\/blog\/wp-json\/wp\/v2\/posts"}],"about":[{"href":"https:\/\/www.visit-ulcinj.com\/blog\/wp-json\/wp\/v2\/types\/post"}],"author":[{"embeddable":true,"href":"https:\/\/www.visit-ulcinj.com\/blog\/wp-json\/wp\/v2\/users\/1"}],"replies":[{"embeddable":true,"href":"https:\/\/www.visit-ulcinj.com\/blog\/wp-json\/wp\/v2\/comments?post=40914"}],"version-history":[{"count":0,"href":"https:\/\/www.visit-ulcinj.com\/blog\/wp-json\/wp\/v2\/posts\/40914\/revisions"}],"wp:attachment":[{"href":"https:\/\/www.visit-ulcinj.com\/blog\/wp-json\/wp\/v2\/media?parent=40914"}],"wp:term":[{"taxonomy":"category","embeddable":true,"href":"https:\/\/www.visit-ulcinj.com\/blog\/wp-json\/wp\/v2\/categories?post=40914"},{"taxonomy":"post_tag","embeddable":true,"href":"https:\/\/www.visit-ulcinj.com\/blog\/wp-json\/wp\/v2\/tags?post=40914"}],"curies":[{"name":"wp","href":"https:\/\/api.w.org\/{rel}","templated":true}]}}