{"id":40946,"date":"2010-12-13T08:00:19","date_gmt":"2010-12-13T07:00:19","guid":{"rendered":"http:\/\/www.visit-ulcinj.com\/blog\/?p=40946"},"modified":"2010-12-14T18:46:45","modified_gmt":"2010-12-14T17:46:45","slug":"leonora-jakupi-nuk-harron","status":"publish","type":"post","link":"https:\/\/www.visit-ulcinj.com\/blog\/2010\/12\/13\/leonora-jakupi-nuk-harron\/","title":{"rendered":"Leonora Jakupi &#8220;NUK&#8221; HARRON!"},"content":{"rendered":"<p><a href=\"http:\/\/www.visit-ulcinj.com\/blog\/wp-content\/uploads\/2010\/12\/Launora-Jakupi-1.jpg\"><img loading=\"lazy\" class=\"alignleft size-full wp-image-40947\" title=\"Launora-Jakupi-1\" src=\"http:\/\/www.visit-ulcinj.com\/blog\/wp-content\/uploads\/2010\/12\/Launora-Jakupi-1.jpg\" alt=\"\" width=\"508\" height=\"381\" \/><\/a><\/p>\n<p>Artist\u00ebt jan\u00eb t\u00eb pafajsh\u00ebm dhe t\u00eb hyjnish\u00ebm. P\u00ebr k\u00ebt\u00eb, ata nuk jan\u00eb gjithmon\u00eb t\u00eb vet\u00ebdijsh\u00ebm. Megjithat\u00eb, jan\u00eb t\u00eb vet\u00ebdijsh\u00ebm p\u00ebr shum\u00eb\u00e7ka: duan dhe din\u00eb t\u00eb dashurojn\u00eb, din\u00eb dhe duan dhuntin\u00eb e natyr\u00ebs ta shfryt\u00ebzojn\u00eb, por nganj\u00ebher\u00eb din\u00eb edhe t\u00eb harrojn\u00eb e madje edhe t\u00eb mallkojn\u00eb.<\/p>\n<p><strong><span style=\"text-decoration: underline;\">Bisedoi<\/span><\/strong>: Shaqir Foniqi<\/p>\n<p>Artistja, Leonora Jakupi, ndon\u00ebse ka shpirt dhe zem\u00ebr t\u00eb madhe, nganj\u00ebher\u00eb nuk mund t\u00eb jet\u00eb imune ndaj shigjetave helmuese q\u00eb e godasin zemr\u00ebn e saj. K\u00ebnga m\u00eb e re, \u201cI harruar\u201d, q\u00eb tashm\u00eb \u00ebsht\u00eb b\u00ebr\u00eb hit, a thua shp\u00ebrfill nj\u00eb duf t\u00eb akumuluar n\u00eb zemr\u00ebn e \u00e7do artisteje, e pse jo edhe t\u00eb Leonor\u00ebs?<\/p>\n<p><strong> Leonora, a ka di\u00e7ka personale n\u00eb k\u00ebt\u00eb tekst?<\/strong><\/p>\n<p>Jo, nuk ka di\u00e7ka t\u00eb b\u00ebj me jet\u00ebn time private, thjesht, \u00ebsht\u00eb tekst i autorit t\u00eb k\u00ebng\u00ebs. Nuk e di\u2026 ai e ka gjetur vet inspirimin p\u00ebr k\u00ebt\u00eb tekst. Nuk ka qen\u00eb ide imja, edhe pse, n\u00eb disa raste konkrete, natyrisht, edhe un\u00eb nd\u00ebrhyj dhe zgjedh tematika t\u00eb caktuara.\u00a0A do t\u00eb thot\u00eb kjo se artist\u00ebt bashk\u00ebjetojn\u00eb me vuajtjet e t\u00eb tjer\u00ebve dhe k\u00ebsisoj, n\u00eb nj\u00eb m\u00ebnyr\u00eb vuajtjen e tyre, d\u00ebshirojn\u00eb ta shp\u00ebrndajn\u00eb.<br \/>\nAbsolutisht po, shp\u00ebrndajm\u00eb mesazhe p\u00ebrmes k\u00ebng\u00ebve tona\u2026 Natyrisht, n\u00ebse jo, dhimbjen dhe eksperiencat tona n\u00eb jet\u00eb, at\u00ebher\u00eb mundohemi t\u00eb shp\u00ebrndajm\u00eb eksperiencat e t\u00eb tjer\u00ebve, atyre q\u00eb na rrethojn\u00eb, miqve, familjar\u00ebve tan\u00eb\u2026<\/p>\n<p><strong> A mendon q\u00eb ka vuajtje t\u00eb bukur?<\/strong><\/p>\n<p>Po, mendoj q\u00eb ka. \u00cbsht\u00eb mir\u00eb njeriu t\u00eb p\u00ebrjeton g\u00ebzimin, hidh\u00ebrimin, edhe vuajtjen\u2026p\u00ebr t\u00eb ditur r\u00ebnd\u00ebsin\u00eb e jet\u00ebs. Por, edhe p\u00ebr ta shijuar jet\u00ebn pak.<\/p>\n<p><strong>K\u00ebnga \u00ebsht\u00eb realizuar n\u00eb nj\u00eb jaht ku ju dukeni e madh\u00ebrishme, dinjitoze, emotive, qiellore, por edhe pak e l\u00ebnduar.Cila nga k\u00ebto shprehje i rri m\u00eb bukur k\u00ebsaj k\u00ebnge?<\/strong><\/p>\n<p><strong><a href=\"http:\/\/www.visit-ulcinj.com\/blog\/wp-content\/uploads\/2010\/12\/Leonora-Jakupi-ne-klip-i-harruar-2.jpg\"><img loading=\"lazy\" class=\"alignleft size-full wp-image-40950\" title=\"Leonora-Jakupi-ne-klip-i-harruar-2\" src=\"http:\/\/www.visit-ulcinj.com\/blog\/wp-content\/uploads\/2010\/12\/Leonora-Jakupi-ne-klip-i-harruar-2.jpg\" alt=\"\" width=\"508\" height=\"339\" \/><\/a><br \/>\n<\/strong><\/p>\n<p>E l\u00ebnduar nuk do t\u00eb kisha th\u00ebn\u00eb, p\u00ebr faktin se n\u00eb k\u00ebng\u00eb, b\u00ebhet fjal\u00eb p\u00ebr nj\u00eb dashuri t\u00eb kaluar, edhe pse me dhimbje t\u00eb p\u00ebrfunduar\u2026dhe, un\u00eb, p\u00ebrmes k\u00ebng\u00ebs p\u00ebrpiqem ta tejkaloj k\u00ebt\u00eb dhimbje.<\/p>\n<p><strong>\u00c7ka \u00ebsht\u00eb dashuria p\u00ebr ju?<\/strong><\/p>\n<p>Hyjnore. Ka shum\u00eb definicione p\u00ebr dashurin\u00eb, un\u00eb ndoshta akoma nuk e kam gjetur at\u00eb t\u00eb duhurin, duhet m\u00eb tep\u00ebr t\u00eb p\u00ebrjetoj, t\u00eb prek\u00eb, t\u00eb shoh\u2026p\u00ebr t\u00eb gjetur nj\u00eb definicion m\u00eb t\u00eb duhur p\u00ebr dashurin\u00eb.<br \/>\nThuhet se jeta \u00ebsht\u00eb m\u00eb e madhe se vdekja, kurse dashuria m\u00eb e madhe se k\u00ebto t\u00eb dyja.<\/p>\n<p><strong>A i besoni th\u00ebnies se, dashuria do ta shp\u00ebtoj\u00eb bot\u00ebn?<\/strong><\/p>\n<p>Absolutisht po, vet\u00ebm dashuria dhe asgj\u00eb tjet\u00ebr.<\/p>\n<p><strong> Si e fillon dit\u00ebn Leonora dhe si e p\u00ebrfundon at\u00eb?<\/strong><\/p>\n<p>Zgjohem diku rreth or\u00ebs 9, shum\u00eb haresh\u00ebm, ndihem e lumtur, mezi pres ta hapi perden dhe ta shoh drit\u00ebn. G\u00ebzohem shum\u00eb sidomos kur \u00ebsht\u00eb dita me diell, jam shum\u00eb emotive kur \u00ebsht\u00eb koha me shi, pastaj filloj ritualet\u2026si, nj\u00eb dush, m\u00ebngjesi me familje\u2026aktivitetet tjera.<\/p>\n<p><a href=\"http:\/\/www.visit-ulcinj.com\/blog\/wp-content\/uploads\/2010\/12\/Leonora-Jakupi-I-Harruar.jpg\"><img loading=\"lazy\" class=\"alignleft size-full wp-image-40948\" title=\"Leonora Jakupi - I Harruar\" src=\"http:\/\/www.visit-ulcinj.com\/blog\/wp-content\/uploads\/2010\/12\/Leonora-Jakupi-I-Harruar.jpg\" alt=\"\" width=\"508\" height=\"339\" \/><\/a><\/p>\n<p><strong>\u00cbsht\u00eb th\u00ebnia, \u2018n\u00eb or\u00ebt e hershme t\u00eb m\u00ebngjesit, e t\u00ebr\u00eb bota \u00ebsht\u00eb n\u00eb rregull\u2019. A e tumirni k\u00ebt\u00eb th\u00ebnie, a pajtoheni?<\/strong><\/p>\n<p>Un\u00eb, p\u00ebrgjith\u00ebsisht zgjohem e lumtur\u2026<\/p>\n<p><strong> \u2026por, a ta prishin dit\u00ebn nd\u00ebrkoh\u00eb?<\/strong><\/p>\n<p>Sigurisht se ma prishin, mir\u00ebpo, kryesisht zgjohem e lumtur, varet edhe se me \u00e7far\u00eb disponimi ke r\u00ebn\u00eb, \u00e7far\u00eb gjumi k\u00eb b\u00ebr\u00eb\u2026ke ndonj\u00eb breng\u00eb, ndonj\u00eb hall. Nuk \u00ebsht\u00eb \u00e7do dit\u00eb nj\u00ebsoj. I fal\u00ebnderohem Zotit q\u00eb jam sh\u00ebndosh e mir\u00eb, familjen e kam mir\u00eb dhe kam motiv p\u00ebr \u00e7ka t\u00eb punoj.<\/p>\n<p><strong>\u00c7ka t\u00eb bezdis m\u00eb s\u00eb shumti n\u00eb mjedisin ku jeton?<\/strong><\/p>\n<p>Shum\u00eb\u00e7ka\u2026komunikacioni, pluhuri, papast\u00ebrtia, hedhja e mbeturina vend e pavend, ambientet pa gjelb\u00ebrim, disa rrug\u00eb t\u00eb mbuluara me pllakate t\u00eb politikan\u00ebve, nuk shoh di\u00e7ka tjet\u00ebr p\u00ebrpos laramanis\u00eb s\u00eb tyre\u2026ka shum\u00eb parregullsi.<\/p>\n<p><strong> Po t\u00eb kishe mund\u00ebsi, \u00e7ka do t\u00eb ndryshoje tek njer\u00ebzit?<\/strong><\/p>\n<p>Kisha dashur q\u00eb njer\u00ebzit t\u00eb jen\u00eb m\u00eb t\u00eb dinjitetsh\u00ebm, m\u00eb human, m\u00eb t\u00eb af\u00ebrt me nj\u00ebri-tjetrin, m\u00eb dashamir\u00ebs. Ka humbur humanizmi, dashuria p\u00ebr nj\u00ebri-tjetrin, njer\u00ebzit jan\u00eb zhvesh\u00eb nga shum\u00eb tipare, nuk jan\u00eb ata q\u00eb i kam njohur para shum\u00eb viteve, dmth i shohin vet\u00ebm interesat e tyre\u2026<\/p>\n<p><strong> Po tek vetja?<\/strong><\/p>\n<p>Asgj\u00eb, jam krenare p\u00ebr karakterin tim\u2026<\/p>\n<p><strong> T\u2019i kthehemi edhe nj\u00ebher\u00eb k\u00ebng\u00ebs \u201cI harruar\u201d. \u00cbsht\u00eb mir\u00eb t\u00eb harrosh, \u00ebsht\u00eb v\u00ebshtirt\u00eb, \u00ebsht\u00eb m\u00ebkat\u2026?<\/strong><\/p>\n<p>Ma mir\u00eb t\u00eb harrosh, sesa t\u00eb mbash barr\u00ebn dhe t\u00eb vuash, ose t\u00eb jetosh me nj\u00eb dhimbje t\u00ebr\u00eb jet\u00ebn.<\/p>\n<p><strong> Emocionet e kan\u00eb mb\u00ebrthyer k\u00ebng\u00ebn dhe k\u00ebto emocione mbesin t\u00eb pa fashitura. Keni ju emocione kur e d\u00ebgjoni k\u00ebt\u00eb k\u00ebng\u00eb?<\/strong><\/p>\n<p>Jo, hahaaa, ka shum\u00eb k\u00ebng\u00eb tjera ku, ndoshta, mund t\u00eb jem m\u00eb emotive kur t\u2019i d\u00ebgjoj ato.<\/p>\n<p><strong> Dukeni se jeni nj\u00eb fem\u00ebr e sinqert\u00eb. Sinqerisht, e keni p\u00ebrjetuar ju dashurin\u00eb, n\u00eb m\u00ebnyr\u00ebn se si dashurojn\u00eb artist\u00ebt?<\/strong><\/p>\n<p>Varet prej njeriut. Ka njer\u00ebz q\u00eb ia din\u00eb vler\u00ebn dashuris\u00eb, por ka edhe prej atyre q\u00eb nuk ia din\u00eb. Njer\u00ebzit e p\u00ebrjetojn\u00eb dashurin\u00eb n\u00eb forma t\u00eb ndryshme.<\/p>\n<p><strong> \u00cbsht\u00eb mallkim t\u00eb dashurosh?<\/strong><\/p>\n<p>Jo, nuk \u00ebsht\u00eb mallkim.<\/p>\n<p><a href=\"http:\/\/www.visit-ulcinj.com\/blog\/wp-content\/uploads\/2010\/12\/Leonora-Jakupi-ne-klip-i-harruar-1.jpg\"><img loading=\"lazy\" class=\"alignleft size-full wp-image-40949\" title=\"Leonora-Jakupi-ne-klip-i-harruar-1\" src=\"http:\/\/www.visit-ulcinj.com\/blog\/wp-content\/uploads\/2010\/12\/Leonora-Jakupi-ne-klip-i-harruar-1.jpg\" alt=\"\" width=\"508\" height=\"339\" \/><\/a><\/p>\n<p><strong> Sikur \u00ebsht\u00eb krijuar bindja se t\u00eb gjitha femrat e bukura jan\u00eb pak \u201ctragjike\u201d. A ka di\u00e7ka t\u00eb v\u00ebrtet\u00eb k\u00ebtu?<\/strong><\/p>\n<p>Jo, nuk mendoj se femrat e bukura jan\u00eb \u201ctragjike\u201d. Mua m\u00eb pengon m\u00eb shum\u00eb kur thuhet se femrat e bukura p\u00ebrve\u00e7 pamjes s\u00eb tyre, nuk kan\u00eb di\u00e7ka tjet\u00ebr n\u00eb kok\u00eb, jan\u00eb bosh. Un\u00eb njoh shum\u00eb femra t\u00eb bukura q\u00eb jan\u00eb t\u00eb jasht\u00ebzakonshme, t\u00eb men\u00e7ura, t\u00eb vler\u00ebsuara n\u00eb profesionet e tyre; varet se si ato din\u00eb t\u00eb organizojn\u00eb jet\u00ebn e tyre. N\u00ebse ti nuk di t\u00eb menaxhosh jet\u00ebn t\u00ebnde private ose pun\u00ebn t\u00ebnde, mund t\u00eb jesh edhe \u201cfatkeqe\u201d.<\/p>\n<p><strong> N\u00eb jaht dukeni me vello t\u00eb bardh\u00eb. Kur do t\u00eb vishni ju vellon e v\u00ebrtet\u00eb?<\/strong><\/p>\n<p>Nuk jam p\u00ebrcaktuar ende. Kur t\u00eb jet\u00eb k\u00ebsmet!<\/p>\n<p><strong> A ka b\u00ebr\u00eb dikush m\u00ebkat ndaj jush?<\/strong><\/p>\n<p>Po\u2026me siguri se ka.\u00a0Besoj se, artist\u00ebve nuk u ka hije inati, prandaj t\u00eb shpresojm\u00eb se ju do ta p\u00ebrfillni th\u00ebnien e filozofit francez, Zhan Pol Sart\u00ebr, \u201cUa fal t\u00eb gjith\u00ebve m\u00ebkatet, nuk dua t\u00eb keqen ta mbaj n\u00eb zem\u00ebr\u201d.\u00a0Definitivisht pajtohem me k\u00ebt\u00eb th\u00ebnie.<\/p>\n<p><strong> Leonora, faleminderit p\u00ebr intervist\u00ebn dhe, fare n\u00eb fund, t\u00eb themi se, ishim t\u00eb privilegjuar q\u00eb pat\u00ebm rastin t\u00eb bashk\u00ebjetojm\u00eb n\u00eb kat\u00ebr sy.<\/strong><\/p>\n<p>K\u00ebnaq\u00ebsia ishte imja dhe faleminderit shum\u00eb p\u00ebr k\u00ebt\u00eb intervist\u00ebn.<\/p>\n<p><a href=\"http:\/\/www.visit-ulcinj.com\/gallery\/main.php?g2_itemId=20377&amp;g2_page=1\" target=\"_blank\"><strong>SHIKO FOTO GALERIN E LEONORA JAKUPIT<\/strong><\/a><br \/>\n<!--YouTube Error: bad URL entered--><\/p>\n","protected":false},"excerpt":{"rendered":"<p>Artist\u00ebt jan\u00eb t\u00eb pafajsh\u00ebm dhe t\u00eb hyjnish\u00ebm. P\u00ebr k\u00ebt\u00eb, ata nuk jan\u00eb gjithmon\u00eb t\u00eb vet\u00ebdijsh\u00ebm. Megjithat\u00eb, jan\u00eb t\u00eb vet\u00ebdijsh\u00ebm p\u00ebr shum\u00eb\u00e7ka: duan dhe din\u00eb t\u00eb dashurojn\u00eb, din\u00eb dhe duan dhuntin\u00eb e natyr\u00ebs ta shfryt\u00ebzojn\u00eb, por nganj\u00ebher\u00eb din\u00eb edhe t\u00eb harrojn\u00eb e madje edhe t\u00eb mallkojn\u00eb. Bisedoi: Shaqir Foniqi Artistja, Leonora Jakupi, ndon\u00ebse ka shpirt dhe [&hellip;]<\/p>\n","protected":false},"author":1,"featured_media":0,"comment_status":"open","ping_status":"closed","sticky":false,"template":"","format":"standard","meta":{"spay_email":"","jetpack_publicize_message":"","jetpack_is_tweetstorm":false,"jetpack_publicize_feature_enabled":true},"categories":[1],"tags":[16605,5051,16220,16604,16603],"jetpack_publicize_connections":[],"yoast_head":"<!-- This site is optimized with the Yoast SEO plugin v19.1 - https:\/\/yoast.com\/wordpress\/plugins\/seo\/ -->\n<title>Leonora Jakupi &quot;NUK&quot; HARRON! - Lajme nga Ulqini<\/title>\n<meta name=\"description\" content=\"Artist\u00ebt jan\u00eb t\u00eb pafajsh\u00ebm dhe t\u00eb hyjnish\u00ebm. P\u00ebr k\u00ebt\u00eb, ata nuk jan\u00eb gjithmon\u00eb t\u00eb vet\u00ebdijsh\u00ebm. Megjithat\u00eb, jan\u00eb t\u00eb vet\u00ebdijsh\u00ebm p\u00ebr shum\u00eb\u00e7ka: duan dhe din\u00eb\" \/>\n<meta name=\"robots\" content=\"index, follow, max-snippet:-1, max-image-preview:large, max-video-preview:-1\" \/>\n<link rel=\"canonical\" href=\"https:\/\/www.visit-ulcinj.com\/blog\/2010\/12\/13\/leonora-jakupi-nuk-harron\/\" \/>\n<meta property=\"og:locale\" content=\"en_US\" \/>\n<meta property=\"og:type\" content=\"article\" \/>\n<meta property=\"og:title\" content=\"Leonora Jakupi &quot;NUK&quot; HARRON! - Lajme nga Ulqini\" \/>\n<meta property=\"og:description\" content=\"Artist\u00ebt jan\u00eb t\u00eb pafajsh\u00ebm dhe t\u00eb hyjnish\u00ebm. P\u00ebr k\u00ebt\u00eb, ata nuk jan\u00eb gjithmon\u00eb t\u00eb vet\u00ebdijsh\u00ebm. Megjithat\u00eb, jan\u00eb t\u00eb vet\u00ebdijsh\u00ebm p\u00ebr shum\u00eb\u00e7ka: duan dhe din\u00eb\" \/>\n<meta property=\"og:url\" content=\"https:\/\/www.visit-ulcinj.com\/blog\/2010\/12\/13\/leonora-jakupi-nuk-harron\/\" \/>\n<meta property=\"og:site_name\" content=\"Lajme nga Ulqini\" \/>\n<meta property=\"article:published_time\" content=\"2010-12-13T07:00:19+00:00\" \/>\n<meta property=\"article:modified_time\" content=\"2010-12-14T17:46:45+00:00\" \/>\n<meta property=\"og:image\" content=\"http:\/\/www.visit-ulcinj.com\/blog\/wp-content\/uploads\/2010\/12\/Launora-Jakupi-1.jpg\" \/>\n<meta name=\"twitter:label1\" content=\"Written by\" \/>\n\t<meta name=\"twitter:data1\" content=\"ulqini\" \/>\n\t<meta name=\"twitter:label2\" content=\"Est. reading time\" \/>\n\t<meta name=\"twitter:data2\" content=\"6 minutes\" \/>\n<script type=\"application\/ld+json\" class=\"yoast-schema-graph\">{\"@context\":\"https:\/\/schema.org\",\"@graph\":[{\"@type\":\"WebSite\",\"@id\":\"https:\/\/www.visit-ulcinj.com\/blog\/#website\",\"url\":\"https:\/\/www.visit-ulcinj.com\/blog\/\",\"name\":\"Lajme nga Ulqini\",\"description\":\"Lajme,Vijesti,Ulqini,Ulqin,Crna Gora,Mali i Zi\",\"potentialAction\":[{\"@type\":\"SearchAction\",\"target\":{\"@type\":\"EntryPoint\",\"urlTemplate\":\"https:\/\/www.visit-ulcinj.com\/blog\/?s={search_term_string}\"},\"query-input\":\"required name=search_term_string\"}],\"inLanguage\":\"en-US\"},{\"@type\":\"ImageObject\",\"inLanguage\":\"en-US\",\"@id\":\"https:\/\/www.visit-ulcinj.com\/blog\/2010\/12\/13\/leonora-jakupi-nuk-harron\/#primaryimage\",\"url\":\"http:\/\/www.visit-ulcinj.com\/blog\/wp-content\/uploads\/2010\/12\/Launora-Jakupi-1.jpg\",\"contentUrl\":\"http:\/\/www.visit-ulcinj.com\/blog\/wp-content\/uploads\/2010\/12\/Launora-Jakupi-1.jpg\"},{\"@type\":\"WebPage\",\"@id\":\"https:\/\/www.visit-ulcinj.com\/blog\/2010\/12\/13\/leonora-jakupi-nuk-harron\/#webpage\",\"url\":\"https:\/\/www.visit-ulcinj.com\/blog\/2010\/12\/13\/leonora-jakupi-nuk-harron\/\",\"name\":\"Leonora Jakupi \\\"NUK\\\" HARRON! - Lajme nga Ulqini\",\"isPartOf\":{\"@id\":\"https:\/\/www.visit-ulcinj.com\/blog\/#website\"},\"primaryImageOfPage\":{\"@id\":\"https:\/\/www.visit-ulcinj.com\/blog\/2010\/12\/13\/leonora-jakupi-nuk-harron\/#primaryimage\"},\"datePublished\":\"2010-12-13T07:00:19+00:00\",\"dateModified\":\"2010-12-14T17:46:45+00:00\",\"author\":{\"@id\":\"https:\/\/www.visit-ulcinj.com\/blog\/#\/schema\/person\/dcab619c614d3038751c63bc2aadc06d\"},\"description\":\"Artist\u00ebt jan\u00eb t\u00eb pafajsh\u00ebm dhe t\u00eb hyjnish\u00ebm. P\u00ebr k\u00ebt\u00eb, ata nuk jan\u00eb gjithmon\u00eb t\u00eb vet\u00ebdijsh\u00ebm. Megjithat\u00eb, jan\u00eb t\u00eb vet\u00ebdijsh\u00ebm p\u00ebr shum\u00eb\u00e7ka: duan dhe din\u00eb\",\"breadcrumb\":{\"@id\":\"https:\/\/www.visit-ulcinj.com\/blog\/2010\/12\/13\/leonora-jakupi-nuk-harron\/#breadcrumb\"},\"inLanguage\":\"en-US\",\"potentialAction\":[{\"@type\":\"ReadAction\",\"target\":[\"https:\/\/www.visit-ulcinj.com\/blog\/2010\/12\/13\/leonora-jakupi-nuk-harron\/\"]}]},{\"@type\":\"BreadcrumbList\",\"@id\":\"https:\/\/www.visit-ulcinj.com\/blog\/2010\/12\/13\/leonora-jakupi-nuk-harron\/#breadcrumb\",\"itemListElement\":[{\"@type\":\"ListItem\",\"position\":1,\"name\":\"Leonora Jakupi &#8220;NUK&#8221; HARRON!\"}]},{\"@type\":\"Person\",\"@id\":\"https:\/\/www.visit-ulcinj.com\/blog\/#\/schema\/person\/dcab619c614d3038751c63bc2aadc06d\",\"name\":\"ulqini\",\"sameAs\":[\"http:\/\/www.visit-ulcinj.com\"],\"url\":\"https:\/\/www.visit-ulcinj.com\/blog\/author\/admin\/\"}]}<\/script>\n<!-- \/ Yoast SEO plugin. -->","yoast_head_json":{"title":"Leonora Jakupi \"NUK\" HARRON! - Lajme nga Ulqini","description":"Artist\u00ebt jan\u00eb t\u00eb pafajsh\u00ebm dhe t\u00eb hyjnish\u00ebm. P\u00ebr k\u00ebt\u00eb, ata nuk jan\u00eb gjithmon\u00eb t\u00eb vet\u00ebdijsh\u00ebm. Megjithat\u00eb, jan\u00eb t\u00eb vet\u00ebdijsh\u00ebm p\u00ebr shum\u00eb\u00e7ka: duan dhe din\u00eb","robots":{"index":"index","follow":"follow","max-snippet":"max-snippet:-1","max-image-preview":"max-image-preview:large","max-video-preview":"max-video-preview:-1"},"canonical":"https:\/\/www.visit-ulcinj.com\/blog\/2010\/12\/13\/leonora-jakupi-nuk-harron\/","og_locale":"en_US","og_type":"article","og_title":"Leonora Jakupi \"NUK\" HARRON! - Lajme nga Ulqini","og_description":"Artist\u00ebt jan\u00eb t\u00eb pafajsh\u00ebm dhe t\u00eb hyjnish\u00ebm. P\u00ebr k\u00ebt\u00eb, ata nuk jan\u00eb gjithmon\u00eb t\u00eb vet\u00ebdijsh\u00ebm. Megjithat\u00eb, jan\u00eb t\u00eb vet\u00ebdijsh\u00ebm p\u00ebr shum\u00eb\u00e7ka: duan dhe din\u00eb","og_url":"https:\/\/www.visit-ulcinj.com\/blog\/2010\/12\/13\/leonora-jakupi-nuk-harron\/","og_site_name":"Lajme nga Ulqini","article_published_time":"2010-12-13T07:00:19+00:00","article_modified_time":"2010-12-14T17:46:45+00:00","og_image":[{"url":"http:\/\/www.visit-ulcinj.com\/blog\/wp-content\/uploads\/2010\/12\/Launora-Jakupi-1.jpg"}],"twitter_misc":{"Written by":"ulqini","Est. reading time":"6 minutes"},"schema":{"@context":"https:\/\/schema.org","@graph":[{"@type":"WebSite","@id":"https:\/\/www.visit-ulcinj.com\/blog\/#website","url":"https:\/\/www.visit-ulcinj.com\/blog\/","name":"Lajme nga Ulqini","description":"Lajme,Vijesti,Ulqini,Ulqin,Crna Gora,Mali i Zi","potentialAction":[{"@type":"SearchAction","target":{"@type":"EntryPoint","urlTemplate":"https:\/\/www.visit-ulcinj.com\/blog\/?s={search_term_string}"},"query-input":"required name=search_term_string"}],"inLanguage":"en-US"},{"@type":"ImageObject","inLanguage":"en-US","@id":"https:\/\/www.visit-ulcinj.com\/blog\/2010\/12\/13\/leonora-jakupi-nuk-harron\/#primaryimage","url":"http:\/\/www.visit-ulcinj.com\/blog\/wp-content\/uploads\/2010\/12\/Launora-Jakupi-1.jpg","contentUrl":"http:\/\/www.visit-ulcinj.com\/blog\/wp-content\/uploads\/2010\/12\/Launora-Jakupi-1.jpg"},{"@type":"WebPage","@id":"https:\/\/www.visit-ulcinj.com\/blog\/2010\/12\/13\/leonora-jakupi-nuk-harron\/#webpage","url":"https:\/\/www.visit-ulcinj.com\/blog\/2010\/12\/13\/leonora-jakupi-nuk-harron\/","name":"Leonora Jakupi \"NUK\" HARRON! - Lajme nga Ulqini","isPartOf":{"@id":"https:\/\/www.visit-ulcinj.com\/blog\/#website"},"primaryImageOfPage":{"@id":"https:\/\/www.visit-ulcinj.com\/blog\/2010\/12\/13\/leonora-jakupi-nuk-harron\/#primaryimage"},"datePublished":"2010-12-13T07:00:19+00:00","dateModified":"2010-12-14T17:46:45+00:00","author":{"@id":"https:\/\/www.visit-ulcinj.com\/blog\/#\/schema\/person\/dcab619c614d3038751c63bc2aadc06d"},"description":"Artist\u00ebt jan\u00eb t\u00eb pafajsh\u00ebm dhe t\u00eb hyjnish\u00ebm. P\u00ebr k\u00ebt\u00eb, ata nuk jan\u00eb gjithmon\u00eb t\u00eb vet\u00ebdijsh\u00ebm. Megjithat\u00eb, jan\u00eb t\u00eb vet\u00ebdijsh\u00ebm p\u00ebr shum\u00eb\u00e7ka: duan dhe din\u00eb","breadcrumb":{"@id":"https:\/\/www.visit-ulcinj.com\/blog\/2010\/12\/13\/leonora-jakupi-nuk-harron\/#breadcrumb"},"inLanguage":"en-US","potentialAction":[{"@type":"ReadAction","target":["https:\/\/www.visit-ulcinj.com\/blog\/2010\/12\/13\/leonora-jakupi-nuk-harron\/"]}]},{"@type":"BreadcrumbList","@id":"https:\/\/www.visit-ulcinj.com\/blog\/2010\/12\/13\/leonora-jakupi-nuk-harron\/#breadcrumb","itemListElement":[{"@type":"ListItem","position":1,"name":"Leonora Jakupi &#8220;NUK&#8221; HARRON!"}]},{"@type":"Person","@id":"https:\/\/www.visit-ulcinj.com\/blog\/#\/schema\/person\/dcab619c614d3038751c63bc2aadc06d","name":"ulqini","sameAs":["http:\/\/www.visit-ulcinj.com"],"url":"https:\/\/www.visit-ulcinj.com\/blog\/author\/admin\/"}]}},"jetpack_featured_media_url":"","jetpack_sharing_enabled":true,"jetpack_shortlink":"https:\/\/wp.me\/pe6lTn-aEq","_links":{"self":[{"href":"https:\/\/www.visit-ulcinj.com\/blog\/wp-json\/wp\/v2\/posts\/40946"}],"collection":[{"href":"https:\/\/www.visit-ulcinj.com\/blog\/wp-json\/wp\/v2\/posts"}],"about":[{"href":"https:\/\/www.visit-ulcinj.com\/blog\/wp-json\/wp\/v2\/types\/post"}],"author":[{"embeddable":true,"href":"https:\/\/www.visit-ulcinj.com\/blog\/wp-json\/wp\/v2\/users\/1"}],"replies":[{"embeddable":true,"href":"https:\/\/www.visit-ulcinj.com\/blog\/wp-json\/wp\/v2\/comments?post=40946"}],"version-history":[{"count":0,"href":"https:\/\/www.visit-ulcinj.com\/blog\/wp-json\/wp\/v2\/posts\/40946\/revisions"}],"wp:attachment":[{"href":"https:\/\/www.visit-ulcinj.com\/blog\/wp-json\/wp\/v2\/media?parent=40946"}],"wp:term":[{"taxonomy":"category","embeddable":true,"href":"https:\/\/www.visit-ulcinj.com\/blog\/wp-json\/wp\/v2\/categories?post=40946"},{"taxonomy":"post_tag","embeddable":true,"href":"https:\/\/www.visit-ulcinj.com\/blog\/wp-json\/wp\/v2\/tags?post=40946"}],"curies":[{"name":"wp","href":"https:\/\/api.w.org\/{rel}","templated":true}]}}