{"id":40971,"date":"2010-12-13T08:00:10","date_gmt":"2010-12-13T07:00:10","guid":{"rendered":"http:\/\/www.visit-ulcinj.com\/blog\/?p=40971"},"modified":"2010-12-14T18:49:42","modified_gmt":"2010-12-14T17:49:42","slug":"dafina-zeqiri-gjithmone-e-kam-mbeshtetjen-e-krenarit","status":"publish","type":"post","link":"https:\/\/www.visit-ulcinj.com\/blog\/2010\/12\/13\/dafina-zeqiri-gjithmone-e-kam-mbeshtetjen-e-krenarit\/","title":{"rendered":"Dafina Zeqiri : Gjithmon\u00eb e kam mb\u00ebshtetjen e Krenarit"},"content":{"rendered":"<p>Dafina Zeqiri thot\u00eb se nj\u00eb rol t\u00eb madh n\u00eb suksesin e saj, ka edhe i dashuri i saj Krenar \u00c7o\u00e7aj.<\/p>\n<p><a href=\"http:\/\/www.visit-ulcinj.com\/blog\/wp-content\/uploads\/2010\/12\/Dafina-Zeqiri-dhe-Krenar-Cocaj.png\"><img loading=\"lazy\" class=\"alignleft size-full wp-image-40972\" title=\"Dafina-Zeqiri-dhe-Krenar Cocaj\" src=\"http:\/\/www.visit-ulcinj.com\/blog\/wp-content\/uploads\/2010\/12\/Dafina-Zeqiri-dhe-Krenar-Cocaj.png\" alt=\"\" width=\"508\" height=\"339\" \/><\/a><\/p>\n<p>Nj\u00ebra nga k\u00ebng\u00ebtaret m\u00eb atraktive n\u00eb sken\u00ebn muzikore shqiptare gjat\u00eb nj\u00eb prononcimi p\u00ebr Telegrafi.com thot\u00eb se ajo vazhdimisht e ka mb\u00ebshtetjen e Krenarit dhe kjo i jep asaj nj\u00eb shtytje shtes\u00eb drejt sukseseve.<\/p>\n<p>\u201cGjithmon\u00eb e kam pasur p\u00ebrkrahjen e Krenarit dhe vazhdoj ta kem. Me ndihm\u00ebn dhe p\u00ebrkrahjen e tij un\u00eb arrij t\u00eb kem suksese n\u00eb sfer\u00ebn muzikore\u201d, ka pohuar Dafina.<br \/>\nAjo ka treguar se edhe pse lidhja e tyre \u00ebsht\u00eb duke shkuar shum\u00eb mir\u00eb, p\u00ebr momentin ata nuk jan\u00eb duke menduar p\u00ebr martes\u00eb.<\/p>\n<p>\u201cLidhja jon\u00eb \u00ebsht\u00eb duke ecur shum\u00eb mir\u00eb. Nd\u00ebrsa sa i p\u00ebrket fejes\u00ebs apo martes\u00ebs nuk jemi duke menduar sepse na duket her\u00ebt. Ka koh\u00eb\u201d, \u00ebsht\u00eb shprehur k\u00ebng\u00ebtarja.<br \/>\nDuke folur p\u00ebr veshjen e saj, Daffy po ashtu \u00ebsht\u00eb shprehur e k\u00ebnaqur me pun\u00ebn q\u00eb b\u00ebn stilistja e saj, Lia Stublla.<\/p>\n<p>\u201cAjo e cila p\u00ebrkujdeset p\u00ebr dukjen time \u00ebsht\u00eb disenjatorja Lia Stublla. Ajo p\u00ebrve\u00e7 q\u00eb \u00ebsht\u00eb stilistja ime, e kam edhe shum\u00eb shoqe t\u00eb mir\u00eb, e dua shum\u00eb dhe jam shum\u00eb e k\u00ebnaqur me pun\u00ebn e saj. Si \u00e7do artist, edhe un\u00eb ka raste kur inspirohem n\u00eb artist\u00ebt e m\u00ebdhenj bot\u00ebror, por ajo e cila p\u00ebrkujdeset p\u00ebr look-un tim n\u00eb sken\u00eb \u00ebsht\u00eb Lia\u201d, shton m\u00eb tej Dafina.<\/p>\n<p>Ajo po ashtu pohon se nuk brengoset fare p\u00ebr spekulimet rreth karrier\u00ebs ose jet\u00ebs s\u00eb saj private. \u201cJo nuk m\u00eb pengojn\u00eb aspak thashethemet. Ato mbesin vet\u00ebm thashetheme\u201d, shton m\u00eb tej Daffy, e cila koh\u00ebn e lir\u00eb p\u00eblqen ta kaloj\u00eb n\u00eb sht\u00ebpi ose n\u00eb kafeteri me shoq\u00ebri.<\/p>\n<p><a href=\"http:\/\/www.visit-ulcinj.com\/gallery\/main.php?g2_itemId=64&amp;g2_page=1\" target=\"_blank\"><strong>SHIKO FOTO GALERIN E DAFINA ZEQIRIT<\/strong><\/a><br \/>\n<!--YouTube Error: bad URL entered--><\/p>\n","protected":false},"excerpt":{"rendered":"<p>Dafina Zeqiri thot\u00eb se nj\u00eb rol t\u00eb madh n\u00eb suksesin e saj, ka edhe i dashuri i saj Krenar \u00c7o\u00e7aj. Nj\u00ebra nga k\u00ebng\u00ebtaret m\u00eb atraktive n\u00eb sken\u00ebn muzikore shqiptare gjat\u00eb nj\u00eb prononcimi p\u00ebr Telegrafi.com thot\u00eb se ajo vazhdimisht e ka mb\u00ebshtetjen e Krenarit dhe kjo i jep asaj nj\u00eb shtytje shtes\u00eb drejt sukseseve. \u201cGjithmon\u00eb e [&hellip;]<\/p>\n","protected":false},"author":1,"featured_media":0,"comment_status":"open","ping_status":"closed","sticky":false,"template":"","format":"standard","meta":{"spay_email":"","jetpack_publicize_message":"","jetpack_is_tweetstorm":false,"jetpack_publicize_feature_enabled":true},"categories":[1],"tags":[4926,6667,12655],"jetpack_publicize_connections":[],"yoast_head":"<!-- This site is optimized with the Yoast SEO plugin v19.1 - https:\/\/yoast.com\/wordpress\/plugins\/seo\/ -->\n<title>Dafina Zeqiri : Gjithmon\u00eb e kam mb\u00ebshtetjen e Krenarit - Lajme nga Ulqini<\/title>\n<meta name=\"description\" content=\"Dafina Zeqiri thot\u00eb se nj\u00eb rol t\u00eb madh n\u00eb suksesin e saj, ka edhe i dashuri i saj Krenar \u00c7o\u00e7aj. Nj\u00ebra nga k\u00ebng\u00ebtaret m\u00eb atraktive n\u00eb sken\u00ebn muzikore\" \/>\n<meta name=\"robots\" content=\"index, follow, max-snippet:-1, max-image-preview:large, max-video-preview:-1\" \/>\n<link rel=\"canonical\" href=\"https:\/\/www.visit-ulcinj.com\/blog\/2010\/12\/13\/dafina-zeqiri-gjithmone-e-kam-mbeshtetjen-e-krenarit\/\" \/>\n<meta property=\"og:locale\" content=\"en_US\" \/>\n<meta property=\"og:type\" content=\"article\" \/>\n<meta property=\"og:title\" content=\"Dafina Zeqiri : Gjithmon\u00eb e kam mb\u00ebshtetjen e Krenarit - Lajme nga Ulqini\" \/>\n<meta property=\"og:description\" content=\"Dafina Zeqiri thot\u00eb se nj\u00eb rol t\u00eb madh n\u00eb suksesin e saj, ka edhe i dashuri i saj Krenar \u00c7o\u00e7aj. Nj\u00ebra nga k\u00ebng\u00ebtaret m\u00eb atraktive n\u00eb sken\u00ebn muzikore\" \/>\n<meta property=\"og:url\" content=\"https:\/\/www.visit-ulcinj.com\/blog\/2010\/12\/13\/dafina-zeqiri-gjithmone-e-kam-mbeshtetjen-e-krenarit\/\" \/>\n<meta property=\"og:site_name\" content=\"Lajme nga Ulqini\" \/>\n<meta property=\"article:published_time\" content=\"2010-12-13T07:00:10+00:00\" \/>\n<meta property=\"article:modified_time\" content=\"2010-12-14T17:49:42+00:00\" \/>\n<meta property=\"og:image\" content=\"http:\/\/www.visit-ulcinj.com\/blog\/wp-content\/uploads\/2010\/12\/Dafina-Zeqiri-dhe-Krenar-Cocaj.png\" \/>\n<meta name=\"twitter:label1\" content=\"Written by\" \/>\n\t<meta name=\"twitter:data1\" content=\"ulqini\" \/>\n\t<meta name=\"twitter:label2\" content=\"Est. reading time\" \/>\n\t<meta name=\"twitter:data2\" content=\"2 minutes\" \/>\n<script type=\"application\/ld+json\" class=\"yoast-schema-graph\">{\"@context\":\"https:\/\/schema.org\",\"@graph\":[{\"@type\":\"WebSite\",\"@id\":\"https:\/\/www.visit-ulcinj.com\/blog\/#website\",\"url\":\"https:\/\/www.visit-ulcinj.com\/blog\/\",\"name\":\"Lajme nga Ulqini\",\"description\":\"Lajme,Vijesti,Ulqini,Ulqin,Crna Gora,Mali i Zi\",\"potentialAction\":[{\"@type\":\"SearchAction\",\"target\":{\"@type\":\"EntryPoint\",\"urlTemplate\":\"https:\/\/www.visit-ulcinj.com\/blog\/?s={search_term_string}\"},\"query-input\":\"required name=search_term_string\"}],\"inLanguage\":\"en-US\"},{\"@type\":\"ImageObject\",\"inLanguage\":\"en-US\",\"@id\":\"https:\/\/www.visit-ulcinj.com\/blog\/2010\/12\/13\/dafina-zeqiri-gjithmone-e-kam-mbeshtetjen-e-krenarit\/#primaryimage\",\"url\":\"http:\/\/www.visit-ulcinj.com\/blog\/wp-content\/uploads\/2010\/12\/Dafina-Zeqiri-dhe-Krenar-Cocaj.png\",\"contentUrl\":\"http:\/\/www.visit-ulcinj.com\/blog\/wp-content\/uploads\/2010\/12\/Dafina-Zeqiri-dhe-Krenar-Cocaj.png\"},{\"@type\":\"WebPage\",\"@id\":\"https:\/\/www.visit-ulcinj.com\/blog\/2010\/12\/13\/dafina-zeqiri-gjithmone-e-kam-mbeshtetjen-e-krenarit\/#webpage\",\"url\":\"https:\/\/www.visit-ulcinj.com\/blog\/2010\/12\/13\/dafina-zeqiri-gjithmone-e-kam-mbeshtetjen-e-krenarit\/\",\"name\":\"Dafina Zeqiri : Gjithmon\u00eb e kam mb\u00ebshtetjen e Krenarit - Lajme nga Ulqini\",\"isPartOf\":{\"@id\":\"https:\/\/www.visit-ulcinj.com\/blog\/#website\"},\"primaryImageOfPage\":{\"@id\":\"https:\/\/www.visit-ulcinj.com\/blog\/2010\/12\/13\/dafina-zeqiri-gjithmone-e-kam-mbeshtetjen-e-krenarit\/#primaryimage\"},\"datePublished\":\"2010-12-13T07:00:10+00:00\",\"dateModified\":\"2010-12-14T17:49:42+00:00\",\"author\":{\"@id\":\"https:\/\/www.visit-ulcinj.com\/blog\/#\/schema\/person\/dcab619c614d3038751c63bc2aadc06d\"},\"description\":\"Dafina Zeqiri thot\u00eb se nj\u00eb rol t\u00eb madh n\u00eb suksesin e saj, ka edhe i dashuri i saj Krenar \u00c7o\u00e7aj. Nj\u00ebra nga k\u00ebng\u00ebtaret m\u00eb atraktive n\u00eb sken\u00ebn muzikore\",\"breadcrumb\":{\"@id\":\"https:\/\/www.visit-ulcinj.com\/blog\/2010\/12\/13\/dafina-zeqiri-gjithmone-e-kam-mbeshtetjen-e-krenarit\/#breadcrumb\"},\"inLanguage\":\"en-US\",\"potentialAction\":[{\"@type\":\"ReadAction\",\"target\":[\"https:\/\/www.visit-ulcinj.com\/blog\/2010\/12\/13\/dafina-zeqiri-gjithmone-e-kam-mbeshtetjen-e-krenarit\/\"]}]},{\"@type\":\"BreadcrumbList\",\"@id\":\"https:\/\/www.visit-ulcinj.com\/blog\/2010\/12\/13\/dafina-zeqiri-gjithmone-e-kam-mbeshtetjen-e-krenarit\/#breadcrumb\",\"itemListElement\":[{\"@type\":\"ListItem\",\"position\":1,\"name\":\"Dafina Zeqiri : Gjithmon\u00eb e kam mb\u00ebshtetjen e Krenarit\"}]},{\"@type\":\"Person\",\"@id\":\"https:\/\/www.visit-ulcinj.com\/blog\/#\/schema\/person\/dcab619c614d3038751c63bc2aadc06d\",\"name\":\"ulqini\",\"sameAs\":[\"http:\/\/www.visit-ulcinj.com\"],\"url\":\"https:\/\/www.visit-ulcinj.com\/blog\/author\/admin\/\"}]}<\/script>\n<!-- \/ Yoast SEO plugin. -->","yoast_head_json":{"title":"Dafina Zeqiri : Gjithmon\u00eb e kam mb\u00ebshtetjen e Krenarit - Lajme nga Ulqini","description":"Dafina Zeqiri thot\u00eb se nj\u00eb rol t\u00eb madh n\u00eb suksesin e saj, ka edhe i dashuri i saj Krenar \u00c7o\u00e7aj. Nj\u00ebra nga k\u00ebng\u00ebtaret m\u00eb atraktive n\u00eb sken\u00ebn muzikore","robots":{"index":"index","follow":"follow","max-snippet":"max-snippet:-1","max-image-preview":"max-image-preview:large","max-video-preview":"max-video-preview:-1"},"canonical":"https:\/\/www.visit-ulcinj.com\/blog\/2010\/12\/13\/dafina-zeqiri-gjithmone-e-kam-mbeshtetjen-e-krenarit\/","og_locale":"en_US","og_type":"article","og_title":"Dafina Zeqiri : Gjithmon\u00eb e kam mb\u00ebshtetjen e Krenarit - Lajme nga Ulqini","og_description":"Dafina Zeqiri thot\u00eb se nj\u00eb rol t\u00eb madh n\u00eb suksesin e saj, ka edhe i dashuri i saj Krenar \u00c7o\u00e7aj. Nj\u00ebra nga k\u00ebng\u00ebtaret m\u00eb atraktive n\u00eb sken\u00ebn muzikore","og_url":"https:\/\/www.visit-ulcinj.com\/blog\/2010\/12\/13\/dafina-zeqiri-gjithmone-e-kam-mbeshtetjen-e-krenarit\/","og_site_name":"Lajme nga Ulqini","article_published_time":"2010-12-13T07:00:10+00:00","article_modified_time":"2010-12-14T17:49:42+00:00","og_image":[{"url":"http:\/\/www.visit-ulcinj.com\/blog\/wp-content\/uploads\/2010\/12\/Dafina-Zeqiri-dhe-Krenar-Cocaj.png"}],"twitter_misc":{"Written by":"ulqini","Est. reading time":"2 minutes"},"schema":{"@context":"https:\/\/schema.org","@graph":[{"@type":"WebSite","@id":"https:\/\/www.visit-ulcinj.com\/blog\/#website","url":"https:\/\/www.visit-ulcinj.com\/blog\/","name":"Lajme nga Ulqini","description":"Lajme,Vijesti,Ulqini,Ulqin,Crna Gora,Mali i Zi","potentialAction":[{"@type":"SearchAction","target":{"@type":"EntryPoint","urlTemplate":"https:\/\/www.visit-ulcinj.com\/blog\/?s={search_term_string}"},"query-input":"required name=search_term_string"}],"inLanguage":"en-US"},{"@type":"ImageObject","inLanguage":"en-US","@id":"https:\/\/www.visit-ulcinj.com\/blog\/2010\/12\/13\/dafina-zeqiri-gjithmone-e-kam-mbeshtetjen-e-krenarit\/#primaryimage","url":"http:\/\/www.visit-ulcinj.com\/blog\/wp-content\/uploads\/2010\/12\/Dafina-Zeqiri-dhe-Krenar-Cocaj.png","contentUrl":"http:\/\/www.visit-ulcinj.com\/blog\/wp-content\/uploads\/2010\/12\/Dafina-Zeqiri-dhe-Krenar-Cocaj.png"},{"@type":"WebPage","@id":"https:\/\/www.visit-ulcinj.com\/blog\/2010\/12\/13\/dafina-zeqiri-gjithmone-e-kam-mbeshtetjen-e-krenarit\/#webpage","url":"https:\/\/www.visit-ulcinj.com\/blog\/2010\/12\/13\/dafina-zeqiri-gjithmone-e-kam-mbeshtetjen-e-krenarit\/","name":"Dafina Zeqiri : Gjithmon\u00eb e kam mb\u00ebshtetjen e Krenarit - Lajme nga Ulqini","isPartOf":{"@id":"https:\/\/www.visit-ulcinj.com\/blog\/#website"},"primaryImageOfPage":{"@id":"https:\/\/www.visit-ulcinj.com\/blog\/2010\/12\/13\/dafina-zeqiri-gjithmone-e-kam-mbeshtetjen-e-krenarit\/#primaryimage"},"datePublished":"2010-12-13T07:00:10+00:00","dateModified":"2010-12-14T17:49:42+00:00","author":{"@id":"https:\/\/www.visit-ulcinj.com\/blog\/#\/schema\/person\/dcab619c614d3038751c63bc2aadc06d"},"description":"Dafina Zeqiri thot\u00eb se nj\u00eb rol t\u00eb madh n\u00eb suksesin e saj, ka edhe i dashuri i saj Krenar \u00c7o\u00e7aj. Nj\u00ebra nga k\u00ebng\u00ebtaret m\u00eb atraktive n\u00eb sken\u00ebn muzikore","breadcrumb":{"@id":"https:\/\/www.visit-ulcinj.com\/blog\/2010\/12\/13\/dafina-zeqiri-gjithmone-e-kam-mbeshtetjen-e-krenarit\/#breadcrumb"},"inLanguage":"en-US","potentialAction":[{"@type":"ReadAction","target":["https:\/\/www.visit-ulcinj.com\/blog\/2010\/12\/13\/dafina-zeqiri-gjithmone-e-kam-mbeshtetjen-e-krenarit\/"]}]},{"@type":"BreadcrumbList","@id":"https:\/\/www.visit-ulcinj.com\/blog\/2010\/12\/13\/dafina-zeqiri-gjithmone-e-kam-mbeshtetjen-e-krenarit\/#breadcrumb","itemListElement":[{"@type":"ListItem","position":1,"name":"Dafina Zeqiri : Gjithmon\u00eb e kam mb\u00ebshtetjen e Krenarit"}]},{"@type":"Person","@id":"https:\/\/www.visit-ulcinj.com\/blog\/#\/schema\/person\/dcab619c614d3038751c63bc2aadc06d","name":"ulqini","sameAs":["http:\/\/www.visit-ulcinj.com"],"url":"https:\/\/www.visit-ulcinj.com\/blog\/author\/admin\/"}]}},"jetpack_featured_media_url":"","jetpack_sharing_enabled":true,"jetpack_shortlink":"https:\/\/wp.me\/pe6lTn-aEP","_links":{"self":[{"href":"https:\/\/www.visit-ulcinj.com\/blog\/wp-json\/wp\/v2\/posts\/40971"}],"collection":[{"href":"https:\/\/www.visit-ulcinj.com\/blog\/wp-json\/wp\/v2\/posts"}],"about":[{"href":"https:\/\/www.visit-ulcinj.com\/blog\/wp-json\/wp\/v2\/types\/post"}],"author":[{"embeddable":true,"href":"https:\/\/www.visit-ulcinj.com\/blog\/wp-json\/wp\/v2\/users\/1"}],"replies":[{"embeddable":true,"href":"https:\/\/www.visit-ulcinj.com\/blog\/wp-json\/wp\/v2\/comments?post=40971"}],"version-history":[{"count":0,"href":"https:\/\/www.visit-ulcinj.com\/blog\/wp-json\/wp\/v2\/posts\/40971\/revisions"}],"wp:attachment":[{"href":"https:\/\/www.visit-ulcinj.com\/blog\/wp-json\/wp\/v2\/media?parent=40971"}],"wp:term":[{"taxonomy":"category","embeddable":true,"href":"https:\/\/www.visit-ulcinj.com\/blog\/wp-json\/wp\/v2\/categories?post=40971"},{"taxonomy":"post_tag","embeddable":true,"href":"https:\/\/www.visit-ulcinj.com\/blog\/wp-json\/wp\/v2\/tags?post=40971"}],"curies":[{"name":"wp","href":"https:\/\/api.w.org\/{rel}","templated":true}]}}