{"id":40975,"date":"2010-12-15T08:30:10","date_gmt":"2010-12-15T07:30:10","guid":{"rendered":"http:\/\/www.visit-ulcinj.com\/blog\/?p=40975"},"modified":"2010-12-11T21:50:00","modified_gmt":"2010-12-11T20:50:00","slug":"beatrix-ramosaj-kenga-lindi-bashke-me-mua","status":"publish","type":"post","link":"https:\/\/www.visit-ulcinj.com\/blog\/2010\/12\/15\/beatrix-ramosaj-kenga-lindi-bashke-me-mua\/","title":{"rendered":"Beatrix Ramosaj: K\u00ebnga lindi bashk\u00eb me mua"},"content":{"rendered":"<p>Esht\u00eb e re, e bukur, e talentuar dhe m\u00eb se e gatshme p\u00ebr t\u00eb p\u00ebrballuar me sukses sken\u00ebn. Beatrix Ramosaj, mbesa tjet\u00ebr e k\u00ebng\u00ebtares Alb\u00ebrie Had\u00ebrgjonaj, tregon sot n\u00eb k\u00ebt\u00eb intervist\u00eb p\u00ebr \u201cBluetooth\u201d emocionet q\u00eb e kan\u00eb ndjekur n\u00eb k\u00ebt\u00eb dalje t\u00eb par\u00eb n\u00eb nj\u00eb kompeticion t\u00eb r\u00ebnd\u00ebsish\u00ebm muzikor, si\u00e7 \u00ebsht\u00eb \u201cK\u00ebnga Magjike\u201d\u2026\u00c7far\u00eb na rr\u00ebfen tjet\u00ebr? E zbulojm\u00eb bashk\u00eb p\u00ebrmes k\u00ebsaj interviste\u2026<\/p>\n<p><a href=\"http:\/\/www.visit-ulcinj.com\/blog\/wp-content\/uploads\/2010\/12\/Beatrix-Ramosaj-4.jpg\"><img loading=\"lazy\" class=\"alignleft size-full wp-image-40979\" title=\"Beatrix-Ramosaj-4\" src=\"http:\/\/www.visit-ulcinj.com\/blog\/wp-content\/uploads\/2010\/12\/Beatrix-Ramosaj-4.jpg\" alt=\"\" width=\"508\" height=\"263\" \/><\/a><\/p>\n<p><strong>Beatrix, p\u00ebrsh\u00ebndetje Mir\u00ebseerdhe n\u00eb \u201cBluetooth\u201d!<\/strong><\/p>\n<p>P\u00ebrsh\u00ebndetje Eraldo dhe faleminderit q\u00eb m\u00eb ftuat!<\/p>\n<p><strong> Pyetja e par\u00eb lidhet me udh\u00ebtimin t\u00ebnd n\u00eb bot\u00ebn e muzik\u00ebs. Si nisi ai?<\/strong><\/p>\n<p>Kam p\u00ebrshtypjen se ai ka nisur bashk\u00eb me jet\u00ebn time, prind\u00ebrit m\u00eb kan\u00eb th\u00ebn\u00eb q\u00eb kam k\u00ebnduar q\u00eb bebe. Udh\u00ebtimin po e vazhdoj tani me shkoll\u00ebn q\u00eb po ndjek, jam nx\u00ebn\u00ebse n\u00eb Liceun Artistik, p\u00ebr kanto.<\/p>\n<p><a href=\"http:\/\/www.visit-ulcinj.com\/blog\/wp-content\/uploads\/2010\/12\/Beatrix-Ramosaj-5.jpg\"><img loading=\"lazy\" class=\"alignleft size-full wp-image-40980\" title=\"Beatrix-Ramosaj-5\" src=\"http:\/\/www.visit-ulcinj.com\/blog\/wp-content\/uploads\/2010\/12\/Beatrix-Ramosaj-5.jpg\" alt=\"\" width=\"508\" height=\"336\" \/><\/a><\/p>\n<p><strong>Na the q\u00eb aktualisht studion p\u00ebr kanto n\u00eb \u201cLiceun artistik\u201d. Sa ka ndikuar tezja jote n\u00eb k\u00ebt\u00eb zgjedhje t\u00ebnden, duke qen\u00eb se ajo \u00ebsht\u00eb nj\u00eb k\u00ebng\u00ebtare shum\u00eb e njohur?<\/strong><\/p>\n<p>Tezja ime \u00ebsht\u00eb frym\u00ebzim shpirt\u00ebror p\u00ebr mua, por zgjedhja e Liceut ka qen\u00eb ndikimi i n\u00ebn\u00ebs sime, Antigon\u00ebs dhe i imi.<\/p>\n<p><strong> T\u00eb kemi par\u00eb s\u00eb fundmi si konkurrente n\u00eb festivalin \u201cK\u00ebnga Magjike\u201d. Si ndihesh n\u00eb k\u00ebt\u00eb dalje t\u00ebnden t\u00eb par\u00eb n\u00eb nj\u00eb kompeticion?<\/strong><\/p>\n<p>Shum\u00eb e lumtur dhe e emocionuar nj\u00ebkoh\u00ebsisht. K\u00ebt\u00eb dalje ia dedikoj familjes sime, ve\u00e7an\u00ebrisht mamit Antigon\u00ebs, q\u00eb m\u00eb p\u00ebrkrah n\u00eb \u00e7do hap dhe v\u00ebllait tim, Albanit q\u00eb e dua shum\u00eb!<\/p>\n<p><strong> Cilat kan\u00eb qen\u00eb komentet e njer\u00ebzve p\u00ebr k\u00ebng\u00ebn?<\/strong><\/p>\n<p><strong><a href=\"http:\/\/www.visit-ulcinj.com\/blog\/wp-content\/uploads\/2010\/12\/Beatrix-Ramosaj-3.jpg\"><img loading=\"lazy\" class=\"alignleft size-full wp-image-40978\" title=\"Beatrix-Ramosaj-3\" src=\"http:\/\/www.visit-ulcinj.com\/blog\/wp-content\/uploads\/2010\/12\/Beatrix-Ramosaj-3.jpg\" alt=\"\" width=\"508\" height=\"340\" \/><\/a><\/strong><\/p>\n<p>Komentet kan\u00eb qen\u00eb shum\u00eb pozitive dhe ka qen\u00eb nj\u00eb lloj testimi dhe nj\u00eb surpriz\u00eb e bukur q\u00eb m\u00eb ka inkurajuar p\u00ebr t\u00eb vazhduar m\u00eb tej\u2026<\/p>\n<p><strong>Cilat prej k\u00ebng\u00ebve konkurruese t\u00eb p\u00eblqen m\u00eb shum\u00eb? Ti vet\u00eb, k\u00eb do t\u00eb votoje me pik\u00ebt maksimale?<\/strong><\/p>\n<p>M\u00eb p\u00eblqejn\u00eb disa k\u00ebng\u00eb, por m\u00eb shum\u00eb nga t\u00eb gjitha m\u00eb p\u00eblqen k\u00ebnga e Argjentin\u00ebs, e cila m\u00eb duket shum\u00eb e kompletuar si nga ana e muzik\u00ebs, tekstit dhe sigurisht edhe interpretimi i ngroht\u00eb i saj.<\/p>\n<p><strong> Argjentina \u00ebsht\u00eb gjithashtu konkurrente n\u00eb k\u00ebt\u00eb festival, e ndjen ndopak si rivale?<\/strong><\/p>\n<p>Shpresoj q\u00eb t\u00eb jet\u00eb gjithmon\u00eb k\u00ebshtu rivaliteti.<\/p>\n<p><strong> Planet e tua m\u00eb t\u00eb af\u00ebrta n\u00eb muzik\u00eb cilat jan\u00eb? Ke n\u00eb plan ndonj\u00eb klip s\u00eb shpejti?<\/strong><\/p>\n<p><strong><a href=\"http:\/\/www.visit-ulcinj.com\/blog\/wp-content\/uploads\/2010\/12\/Beatrix-Ramosaj-2.jpg\"><img loading=\"lazy\" class=\"alignleft size-full wp-image-40977\" title=\"Beatrix-Ramosaj-2\" src=\"http:\/\/www.visit-ulcinj.com\/blog\/wp-content\/uploads\/2010\/12\/Beatrix-Ramosaj-2.jpg\" alt=\"\" width=\"508\" height=\"381\" \/><\/a><\/strong><\/p>\n<p>Mund t\u2019ju them q\u00eb gjat\u00eb k\u00ebsaj periudhe po punoj shum\u00eb dhe kam disa bashk\u00ebpunime, gjithashtu edhe klipi do t\u00eb dal\u00eb s\u00eb shpejti, por nuk po ju them m\u00eb shum\u00eb, le ta l\u00ebm\u00eb surpriz\u00eb.<\/p>\n<p><strong> Si i ke marr\u00ebdh\u00ebniet me k\u00ebng\u00ebtar\u00ebt e tjer\u00eb? Me k\u00eb ke m\u00eb shum\u00eb kontakte?<\/strong><\/p>\n<p>Kam krijuar kontakte me shumic\u00ebn prej tyre dhe m\u00eb p\u00eblqejn\u00eb, por si\u00e7 mund ta kuptoni, jam shum\u00eb e ngarkuar me shkoll\u00ebn dhe muzik\u00ebn dhe pak koh\u00eb m\u00eb mbetet, k\u00ebshtu qe vet\u00ebm me Argjentin\u00ebn dhe Anxhelin\u00ebn kam kontaktet m\u00eb t\u00eb af\u00ebrta.<\/p>\n<p><strong> Ve\u00e7 muzik\u00ebs kemi v\u00ebn\u00eb re nj\u00eb pasion t\u00eb madh t\u00ebndin p\u00ebr fotografin\u00eb, po ky si ka lindur?<\/strong><\/p>\n<p>Fotografia \u00ebsht\u00eb nj\u00eb hobi i imi, p\u00ebr momentin ka vet\u00ebm foto t\u00eb mijat, por n\u00eb t\u00eb ardhmen dua t\u00eb pasqyroj t\u00eb bukur\u00ebn n\u00eb fotot e mija dhe t\u2019ua tregoj t\u00eb tjer\u00ebve, ndoshta mund t\u00eb vazhdoj edhe nj\u00eb kurs profesional fotografie.<\/p>\n<p>N\u00eb mbyllje dua t\u2018ju them q\u00eb \u201cBluetooth\u201d-in e lexoj dhe m\u00eb p\u00eblqen shum\u00eb, suksese dhe mirupafshim.<\/p>\n<p><strong> Suksese edhe ty!<\/strong><\/p>\n<p><strong><!--YouTube Error: bad URL entered--><\/strong><\/p>\n","protected":false},"excerpt":{"rendered":"<p>Esht\u00eb e re, e bukur, e talentuar dhe m\u00eb se e gatshme p\u00ebr t\u00eb p\u00ebrballuar me sukses sken\u00ebn. Beatrix Ramosaj, mbesa tjet\u00ebr e k\u00ebng\u00ebtares Alb\u00ebrie Had\u00ebrgjonaj, tregon sot n\u00eb k\u00ebt\u00eb intervist\u00eb p\u00ebr \u201cBluetooth\u201d emocionet q\u00eb e kan\u00eb ndjekur n\u00eb k\u00ebt\u00eb dalje t\u00eb par\u00eb n\u00eb nj\u00eb kompeticion t\u00eb r\u00ebnd\u00ebsish\u00ebm muzikor, si\u00e7 \u00ebsht\u00eb \u201cK\u00ebnga Magjike\u201d\u2026\u00c7far\u00eb na rr\u00ebfen [&hellip;]<\/p>\n","protected":false},"author":1,"featured_media":0,"comment_status":"open","ping_status":"closed","sticky":false,"template":"","format":"standard","meta":{"spay_email":"","jetpack_publicize_message":"","jetpack_is_tweetstorm":false,"jetpack_publicize_feature_enabled":true},"categories":[1],"tags":[16524,16609,16610,8966,5134],"jetpack_publicize_connections":[],"yoast_head":"<!-- This site is optimized with the Yoast SEO plugin v19.1 - https:\/\/yoast.com\/wordpress\/plugins\/seo\/ -->\n<title>Beatrix Ramosaj: K\u00ebnga lindi bashk\u00eb me mua - Lajme nga Ulqini<\/title>\n<meta name=\"description\" content=\"Esht\u00eb e re, e bukur, e talentuar dhe m\u00eb se e gatshme p\u00ebr t\u00eb p\u00ebrballuar me sukses sken\u00ebn. Beatrix Ramosaj, mbesa tjet\u00ebr e k\u00ebng\u00ebtares Alb\u00ebrie Had\u00ebrgjonaj,\" \/>\n<meta name=\"robots\" content=\"index, follow, max-snippet:-1, max-image-preview:large, max-video-preview:-1\" \/>\n<link rel=\"canonical\" href=\"https:\/\/www.visit-ulcinj.com\/blog\/2010\/12\/15\/beatrix-ramosaj-kenga-lindi-bashke-me-mua\/\" \/>\n<meta property=\"og:locale\" content=\"en_US\" \/>\n<meta property=\"og:type\" content=\"article\" \/>\n<meta property=\"og:title\" content=\"Beatrix Ramosaj: K\u00ebnga lindi bashk\u00eb me mua - Lajme nga Ulqini\" \/>\n<meta property=\"og:description\" content=\"Esht\u00eb e re, e bukur, e talentuar dhe m\u00eb se e gatshme p\u00ebr t\u00eb p\u00ebrballuar me sukses sken\u00ebn. Beatrix Ramosaj, mbesa tjet\u00ebr e k\u00ebng\u00ebtares Alb\u00ebrie Had\u00ebrgjonaj,\" \/>\n<meta property=\"og:url\" content=\"https:\/\/www.visit-ulcinj.com\/blog\/2010\/12\/15\/beatrix-ramosaj-kenga-lindi-bashke-me-mua\/\" \/>\n<meta property=\"og:site_name\" content=\"Lajme nga Ulqini\" \/>\n<meta property=\"article:published_time\" content=\"2010-12-15T07:30:10+00:00\" \/>\n<meta property=\"article:modified_time\" content=\"2010-12-11T20:50:00+00:00\" \/>\n<meta property=\"og:image\" content=\"http:\/\/www.visit-ulcinj.com\/blog\/wp-content\/uploads\/2010\/12\/Beatrix-Ramosaj-4.jpg\" \/>\n<meta name=\"twitter:label1\" content=\"Written by\" \/>\n\t<meta name=\"twitter:data1\" content=\"ulqini\" \/>\n\t<meta name=\"twitter:label2\" content=\"Est. reading time\" \/>\n\t<meta name=\"twitter:data2\" content=\"3 minutes\" \/>\n<script type=\"application\/ld+json\" class=\"yoast-schema-graph\">{\"@context\":\"https:\/\/schema.org\",\"@graph\":[{\"@type\":\"WebSite\",\"@id\":\"https:\/\/www.visit-ulcinj.com\/blog\/#website\",\"url\":\"https:\/\/www.visit-ulcinj.com\/blog\/\",\"name\":\"Lajme nga Ulqini\",\"description\":\"Lajme,Vijesti,Ulqini,Ulqin,Crna Gora,Mali i Zi\",\"potentialAction\":[{\"@type\":\"SearchAction\",\"target\":{\"@type\":\"EntryPoint\",\"urlTemplate\":\"https:\/\/www.visit-ulcinj.com\/blog\/?s={search_term_string}\"},\"query-input\":\"required name=search_term_string\"}],\"inLanguage\":\"en-US\"},{\"@type\":\"ImageObject\",\"inLanguage\":\"en-US\",\"@id\":\"https:\/\/www.visit-ulcinj.com\/blog\/2010\/12\/15\/beatrix-ramosaj-kenga-lindi-bashke-me-mua\/#primaryimage\",\"url\":\"http:\/\/www.visit-ulcinj.com\/blog\/wp-content\/uploads\/2010\/12\/Beatrix-Ramosaj-4.jpg\",\"contentUrl\":\"http:\/\/www.visit-ulcinj.com\/blog\/wp-content\/uploads\/2010\/12\/Beatrix-Ramosaj-4.jpg\"},{\"@type\":\"WebPage\",\"@id\":\"https:\/\/www.visit-ulcinj.com\/blog\/2010\/12\/15\/beatrix-ramosaj-kenga-lindi-bashke-me-mua\/#webpage\",\"url\":\"https:\/\/www.visit-ulcinj.com\/blog\/2010\/12\/15\/beatrix-ramosaj-kenga-lindi-bashke-me-mua\/\",\"name\":\"Beatrix Ramosaj: K\u00ebnga lindi bashk\u00eb me mua - Lajme nga Ulqini\",\"isPartOf\":{\"@id\":\"https:\/\/www.visit-ulcinj.com\/blog\/#website\"},\"primaryImageOfPage\":{\"@id\":\"https:\/\/www.visit-ulcinj.com\/blog\/2010\/12\/15\/beatrix-ramosaj-kenga-lindi-bashke-me-mua\/#primaryimage\"},\"datePublished\":\"2010-12-15T07:30:10+00:00\",\"dateModified\":\"2010-12-11T20:50:00+00:00\",\"author\":{\"@id\":\"https:\/\/www.visit-ulcinj.com\/blog\/#\/schema\/person\/dcab619c614d3038751c63bc2aadc06d\"},\"description\":\"Esht\u00eb e re, e bukur, e talentuar dhe m\u00eb se e gatshme p\u00ebr t\u00eb p\u00ebrballuar me sukses sken\u00ebn. Beatrix Ramosaj, mbesa tjet\u00ebr e k\u00ebng\u00ebtares Alb\u00ebrie Had\u00ebrgjonaj,\",\"breadcrumb\":{\"@id\":\"https:\/\/www.visit-ulcinj.com\/blog\/2010\/12\/15\/beatrix-ramosaj-kenga-lindi-bashke-me-mua\/#breadcrumb\"},\"inLanguage\":\"en-US\",\"potentialAction\":[{\"@type\":\"ReadAction\",\"target\":[\"https:\/\/www.visit-ulcinj.com\/blog\/2010\/12\/15\/beatrix-ramosaj-kenga-lindi-bashke-me-mua\/\"]}]},{\"@type\":\"BreadcrumbList\",\"@id\":\"https:\/\/www.visit-ulcinj.com\/blog\/2010\/12\/15\/beatrix-ramosaj-kenga-lindi-bashke-me-mua\/#breadcrumb\",\"itemListElement\":[{\"@type\":\"ListItem\",\"position\":1,\"name\":\"Beatrix Ramosaj: K\u00ebnga lindi bashk\u00eb me mua\"}]},{\"@type\":\"Person\",\"@id\":\"https:\/\/www.visit-ulcinj.com\/blog\/#\/schema\/person\/dcab619c614d3038751c63bc2aadc06d\",\"name\":\"ulqini\",\"sameAs\":[\"http:\/\/www.visit-ulcinj.com\"],\"url\":\"https:\/\/www.visit-ulcinj.com\/blog\/author\/admin\/\"}]}<\/script>\n<!-- \/ Yoast SEO plugin. -->","yoast_head_json":{"title":"Beatrix Ramosaj: K\u00ebnga lindi bashk\u00eb me mua - Lajme nga Ulqini","description":"Esht\u00eb e re, e bukur, e talentuar dhe m\u00eb se e gatshme p\u00ebr t\u00eb p\u00ebrballuar me sukses sken\u00ebn. Beatrix Ramosaj, mbesa tjet\u00ebr e k\u00ebng\u00ebtares Alb\u00ebrie Had\u00ebrgjonaj,","robots":{"index":"index","follow":"follow","max-snippet":"max-snippet:-1","max-image-preview":"max-image-preview:large","max-video-preview":"max-video-preview:-1"},"canonical":"https:\/\/www.visit-ulcinj.com\/blog\/2010\/12\/15\/beatrix-ramosaj-kenga-lindi-bashke-me-mua\/","og_locale":"en_US","og_type":"article","og_title":"Beatrix Ramosaj: K\u00ebnga lindi bashk\u00eb me mua - Lajme nga Ulqini","og_description":"Esht\u00eb e re, e bukur, e talentuar dhe m\u00eb se e gatshme p\u00ebr t\u00eb p\u00ebrballuar me sukses sken\u00ebn. Beatrix Ramosaj, mbesa tjet\u00ebr e k\u00ebng\u00ebtares Alb\u00ebrie Had\u00ebrgjonaj,","og_url":"https:\/\/www.visit-ulcinj.com\/blog\/2010\/12\/15\/beatrix-ramosaj-kenga-lindi-bashke-me-mua\/","og_site_name":"Lajme nga Ulqini","article_published_time":"2010-12-15T07:30:10+00:00","article_modified_time":"2010-12-11T20:50:00+00:00","og_image":[{"url":"http:\/\/www.visit-ulcinj.com\/blog\/wp-content\/uploads\/2010\/12\/Beatrix-Ramosaj-4.jpg"}],"twitter_misc":{"Written by":"ulqini","Est. reading time":"3 minutes"},"schema":{"@context":"https:\/\/schema.org","@graph":[{"@type":"WebSite","@id":"https:\/\/www.visit-ulcinj.com\/blog\/#website","url":"https:\/\/www.visit-ulcinj.com\/blog\/","name":"Lajme nga Ulqini","description":"Lajme,Vijesti,Ulqini,Ulqin,Crna Gora,Mali i Zi","potentialAction":[{"@type":"SearchAction","target":{"@type":"EntryPoint","urlTemplate":"https:\/\/www.visit-ulcinj.com\/blog\/?s={search_term_string}"},"query-input":"required name=search_term_string"}],"inLanguage":"en-US"},{"@type":"ImageObject","inLanguage":"en-US","@id":"https:\/\/www.visit-ulcinj.com\/blog\/2010\/12\/15\/beatrix-ramosaj-kenga-lindi-bashke-me-mua\/#primaryimage","url":"http:\/\/www.visit-ulcinj.com\/blog\/wp-content\/uploads\/2010\/12\/Beatrix-Ramosaj-4.jpg","contentUrl":"http:\/\/www.visit-ulcinj.com\/blog\/wp-content\/uploads\/2010\/12\/Beatrix-Ramosaj-4.jpg"},{"@type":"WebPage","@id":"https:\/\/www.visit-ulcinj.com\/blog\/2010\/12\/15\/beatrix-ramosaj-kenga-lindi-bashke-me-mua\/#webpage","url":"https:\/\/www.visit-ulcinj.com\/blog\/2010\/12\/15\/beatrix-ramosaj-kenga-lindi-bashke-me-mua\/","name":"Beatrix Ramosaj: K\u00ebnga lindi bashk\u00eb me mua - Lajme nga Ulqini","isPartOf":{"@id":"https:\/\/www.visit-ulcinj.com\/blog\/#website"},"primaryImageOfPage":{"@id":"https:\/\/www.visit-ulcinj.com\/blog\/2010\/12\/15\/beatrix-ramosaj-kenga-lindi-bashke-me-mua\/#primaryimage"},"datePublished":"2010-12-15T07:30:10+00:00","dateModified":"2010-12-11T20:50:00+00:00","author":{"@id":"https:\/\/www.visit-ulcinj.com\/blog\/#\/schema\/person\/dcab619c614d3038751c63bc2aadc06d"},"description":"Esht\u00eb e re, e bukur, e talentuar dhe m\u00eb se e gatshme p\u00ebr t\u00eb p\u00ebrballuar me sukses sken\u00ebn. Beatrix Ramosaj, mbesa tjet\u00ebr e k\u00ebng\u00ebtares Alb\u00ebrie Had\u00ebrgjonaj,","breadcrumb":{"@id":"https:\/\/www.visit-ulcinj.com\/blog\/2010\/12\/15\/beatrix-ramosaj-kenga-lindi-bashke-me-mua\/#breadcrumb"},"inLanguage":"en-US","potentialAction":[{"@type":"ReadAction","target":["https:\/\/www.visit-ulcinj.com\/blog\/2010\/12\/15\/beatrix-ramosaj-kenga-lindi-bashke-me-mua\/"]}]},{"@type":"BreadcrumbList","@id":"https:\/\/www.visit-ulcinj.com\/blog\/2010\/12\/15\/beatrix-ramosaj-kenga-lindi-bashke-me-mua\/#breadcrumb","itemListElement":[{"@type":"ListItem","position":1,"name":"Beatrix Ramosaj: K\u00ebnga lindi bashk\u00eb me mua"}]},{"@type":"Person","@id":"https:\/\/www.visit-ulcinj.com\/blog\/#\/schema\/person\/dcab619c614d3038751c63bc2aadc06d","name":"ulqini","sameAs":["http:\/\/www.visit-ulcinj.com"],"url":"https:\/\/www.visit-ulcinj.com\/blog\/author\/admin\/"}]}},"jetpack_featured_media_url":"","jetpack_sharing_enabled":true,"jetpack_shortlink":"https:\/\/wp.me\/pe6lTn-aET","_links":{"self":[{"href":"https:\/\/www.visit-ulcinj.com\/blog\/wp-json\/wp\/v2\/posts\/40975"}],"collection":[{"href":"https:\/\/www.visit-ulcinj.com\/blog\/wp-json\/wp\/v2\/posts"}],"about":[{"href":"https:\/\/www.visit-ulcinj.com\/blog\/wp-json\/wp\/v2\/types\/post"}],"author":[{"embeddable":true,"href":"https:\/\/www.visit-ulcinj.com\/blog\/wp-json\/wp\/v2\/users\/1"}],"replies":[{"embeddable":true,"href":"https:\/\/www.visit-ulcinj.com\/blog\/wp-json\/wp\/v2\/comments?post=40975"}],"version-history":[{"count":0,"href":"https:\/\/www.visit-ulcinj.com\/blog\/wp-json\/wp\/v2\/posts\/40975\/revisions"}],"wp:attachment":[{"href":"https:\/\/www.visit-ulcinj.com\/blog\/wp-json\/wp\/v2\/media?parent=40975"}],"wp:term":[{"taxonomy":"category","embeddable":true,"href":"https:\/\/www.visit-ulcinj.com\/blog\/wp-json\/wp\/v2\/categories?post=40975"},{"taxonomy":"post_tag","embeddable":true,"href":"https:\/\/www.visit-ulcinj.com\/blog\/wp-json\/wp\/v2\/tags?post=40975"}],"curies":[{"name":"wp","href":"https:\/\/api.w.org\/{rel}","templated":true}]}}