{"id":40989,"date":"2010-12-12T01:12:42","date_gmt":"2010-12-12T00:12:42","guid":{"rendered":"http:\/\/www.visit-ulcinj.com\/blog\/?p=40989"},"modified":"2010-12-27T18:54:21","modified_gmt":"2010-12-27T17:54:21","slug":"udsh-ppd-dhe-pds-do-te-qeverisin-ne-kater-vitet-e-ardhshme-ne-ulqin","status":"publish","type":"post","link":"https:\/\/www.visit-ulcinj.com\/blog\/2010\/12\/12\/udsh-ppd-dhe-pds-do-te-qeverisin-ne-kater-vitet-e-ardhshme-ne-ulqin\/","title":{"rendered":"UDSH-PPD dhe PDS do t\u00eb qeverisin n\u00eb kat\u00ebr vitet e ardhshme n\u00eb Ulqin"},"content":{"rendered":"<p><strong><a href=\"http:\/\/www.visit-ulcinj.com\/blog\/wp-content\/uploads\/2010\/12\/UDSH-PPD-dhe-PDS-do-te-qeverisin-Ulqinin.jpg\"><img loading=\"lazy\" class=\"alignleft size-full wp-image-40991\" title=\"UDSH-PPD dhe PDS do te qeverisin Ulqinin\" src=\"http:\/\/www.visit-ulcinj.com\/blog\/wp-content\/uploads\/2010\/12\/UDSH-PPD-dhe-PDS-do-te-qeverisin-Ulqinin.jpg\" alt=\"\" width=\"719\" height=\"479\" srcset=\"https:\/\/www.visit-ulcinj.com\/blog\/wp-content\/uploads\/2010\/12\/UDSH-PPD-dhe-PDS-do-te-qeverisin-Ulqinin.jpg 719w, https:\/\/www.visit-ulcinj.com\/blog\/wp-content\/uploads\/2010\/12\/UDSH-PPD-dhe-PDS-do-te-qeverisin-Ulqinin-300x199.jpg 300w\" sizes=\"(max-width: 719px) 100vw, 719px\" \/><\/a>11.12.2010<\/strong><\/p>\n<p><strong>Nga <\/strong><strong>Hatixhe Nelaj <\/strong><\/p>\n<p>Koalicioni Unioni Demokratik i Shqiptar\u00ebve dhe Partia e Prosperitetit Demokratik \u201cBashk\u00eb p\u00ebr t\u00eb ardhmen\u201dsot jan\u00eb dakorduar p\u00ebr t\u00eb lidh\u00eb koalicion me Partin\u00eb Demokratike t\u00eb Socialist\u00ebve.N\u00eb konferenc\u00ebn p\u00ebr gazetar\u00eb lideri i Unionit Demokratik t\u00eb shqiptar\u00ebve Ferhat Dinosha tha se \u201cJemi para jush me nj\u00eb lajm t\u00eb mir\u00eb p\u00ebr t\u00eb gjith\u00eb ju,mediat q\u00eb jan\u00eb prezente dhe qytetar\u00ebt tan\u00eb t\u00eb cil\u00ebt e kan\u00eb pritur k\u00ebt\u00eb koalicion qysh n\u00eb muajin maj.<\/p>\n<p>\u201cSot jemi marr\u00eb vesh t\u00eb lidhim koalicion me partnerin tone t\u00eb vjet\u00ebr PDS,dhe s\u00eb bashku do t\u00eb qeverisim me komun\u00ebn e Ulqinit edhe n\u00eb kat\u00ebr vitet e ardhshme\u201d. Zotri Dinosha shtoi se \u201cEsenca e marr\u00ebveshjes do t\u00eb n\u00ebnshkruhet shum\u00eb shpejt,por i b\u00ebri t\u00eb ditur disa detaje t\u00eb marr\u00ebveshjes.\u201dKryetari i parlamentit do t\u00eb vij\u00eb nga radh\u00ebt e PDS,nuk jemi n\u00eb dijeni se kush do t\u00eb jet\u00eb,por ne do ta p\u00ebrkrahim,nd\u00ebrsa ekzekutivi,pra kryetari i komun\u00ebs\u00a0 G\u00ebzim Hajdinaga i cili ka afat edhe nj\u00eb vit,do t\u00eb jet\u00eb edhe n\u00eb kat\u00ebr vitet e ardhshme pas skadimit t\u00eb k\u00ebtij afati.Ndarja e pushtetit me marr\u00ebveshje \u00ebsht\u00eb pes\u00ebdhjet\u00eb -pes\u00ebdhjet\u00eb,shtoi Dinosha.Ai tha se sot p\u00ebr shkaqe familjare nuk \u00ebsht\u00eb prezent partneri i tret\u00eb,kryetari i PPD Ali Rexha,por shtoi se me zot\u00ebrin Rexha\u00a0 jan\u00eb marr\u00eb vesh dhe ka p\u00eblqimin e tij.<\/p>\n<p>Dinosha fal\u00ebnderoi \u00a0partneret \u00a0e vet PDS\u00a0 dhe PPD p\u00ebr korrekt\u00ebsin\u00eb q\u00eb kan\u00eb pasur.Ai tha \u201c q\u00eb Partia Demokratike e Socialist\u00ebve ka pasur ofert\u00eb edhe m\u00eb t\u00eb mire p\u00ebr koalicion\u00a0 nga Forca,por PDS duke pasur parasysh\u00eb bashkpunimin e mire shum\u00eb vje\u00e7ar\u00eb \u00a0si n\u00eb nivelin\u00a0 lokal, ashtu edhe n\u00eb at\u00eb qeveritar,\u00a0 ka vazhduar me partner t\u00eb vjet\u00ebr\u201d<\/p>\n<p>Ne do t\u00eb punojm\u00eb n\u00eb m\u00ebnyr\u00eb transparente tha Dinosha,\u00e7ka flitet n\u00eb Ulqin do t\u00eb flitet edhe n\u00eb Podgoric\u00eb.<\/p>\n<p>Nd\u00ebrkaq Luigj Shkreli kryetar i K\u00ebshillit Komunal\u00a0 t\u00eb Partis\u00eb Demokratike t\u00eb Socialist\u00ebve tha se kam knaq\u00ebsi t\u00eb ve\u00e7ant\u00eb q\u00eb t\u00eb publikoi lidhjen e koalicionit me UDSH-PPD .Motivi q\u00eb ne t\u00eb lidhim koalicion me partneret n\u00eb fjal\u00eb \u00ebsht\u00eb se ne s\u00eb bashku\u00a0 do t\u00eb punojm\u00eb p\u00ebr t\u00eb ecur p\u00ebrpara n\u00eb interest \u00eb p\u00ebrgjithsh\u00ebm t\u00eb qytetar\u00ebve<\/p>\n<p>\u201cS\u00eb bashku do t\u00eb jemi edhe n\u00eb mandatin kat\u00ebr vje\u00e7ar,po ndoshta edhe m\u00eb gjat\u00eb \u201c- shtoi Shkreli.<\/p>\n<p>Ai nj\u00ebherit fal\u00ebnderoi p\u00ebr mir\u00ebkuptim dhe nj\u00eb kontribut t\u00eb ve\u00e7ant\u00eb p\u00ebr lidhje t\u00eb koalicionit Zotri Ali Rexh\u00ebn,dhe shpjegoi mosprezenc\u00ebn e tij,si\u00e7 u shpreh ai \u201cMos t\u00eb krijojn\u00eb huti tek opinion,ai sot p\u00ebr shkaqe objektive nuk \u00ebsht\u00eb prezent,por ne jemi d\u00ebgjuar dhe kemi p\u00eblqimin e tij\u201d<\/p>\n<p>Shkreli tha se p\u00ebr detaje t\u00eb koalicionit do t\u00eb flasin pas n\u00ebnshkrimit t\u00eb marr\u00ebveshjes.<\/p>\n<p>Uroi q\u00eb koalicioni t\u00eb jet\u00eb koalicion \u00a0p\u00ebr t\u00eb mir\u00ebn e t\u00eb gjith\u00eb qytetareve t\u00eb komun\u00ebs s\u00eb Ulqinit.<br \/>\n<!--YouTube Error: bad URL entered--><\/p>\n","protected":false},"excerpt":{"rendered":"<p>11.12.2010 Nga Hatixhe Nelaj Koalicioni Unioni Demokratik i Shqiptar\u00ebve dhe Partia e Prosperitetit Demokratik \u201cBashk\u00eb p\u00ebr t\u00eb ardhmen\u201dsot jan\u00eb dakorduar p\u00ebr t\u00eb lidh\u00eb koalicion me Partin\u00eb Demokratike t\u00eb Socialist\u00ebve.N\u00eb konferenc\u00ebn p\u00ebr gazetar\u00eb lideri i Unionit Demokratik t\u00eb shqiptar\u00ebve Ferhat Dinosha tha se \u201cJemi para jush me nj\u00eb lajm t\u00eb mir\u00eb p\u00ebr t\u00eb gjith\u00eb ju,mediat q\u00eb [&hellip;]<\/p>\n","protected":false},"author":1,"featured_media":0,"comment_status":"open","ping_status":"closed","sticky":false,"template":"","format":"standard","meta":{"spay_email":"","jetpack_publicize_message":"","jetpack_is_tweetstorm":false,"jetpack_publicize_feature_enabled":true},"categories":[6],"tags":[297,16612,16611,200,18],"jetpack_publicize_connections":[],"yoast_head":"<!-- This site is optimized with the Yoast SEO plugin v19.1 - https:\/\/yoast.com\/wordpress\/plugins\/seo\/ -->\n<title>UDSH-PPD dhe PDS do t\u00eb qeverisin n\u00eb kat\u00ebr vitet e ardhshme n\u00eb Ulqin - Lajme nga Ulqini<\/title>\n<meta name=\"description\" content=\"11.12.2010 Nga Hatixhe Nelaj Koalicioni Unioni Demokratik i Shqiptar\u00ebve dhe Partia e Prosperitetit Demokratik \u201cBashk\u00eb p\u00ebr t\u00eb ardhmen\u201dsot jan\u00eb dakorduar\" \/>\n<meta name=\"robots\" content=\"index, follow, max-snippet:-1, max-image-preview:large, max-video-preview:-1\" \/>\n<link rel=\"canonical\" href=\"https:\/\/www.visit-ulcinj.com\/blog\/2010\/12\/12\/udsh-ppd-dhe-pds-do-te-qeverisin-ne-kater-vitet-e-ardhshme-ne-ulqin\/\" \/>\n<meta property=\"og:locale\" content=\"en_US\" \/>\n<meta property=\"og:type\" content=\"article\" \/>\n<meta property=\"og:title\" content=\"UDSH-PPD dhe PDS do t\u00eb qeverisin n\u00eb kat\u00ebr vitet e ardhshme n\u00eb Ulqin - Lajme nga Ulqini\" \/>\n<meta property=\"og:description\" content=\"11.12.2010 Nga Hatixhe Nelaj Koalicioni Unioni Demokratik i Shqiptar\u00ebve dhe Partia e Prosperitetit Demokratik \u201cBashk\u00eb p\u00ebr t\u00eb ardhmen\u201dsot jan\u00eb dakorduar\" \/>\n<meta property=\"og:url\" content=\"https:\/\/www.visit-ulcinj.com\/blog\/2010\/12\/12\/udsh-ppd-dhe-pds-do-te-qeverisin-ne-kater-vitet-e-ardhshme-ne-ulqin\/\" \/>\n<meta property=\"og:site_name\" content=\"Lajme nga Ulqini\" \/>\n<meta property=\"article:published_time\" content=\"2010-12-12T00:12:42+00:00\" \/>\n<meta property=\"article:modified_time\" content=\"2010-12-27T17:54:21+00:00\" \/>\n<meta property=\"og:image\" content=\"http:\/\/www.visit-ulcinj.com\/blog\/wp-content\/uploads\/2010\/12\/UDSH-PPD-dhe-PDS-do-te-qeverisin-Ulqinin.jpg\" \/>\n<meta name=\"twitter:label1\" content=\"Written by\" \/>\n\t<meta name=\"twitter:data1\" content=\"ulqini\" \/>\n\t<meta name=\"twitter:label2\" content=\"Est. reading time\" \/>\n\t<meta name=\"twitter:data2\" content=\"3 minutes\" \/>\n<script type=\"application\/ld+json\" class=\"yoast-schema-graph\">{\"@context\":\"https:\/\/schema.org\",\"@graph\":[{\"@type\":\"WebSite\",\"@id\":\"https:\/\/www.visit-ulcinj.com\/blog\/#website\",\"url\":\"https:\/\/www.visit-ulcinj.com\/blog\/\",\"name\":\"Lajme nga Ulqini\",\"description\":\"Lajme,Vijesti,Ulqini,Ulqin,Crna Gora,Mali i Zi\",\"potentialAction\":[{\"@type\":\"SearchAction\",\"target\":{\"@type\":\"EntryPoint\",\"urlTemplate\":\"https:\/\/www.visit-ulcinj.com\/blog\/?s={search_term_string}\"},\"query-input\":\"required name=search_term_string\"}],\"inLanguage\":\"en-US\"},{\"@type\":\"ImageObject\",\"inLanguage\":\"en-US\",\"@id\":\"https:\/\/www.visit-ulcinj.com\/blog\/2010\/12\/12\/udsh-ppd-dhe-pds-do-te-qeverisin-ne-kater-vitet-e-ardhshme-ne-ulqin\/#primaryimage\",\"url\":\"https:\/\/www.visit-ulcinj.com\/blog\/wp-content\/uploads\/2010\/12\/UDSH-PPD-dhe-PDS-do-te-qeverisin-Ulqinin.jpg\",\"contentUrl\":\"https:\/\/www.visit-ulcinj.com\/blog\/wp-content\/uploads\/2010\/12\/UDSH-PPD-dhe-PDS-do-te-qeverisin-Ulqinin.jpg\",\"width\":\"719\",\"height\":\"479\"},{\"@type\":\"WebPage\",\"@id\":\"https:\/\/www.visit-ulcinj.com\/blog\/2010\/12\/12\/udsh-ppd-dhe-pds-do-te-qeverisin-ne-kater-vitet-e-ardhshme-ne-ulqin\/#webpage\",\"url\":\"https:\/\/www.visit-ulcinj.com\/blog\/2010\/12\/12\/udsh-ppd-dhe-pds-do-te-qeverisin-ne-kater-vitet-e-ardhshme-ne-ulqin\/\",\"name\":\"UDSH-PPD dhe PDS do t\u00eb qeverisin n\u00eb kat\u00ebr vitet e ardhshme n\u00eb Ulqin - Lajme nga Ulqini\",\"isPartOf\":{\"@id\":\"https:\/\/www.visit-ulcinj.com\/blog\/#website\"},\"primaryImageOfPage\":{\"@id\":\"https:\/\/www.visit-ulcinj.com\/blog\/2010\/12\/12\/udsh-ppd-dhe-pds-do-te-qeverisin-ne-kater-vitet-e-ardhshme-ne-ulqin\/#primaryimage\"},\"datePublished\":\"2010-12-12T00:12:42+00:00\",\"dateModified\":\"2010-12-27T17:54:21+00:00\",\"author\":{\"@id\":\"https:\/\/www.visit-ulcinj.com\/blog\/#\/schema\/person\/dcab619c614d3038751c63bc2aadc06d\"},\"description\":\"11.12.2010 Nga Hatixhe Nelaj Koalicioni Unioni Demokratik i Shqiptar\u00ebve dhe Partia e Prosperitetit Demokratik \u201cBashk\u00eb p\u00ebr t\u00eb ardhmen\u201dsot jan\u00eb dakorduar\",\"breadcrumb\":{\"@id\":\"https:\/\/www.visit-ulcinj.com\/blog\/2010\/12\/12\/udsh-ppd-dhe-pds-do-te-qeverisin-ne-kater-vitet-e-ardhshme-ne-ulqin\/#breadcrumb\"},\"inLanguage\":\"en-US\",\"potentialAction\":[{\"@type\":\"ReadAction\",\"target\":[\"https:\/\/www.visit-ulcinj.com\/blog\/2010\/12\/12\/udsh-ppd-dhe-pds-do-te-qeverisin-ne-kater-vitet-e-ardhshme-ne-ulqin\/\"]}]},{\"@type\":\"BreadcrumbList\",\"@id\":\"https:\/\/www.visit-ulcinj.com\/blog\/2010\/12\/12\/udsh-ppd-dhe-pds-do-te-qeverisin-ne-kater-vitet-e-ardhshme-ne-ulqin\/#breadcrumb\",\"itemListElement\":[{\"@type\":\"ListItem\",\"position\":1,\"name\":\"UDSH-PPD dhe PDS do t\u00eb qeverisin n\u00eb kat\u00ebr vitet e ardhshme n\u00eb Ulqin\"}]},{\"@type\":\"Person\",\"@id\":\"https:\/\/www.visit-ulcinj.com\/blog\/#\/schema\/person\/dcab619c614d3038751c63bc2aadc06d\",\"name\":\"ulqini\",\"sameAs\":[\"http:\/\/www.visit-ulcinj.com\"],\"url\":\"https:\/\/www.visit-ulcinj.com\/blog\/author\/admin\/\"}]}<\/script>\n<!-- \/ Yoast SEO plugin. -->","yoast_head_json":{"title":"UDSH-PPD dhe PDS do t\u00eb qeverisin n\u00eb kat\u00ebr vitet e ardhshme n\u00eb Ulqin - Lajme nga Ulqini","description":"11.12.2010 Nga Hatixhe Nelaj Koalicioni Unioni Demokratik i Shqiptar\u00ebve dhe Partia e Prosperitetit Demokratik \u201cBashk\u00eb p\u00ebr t\u00eb ardhmen\u201dsot jan\u00eb dakorduar","robots":{"index":"index","follow":"follow","max-snippet":"max-snippet:-1","max-image-preview":"max-image-preview:large","max-video-preview":"max-video-preview:-1"},"canonical":"https:\/\/www.visit-ulcinj.com\/blog\/2010\/12\/12\/udsh-ppd-dhe-pds-do-te-qeverisin-ne-kater-vitet-e-ardhshme-ne-ulqin\/","og_locale":"en_US","og_type":"article","og_title":"UDSH-PPD dhe PDS do t\u00eb qeverisin n\u00eb kat\u00ebr vitet e ardhshme n\u00eb Ulqin - Lajme nga Ulqini","og_description":"11.12.2010 Nga Hatixhe Nelaj Koalicioni Unioni Demokratik i Shqiptar\u00ebve dhe Partia e Prosperitetit Demokratik \u201cBashk\u00eb p\u00ebr t\u00eb ardhmen\u201dsot jan\u00eb dakorduar","og_url":"https:\/\/www.visit-ulcinj.com\/blog\/2010\/12\/12\/udsh-ppd-dhe-pds-do-te-qeverisin-ne-kater-vitet-e-ardhshme-ne-ulqin\/","og_site_name":"Lajme nga Ulqini","article_published_time":"2010-12-12T00:12:42+00:00","article_modified_time":"2010-12-27T17:54:21+00:00","og_image":[{"url":"http:\/\/www.visit-ulcinj.com\/blog\/wp-content\/uploads\/2010\/12\/UDSH-PPD-dhe-PDS-do-te-qeverisin-Ulqinin.jpg"}],"twitter_misc":{"Written by":"ulqini","Est. reading time":"3 minutes"},"schema":{"@context":"https:\/\/schema.org","@graph":[{"@type":"WebSite","@id":"https:\/\/www.visit-ulcinj.com\/blog\/#website","url":"https:\/\/www.visit-ulcinj.com\/blog\/","name":"Lajme nga Ulqini","description":"Lajme,Vijesti,Ulqini,Ulqin,Crna Gora,Mali i Zi","potentialAction":[{"@type":"SearchAction","target":{"@type":"EntryPoint","urlTemplate":"https:\/\/www.visit-ulcinj.com\/blog\/?s={search_term_string}"},"query-input":"required name=search_term_string"}],"inLanguage":"en-US"},{"@type":"ImageObject","inLanguage":"en-US","@id":"https:\/\/www.visit-ulcinj.com\/blog\/2010\/12\/12\/udsh-ppd-dhe-pds-do-te-qeverisin-ne-kater-vitet-e-ardhshme-ne-ulqin\/#primaryimage","url":"https:\/\/www.visit-ulcinj.com\/blog\/wp-content\/uploads\/2010\/12\/UDSH-PPD-dhe-PDS-do-te-qeverisin-Ulqinin.jpg","contentUrl":"https:\/\/www.visit-ulcinj.com\/blog\/wp-content\/uploads\/2010\/12\/UDSH-PPD-dhe-PDS-do-te-qeverisin-Ulqinin.jpg","width":"719","height":"479"},{"@type":"WebPage","@id":"https:\/\/www.visit-ulcinj.com\/blog\/2010\/12\/12\/udsh-ppd-dhe-pds-do-te-qeverisin-ne-kater-vitet-e-ardhshme-ne-ulqin\/#webpage","url":"https:\/\/www.visit-ulcinj.com\/blog\/2010\/12\/12\/udsh-ppd-dhe-pds-do-te-qeverisin-ne-kater-vitet-e-ardhshme-ne-ulqin\/","name":"UDSH-PPD dhe PDS do t\u00eb qeverisin n\u00eb kat\u00ebr vitet e ardhshme n\u00eb Ulqin - Lajme nga Ulqini","isPartOf":{"@id":"https:\/\/www.visit-ulcinj.com\/blog\/#website"},"primaryImageOfPage":{"@id":"https:\/\/www.visit-ulcinj.com\/blog\/2010\/12\/12\/udsh-ppd-dhe-pds-do-te-qeverisin-ne-kater-vitet-e-ardhshme-ne-ulqin\/#primaryimage"},"datePublished":"2010-12-12T00:12:42+00:00","dateModified":"2010-12-27T17:54:21+00:00","author":{"@id":"https:\/\/www.visit-ulcinj.com\/blog\/#\/schema\/person\/dcab619c614d3038751c63bc2aadc06d"},"description":"11.12.2010 Nga Hatixhe Nelaj Koalicioni Unioni Demokratik i Shqiptar\u00ebve dhe Partia e Prosperitetit Demokratik \u201cBashk\u00eb p\u00ebr t\u00eb ardhmen\u201dsot jan\u00eb dakorduar","breadcrumb":{"@id":"https:\/\/www.visit-ulcinj.com\/blog\/2010\/12\/12\/udsh-ppd-dhe-pds-do-te-qeverisin-ne-kater-vitet-e-ardhshme-ne-ulqin\/#breadcrumb"},"inLanguage":"en-US","potentialAction":[{"@type":"ReadAction","target":["https:\/\/www.visit-ulcinj.com\/blog\/2010\/12\/12\/udsh-ppd-dhe-pds-do-te-qeverisin-ne-kater-vitet-e-ardhshme-ne-ulqin\/"]}]},{"@type":"BreadcrumbList","@id":"https:\/\/www.visit-ulcinj.com\/blog\/2010\/12\/12\/udsh-ppd-dhe-pds-do-te-qeverisin-ne-kater-vitet-e-ardhshme-ne-ulqin\/#breadcrumb","itemListElement":[{"@type":"ListItem","position":1,"name":"UDSH-PPD dhe PDS do t\u00eb qeverisin n\u00eb kat\u00ebr vitet e ardhshme n\u00eb Ulqin"}]},{"@type":"Person","@id":"https:\/\/www.visit-ulcinj.com\/blog\/#\/schema\/person\/dcab619c614d3038751c63bc2aadc06d","name":"ulqini","sameAs":["http:\/\/www.visit-ulcinj.com"],"url":"https:\/\/www.visit-ulcinj.com\/blog\/author\/admin\/"}]}},"jetpack_featured_media_url":"","jetpack_sharing_enabled":true,"jetpack_shortlink":"https:\/\/wp.me\/pe6lTn-aF7","_links":{"self":[{"href":"https:\/\/www.visit-ulcinj.com\/blog\/wp-json\/wp\/v2\/posts\/40989"}],"collection":[{"href":"https:\/\/www.visit-ulcinj.com\/blog\/wp-json\/wp\/v2\/posts"}],"about":[{"href":"https:\/\/www.visit-ulcinj.com\/blog\/wp-json\/wp\/v2\/types\/post"}],"author":[{"embeddable":true,"href":"https:\/\/www.visit-ulcinj.com\/blog\/wp-json\/wp\/v2\/users\/1"}],"replies":[{"embeddable":true,"href":"https:\/\/www.visit-ulcinj.com\/blog\/wp-json\/wp\/v2\/comments?post=40989"}],"version-history":[{"count":0,"href":"https:\/\/www.visit-ulcinj.com\/blog\/wp-json\/wp\/v2\/posts\/40989\/revisions"}],"wp:attachment":[{"href":"https:\/\/www.visit-ulcinj.com\/blog\/wp-json\/wp\/v2\/media?parent=40989"}],"wp:term":[{"taxonomy":"category","embeddable":true,"href":"https:\/\/www.visit-ulcinj.com\/blog\/wp-json\/wp\/v2\/categories?post=40989"},{"taxonomy":"post_tag","embeddable":true,"href":"https:\/\/www.visit-ulcinj.com\/blog\/wp-json\/wp\/v2\/tags?post=40989"}],"curies":[{"name":"wp","href":"https:\/\/api.w.org\/{rel}","templated":true}]}}