{"id":40998,"date":"2010-12-12T02:30:33","date_gmt":"2010-12-12T01:30:33","guid":{"rendered":"http:\/\/www.visit-ulcinj.com\/blog\/?p=40998"},"modified":"2010-12-18T13:21:28","modified_gmt":"2010-12-18T12:21:28","slug":"adnan-djinovic-gjinaj-fotomodeli-me-i-kerkuar-ulqinak-ne-france","status":"publish","type":"post","link":"https:\/\/www.visit-ulcinj.com\/blog\/2010\/12\/12\/adnan-djinovic-gjinaj-fotomodeli-me-i-kerkuar-ulqinak-ne-france\/","title":{"rendered":"Adnan Djinovic Gjinaj fotomodeli m\u00eb i k\u00ebrkuar Ulqinak ne Franc\u00eb"},"content":{"rendered":"<p><a href=\"http:\/\/www.visit-ulcinj.com\/blog\/wp-content\/uploads\/2010\/12\/Adnan-Gjinaj-foto-model-nga-Ulqini.jpg\"><img loading=\"lazy\" class=\"alignleft size-full wp-image-40999\" title=\"Adnan Gjinaj foto model nga Ulqini\" src=\"http:\/\/www.visit-ulcinj.com\/blog\/wp-content\/uploads\/2010\/12\/Adnan-Gjinaj-foto-model-nga-Ulqini.jpg\" alt=\"\" width=\"719\" height=\"481\" \/><\/a>I lindur ne 1991 me prejardhje prej qytetit t\u00eb Ulqinit,djaloshi tani me banim ne Franc\u00eb bashk\u00eb me familjen e aferm t\u00eb tij\u00eb,ku edhe meret me modelizem n\u00eb Paris. Enderra e Adnan \u00a0Gjinajt qysh si femije ishte fotografia dhe gjithcka qe lidhej me boten e modes.<\/p>\n<p><strong>Fillimet e karrieres:<\/strong><br \/>\nSi \u00e7\u2019do fillim i veshtire, edhe Adnani ka pasur shume probleme reth karrieres, duke mare parasyshe moshen e tij qe eshte akoma i rri ne, kete profesion ai deri diku me forcat e veta i\u2019a ka arritur qe te bej nje emer ne fushen e modes ne Paris t\u00eb Frances dhe Milano t\u00eb Italis.<br \/>\nAdnan Gjinaj ka lidhur kontrate disa vje\u00e7are me agjensionin e modes ne Paris ku per vite sa zgjat kontrata ata do te ekspozojne fotot e tij ne webfaqen e tyre, eshte i vetmi shqipetar ne kete agjension. Kohen e lir e kalon duke bere foto, merret me aktivitet sportiv pasi qe te qenit model \u00e7do here e kerkon qe trupi te jete i fresket dhe ne forme, duke mos anashkaluar edhe palester nganjehere. Ka pozuar para emrave te ndryshem te fotografise si: Lanvin, Kenzo, Jil Sander, Burberry, Prada, ZZegna, Neil Barrett, Gaspard Yurkevich, Yves Saint Laurent, Cerruti, Kenzo, Peter Petrov, Lanvin, Dunhill,Qasimi, ZZegna, Marc Jacobs,Topman ,J.W Anderson.<\/p>\n<p>The Best Models\u2019 t\u00eb Adnan \u00a0Gjinajt klikoni ne linkun n\u00eb vijim: <strong><a href=\"http:\/\/thefashionisto.com\/adnan-djinovic-by-antonin-guidicci-in-prada-for-common-sense-man-october-2010\/\" target=\"_blank\">http:\/\/thefashionisto.com\/adnan-djinovic<\/a><\/strong><\/p>\n<p><strong>N\u00ebse deshironi adresen e tij\u00eb ne Facebook.<\/strong><a href=\"http:\/\/www.facebook.com\/pages\/Adnan-Gjinaj\/333283525173?filter=3#!\/adnandji?v=photos\" target=\"_blank\"><br \/>\n<strong>Adnan Djinovic Gjinaj Facebook<\/strong><\/a><\/p>\n<p><strong>Lajme nga Ulqini<br \/>\n<br \/>\n<\/strong><!--YouTube Error: bad URL entered--><\/p>\n","protected":false},"excerpt":{"rendered":"<p>I lindur ne 1991 me prejardhje prej qytetit t\u00eb Ulqinit,djaloshi tani me banim ne Franc\u00eb bashk\u00eb me familjen e aferm t\u00eb tij\u00eb,ku edhe meret me modelizem n\u00eb Paris. Enderra e Adnan \u00a0Gjinajt qysh si femije ishte fotografia dhe gjithcka qe lidhej me boten e modes. Fillimet e karrieres: Si \u00e7\u2019do fillim i veshtire, edhe Adnani [&hellip;]<\/p>\n","protected":false},"author":1,"featured_media":0,"comment_status":"open","ping_status":"closed","sticky":false,"template":"","format":"standard","meta":{"spay_email":"","jetpack_publicize_message":"","jetpack_is_tweetstorm":false,"jetpack_publicize_feature_enabled":true},"categories":[6950,13],"tags":[16613,16631,16617,16622,16629,3775,16621,16626,16627,16615,16614,16624,10920,16620,3686,16623,16618,16630,4884,16625,16632,16616,16628,16619],"jetpack_publicize_connections":[],"yoast_head":"<!-- This site is optimized with the Yoast SEO plugin v19.1 - https:\/\/yoast.com\/wordpress\/plugins\/seo\/ -->\n<title>Adnan Djinovic Gjinaj fotomodeli m\u00eb i k\u00ebrkuar Ulqinak ne Franc\u00eb - Lajme nga Ulqini<\/title>\n<meta name=\"description\" content=\"I lindur ne 1991 me prejardhje prej qytetit t\u00eb Ulqinit,djaloshi tani me banim ne Franc\u00eb bashk\u00eb me familjen e aferm t\u00eb tij\u00eb,ku edhe meret me modelizem n\u00eb\" \/>\n<meta name=\"robots\" content=\"index, follow, max-snippet:-1, max-image-preview:large, max-video-preview:-1\" \/>\n<link rel=\"canonical\" href=\"https:\/\/www.visit-ulcinj.com\/blog\/2010\/12\/12\/adnan-djinovic-gjinaj-fotomodeli-me-i-kerkuar-ulqinak-ne-france\/\" \/>\n<meta property=\"og:locale\" content=\"en_US\" \/>\n<meta property=\"og:type\" content=\"article\" \/>\n<meta property=\"og:title\" content=\"Adnan Djinovic Gjinaj fotomodeli m\u00eb i k\u00ebrkuar Ulqinak ne Franc\u00eb - Lajme nga Ulqini\" \/>\n<meta property=\"og:description\" content=\"I lindur ne 1991 me prejardhje prej qytetit t\u00eb Ulqinit,djaloshi tani me banim ne Franc\u00eb bashk\u00eb me familjen e aferm t\u00eb tij\u00eb,ku edhe meret me modelizem n\u00eb\" \/>\n<meta property=\"og:url\" content=\"https:\/\/www.visit-ulcinj.com\/blog\/2010\/12\/12\/adnan-djinovic-gjinaj-fotomodeli-me-i-kerkuar-ulqinak-ne-france\/\" \/>\n<meta property=\"og:site_name\" content=\"Lajme nga Ulqini\" \/>\n<meta property=\"article:published_time\" content=\"2010-12-12T01:30:33+00:00\" \/>\n<meta property=\"article:modified_time\" content=\"2010-12-18T12:21:28+00:00\" \/>\n<meta property=\"og:image\" content=\"https:\/\/www.visit-ulcinj.com\/blog\/wp-content\/uploads\/2010\/12\/Adnan-Gjinaj-foto-model-nga-Ulqini-150x150.jpg\" \/>\n<meta name=\"twitter:label1\" content=\"Written by\" \/>\n\t<meta name=\"twitter:data1\" content=\"ulqini\" \/>\n\t<meta name=\"twitter:label2\" content=\"Est. reading time\" \/>\n\t<meta name=\"twitter:data2\" content=\"1 minute\" \/>\n<script type=\"application\/ld+json\" class=\"yoast-schema-graph\">{\"@context\":\"https:\/\/schema.org\",\"@graph\":[{\"@type\":\"WebSite\",\"@id\":\"https:\/\/www.visit-ulcinj.com\/blog\/#website\",\"url\":\"https:\/\/www.visit-ulcinj.com\/blog\/\",\"name\":\"Lajme nga Ulqini\",\"description\":\"Lajme,Vijesti,Ulqini,Ulqin,Crna Gora,Mali i Zi\",\"potentialAction\":[{\"@type\":\"SearchAction\",\"target\":{\"@type\":\"EntryPoint\",\"urlTemplate\":\"https:\/\/www.visit-ulcinj.com\/blog\/?s={search_term_string}\"},\"query-input\":\"required name=search_term_string\"}],\"inLanguage\":\"en-US\"},{\"@type\":\"ImageObject\",\"inLanguage\":\"en-US\",\"@id\":\"https:\/\/www.visit-ulcinj.com\/blog\/2010\/12\/12\/adnan-djinovic-gjinaj-fotomodeli-me-i-kerkuar-ulqinak-ne-france\/#primaryimage\",\"url\":\"http:\/\/www.visit-ulcinj.com\/blog\/wp-content\/uploads\/2010\/12\/Adnan-Gjinaj-foto-model-nga-Ulqini.jpg\",\"contentUrl\":\"http:\/\/www.visit-ulcinj.com\/blog\/wp-content\/uploads\/2010\/12\/Adnan-Gjinaj-foto-model-nga-Ulqini.jpg\"},{\"@type\":\"WebPage\",\"@id\":\"https:\/\/www.visit-ulcinj.com\/blog\/2010\/12\/12\/adnan-djinovic-gjinaj-fotomodeli-me-i-kerkuar-ulqinak-ne-france\/#webpage\",\"url\":\"https:\/\/www.visit-ulcinj.com\/blog\/2010\/12\/12\/adnan-djinovic-gjinaj-fotomodeli-me-i-kerkuar-ulqinak-ne-france\/\",\"name\":\"Adnan Djinovic Gjinaj fotomodeli m\u00eb i k\u00ebrkuar Ulqinak ne Franc\u00eb - Lajme nga Ulqini\",\"isPartOf\":{\"@id\":\"https:\/\/www.visit-ulcinj.com\/blog\/#website\"},\"primaryImageOfPage\":{\"@id\":\"https:\/\/www.visit-ulcinj.com\/blog\/2010\/12\/12\/adnan-djinovic-gjinaj-fotomodeli-me-i-kerkuar-ulqinak-ne-france\/#primaryimage\"},\"datePublished\":\"2010-12-12T01:30:33+00:00\",\"dateModified\":\"2010-12-18T12:21:28+00:00\",\"author\":{\"@id\":\"https:\/\/www.visit-ulcinj.com\/blog\/#\/schema\/person\/dcab619c614d3038751c63bc2aadc06d\"},\"description\":\"I lindur ne 1991 me prejardhje prej qytetit t\u00eb Ulqinit,djaloshi tani me banim ne Franc\u00eb bashk\u00eb me familjen e aferm t\u00eb tij\u00eb,ku edhe meret me modelizem n\u00eb\",\"breadcrumb\":{\"@id\":\"https:\/\/www.visit-ulcinj.com\/blog\/2010\/12\/12\/adnan-djinovic-gjinaj-fotomodeli-me-i-kerkuar-ulqinak-ne-france\/#breadcrumb\"},\"inLanguage\":\"en-US\",\"potentialAction\":[{\"@type\":\"ReadAction\",\"target\":[\"https:\/\/www.visit-ulcinj.com\/blog\/2010\/12\/12\/adnan-djinovic-gjinaj-fotomodeli-me-i-kerkuar-ulqinak-ne-france\/\"]}]},{\"@type\":\"BreadcrumbList\",\"@id\":\"https:\/\/www.visit-ulcinj.com\/blog\/2010\/12\/12\/adnan-djinovic-gjinaj-fotomodeli-me-i-kerkuar-ulqinak-ne-france\/#breadcrumb\",\"itemListElement\":[{\"@type\":\"ListItem\",\"position\":1,\"name\":\"Adnan Djinovic Gjinaj fotomodeli m\u00eb i k\u00ebrkuar Ulqinak ne Franc\u00eb\"}]},{\"@type\":\"Person\",\"@id\":\"https:\/\/www.visit-ulcinj.com\/blog\/#\/schema\/person\/dcab619c614d3038751c63bc2aadc06d\",\"name\":\"ulqini\",\"sameAs\":[\"http:\/\/www.visit-ulcinj.com\"],\"url\":\"https:\/\/www.visit-ulcinj.com\/blog\/author\/admin\/\"}]}<\/script>\n<!-- \/ Yoast SEO plugin. -->","yoast_head_json":{"title":"Adnan Djinovic Gjinaj fotomodeli m\u00eb i k\u00ebrkuar Ulqinak ne Franc\u00eb - Lajme nga Ulqini","description":"I lindur ne 1991 me prejardhje prej qytetit t\u00eb Ulqinit,djaloshi tani me banim ne Franc\u00eb bashk\u00eb me familjen e aferm t\u00eb tij\u00eb,ku edhe meret me modelizem n\u00eb","robots":{"index":"index","follow":"follow","max-snippet":"max-snippet:-1","max-image-preview":"max-image-preview:large","max-video-preview":"max-video-preview:-1"},"canonical":"https:\/\/www.visit-ulcinj.com\/blog\/2010\/12\/12\/adnan-djinovic-gjinaj-fotomodeli-me-i-kerkuar-ulqinak-ne-france\/","og_locale":"en_US","og_type":"article","og_title":"Adnan Djinovic Gjinaj fotomodeli m\u00eb i k\u00ebrkuar Ulqinak ne Franc\u00eb - Lajme nga Ulqini","og_description":"I lindur ne 1991 me prejardhje prej qytetit t\u00eb Ulqinit,djaloshi tani me banim ne Franc\u00eb bashk\u00eb me familjen e aferm t\u00eb tij\u00eb,ku edhe meret me modelizem n\u00eb","og_url":"https:\/\/www.visit-ulcinj.com\/blog\/2010\/12\/12\/adnan-djinovic-gjinaj-fotomodeli-me-i-kerkuar-ulqinak-ne-france\/","og_site_name":"Lajme nga Ulqini","article_published_time":"2010-12-12T01:30:33+00:00","article_modified_time":"2010-12-18T12:21:28+00:00","og_image":[{"url":"https:\/\/www.visit-ulcinj.com\/blog\/wp-content\/uploads\/2010\/12\/Adnan-Gjinaj-foto-model-nga-Ulqini-150x150.jpg"}],"twitter_misc":{"Written by":"ulqini","Est. reading time":"1 minute"},"schema":{"@context":"https:\/\/schema.org","@graph":[{"@type":"WebSite","@id":"https:\/\/www.visit-ulcinj.com\/blog\/#website","url":"https:\/\/www.visit-ulcinj.com\/blog\/","name":"Lajme nga Ulqini","description":"Lajme,Vijesti,Ulqini,Ulqin,Crna Gora,Mali i Zi","potentialAction":[{"@type":"SearchAction","target":{"@type":"EntryPoint","urlTemplate":"https:\/\/www.visit-ulcinj.com\/blog\/?s={search_term_string}"},"query-input":"required name=search_term_string"}],"inLanguage":"en-US"},{"@type":"ImageObject","inLanguage":"en-US","@id":"https:\/\/www.visit-ulcinj.com\/blog\/2010\/12\/12\/adnan-djinovic-gjinaj-fotomodeli-me-i-kerkuar-ulqinak-ne-france\/#primaryimage","url":"http:\/\/www.visit-ulcinj.com\/blog\/wp-content\/uploads\/2010\/12\/Adnan-Gjinaj-foto-model-nga-Ulqini.jpg","contentUrl":"http:\/\/www.visit-ulcinj.com\/blog\/wp-content\/uploads\/2010\/12\/Adnan-Gjinaj-foto-model-nga-Ulqini.jpg"},{"@type":"WebPage","@id":"https:\/\/www.visit-ulcinj.com\/blog\/2010\/12\/12\/adnan-djinovic-gjinaj-fotomodeli-me-i-kerkuar-ulqinak-ne-france\/#webpage","url":"https:\/\/www.visit-ulcinj.com\/blog\/2010\/12\/12\/adnan-djinovic-gjinaj-fotomodeli-me-i-kerkuar-ulqinak-ne-france\/","name":"Adnan Djinovic Gjinaj fotomodeli m\u00eb i k\u00ebrkuar Ulqinak ne Franc\u00eb - Lajme nga Ulqini","isPartOf":{"@id":"https:\/\/www.visit-ulcinj.com\/blog\/#website"},"primaryImageOfPage":{"@id":"https:\/\/www.visit-ulcinj.com\/blog\/2010\/12\/12\/adnan-djinovic-gjinaj-fotomodeli-me-i-kerkuar-ulqinak-ne-france\/#primaryimage"},"datePublished":"2010-12-12T01:30:33+00:00","dateModified":"2010-12-18T12:21:28+00:00","author":{"@id":"https:\/\/www.visit-ulcinj.com\/blog\/#\/schema\/person\/dcab619c614d3038751c63bc2aadc06d"},"description":"I lindur ne 1991 me prejardhje prej qytetit t\u00eb Ulqinit,djaloshi tani me banim ne Franc\u00eb bashk\u00eb me familjen e aferm t\u00eb tij\u00eb,ku edhe meret me modelizem n\u00eb","breadcrumb":{"@id":"https:\/\/www.visit-ulcinj.com\/blog\/2010\/12\/12\/adnan-djinovic-gjinaj-fotomodeli-me-i-kerkuar-ulqinak-ne-france\/#breadcrumb"},"inLanguage":"en-US","potentialAction":[{"@type":"ReadAction","target":["https:\/\/www.visit-ulcinj.com\/blog\/2010\/12\/12\/adnan-djinovic-gjinaj-fotomodeli-me-i-kerkuar-ulqinak-ne-france\/"]}]},{"@type":"BreadcrumbList","@id":"https:\/\/www.visit-ulcinj.com\/blog\/2010\/12\/12\/adnan-djinovic-gjinaj-fotomodeli-me-i-kerkuar-ulqinak-ne-france\/#breadcrumb","itemListElement":[{"@type":"ListItem","position":1,"name":"Adnan Djinovic Gjinaj fotomodeli m\u00eb i k\u00ebrkuar Ulqinak ne Franc\u00eb"}]},{"@type":"Person","@id":"https:\/\/www.visit-ulcinj.com\/blog\/#\/schema\/person\/dcab619c614d3038751c63bc2aadc06d","name":"ulqini","sameAs":["http:\/\/www.visit-ulcinj.com"],"url":"https:\/\/www.visit-ulcinj.com\/blog\/author\/admin\/"}]}},"jetpack_featured_media_url":"","jetpack_sharing_enabled":true,"jetpack_shortlink":"https:\/\/wp.me\/pe6lTn-aFg","_links":{"self":[{"href":"https:\/\/www.visit-ulcinj.com\/blog\/wp-json\/wp\/v2\/posts\/40998"}],"collection":[{"href":"https:\/\/www.visit-ulcinj.com\/blog\/wp-json\/wp\/v2\/posts"}],"about":[{"href":"https:\/\/www.visit-ulcinj.com\/blog\/wp-json\/wp\/v2\/types\/post"}],"author":[{"embeddable":true,"href":"https:\/\/www.visit-ulcinj.com\/blog\/wp-json\/wp\/v2\/users\/1"}],"replies":[{"embeddable":true,"href":"https:\/\/www.visit-ulcinj.com\/blog\/wp-json\/wp\/v2\/comments?post=40998"}],"version-history":[{"count":0,"href":"https:\/\/www.visit-ulcinj.com\/blog\/wp-json\/wp\/v2\/posts\/40998\/revisions"}],"wp:attachment":[{"href":"https:\/\/www.visit-ulcinj.com\/blog\/wp-json\/wp\/v2\/media?parent=40998"}],"wp:term":[{"taxonomy":"category","embeddable":true,"href":"https:\/\/www.visit-ulcinj.com\/blog\/wp-json\/wp\/v2\/categories?post=40998"},{"taxonomy":"post_tag","embeddable":true,"href":"https:\/\/www.visit-ulcinj.com\/blog\/wp-json\/wp\/v2\/tags?post=40998"}],"curies":[{"name":"wp","href":"https:\/\/api.w.org\/{rel}","templated":true}]}}