{"id":4100,"date":"2008-10-09T12:58:30","date_gmt":"2008-10-09T17:58:30","guid":{"rendered":"http:\/\/www.visit-ulcinj.com\/blog\/?p=4100"},"modified":"2008-10-17T13:20:04","modified_gmt":"2008-10-17T18:20:04","slug":"mali-i-zi-njeh-pavaresine-e-kosoves","status":"publish","type":"post","link":"https:\/\/www.visit-ulcinj.com\/blog\/2008\/10\/09\/mali-i-zi-njeh-pavaresine-e-kosoves\/","title":{"rendered":"Mali i Zi njeh pavar\u00ebsin\u00eb e Kosov\u00ebs"},"content":{"rendered":"<p><a href=\"http:\/\/www1.ocn.ne.jp\/~infinite\/PeacePath_Flags_Data\/MontenegroF.gif\"><img loading=\"lazy\" class=\"alignleft\" src=\"http:\/\/www1.ocn.ne.jp\/~infinite\/PeacePath_Flags_Data\/MontenegroF.gif\" alt=\"\" width=\"244\" height=\"163\" \/><\/a>Mali i Zi ka njohur sot pavar\u00ebsin\u00eb e Kosov\u00ebs, lajmi \u00ebsht\u00eb b\u00ebr\u00eb i ditur nga ministri i Jasht\u00ebm malezes Milan Rochen. K\u00ebshtu Mali i Zi b\u00ebhet vendi i 49 i cili ka njohur Kosov\u00ebn shtet. Nd\u00ebrkoh\u00eb Serbia pritet t\u00eb t\u00ebrheq\u00eb ambasadorin e vet nga Podgorica, kryeqyteti i Malit t\u00eb Zi, pasi disa dit\u00eb m\u00eb par\u00eb ministri i Jasht\u00ebm serb Jeremi\u00e7 tha se njohja e pavar\u00ebsis\u00eb nga Mali i Zi do t\u00eb ishte thik\u00eb pas shpine p\u00ebr Serbin\u00eb<br \/>\nMAL I ZI- Qeveria e Malit t\u00eb Zi e ka njohur Kosov\u00ebn si shtet t\u00eb pavarur, njoftoi ministri i Jasht\u00ebm malazez, Milan Rochen. &#8220;Qeveria nj\u00ebz\u00ebri ka vendosur ta njoh\u00eb Republik\u00ebn e Kosov\u00ebs&#8221;, u tha ai gazetareve. Beogradi pritet t\u00eb t\u00ebrheq\u00eb ambasadorin e vet nga Podgorica, kryeqyteti i Malit t\u00eb Zi.<a href=\"http:\/\/www.visit-ulcinj.com\/blog\/wp-content\/uploads\/2008\/10\/pamvaresijaneulqin.jpg\"><img loading=\"lazy\" class=\"alignright size-thumbnail wp-image-4101\" title=\"pamvaresijaneulqin\" src=\"http:\/\/www.visit-ulcinj.com\/blog\/wp-content\/uploads\/2008\/10\/pamvaresijaneulqin-150x150.jpg\" alt=\"\" width=\"214\" height=\"144\" \/><\/a><br \/>\nDisa dit\u00eb m\u00eb par\u00eb ministri i Jasht\u00ebm serb Vuk Jeremi\u00e7 tha se njohja e pavar\u00ebsis\u00eb nga Mali i Zi do t\u00eb ishte thik\u00eb pas shpine p\u00ebr Serbin\u00eb pasi ky vend fqinj e njihte mir\u00eb situat\u00ebn.<\/p>\n<p>T\u00eb premten Parlamenti i Malit t\u00eb Zi ka miratuar Rezolut\u00ebn p\u00ebr domosdoshm\u00ebrin\u00eb e p\u00ebrshpejtimit t\u00eb procesit t\u00eb integrimit t\u00eb Malit t\u00eb Zi n\u00eb strukturat evropiane dhe euroatlantike q\u00eb sh\u00ebrbeu si baz\u00eb edhe p\u00ebr q\u00ebndrimin e Malit t\u00eb Zi ndaj \u00e7\u00ebshtjes s\u00eb Kosov\u00ebs.<br \/>\n<strong>Burimi \/ a.r\/news24\/balkanweb <\/strong><\/p>\n<p><object classid=\"clsid:6bf52a52-394a-11d3-b153-00c04f79faa6\" width=\"450\" height=\"350\" codebase=\"http:\/\/activex.microsoft.com\/activex\/controls\/mplayer\/en\/nsmp2inf.cab#Version=5,1,52,701\"><param name=\"url\" value=\"http:\/\/www.balkanweb.com\/sitev4\/upload\/multimedia\/1223581240.wmv\" \/><\/object><\/p>\n","protected":false},"excerpt":{"rendered":"<p>Mali i Zi ka njohur sot pavar\u00ebsin\u00eb e Kosov\u00ebs, lajmi \u00ebsht\u00eb b\u00ebr\u00eb i ditur nga ministri i Jasht\u00ebm malezes Milan Rochen. K\u00ebshtu Mali i Zi b\u00ebhet vendi i 49 i cili ka njohur Kosov\u00ebn shtet. Nd\u00ebrkoh\u00eb Serbia pritet t\u00eb t\u00ebrheq\u00eb ambasadorin e vet nga Podgorica, kryeqyteti i Malit t\u00eb Zi, pasi disa dit\u00eb m\u00eb par\u00eb [&hellip;]<\/p>\n","protected":false},"author":1,"featured_media":0,"comment_status":"open","ping_status":"closed","sticky":false,"template":"","format":"standard","meta":{"spay_email":"","jetpack_publicize_message":"","jetpack_is_tweetstorm":false,"jetpack_publicize_feature_enabled":true},"categories":[1,12],"tags":[325,95,239,200],"jetpack_publicize_connections":[],"yoast_head":"<!-- This site is optimized with the Yoast SEO plugin v19.1 - https:\/\/yoast.com\/wordpress\/plugins\/seo\/ -->\n<title>Mali i Zi njeh pavar\u00ebsin\u00eb e Kosov\u00ebs - Lajme nga Ulqini<\/title>\n<meta name=\"description\" content=\"Mali i Zi ka njohur sot pavar\u00ebsin\u00eb e Kosov\u00ebs, lajmi \u00ebsht\u00eb b\u00ebr\u00eb i ditur nga ministri i Jasht\u00ebm malezes Milan Rochen. K\u00ebshtu Mali i Zi b\u00ebhet vendi i 49 i\" \/>\n<meta name=\"robots\" content=\"index, follow, max-snippet:-1, max-image-preview:large, max-video-preview:-1\" \/>\n<link rel=\"canonical\" href=\"https:\/\/www.visit-ulcinj.com\/blog\/2008\/10\/09\/mali-i-zi-njeh-pavaresine-e-kosoves\/\" \/>\n<meta property=\"og:locale\" content=\"en_US\" \/>\n<meta property=\"og:type\" content=\"article\" \/>\n<meta property=\"og:title\" content=\"Mali i Zi njeh pavar\u00ebsin\u00eb e Kosov\u00ebs - Lajme nga Ulqini\" \/>\n<meta property=\"og:description\" content=\"Mali i Zi ka njohur sot pavar\u00ebsin\u00eb e Kosov\u00ebs, lajmi \u00ebsht\u00eb b\u00ebr\u00eb i ditur nga ministri i Jasht\u00ebm malezes Milan Rochen. K\u00ebshtu Mali i Zi b\u00ebhet vendi i 49 i\" \/>\n<meta property=\"og:url\" content=\"https:\/\/www.visit-ulcinj.com\/blog\/2008\/10\/09\/mali-i-zi-njeh-pavaresine-e-kosoves\/\" \/>\n<meta property=\"og:site_name\" content=\"Lajme nga Ulqini\" \/>\n<meta property=\"article:published_time\" content=\"2008-10-09T17:58:30+00:00\" \/>\n<meta property=\"article:modified_time\" content=\"2008-10-17T18:20:04+00:00\" \/>\n<meta property=\"og:image\" content=\"http:\/\/www1.ocn.ne.jp\/~infinite\/PeacePath_Flags_Data\/MontenegroF.gif\" \/>\n<meta name=\"twitter:label1\" content=\"Written by\" \/>\n\t<meta name=\"twitter:data1\" content=\"ulqini\" \/>\n\t<meta name=\"twitter:label2\" content=\"Est. reading time\" \/>\n\t<meta name=\"twitter:data2\" content=\"1 minute\" \/>\n<script type=\"application\/ld+json\" class=\"yoast-schema-graph\">{\"@context\":\"https:\/\/schema.org\",\"@graph\":[{\"@type\":\"WebSite\",\"@id\":\"https:\/\/www.visit-ulcinj.com\/blog\/#website\",\"url\":\"https:\/\/www.visit-ulcinj.com\/blog\/\",\"name\":\"Lajme nga Ulqini\",\"description\":\"Lajme,Vijesti,Ulqini,Ulqin,Crna Gora,Mali i Zi\",\"potentialAction\":[{\"@type\":\"SearchAction\",\"target\":{\"@type\":\"EntryPoint\",\"urlTemplate\":\"https:\/\/www.visit-ulcinj.com\/blog\/?s={search_term_string}\"},\"query-input\":\"required name=search_term_string\"}],\"inLanguage\":\"en-US\"},{\"@type\":\"ImageObject\",\"inLanguage\":\"en-US\",\"@id\":\"https:\/\/www.visit-ulcinj.com\/blog\/2008\/10\/09\/mali-i-zi-njeh-pavaresine-e-kosoves\/#primaryimage\",\"url\":\"http:\/\/www1.ocn.ne.jp\/~infinite\/PeacePath_Flags_Data\/MontenegroF.gif\",\"contentUrl\":\"http:\/\/www1.ocn.ne.jp\/~infinite\/PeacePath_Flags_Data\/MontenegroF.gif\"},{\"@type\":\"WebPage\",\"@id\":\"https:\/\/www.visit-ulcinj.com\/blog\/2008\/10\/09\/mali-i-zi-njeh-pavaresine-e-kosoves\/#webpage\",\"url\":\"https:\/\/www.visit-ulcinj.com\/blog\/2008\/10\/09\/mali-i-zi-njeh-pavaresine-e-kosoves\/\",\"name\":\"Mali i Zi njeh pavar\u00ebsin\u00eb e Kosov\u00ebs - Lajme nga Ulqini\",\"isPartOf\":{\"@id\":\"https:\/\/www.visit-ulcinj.com\/blog\/#website\"},\"primaryImageOfPage\":{\"@id\":\"https:\/\/www.visit-ulcinj.com\/blog\/2008\/10\/09\/mali-i-zi-njeh-pavaresine-e-kosoves\/#primaryimage\"},\"datePublished\":\"2008-10-09T17:58:30+00:00\",\"dateModified\":\"2008-10-17T18:20:04+00:00\",\"author\":{\"@id\":\"https:\/\/www.visit-ulcinj.com\/blog\/#\/schema\/person\/dcab619c614d3038751c63bc2aadc06d\"},\"description\":\"Mali i Zi ka njohur sot pavar\u00ebsin\u00eb e Kosov\u00ebs, lajmi \u00ebsht\u00eb b\u00ebr\u00eb i ditur nga ministri i Jasht\u00ebm malezes Milan Rochen. K\u00ebshtu Mali i Zi b\u00ebhet vendi i 49 i\",\"breadcrumb\":{\"@id\":\"https:\/\/www.visit-ulcinj.com\/blog\/2008\/10\/09\/mali-i-zi-njeh-pavaresine-e-kosoves\/#breadcrumb\"},\"inLanguage\":\"en-US\",\"potentialAction\":[{\"@type\":\"ReadAction\",\"target\":[\"https:\/\/www.visit-ulcinj.com\/blog\/2008\/10\/09\/mali-i-zi-njeh-pavaresine-e-kosoves\/\"]}]},{\"@type\":\"BreadcrumbList\",\"@id\":\"https:\/\/www.visit-ulcinj.com\/blog\/2008\/10\/09\/mali-i-zi-njeh-pavaresine-e-kosoves\/#breadcrumb\",\"itemListElement\":[{\"@type\":\"ListItem\",\"position\":1,\"name\":\"Mali i Zi njeh pavar\u00ebsin\u00eb e Kosov\u00ebs\"}]},{\"@type\":\"Person\",\"@id\":\"https:\/\/www.visit-ulcinj.com\/blog\/#\/schema\/person\/dcab619c614d3038751c63bc2aadc06d\",\"name\":\"ulqini\",\"sameAs\":[\"http:\/\/www.visit-ulcinj.com\"],\"url\":\"https:\/\/www.visit-ulcinj.com\/blog\/author\/admin\/\"}]}<\/script>\n<!-- \/ Yoast SEO plugin. -->","yoast_head_json":{"title":"Mali i Zi njeh pavar\u00ebsin\u00eb e Kosov\u00ebs - Lajme nga Ulqini","description":"Mali i Zi ka njohur sot pavar\u00ebsin\u00eb e Kosov\u00ebs, lajmi \u00ebsht\u00eb b\u00ebr\u00eb i ditur nga ministri i Jasht\u00ebm malezes Milan Rochen. K\u00ebshtu Mali i Zi b\u00ebhet vendi i 49 i","robots":{"index":"index","follow":"follow","max-snippet":"max-snippet:-1","max-image-preview":"max-image-preview:large","max-video-preview":"max-video-preview:-1"},"canonical":"https:\/\/www.visit-ulcinj.com\/blog\/2008\/10\/09\/mali-i-zi-njeh-pavaresine-e-kosoves\/","og_locale":"en_US","og_type":"article","og_title":"Mali i Zi njeh pavar\u00ebsin\u00eb e Kosov\u00ebs - Lajme nga Ulqini","og_description":"Mali i Zi ka njohur sot pavar\u00ebsin\u00eb e Kosov\u00ebs, lajmi \u00ebsht\u00eb b\u00ebr\u00eb i ditur nga ministri i Jasht\u00ebm malezes Milan Rochen. K\u00ebshtu Mali i Zi b\u00ebhet vendi i 49 i","og_url":"https:\/\/www.visit-ulcinj.com\/blog\/2008\/10\/09\/mali-i-zi-njeh-pavaresine-e-kosoves\/","og_site_name":"Lajme nga Ulqini","article_published_time":"2008-10-09T17:58:30+00:00","article_modified_time":"2008-10-17T18:20:04+00:00","og_image":[{"url":"http:\/\/www1.ocn.ne.jp\/~infinite\/PeacePath_Flags_Data\/MontenegroF.gif"}],"twitter_misc":{"Written by":"ulqini","Est. reading time":"1 minute"},"schema":{"@context":"https:\/\/schema.org","@graph":[{"@type":"WebSite","@id":"https:\/\/www.visit-ulcinj.com\/blog\/#website","url":"https:\/\/www.visit-ulcinj.com\/blog\/","name":"Lajme nga Ulqini","description":"Lajme,Vijesti,Ulqini,Ulqin,Crna Gora,Mali i Zi","potentialAction":[{"@type":"SearchAction","target":{"@type":"EntryPoint","urlTemplate":"https:\/\/www.visit-ulcinj.com\/blog\/?s={search_term_string}"},"query-input":"required name=search_term_string"}],"inLanguage":"en-US"},{"@type":"ImageObject","inLanguage":"en-US","@id":"https:\/\/www.visit-ulcinj.com\/blog\/2008\/10\/09\/mali-i-zi-njeh-pavaresine-e-kosoves\/#primaryimage","url":"http:\/\/www1.ocn.ne.jp\/~infinite\/PeacePath_Flags_Data\/MontenegroF.gif","contentUrl":"http:\/\/www1.ocn.ne.jp\/~infinite\/PeacePath_Flags_Data\/MontenegroF.gif"},{"@type":"WebPage","@id":"https:\/\/www.visit-ulcinj.com\/blog\/2008\/10\/09\/mali-i-zi-njeh-pavaresine-e-kosoves\/#webpage","url":"https:\/\/www.visit-ulcinj.com\/blog\/2008\/10\/09\/mali-i-zi-njeh-pavaresine-e-kosoves\/","name":"Mali i Zi njeh pavar\u00ebsin\u00eb e Kosov\u00ebs - Lajme nga Ulqini","isPartOf":{"@id":"https:\/\/www.visit-ulcinj.com\/blog\/#website"},"primaryImageOfPage":{"@id":"https:\/\/www.visit-ulcinj.com\/blog\/2008\/10\/09\/mali-i-zi-njeh-pavaresine-e-kosoves\/#primaryimage"},"datePublished":"2008-10-09T17:58:30+00:00","dateModified":"2008-10-17T18:20:04+00:00","author":{"@id":"https:\/\/www.visit-ulcinj.com\/blog\/#\/schema\/person\/dcab619c614d3038751c63bc2aadc06d"},"description":"Mali i Zi ka njohur sot pavar\u00ebsin\u00eb e Kosov\u00ebs, lajmi \u00ebsht\u00eb b\u00ebr\u00eb i ditur nga ministri i Jasht\u00ebm malezes Milan Rochen. K\u00ebshtu Mali i Zi b\u00ebhet vendi i 49 i","breadcrumb":{"@id":"https:\/\/www.visit-ulcinj.com\/blog\/2008\/10\/09\/mali-i-zi-njeh-pavaresine-e-kosoves\/#breadcrumb"},"inLanguage":"en-US","potentialAction":[{"@type":"ReadAction","target":["https:\/\/www.visit-ulcinj.com\/blog\/2008\/10\/09\/mali-i-zi-njeh-pavaresine-e-kosoves\/"]}]},{"@type":"BreadcrumbList","@id":"https:\/\/www.visit-ulcinj.com\/blog\/2008\/10\/09\/mali-i-zi-njeh-pavaresine-e-kosoves\/#breadcrumb","itemListElement":[{"@type":"ListItem","position":1,"name":"Mali i Zi njeh pavar\u00ebsin\u00eb e Kosov\u00ebs"}]},{"@type":"Person","@id":"https:\/\/www.visit-ulcinj.com\/blog\/#\/schema\/person\/dcab619c614d3038751c63bc2aadc06d","name":"ulqini","sameAs":["http:\/\/www.visit-ulcinj.com"],"url":"https:\/\/www.visit-ulcinj.com\/blog\/author\/admin\/"}]}},"jetpack_featured_media_url":"","jetpack_sharing_enabled":true,"jetpack_shortlink":"https:\/\/wp.me\/pe6lTn-148","_links":{"self":[{"href":"https:\/\/www.visit-ulcinj.com\/blog\/wp-json\/wp\/v2\/posts\/4100"}],"collection":[{"href":"https:\/\/www.visit-ulcinj.com\/blog\/wp-json\/wp\/v2\/posts"}],"about":[{"href":"https:\/\/www.visit-ulcinj.com\/blog\/wp-json\/wp\/v2\/types\/post"}],"author":[{"embeddable":true,"href":"https:\/\/www.visit-ulcinj.com\/blog\/wp-json\/wp\/v2\/users\/1"}],"replies":[{"embeddable":true,"href":"https:\/\/www.visit-ulcinj.com\/blog\/wp-json\/wp\/v2\/comments?post=4100"}],"version-history":[{"count":0,"href":"https:\/\/www.visit-ulcinj.com\/blog\/wp-json\/wp\/v2\/posts\/4100\/revisions"}],"wp:attachment":[{"href":"https:\/\/www.visit-ulcinj.com\/blog\/wp-json\/wp\/v2\/media?parent=4100"}],"wp:term":[{"taxonomy":"category","embeddable":true,"href":"https:\/\/www.visit-ulcinj.com\/blog\/wp-json\/wp\/v2\/categories?post=4100"},{"taxonomy":"post_tag","embeddable":true,"href":"https:\/\/www.visit-ulcinj.com\/blog\/wp-json\/wp\/v2\/tags?post=4100"}],"curies":[{"name":"wp","href":"https:\/\/api.w.org\/{rel}","templated":true}]}}