{"id":41020,"date":"2010-12-12T12:41:43","date_gmt":"2010-12-12T11:41:43","guid":{"rendered":"http:\/\/www.visit-ulcinj.com\/blog\/?p=41020"},"modified":"2010-12-12T12:41:43","modified_gmt":"2010-12-12T11:41:43","slug":"u-ulcinj-koalicija-dua-pdp-dps","status":"publish","type":"post","link":"https:\/\/www.visit-ulcinj.com\/blog\/2010\/12\/12\/u-ulcinj-koalicija-dua-pdp-dps\/","title":{"rendered":"U Ulcinj koalicija DUA-PDP-DPS"},"content":{"rendered":"<p><a href=\"http:\/\/www.visit-ulcinj.com\/blog\/wp-content\/uploads\/2010\/12\/U-Ulcinj-koalicija-DUA-PDP-DPS.jpg\"><img loading=\"lazy\" class=\"alignleft size-full wp-image-41021\" title=\"U Ulcinj koalicija DUA-PDP-DPS\" src=\"http:\/\/www.visit-ulcinj.com\/blog\/wp-content\/uploads\/2010\/12\/U-Ulcinj-koalicija-DUA-PDP-DPS.jpg\" alt=\"\" width=\"719\" height=\"479\" srcset=\"https:\/\/www.visit-ulcinj.com\/blog\/wp-content\/uploads\/2010\/12\/U-Ulcinj-koalicija-DUA-PDP-DPS.jpg 719w, https:\/\/www.visit-ulcinj.com\/blog\/wp-content\/uploads\/2010\/12\/U-Ulcinj-koalicija-DUA-PDP-DPS-300x199.jpg 300w\" sizes=\"(max-width: 719px) 100vw, 719px\" \/><\/a>Predstavnici Demokratske unije albanaca Partije Demokratskog prosperiteta i Op\u0161tinskog odbora Demokratske parije socijalista dogovorili su formiranje koalicije u Ulcinju.Kako prenose crnogorski \u0161tampani mediji, sporazum o formiranju koalicije u Ulcinju u subotu su postigli lideri DUA, PDP i Op\u0161tinskog odbora DPS-a, Ferhat Dino\u0161a, Ali Red\u017ea i Lui\u0111 \u0160krelja.<\/p>\n<p>&#8220;Sporazum koji \u0107e biti potpisan ka\u017ee da DPS podr\u017eava kandidata DUA na \u010delu izvrpne vlasti, a DUA prihvata ad na \u010deku zakonodavne vlasti bude predstavnik DPS. To je su\u0161tina dogovora, sa kojom je saglasna i PDP &#8220;, rekao je Dino\u0161a.<\/p>\n<p>\u0160krelja je \u010destitao gra\u0111anima Ulcinja novu vlast koju su, kako je kazao, dobili kao rezultat onoga \u0161to su \u017eeljeli i iskazali na vanrednim izborima, 17. oktobra.<\/p>\n<p>Na tim izborima najvi\u0161e mandata, 11, osvojila je Forca, Koalicija DUA i PDP 10, DPS sedam, Socijaldemokratska partija i udru\u017eena opozicija po dva i perspektiva jedan mandat.<\/p>\n<p><strong>TVCG<\/strong><\/p>\n","protected":false},"excerpt":{"rendered":"<p>Predstavnici Demokratske unije albanaca Partije Demokratskog prosperiteta i Op\u0161tinskog odbora Demokratske parije socijalista dogovorili su formiranje koalicije u Ulcinju.Kako prenose crnogorski \u0161tampani mediji, sporazum o formiranju koalicije u Ulcinju u subotu su postigli lideri DUA, PDP i Op\u0161tinskog odbora DPS-a, Ferhat Dino\u0161a, Ali Red\u017ea i Lui\u0111 \u0160krelja. &#8220;Sporazum koji \u0107e biti potpisan ka\u017ee da DPS [&hellip;]<\/p>\n","protected":false},"author":1,"featured_media":0,"comment_status":"open","ping_status":"closed","sticky":false,"template":"","format":"standard","meta":{"spay_email":"","jetpack_publicize_message":"","jetpack_is_tweetstorm":false,"jetpack_publicize_feature_enabled":true},"categories":[8337],"tags":[16633,19],"jetpack_publicize_connections":[],"yoast_head":"<!-- This site is optimized with the Yoast SEO plugin v19.1 - https:\/\/yoast.com\/wordpress\/plugins\/seo\/ -->\n<title>U Ulcinj koalicija DUA-PDP-DPS - Lajme nga Ulqini<\/title>\n<meta name=\"description\" content=\"Predstavnici Demokratske unije albanaca Partije Demokratskog prosperiteta i Op\u0161tinskog odbora Demokratske parije socijalista dogovorili su formiranje\" \/>\n<meta name=\"robots\" content=\"index, follow, max-snippet:-1, max-image-preview:large, max-video-preview:-1\" \/>\n<link rel=\"canonical\" href=\"https:\/\/www.visit-ulcinj.com\/blog\/2010\/12\/12\/u-ulcinj-koalicija-dua-pdp-dps\/\" \/>\n<meta property=\"og:locale\" content=\"en_US\" \/>\n<meta property=\"og:type\" content=\"article\" \/>\n<meta property=\"og:title\" content=\"U Ulcinj koalicija DUA-PDP-DPS - Lajme nga Ulqini\" \/>\n<meta property=\"og:description\" content=\"Predstavnici Demokratske unije albanaca Partije Demokratskog prosperiteta i Op\u0161tinskog odbora Demokratske parije socijalista dogovorili su formiranje\" \/>\n<meta property=\"og:url\" content=\"https:\/\/www.visit-ulcinj.com\/blog\/2010\/12\/12\/u-ulcinj-koalicija-dua-pdp-dps\/\" \/>\n<meta property=\"og:site_name\" content=\"Lajme nga Ulqini\" \/>\n<meta property=\"article:published_time\" content=\"2010-12-12T11:41:43+00:00\" \/>\n<meta property=\"og:image\" content=\"http:\/\/www.visit-ulcinj.com\/blog\/wp-content\/uploads\/2010\/12\/U-Ulcinj-koalicija-DUA-PDP-DPS.jpg\" \/>\n<meta name=\"twitter:label1\" content=\"Written by\" \/>\n\t<meta name=\"twitter:data1\" content=\"ulqini\" \/>\n\t<meta name=\"twitter:label2\" content=\"Est. reading time\" \/>\n\t<meta name=\"twitter:data2\" content=\"1 minute\" \/>\n<script type=\"application\/ld+json\" class=\"yoast-schema-graph\">{\"@context\":\"https:\/\/schema.org\",\"@graph\":[{\"@type\":\"WebSite\",\"@id\":\"https:\/\/www.visit-ulcinj.com\/blog\/#website\",\"url\":\"https:\/\/www.visit-ulcinj.com\/blog\/\",\"name\":\"Lajme nga Ulqini\",\"description\":\"Lajme,Vijesti,Ulqini,Ulqin,Crna Gora,Mali i Zi\",\"potentialAction\":[{\"@type\":\"SearchAction\",\"target\":{\"@type\":\"EntryPoint\",\"urlTemplate\":\"https:\/\/www.visit-ulcinj.com\/blog\/?s={search_term_string}\"},\"query-input\":\"required name=search_term_string\"}],\"inLanguage\":\"en-US\"},{\"@type\":\"ImageObject\",\"inLanguage\":\"en-US\",\"@id\":\"https:\/\/www.visit-ulcinj.com\/blog\/2010\/12\/12\/u-ulcinj-koalicija-dua-pdp-dps\/#primaryimage\",\"url\":\"https:\/\/www.visit-ulcinj.com\/blog\/wp-content\/uploads\/2010\/12\/U-Ulcinj-koalicija-DUA-PDP-DPS.jpg\",\"contentUrl\":\"https:\/\/www.visit-ulcinj.com\/blog\/wp-content\/uploads\/2010\/12\/U-Ulcinj-koalicija-DUA-PDP-DPS.jpg\",\"width\":\"719\",\"height\":\"479\"},{\"@type\":\"WebPage\",\"@id\":\"https:\/\/www.visit-ulcinj.com\/blog\/2010\/12\/12\/u-ulcinj-koalicija-dua-pdp-dps\/#webpage\",\"url\":\"https:\/\/www.visit-ulcinj.com\/blog\/2010\/12\/12\/u-ulcinj-koalicija-dua-pdp-dps\/\",\"name\":\"U Ulcinj koalicija DUA-PDP-DPS - Lajme nga Ulqini\",\"isPartOf\":{\"@id\":\"https:\/\/www.visit-ulcinj.com\/blog\/#website\"},\"primaryImageOfPage\":{\"@id\":\"https:\/\/www.visit-ulcinj.com\/blog\/2010\/12\/12\/u-ulcinj-koalicija-dua-pdp-dps\/#primaryimage\"},\"datePublished\":\"2010-12-12T11:41:43+00:00\",\"dateModified\":\"2010-12-12T11:41:43+00:00\",\"author\":{\"@id\":\"https:\/\/www.visit-ulcinj.com\/blog\/#\/schema\/person\/dcab619c614d3038751c63bc2aadc06d\"},\"description\":\"Predstavnici Demokratske unije albanaca Partije Demokratskog prosperiteta i Op\u0161tinskog odbora Demokratske parije socijalista dogovorili su formiranje\",\"breadcrumb\":{\"@id\":\"https:\/\/www.visit-ulcinj.com\/blog\/2010\/12\/12\/u-ulcinj-koalicija-dua-pdp-dps\/#breadcrumb\"},\"inLanguage\":\"en-US\",\"potentialAction\":[{\"@type\":\"ReadAction\",\"target\":[\"https:\/\/www.visit-ulcinj.com\/blog\/2010\/12\/12\/u-ulcinj-koalicija-dua-pdp-dps\/\"]}]},{\"@type\":\"BreadcrumbList\",\"@id\":\"https:\/\/www.visit-ulcinj.com\/blog\/2010\/12\/12\/u-ulcinj-koalicija-dua-pdp-dps\/#breadcrumb\",\"itemListElement\":[{\"@type\":\"ListItem\",\"position\":1,\"name\":\"U Ulcinj koalicija DUA-PDP-DPS\"}]},{\"@type\":\"Person\",\"@id\":\"https:\/\/www.visit-ulcinj.com\/blog\/#\/schema\/person\/dcab619c614d3038751c63bc2aadc06d\",\"name\":\"ulqini\",\"sameAs\":[\"http:\/\/www.visit-ulcinj.com\"],\"url\":\"https:\/\/www.visit-ulcinj.com\/blog\/author\/admin\/\"}]}<\/script>\n<!-- \/ Yoast SEO plugin. -->","yoast_head_json":{"title":"U Ulcinj koalicija DUA-PDP-DPS - Lajme nga Ulqini","description":"Predstavnici Demokratske unije albanaca Partije Demokratskog prosperiteta i Op\u0161tinskog odbora Demokratske parije socijalista dogovorili su formiranje","robots":{"index":"index","follow":"follow","max-snippet":"max-snippet:-1","max-image-preview":"max-image-preview:large","max-video-preview":"max-video-preview:-1"},"canonical":"https:\/\/www.visit-ulcinj.com\/blog\/2010\/12\/12\/u-ulcinj-koalicija-dua-pdp-dps\/","og_locale":"en_US","og_type":"article","og_title":"U Ulcinj koalicija DUA-PDP-DPS - Lajme nga Ulqini","og_description":"Predstavnici Demokratske unije albanaca Partije Demokratskog prosperiteta i Op\u0161tinskog odbora Demokratske parije socijalista dogovorili su formiranje","og_url":"https:\/\/www.visit-ulcinj.com\/blog\/2010\/12\/12\/u-ulcinj-koalicija-dua-pdp-dps\/","og_site_name":"Lajme nga Ulqini","article_published_time":"2010-12-12T11:41:43+00:00","og_image":[{"url":"http:\/\/www.visit-ulcinj.com\/blog\/wp-content\/uploads\/2010\/12\/U-Ulcinj-koalicija-DUA-PDP-DPS.jpg"}],"twitter_misc":{"Written by":"ulqini","Est. reading time":"1 minute"},"schema":{"@context":"https:\/\/schema.org","@graph":[{"@type":"WebSite","@id":"https:\/\/www.visit-ulcinj.com\/blog\/#website","url":"https:\/\/www.visit-ulcinj.com\/blog\/","name":"Lajme nga Ulqini","description":"Lajme,Vijesti,Ulqini,Ulqin,Crna Gora,Mali i Zi","potentialAction":[{"@type":"SearchAction","target":{"@type":"EntryPoint","urlTemplate":"https:\/\/www.visit-ulcinj.com\/blog\/?s={search_term_string}"},"query-input":"required name=search_term_string"}],"inLanguage":"en-US"},{"@type":"ImageObject","inLanguage":"en-US","@id":"https:\/\/www.visit-ulcinj.com\/blog\/2010\/12\/12\/u-ulcinj-koalicija-dua-pdp-dps\/#primaryimage","url":"https:\/\/www.visit-ulcinj.com\/blog\/wp-content\/uploads\/2010\/12\/U-Ulcinj-koalicija-DUA-PDP-DPS.jpg","contentUrl":"https:\/\/www.visit-ulcinj.com\/blog\/wp-content\/uploads\/2010\/12\/U-Ulcinj-koalicija-DUA-PDP-DPS.jpg","width":"719","height":"479"},{"@type":"WebPage","@id":"https:\/\/www.visit-ulcinj.com\/blog\/2010\/12\/12\/u-ulcinj-koalicija-dua-pdp-dps\/#webpage","url":"https:\/\/www.visit-ulcinj.com\/blog\/2010\/12\/12\/u-ulcinj-koalicija-dua-pdp-dps\/","name":"U Ulcinj koalicija DUA-PDP-DPS - Lajme nga Ulqini","isPartOf":{"@id":"https:\/\/www.visit-ulcinj.com\/blog\/#website"},"primaryImageOfPage":{"@id":"https:\/\/www.visit-ulcinj.com\/blog\/2010\/12\/12\/u-ulcinj-koalicija-dua-pdp-dps\/#primaryimage"},"datePublished":"2010-12-12T11:41:43+00:00","dateModified":"2010-12-12T11:41:43+00:00","author":{"@id":"https:\/\/www.visit-ulcinj.com\/blog\/#\/schema\/person\/dcab619c614d3038751c63bc2aadc06d"},"description":"Predstavnici Demokratske unije albanaca Partije Demokratskog prosperiteta i Op\u0161tinskog odbora Demokratske parije socijalista dogovorili su formiranje","breadcrumb":{"@id":"https:\/\/www.visit-ulcinj.com\/blog\/2010\/12\/12\/u-ulcinj-koalicija-dua-pdp-dps\/#breadcrumb"},"inLanguage":"en-US","potentialAction":[{"@type":"ReadAction","target":["https:\/\/www.visit-ulcinj.com\/blog\/2010\/12\/12\/u-ulcinj-koalicija-dua-pdp-dps\/"]}]},{"@type":"BreadcrumbList","@id":"https:\/\/www.visit-ulcinj.com\/blog\/2010\/12\/12\/u-ulcinj-koalicija-dua-pdp-dps\/#breadcrumb","itemListElement":[{"@type":"ListItem","position":1,"name":"U Ulcinj koalicija DUA-PDP-DPS"}]},{"@type":"Person","@id":"https:\/\/www.visit-ulcinj.com\/blog\/#\/schema\/person\/dcab619c614d3038751c63bc2aadc06d","name":"ulqini","sameAs":["http:\/\/www.visit-ulcinj.com"],"url":"https:\/\/www.visit-ulcinj.com\/blog\/author\/admin\/"}]}},"jetpack_featured_media_url":"","jetpack_sharing_enabled":true,"jetpack_shortlink":"https:\/\/wp.me\/pe6lTn-aFC","_links":{"self":[{"href":"https:\/\/www.visit-ulcinj.com\/blog\/wp-json\/wp\/v2\/posts\/41020"}],"collection":[{"href":"https:\/\/www.visit-ulcinj.com\/blog\/wp-json\/wp\/v2\/posts"}],"about":[{"href":"https:\/\/www.visit-ulcinj.com\/blog\/wp-json\/wp\/v2\/types\/post"}],"author":[{"embeddable":true,"href":"https:\/\/www.visit-ulcinj.com\/blog\/wp-json\/wp\/v2\/users\/1"}],"replies":[{"embeddable":true,"href":"https:\/\/www.visit-ulcinj.com\/blog\/wp-json\/wp\/v2\/comments?post=41020"}],"version-history":[{"count":0,"href":"https:\/\/www.visit-ulcinj.com\/blog\/wp-json\/wp\/v2\/posts\/41020\/revisions"}],"wp:attachment":[{"href":"https:\/\/www.visit-ulcinj.com\/blog\/wp-json\/wp\/v2\/media?parent=41020"}],"wp:term":[{"taxonomy":"category","embeddable":true,"href":"https:\/\/www.visit-ulcinj.com\/blog\/wp-json\/wp\/v2\/categories?post=41020"},{"taxonomy":"post_tag","embeddable":true,"href":"https:\/\/www.visit-ulcinj.com\/blog\/wp-json\/wp\/v2\/tags?post=41020"}],"curies":[{"name":"wp","href":"https:\/\/api.w.org\/{rel}","templated":true}]}}