{"id":41035,"date":"2010-12-12T17:16:39","date_gmt":"2010-12-12T16:16:39","guid":{"rendered":"http:\/\/www.visit-ulcinj.com\/blog\/?p=41035"},"modified":"2010-12-12T17:20:32","modified_gmt":"2010-12-12T16:20:32","slug":"noizy-do-te-zhvendoset-ne-amerike","status":"publish","type":"post","link":"https:\/\/www.visit-ulcinj.com\/blog\/2010\/12\/12\/noizy-do-te-zhvendoset-ne-amerike\/","title":{"rendered":"Noizy do t\u00eb zhvendoset n\u00eb Amerik\u00eb, bashk\u00ebpunon me Kristin\u00eb Elezaj"},"content":{"rendered":"<p>Koh\u00ebt e fundit, Noizy ka folur p\u00ebr nj\u00eb zhvendosje n\u00eb Amerik\u00eb ku arsyeja kryesore do t\u00eb jet\u00eb dhe p\u00ebrpjekja p\u00ebr t\u00eb provuar veten n\u00eb tregun muzikor amerikan.<\/p>\n<p><a href=\"http:\/\/www.visit-ulcinj.com\/blog\/wp-content\/uploads\/2010\/12\/Noizy-dhe-Zajmina-Vasjari.jpg\"><img loading=\"lazy\" class=\"alignleft size-full wp-image-41038\" title=\"Noizy-dhe-Zajmina-Vasjari\" src=\"http:\/\/www.visit-ulcinj.com\/blog\/wp-content\/uploads\/2010\/12\/Noizy-dhe-Zajmina-Vasjari.jpg\" alt=\"\" width=\"597\" height=\"401\" \/><\/a><\/p>\n<p>E di se \u00e7far\u00eb po mendoni\u2026 ja dhe nj\u00eb tjet\u00ebr! Megjithat\u00eb, me pak fat dhe pun\u00eb un\u00eb po them k\u00ebtu di\u00e7ka q\u00eb nuk e kam th\u00ebn\u00eb m\u00eb par\u00eb\u2026 tatattataa, yep! Noizy ka mund\u00ebsi t\u00eb njoh\u00eb sukses. Skena e hip-hopit \u00ebsht\u00eb e ndryshme nga skena e gjinive t\u00eb tjera muzikore n\u00eb Amerik\u00eb, dhe k\u00ebtu prej vitesh po vdesin p\u00ebr nj\u00eb rreper t\u00eb bardh\u00eb q\u00eb t\u00eb pasoj\u00eb suksesin e Eminemit, q\u00eb do t\u00eb thot\u00eb se i japin shanse t\u00eb gjith\u00eb atyre q\u00eb kan\u00eb talent dhe jan\u00eb \u2026 t\u00eb bardh\u00eb.<br \/>\nFillimi duket se \u00ebsht\u00eb i mbar\u00eb, pasi ne m\u00ebsuam se Noizy \u00ebsht\u00eb n\u00eb bised\u00eb e sip\u00ebr p\u00ebr t\u00eb bashk\u00ebpunuar me Kristin\u00eb Elezaj gjat\u00eb q\u00ebndrimit t\u00eb tij n\u00eb Amerik\u00eb. Kurioz jemi t\u00eb shohim se \u00e7far\u00eb do t\u00eb na sjellin\u2026 S\u00eb bashku me Gent\u00ebn, Real 1 dhe Dj Blunt, ai gjendet n\u00eb Amerik\u00eb p\u00ebr tre koncerte, t\u00eb cilat do t\u00eb mbahen gjat\u00eb periudh\u00ebs s\u00eb Krishtlindjeve p\u00ebr komunitetin shqiptar atje.<\/p>\n<p><strong>Sh2<br \/>\n<\/strong><br \/>\n<!--YouTube Error: bad URL entered--><\/p>\n","protected":false},"excerpt":{"rendered":"<p>Koh\u00ebt e fundit, Noizy ka folur p\u00ebr nj\u00eb zhvendosje n\u00eb Amerik\u00eb ku arsyeja kryesore do t\u00eb jet\u00eb dhe p\u00ebrpjekja p\u00ebr t\u00eb provuar veten n\u00eb tregun muzikor amerikan. E di se \u00e7far\u00eb po mendoni\u2026 ja dhe nj\u00eb tjet\u00ebr! Megjithat\u00eb, me pak fat dhe pun\u00eb un\u00eb po them k\u00ebtu di\u00e7ka q\u00eb nuk e kam th\u00ebn\u00eb m\u00eb par\u00eb\u2026 [&hellip;]<\/p>\n","protected":false},"author":1,"featured_media":0,"comment_status":"open","ping_status":"closed","sticky":false,"template":"","format":"standard","meta":{"spay_email":"","jetpack_publicize_message":"","jetpack_is_tweetstorm":false,"jetpack_publicize_feature_enabled":true},"categories":[1],"tags":[12759,16637,323,16636,16635,16040,15920],"jetpack_publicize_connections":[],"yoast_head":"<!-- This site is optimized with the Yoast SEO plugin v19.1 - https:\/\/yoast.com\/wordpress\/plugins\/seo\/ -->\n<title>Noizy do t\u00eb zhvendoset n\u00eb Amerik\u00eb, bashk\u00ebpunon me Kristin\u00eb Elezaj - Lajme nga Ulqini<\/title>\n<meta name=\"description\" content=\"Koh\u00ebt e fundit, Noizy ka folur p\u00ebr nj\u00eb zhvendosje n\u00eb Amerik\u00eb ku arsyeja kryesore do t\u00eb jet\u00eb dhe p\u00ebrpjekja p\u00ebr t\u00eb provuar veten n\u00eb tregun muzikor amerikan.\" \/>\n<meta name=\"robots\" content=\"index, follow, max-snippet:-1, max-image-preview:large, max-video-preview:-1\" \/>\n<link rel=\"canonical\" href=\"https:\/\/www.visit-ulcinj.com\/blog\/2010\/12\/12\/noizy-do-te-zhvendoset-ne-amerike\/\" \/>\n<meta property=\"og:locale\" content=\"en_US\" \/>\n<meta property=\"og:type\" content=\"article\" \/>\n<meta property=\"og:title\" content=\"Noizy do t\u00eb zhvendoset n\u00eb Amerik\u00eb, bashk\u00ebpunon me Kristin\u00eb Elezaj - Lajme nga Ulqini\" \/>\n<meta property=\"og:description\" content=\"Koh\u00ebt e fundit, Noizy ka folur p\u00ebr nj\u00eb zhvendosje n\u00eb Amerik\u00eb ku arsyeja kryesore do t\u00eb jet\u00eb dhe p\u00ebrpjekja p\u00ebr t\u00eb provuar veten n\u00eb tregun muzikor amerikan.\" \/>\n<meta property=\"og:url\" content=\"https:\/\/www.visit-ulcinj.com\/blog\/2010\/12\/12\/noizy-do-te-zhvendoset-ne-amerike\/\" \/>\n<meta property=\"og:site_name\" content=\"Lajme nga Ulqini\" \/>\n<meta property=\"article:published_time\" content=\"2010-12-12T16:16:39+00:00\" \/>\n<meta property=\"article:modified_time\" content=\"2010-12-12T16:20:32+00:00\" \/>\n<meta property=\"og:image\" content=\"http:\/\/www.visit-ulcinj.com\/blog\/wp-content\/uploads\/2010\/12\/Noizy-dhe-Zajmina-Vasjari.jpg\" \/>\n<meta name=\"twitter:label1\" content=\"Written by\" \/>\n\t<meta name=\"twitter:data1\" content=\"ulqini\" \/>\n\t<meta name=\"twitter:label2\" content=\"Est. reading time\" \/>\n\t<meta name=\"twitter:data2\" content=\"1 minute\" \/>\n<script type=\"application\/ld+json\" class=\"yoast-schema-graph\">{\"@context\":\"https:\/\/schema.org\",\"@graph\":[{\"@type\":\"WebSite\",\"@id\":\"https:\/\/www.visit-ulcinj.com\/blog\/#website\",\"url\":\"https:\/\/www.visit-ulcinj.com\/blog\/\",\"name\":\"Lajme nga Ulqini\",\"description\":\"Lajme,Vijesti,Ulqini,Ulqin,Crna Gora,Mali i Zi\",\"potentialAction\":[{\"@type\":\"SearchAction\",\"target\":{\"@type\":\"EntryPoint\",\"urlTemplate\":\"https:\/\/www.visit-ulcinj.com\/blog\/?s={search_term_string}\"},\"query-input\":\"required name=search_term_string\"}],\"inLanguage\":\"en-US\"},{\"@type\":\"ImageObject\",\"inLanguage\":\"en-US\",\"@id\":\"https:\/\/www.visit-ulcinj.com\/blog\/2010\/12\/12\/noizy-do-te-zhvendoset-ne-amerike\/#primaryimage\",\"url\":\"http:\/\/www.visit-ulcinj.com\/blog\/wp-content\/uploads\/2010\/12\/Noizy-dhe-Zajmina-Vasjari.jpg\",\"contentUrl\":\"http:\/\/www.visit-ulcinj.com\/blog\/wp-content\/uploads\/2010\/12\/Noizy-dhe-Zajmina-Vasjari.jpg\"},{\"@type\":\"WebPage\",\"@id\":\"https:\/\/www.visit-ulcinj.com\/blog\/2010\/12\/12\/noizy-do-te-zhvendoset-ne-amerike\/#webpage\",\"url\":\"https:\/\/www.visit-ulcinj.com\/blog\/2010\/12\/12\/noizy-do-te-zhvendoset-ne-amerike\/\",\"name\":\"Noizy do t\u00eb zhvendoset n\u00eb Amerik\u00eb, bashk\u00ebpunon me Kristin\u00eb Elezaj - Lajme nga Ulqini\",\"isPartOf\":{\"@id\":\"https:\/\/www.visit-ulcinj.com\/blog\/#website\"},\"primaryImageOfPage\":{\"@id\":\"https:\/\/www.visit-ulcinj.com\/blog\/2010\/12\/12\/noizy-do-te-zhvendoset-ne-amerike\/#primaryimage\"},\"datePublished\":\"2010-12-12T16:16:39+00:00\",\"dateModified\":\"2010-12-12T16:20:32+00:00\",\"author\":{\"@id\":\"https:\/\/www.visit-ulcinj.com\/blog\/#\/schema\/person\/dcab619c614d3038751c63bc2aadc06d\"},\"description\":\"Koh\u00ebt e fundit, Noizy ka folur p\u00ebr nj\u00eb zhvendosje n\u00eb Amerik\u00eb ku arsyeja kryesore do t\u00eb jet\u00eb dhe p\u00ebrpjekja p\u00ebr t\u00eb provuar veten n\u00eb tregun muzikor amerikan.\",\"breadcrumb\":{\"@id\":\"https:\/\/www.visit-ulcinj.com\/blog\/2010\/12\/12\/noizy-do-te-zhvendoset-ne-amerike\/#breadcrumb\"},\"inLanguage\":\"en-US\",\"potentialAction\":[{\"@type\":\"ReadAction\",\"target\":[\"https:\/\/www.visit-ulcinj.com\/blog\/2010\/12\/12\/noizy-do-te-zhvendoset-ne-amerike\/\"]}]},{\"@type\":\"BreadcrumbList\",\"@id\":\"https:\/\/www.visit-ulcinj.com\/blog\/2010\/12\/12\/noizy-do-te-zhvendoset-ne-amerike\/#breadcrumb\",\"itemListElement\":[{\"@type\":\"ListItem\",\"position\":1,\"name\":\"Noizy do t\u00eb zhvendoset n\u00eb Amerik\u00eb, bashk\u00ebpunon me Kristin\u00eb Elezaj\"}]},{\"@type\":\"Person\",\"@id\":\"https:\/\/www.visit-ulcinj.com\/blog\/#\/schema\/person\/dcab619c614d3038751c63bc2aadc06d\",\"name\":\"ulqini\",\"sameAs\":[\"http:\/\/www.visit-ulcinj.com\"],\"url\":\"https:\/\/www.visit-ulcinj.com\/blog\/author\/admin\/\"}]}<\/script>\n<!-- \/ Yoast SEO plugin. -->","yoast_head_json":{"title":"Noizy do t\u00eb zhvendoset n\u00eb Amerik\u00eb, bashk\u00ebpunon me Kristin\u00eb Elezaj - Lajme nga Ulqini","description":"Koh\u00ebt e fundit, Noizy ka folur p\u00ebr nj\u00eb zhvendosje n\u00eb Amerik\u00eb ku arsyeja kryesore do t\u00eb jet\u00eb dhe p\u00ebrpjekja p\u00ebr t\u00eb provuar veten n\u00eb tregun muzikor amerikan.","robots":{"index":"index","follow":"follow","max-snippet":"max-snippet:-1","max-image-preview":"max-image-preview:large","max-video-preview":"max-video-preview:-1"},"canonical":"https:\/\/www.visit-ulcinj.com\/blog\/2010\/12\/12\/noizy-do-te-zhvendoset-ne-amerike\/","og_locale":"en_US","og_type":"article","og_title":"Noizy do t\u00eb zhvendoset n\u00eb Amerik\u00eb, bashk\u00ebpunon me Kristin\u00eb Elezaj - Lajme nga Ulqini","og_description":"Koh\u00ebt e fundit, Noizy ka folur p\u00ebr nj\u00eb zhvendosje n\u00eb Amerik\u00eb ku arsyeja kryesore do t\u00eb jet\u00eb dhe p\u00ebrpjekja p\u00ebr t\u00eb provuar veten n\u00eb tregun muzikor amerikan.","og_url":"https:\/\/www.visit-ulcinj.com\/blog\/2010\/12\/12\/noizy-do-te-zhvendoset-ne-amerike\/","og_site_name":"Lajme nga Ulqini","article_published_time":"2010-12-12T16:16:39+00:00","article_modified_time":"2010-12-12T16:20:32+00:00","og_image":[{"url":"http:\/\/www.visit-ulcinj.com\/blog\/wp-content\/uploads\/2010\/12\/Noizy-dhe-Zajmina-Vasjari.jpg"}],"twitter_misc":{"Written by":"ulqini","Est. reading time":"1 minute"},"schema":{"@context":"https:\/\/schema.org","@graph":[{"@type":"WebSite","@id":"https:\/\/www.visit-ulcinj.com\/blog\/#website","url":"https:\/\/www.visit-ulcinj.com\/blog\/","name":"Lajme nga Ulqini","description":"Lajme,Vijesti,Ulqini,Ulqin,Crna Gora,Mali i Zi","potentialAction":[{"@type":"SearchAction","target":{"@type":"EntryPoint","urlTemplate":"https:\/\/www.visit-ulcinj.com\/blog\/?s={search_term_string}"},"query-input":"required name=search_term_string"}],"inLanguage":"en-US"},{"@type":"ImageObject","inLanguage":"en-US","@id":"https:\/\/www.visit-ulcinj.com\/blog\/2010\/12\/12\/noizy-do-te-zhvendoset-ne-amerike\/#primaryimage","url":"http:\/\/www.visit-ulcinj.com\/blog\/wp-content\/uploads\/2010\/12\/Noizy-dhe-Zajmina-Vasjari.jpg","contentUrl":"http:\/\/www.visit-ulcinj.com\/blog\/wp-content\/uploads\/2010\/12\/Noizy-dhe-Zajmina-Vasjari.jpg"},{"@type":"WebPage","@id":"https:\/\/www.visit-ulcinj.com\/blog\/2010\/12\/12\/noizy-do-te-zhvendoset-ne-amerike\/#webpage","url":"https:\/\/www.visit-ulcinj.com\/blog\/2010\/12\/12\/noizy-do-te-zhvendoset-ne-amerike\/","name":"Noizy do t\u00eb zhvendoset n\u00eb Amerik\u00eb, bashk\u00ebpunon me Kristin\u00eb Elezaj - Lajme nga Ulqini","isPartOf":{"@id":"https:\/\/www.visit-ulcinj.com\/blog\/#website"},"primaryImageOfPage":{"@id":"https:\/\/www.visit-ulcinj.com\/blog\/2010\/12\/12\/noizy-do-te-zhvendoset-ne-amerike\/#primaryimage"},"datePublished":"2010-12-12T16:16:39+00:00","dateModified":"2010-12-12T16:20:32+00:00","author":{"@id":"https:\/\/www.visit-ulcinj.com\/blog\/#\/schema\/person\/dcab619c614d3038751c63bc2aadc06d"},"description":"Koh\u00ebt e fundit, Noizy ka folur p\u00ebr nj\u00eb zhvendosje n\u00eb Amerik\u00eb ku arsyeja kryesore do t\u00eb jet\u00eb dhe p\u00ebrpjekja p\u00ebr t\u00eb provuar veten n\u00eb tregun muzikor amerikan.","breadcrumb":{"@id":"https:\/\/www.visit-ulcinj.com\/blog\/2010\/12\/12\/noizy-do-te-zhvendoset-ne-amerike\/#breadcrumb"},"inLanguage":"en-US","potentialAction":[{"@type":"ReadAction","target":["https:\/\/www.visit-ulcinj.com\/blog\/2010\/12\/12\/noizy-do-te-zhvendoset-ne-amerike\/"]}]},{"@type":"BreadcrumbList","@id":"https:\/\/www.visit-ulcinj.com\/blog\/2010\/12\/12\/noizy-do-te-zhvendoset-ne-amerike\/#breadcrumb","itemListElement":[{"@type":"ListItem","position":1,"name":"Noizy do t\u00eb zhvendoset n\u00eb Amerik\u00eb, bashk\u00ebpunon me Kristin\u00eb Elezaj"}]},{"@type":"Person","@id":"https:\/\/www.visit-ulcinj.com\/blog\/#\/schema\/person\/dcab619c614d3038751c63bc2aadc06d","name":"ulqini","sameAs":["http:\/\/www.visit-ulcinj.com"],"url":"https:\/\/www.visit-ulcinj.com\/blog\/author\/admin\/"}]}},"jetpack_featured_media_url":"","jetpack_sharing_enabled":true,"jetpack_shortlink":"https:\/\/wp.me\/pe6lTn-aFR","_links":{"self":[{"href":"https:\/\/www.visit-ulcinj.com\/blog\/wp-json\/wp\/v2\/posts\/41035"}],"collection":[{"href":"https:\/\/www.visit-ulcinj.com\/blog\/wp-json\/wp\/v2\/posts"}],"about":[{"href":"https:\/\/www.visit-ulcinj.com\/blog\/wp-json\/wp\/v2\/types\/post"}],"author":[{"embeddable":true,"href":"https:\/\/www.visit-ulcinj.com\/blog\/wp-json\/wp\/v2\/users\/1"}],"replies":[{"embeddable":true,"href":"https:\/\/www.visit-ulcinj.com\/blog\/wp-json\/wp\/v2\/comments?post=41035"}],"version-history":[{"count":0,"href":"https:\/\/www.visit-ulcinj.com\/blog\/wp-json\/wp\/v2\/posts\/41035\/revisions"}],"wp:attachment":[{"href":"https:\/\/www.visit-ulcinj.com\/blog\/wp-json\/wp\/v2\/media?parent=41035"}],"wp:term":[{"taxonomy":"category","embeddable":true,"href":"https:\/\/www.visit-ulcinj.com\/blog\/wp-json\/wp\/v2\/categories?post=41035"},{"taxonomy":"post_tag","embeddable":true,"href":"https:\/\/www.visit-ulcinj.com\/blog\/wp-json\/wp\/v2\/tags?post=41035"}],"curies":[{"name":"wp","href":"https:\/\/api.w.org\/{rel}","templated":true}]}}