{"id":41046,"date":"2010-12-12T17:51:50","date_gmt":"2010-12-12T16:51:50","guid":{"rendered":"http:\/\/www.visit-ulcinj.com\/blog\/?p=41046"},"modified":"2010-12-12T17:51:50","modified_gmt":"2010-12-12T16:51:50","slug":"gradonacelnik-iz-dua-ostale-funkcije-popola","status":"publish","type":"post","link":"https:\/\/www.visit-ulcinj.com\/blog\/2010\/12\/12\/gradonacelnik-iz-dua-ostale-funkcije-popola\/","title":{"rendered":"Gradona\u010delnik iz DUA ostale funkcije popola"},"content":{"rendered":"<p><strong><a href=\"http:\/\/www.visit-ulcinj.com\/blog\/wp-content\/uploads\/2010\/12\/dinosa_skrelja_ulcinj.jpg\"><img loading=\"lazy\" class=\"alignleft size-full wp-image-41047\" title=\"dinosa_skrelja_ulcinj\" src=\"http:\/\/www.visit-ulcinj.com\/blog\/wp-content\/uploads\/2010\/12\/dinosa_skrelja_ulcinj.jpg\" alt=\"\" width=\"290\" height=\"190\" \/><\/a>DPS i koalicija DUA &#8211; PDP dogovorili savez u Ulcinju<\/strong><br \/>\nUlcinj &#8211; Lideri Demokratske unije Albanaca, Partije demokratskog prosperiteta i Op\u0161tinskog odbora Demokratske partije socijalista Ferhat Dino\u0161a, Ali Red\u017ea i Ljui\u0111 \u0160krelja postigli su ju\u010de sporazum o formiranju koalicije na lokalnom nivou u Ulcinju.<br \/>\n\u201c\u010cestitam gra\u0111anima Ulcinja novu vlast koju su dobili kao rezultat onoga \u0161to su \u017eeljeli i iskazali na vanrednim izborima 17. oktobra\u201d, kazao je \u0160krelja novinarima nakon \u0161to je postignut sporazum.<br \/>\nNa oktobarskim izborima najvi\u0161e mandata osvojila je Forca, 11, koalicija DUA i PDP \u201eZajedno za budu\u0107nost\u201c 10, DPS sedam, SDP i udru\u017eena opozicija po dva i Perspektiva jedan mandat. Imaju\u0107i u vidu da su DUA i Forca u velikom ratu, stvarni pobjednik na izborima je bio DPS jer bez njegovih mandata nije bilo mogu\u0107e formiranje ve\u0107ine u parlamentu. DPS je izabrao DUA, zbog, kako je rekao \u0160krelja, nesumnjivih zasluga te partije u obnovi dr\u017eavnosti Crne Gore.<br \/>\nNova ljubav starih partnera na republi\u010dkom i lokalnom nivou ko\u0161ta\u0107e DUA funkcije sekretara za bud\u017eet i finansije, koja \u0107e pripasti DPS. Tu funkciju je do sada pokrivao Fatmir \u0110eka, koji slovi kao najuticajniji Dino\u0161in kadar na podru\u010dju Anamalita.<\/p>\n<p>Osim toga i Sekretarijata za komunalne poslove, privredu i javnu upravu, koje ve\u0107 pokrivaju kadrovi te partije, DPS \u0107e u novoj raspodjeli vlasti dobiti i mjesta predsjednika i sekretara lokalnog parlamenta, \u0161to zna\u010di polovinu funkcija u lokalnoj upravi. Me\u0111utim, mjesto prvog \u010dovjeka Op\u0161tine rezervisano je za DUA, odnosno za aktuelnog predsjednika Gzima Hajdinagu, \u0161to je ju\u010de inidirektno potvrdio i Dino\u0161a.<br \/>\n\u201cHajdinaga je aktuelni predsjednik kome ne smijemo zadirati u godinu, koliko mu je jo\u0161 ostalo do kraja mandata. Bitno je da \u0107e DPS u trenutku kada mu istekne mandat, biti taj koji \u0107e podr\u017eati na\u0161eg kandidata\u201d, kazaoje Dino\u0161a. On je naglasio da \u0107e DUA, zauzvrat, podr\u017eati kandidata DPS za mjesto \u0161efa SO.<br \/>\n\u201cTo je ono \u0161to \u0107e ovu vlast u\u010diniti stabilnom i sa \u010dime se sla\u017ee i PDP. Sve ostalo \u0107e biti fifti- fifti, s tim da \u0107emo u takvoj raspodjeli i mi i DPS podjednako uklju\u010diti i PDP\u201d, kazao je Dino\u0161a.<br \/>\nOn je zaklju\u010dio da takav dogovor garantuje stabilnu vlast za \u010detiri godine i, kako je kazao, mo\u017eda i du\u017ee. On je istakao da u DUA nije bilo trzavica oko prihvatanja zahtjeva DPS.<br \/>\n\u201cMo\u017eda je bilo pri\u010de da su zahtjevi DPS megalomanski, ali smo nakon analize utvrdili da je to realno\u201d, kazao je Dino\u0161a.<\/p>\n<p><strong>S.A.<br \/>\n<a href=\"http:\/\/www.vijesti.me\/\" target=\"_blank\">Vijesti<\/a><\/strong><\/p>\n","protected":false},"excerpt":{"rendered":"<p>DPS i koalicija DUA &#8211; PDP dogovorili savez u Ulcinju Ulcinj &#8211; Lideri Demokratske unije Albanaca, Partije demokratskog prosperiteta i Op\u0161tinskog odbora Demokratske partije socijalista Ferhat Dino\u0161a, Ali Red\u017ea i Ljui\u0111 \u0160krelja postigli su ju\u010de sporazum o formiranju koalicije na lokalnom nivou u Ulcinju. \u201c\u010cestitam gra\u0111anima Ulcinja novu vlast koju su dobili kao rezultat onoga [&hellip;]<\/p>\n","protected":false},"author":1,"featured_media":0,"comment_status":"open","ping_status":"closed","sticky":false,"template":"","format":"standard","meta":{"spay_email":"","jetpack_publicize_message":"","jetpack_is_tweetstorm":false,"jetpack_publicize_feature_enabled":true},"categories":[8337],"tags":[19],"jetpack_publicize_connections":[],"yoast_head":"<!-- This site is optimized with the Yoast SEO plugin v19.1 - https:\/\/yoast.com\/wordpress\/plugins\/seo\/ -->\n<title>Gradona\u010delnik iz DUA ostale funkcije popola - Lajme nga Ulqini<\/title>\n<meta name=\"description\" content=\"DPS i koalicija DUA - PDP dogovorili savez u Ulcinju Ulcinj - Lideri Demokratske unije Albanaca, Partije demokratskog prosperiteta i Op\u0161tinskog odbora\" \/>\n<meta name=\"robots\" content=\"index, follow, max-snippet:-1, max-image-preview:large, max-video-preview:-1\" \/>\n<link rel=\"canonical\" href=\"https:\/\/www.visit-ulcinj.com\/blog\/2010\/12\/12\/gradonacelnik-iz-dua-ostale-funkcije-popola\/\" \/>\n<meta property=\"og:locale\" content=\"en_US\" \/>\n<meta property=\"og:type\" content=\"article\" \/>\n<meta property=\"og:title\" content=\"Gradona\u010delnik iz DUA ostale funkcije popola - Lajme nga Ulqini\" \/>\n<meta property=\"og:description\" content=\"DPS i koalicija DUA - PDP dogovorili savez u Ulcinju Ulcinj - Lideri Demokratske unije Albanaca, Partije demokratskog prosperiteta i Op\u0161tinskog odbora\" \/>\n<meta property=\"og:url\" content=\"https:\/\/www.visit-ulcinj.com\/blog\/2010\/12\/12\/gradonacelnik-iz-dua-ostale-funkcije-popola\/\" \/>\n<meta property=\"og:site_name\" content=\"Lajme nga Ulqini\" \/>\n<meta property=\"article:published_time\" content=\"2010-12-12T16:51:50+00:00\" \/>\n<meta property=\"og:image\" content=\"http:\/\/www.visit-ulcinj.com\/blog\/wp-content\/uploads\/2010\/12\/dinosa_skrelja_ulcinj.jpg\" \/>\n<meta name=\"twitter:label1\" content=\"Written by\" \/>\n\t<meta name=\"twitter:data1\" content=\"ulqini\" \/>\n\t<meta name=\"twitter:label2\" content=\"Est. reading time\" \/>\n\t<meta name=\"twitter:data2\" content=\"2 minutes\" \/>\n<script type=\"application\/ld+json\" class=\"yoast-schema-graph\">{\"@context\":\"https:\/\/schema.org\",\"@graph\":[{\"@type\":\"WebSite\",\"@id\":\"https:\/\/www.visit-ulcinj.com\/blog\/#website\",\"url\":\"https:\/\/www.visit-ulcinj.com\/blog\/\",\"name\":\"Lajme nga Ulqini\",\"description\":\"Lajme,Vijesti,Ulqini,Ulqin,Crna Gora,Mali i Zi\",\"potentialAction\":[{\"@type\":\"SearchAction\",\"target\":{\"@type\":\"EntryPoint\",\"urlTemplate\":\"https:\/\/www.visit-ulcinj.com\/blog\/?s={search_term_string}\"},\"query-input\":\"required name=search_term_string\"}],\"inLanguage\":\"en-US\"},{\"@type\":\"ImageObject\",\"inLanguage\":\"en-US\",\"@id\":\"https:\/\/www.visit-ulcinj.com\/blog\/2010\/12\/12\/gradonacelnik-iz-dua-ostale-funkcije-popola\/#primaryimage\",\"url\":\"https:\/\/www.visit-ulcinj.com\/blog\/wp-content\/uploads\/2010\/12\/dinosa_skrelja_ulcinj.jpg\",\"contentUrl\":\"https:\/\/www.visit-ulcinj.com\/blog\/wp-content\/uploads\/2010\/12\/dinosa_skrelja_ulcinj.jpg\",\"width\":\"290\",\"height\":\"190\"},{\"@type\":\"WebPage\",\"@id\":\"https:\/\/www.visit-ulcinj.com\/blog\/2010\/12\/12\/gradonacelnik-iz-dua-ostale-funkcije-popola\/#webpage\",\"url\":\"https:\/\/www.visit-ulcinj.com\/blog\/2010\/12\/12\/gradonacelnik-iz-dua-ostale-funkcije-popola\/\",\"name\":\"Gradona\u010delnik iz DUA ostale funkcije popola - Lajme nga Ulqini\",\"isPartOf\":{\"@id\":\"https:\/\/www.visit-ulcinj.com\/blog\/#website\"},\"primaryImageOfPage\":{\"@id\":\"https:\/\/www.visit-ulcinj.com\/blog\/2010\/12\/12\/gradonacelnik-iz-dua-ostale-funkcije-popola\/#primaryimage\"},\"datePublished\":\"2010-12-12T16:51:50+00:00\",\"dateModified\":\"2010-12-12T16:51:50+00:00\",\"author\":{\"@id\":\"https:\/\/www.visit-ulcinj.com\/blog\/#\/schema\/person\/dcab619c614d3038751c63bc2aadc06d\"},\"description\":\"DPS i koalicija DUA - PDP dogovorili savez u Ulcinju Ulcinj - Lideri Demokratske unije Albanaca, Partije demokratskog prosperiteta i Op\u0161tinskog odbora\",\"breadcrumb\":{\"@id\":\"https:\/\/www.visit-ulcinj.com\/blog\/2010\/12\/12\/gradonacelnik-iz-dua-ostale-funkcije-popola\/#breadcrumb\"},\"inLanguage\":\"en-US\",\"potentialAction\":[{\"@type\":\"ReadAction\",\"target\":[\"https:\/\/www.visit-ulcinj.com\/blog\/2010\/12\/12\/gradonacelnik-iz-dua-ostale-funkcije-popola\/\"]}]},{\"@type\":\"BreadcrumbList\",\"@id\":\"https:\/\/www.visit-ulcinj.com\/blog\/2010\/12\/12\/gradonacelnik-iz-dua-ostale-funkcije-popola\/#breadcrumb\",\"itemListElement\":[{\"@type\":\"ListItem\",\"position\":1,\"name\":\"Gradona\u010delnik iz DUA ostale funkcije popola\"}]},{\"@type\":\"Person\",\"@id\":\"https:\/\/www.visit-ulcinj.com\/blog\/#\/schema\/person\/dcab619c614d3038751c63bc2aadc06d\",\"name\":\"ulqini\",\"sameAs\":[\"http:\/\/www.visit-ulcinj.com\"],\"url\":\"https:\/\/www.visit-ulcinj.com\/blog\/author\/admin\/\"}]}<\/script>\n<!-- \/ Yoast SEO plugin. -->","yoast_head_json":{"title":"Gradona\u010delnik iz DUA ostale funkcije popola - Lajme nga Ulqini","description":"DPS i koalicija DUA - PDP dogovorili savez u Ulcinju Ulcinj - Lideri Demokratske unije Albanaca, Partije demokratskog prosperiteta i Op\u0161tinskog odbora","robots":{"index":"index","follow":"follow","max-snippet":"max-snippet:-1","max-image-preview":"max-image-preview:large","max-video-preview":"max-video-preview:-1"},"canonical":"https:\/\/www.visit-ulcinj.com\/blog\/2010\/12\/12\/gradonacelnik-iz-dua-ostale-funkcije-popola\/","og_locale":"en_US","og_type":"article","og_title":"Gradona\u010delnik iz DUA ostale funkcije popola - Lajme nga Ulqini","og_description":"DPS i koalicija DUA - PDP dogovorili savez u Ulcinju Ulcinj - Lideri Demokratske unije Albanaca, Partije demokratskog prosperiteta i Op\u0161tinskog odbora","og_url":"https:\/\/www.visit-ulcinj.com\/blog\/2010\/12\/12\/gradonacelnik-iz-dua-ostale-funkcije-popola\/","og_site_name":"Lajme nga Ulqini","article_published_time":"2010-12-12T16:51:50+00:00","og_image":[{"url":"http:\/\/www.visit-ulcinj.com\/blog\/wp-content\/uploads\/2010\/12\/dinosa_skrelja_ulcinj.jpg"}],"twitter_misc":{"Written by":"ulqini","Est. reading time":"2 minutes"},"schema":{"@context":"https:\/\/schema.org","@graph":[{"@type":"WebSite","@id":"https:\/\/www.visit-ulcinj.com\/blog\/#website","url":"https:\/\/www.visit-ulcinj.com\/blog\/","name":"Lajme nga Ulqini","description":"Lajme,Vijesti,Ulqini,Ulqin,Crna Gora,Mali i Zi","potentialAction":[{"@type":"SearchAction","target":{"@type":"EntryPoint","urlTemplate":"https:\/\/www.visit-ulcinj.com\/blog\/?s={search_term_string}"},"query-input":"required name=search_term_string"}],"inLanguage":"en-US"},{"@type":"ImageObject","inLanguage":"en-US","@id":"https:\/\/www.visit-ulcinj.com\/blog\/2010\/12\/12\/gradonacelnik-iz-dua-ostale-funkcije-popola\/#primaryimage","url":"https:\/\/www.visit-ulcinj.com\/blog\/wp-content\/uploads\/2010\/12\/dinosa_skrelja_ulcinj.jpg","contentUrl":"https:\/\/www.visit-ulcinj.com\/blog\/wp-content\/uploads\/2010\/12\/dinosa_skrelja_ulcinj.jpg","width":"290","height":"190"},{"@type":"WebPage","@id":"https:\/\/www.visit-ulcinj.com\/blog\/2010\/12\/12\/gradonacelnik-iz-dua-ostale-funkcije-popola\/#webpage","url":"https:\/\/www.visit-ulcinj.com\/blog\/2010\/12\/12\/gradonacelnik-iz-dua-ostale-funkcije-popola\/","name":"Gradona\u010delnik iz DUA ostale funkcije popola - Lajme nga Ulqini","isPartOf":{"@id":"https:\/\/www.visit-ulcinj.com\/blog\/#website"},"primaryImageOfPage":{"@id":"https:\/\/www.visit-ulcinj.com\/blog\/2010\/12\/12\/gradonacelnik-iz-dua-ostale-funkcije-popola\/#primaryimage"},"datePublished":"2010-12-12T16:51:50+00:00","dateModified":"2010-12-12T16:51:50+00:00","author":{"@id":"https:\/\/www.visit-ulcinj.com\/blog\/#\/schema\/person\/dcab619c614d3038751c63bc2aadc06d"},"description":"DPS i koalicija DUA - PDP dogovorili savez u Ulcinju Ulcinj - Lideri Demokratske unije Albanaca, Partije demokratskog prosperiteta i Op\u0161tinskog odbora","breadcrumb":{"@id":"https:\/\/www.visit-ulcinj.com\/blog\/2010\/12\/12\/gradonacelnik-iz-dua-ostale-funkcije-popola\/#breadcrumb"},"inLanguage":"en-US","potentialAction":[{"@type":"ReadAction","target":["https:\/\/www.visit-ulcinj.com\/blog\/2010\/12\/12\/gradonacelnik-iz-dua-ostale-funkcije-popola\/"]}]},{"@type":"BreadcrumbList","@id":"https:\/\/www.visit-ulcinj.com\/blog\/2010\/12\/12\/gradonacelnik-iz-dua-ostale-funkcije-popola\/#breadcrumb","itemListElement":[{"@type":"ListItem","position":1,"name":"Gradona\u010delnik iz DUA ostale funkcije popola"}]},{"@type":"Person","@id":"https:\/\/www.visit-ulcinj.com\/blog\/#\/schema\/person\/dcab619c614d3038751c63bc2aadc06d","name":"ulqini","sameAs":["http:\/\/www.visit-ulcinj.com"],"url":"https:\/\/www.visit-ulcinj.com\/blog\/author\/admin\/"}]}},"jetpack_featured_media_url":"","jetpack_sharing_enabled":true,"jetpack_shortlink":"https:\/\/wp.me\/pe6lTn-aG2","_links":{"self":[{"href":"https:\/\/www.visit-ulcinj.com\/blog\/wp-json\/wp\/v2\/posts\/41046"}],"collection":[{"href":"https:\/\/www.visit-ulcinj.com\/blog\/wp-json\/wp\/v2\/posts"}],"about":[{"href":"https:\/\/www.visit-ulcinj.com\/blog\/wp-json\/wp\/v2\/types\/post"}],"author":[{"embeddable":true,"href":"https:\/\/www.visit-ulcinj.com\/blog\/wp-json\/wp\/v2\/users\/1"}],"replies":[{"embeddable":true,"href":"https:\/\/www.visit-ulcinj.com\/blog\/wp-json\/wp\/v2\/comments?post=41046"}],"version-history":[{"count":0,"href":"https:\/\/www.visit-ulcinj.com\/blog\/wp-json\/wp\/v2\/posts\/41046\/revisions"}],"wp:attachment":[{"href":"https:\/\/www.visit-ulcinj.com\/blog\/wp-json\/wp\/v2\/media?parent=41046"}],"wp:term":[{"taxonomy":"category","embeddable":true,"href":"https:\/\/www.visit-ulcinj.com\/blog\/wp-json\/wp\/v2\/categories?post=41046"},{"taxonomy":"post_tag","embeddable":true,"href":"https:\/\/www.visit-ulcinj.com\/blog\/wp-json\/wp\/v2\/tags?post=41046"}],"curies":[{"name":"wp","href":"https:\/\/api.w.org\/{rel}","templated":true}]}}