{"id":41051,"date":"2010-12-13T08:25:19","date_gmt":"2010-12-13T07:25:19","guid":{"rendered":"http:\/\/www.visit-ulcinj.com\/blog\/?p=41051"},"modified":"2010-12-13T08:25:19","modified_gmt":"2010-12-13T07:25:19","slug":"hajdinagi-jos-jedan-mandat","status":"publish","type":"post","link":"https:\/\/www.visit-ulcinj.com\/blog\/2010\/12\/13\/hajdinagi-jos-jedan-mandat\/","title":{"rendered":"Hajdinagi jo\u0161 jedan mandat"},"content":{"rendered":"<p><strong><a href=\"http:\/\/www.visit-ulcinj.com\/blog\/wp-content\/uploads\/2010\/12\/Ferhat-Dinosa-i-Luidj-Skrelja.jpg\"><img loading=\"lazy\" class=\"alignleft size-full wp-image-41052\" title=\"Ferhat Dinosa i Luidj Skrelja\" src=\"http:\/\/www.visit-ulcinj.com\/blog\/wp-content\/uploads\/2010\/12\/Ferhat-Dinosa-i-Luidj-Skrelja.jpg\" alt=\"\" width=\"507\" height=\"376\" srcset=\"https:\/\/www.visit-ulcinj.com\/blog\/wp-content\/uploads\/2010\/12\/Ferhat-Dinosa-i-Luidj-Skrelja.jpg 507w, https:\/\/www.visit-ulcinj.com\/blog\/wp-content\/uploads\/2010\/12\/Ferhat-Dinosa-i-Luidj-Skrelja-300x222.jpg 300w\" sizes=\"(max-width: 507px) 100vw, 507px\" \/><\/a>Skoro tri mjeseca od izbora, Ferhat Dino\u0161a i Lui\u0111 \u0160krelja ozvani\u010dili postizbornu koaliciju u Ulcinju<\/strong><br \/>\nDPS-u pripalo mjesto predsjednika lokalnog parlamenta, a pozicije unutar izvr\u0161ne i zakonodavne vlasti bi\u0107e podijeljene po pola, izme\u0111u DPS- a sa jedne i DUA i PDP sa druge strane.<br \/>\nAktuelni predsjednik op\u0161tine Gzim Hajdinaga osta\u0107e na toj funkciji i naredne \u010detiri godine, dok \u0107e na \u010delo zakonodane vlasti u najju\u017enijoj op\u0161tini biti izabran kandidat DPS. To je u najkra\u0107em su\u0161tina postizbornog koalicionog sporazuma, koji su sino\u0107 ozvani\u010dili predsjednik Demokratske unije Albanaca Ferhat Dino\u0161a i predsjednik OO DPS Lui\u0111 \u0160krelja, na konferenciji za novinare.Novu \u2013 staru skup\u0161tinsku ve\u0107inu \u010dini\u0107e i Partija demokratskog prosperiteta, \u010diji se predsjednik sino\u0107 nije pojavio na pres konferenciji.<br \/>\n&#8211; Ovo je najbolje rje\u0161enje za gra\u0111ane op\u0161tine Ulcinj i za pomenute politi\u010dke subjekte. Potvrdilo se da DUA i DPS imaju dugu tradiciju dobrih partnerskih odnosa. Su\u0161tinu na\u0161e budu\u0107e vlasti \u010dini sporazum koji \u0107e se ubrzo potpisati i \u010dije su osnove da: DPS podr\u017eava kandidata DUA na \u010delu izvr\u0161ne vlasti, dok DUA prihvata da na \u010delu zakonodavnme vlasti bude kandidat DPS-a. Sa tim se sla\u017ee i PDP, tre\u0107i partner koalicije. Sve druge pozicije unutar izvr\u0161ne i zakonodavne vlasti dijeli\u0107e se na pola, ali podjela uklju\u010duje i PDP. To je najbolji dil, koji garantuje stabilnu vlast u naredne \u010detiri godine, a bogami i na du\u017ei period &#8211; kazao je Dino\u0161a.<br \/>\nPrvi \u010dovjek lokalnog DPS-a naglasio je da \u0107e lokalna vlast u Ulcinju biti vlast u interesu svih gra\u0111ana op\u0161tine.<br \/>\n&#8211; Od danas se ne\u0107e prepoznavati interesi politi\u010dkih subjekata, ve\u0107 interesi Ulcinjana i Ulcinjanki koje \u0107emo realizovati. Cilj nam je da budemo poznata i priznata turisti\u010dka destinacija jer, po svemu \u0161to nam je Bog podario, to i zaslu\u017eujemo. Odgovornost je velika i o\u010dekujem punu podr\u0161ku svih gra\u0111ana. Zadovoljstvo je tim ve\u0107e \u0161to smo postigli ono \u0161to smo i nakon izbora najavljivali kao afirmativno, ne samo za DPS i DUA, nego i za PDP, kao na\u0161e koalicione partnere, rekao je \u0160krelja. Podsjetimo pregovori o formiranju postizborne koalicije trebalo je da budu okon\u010dani krajem pro\u0161log mjeseca, ali su odlo\u017eeni zbog slo\u017eene situacije u poplavljenim podru\u010djima oko rijeke Bojane. Na vanrednim izborima 17. oktobra najvi\u0161e mandata (11) osvojila je Forca, koalicija DUA-PDP osvojila je deset mandata, DPS sedam, udru\u017eena opozicija predvo\u0111ena SNP-om i SDP po dva i Perspektiva jedan mandat.<br \/>\n<strong>M.K.<br \/>\n<a href=\"http:\/\/www.dan.co.me\/?nivo=3&amp;rubrika=Politika&amp;clanak=259405&amp;datum=2010-12-12\" target=\"_blank\">DAN<\/a><\/strong><\/p>\n","protected":false},"excerpt":{"rendered":"<p>Skoro tri mjeseca od izbora, Ferhat Dino\u0161a i Lui\u0111 \u0160krelja ozvani\u010dili postizbornu koaliciju u Ulcinju DPS-u pripalo mjesto predsjednika lokalnog parlamenta, a pozicije unutar izvr\u0161ne i zakonodavne vlasti bi\u0107e podijeljene po pola, izme\u0111u DPS- a sa jedne i DUA i PDP sa druge strane. Aktuelni predsjednik op\u0161tine Gzim Hajdinaga osta\u0107e na toj funkciji i naredne [&hellip;]<\/p>\n","protected":false},"author":1,"featured_media":0,"comment_status":"open","ping_status":"closed","sticky":false,"template":"","format":"standard","meta":{"spay_email":"","jetpack_publicize_message":"","jetpack_is_tweetstorm":false,"jetpack_publicize_feature_enabled":true},"categories":[8337],"tags":[88,15395,4174,11758],"jetpack_publicize_connections":[],"yoast_head":"<!-- This site is optimized with the Yoast SEO plugin v19.1 - https:\/\/yoast.com\/wordpress\/plugins\/seo\/ -->\n<title>Hajdinagi jo\u0161 jedan mandat - Lajme nga Ulqini<\/title>\n<meta name=\"description\" content=\"Skoro tri mjeseca od izbora, Ferhat Dino\u0161a i Lui\u0111 \u0160krelja ozvani\u010dili postizbornu koaliciju u Ulcinju DPS-u pripalo mjesto predsjednika lokalnog\" \/>\n<meta name=\"robots\" content=\"index, follow, max-snippet:-1, max-image-preview:large, max-video-preview:-1\" \/>\n<link rel=\"canonical\" href=\"https:\/\/www.visit-ulcinj.com\/blog\/2010\/12\/13\/hajdinagi-jos-jedan-mandat\/\" \/>\n<meta property=\"og:locale\" content=\"en_US\" \/>\n<meta property=\"og:type\" content=\"article\" \/>\n<meta property=\"og:title\" content=\"Hajdinagi jo\u0161 jedan mandat - Lajme nga Ulqini\" \/>\n<meta property=\"og:description\" content=\"Skoro tri mjeseca od izbora, Ferhat Dino\u0161a i Lui\u0111 \u0160krelja ozvani\u010dili postizbornu koaliciju u Ulcinju DPS-u pripalo mjesto predsjednika lokalnog\" \/>\n<meta property=\"og:url\" content=\"https:\/\/www.visit-ulcinj.com\/blog\/2010\/12\/13\/hajdinagi-jos-jedan-mandat\/\" \/>\n<meta property=\"og:site_name\" content=\"Lajme nga Ulqini\" \/>\n<meta property=\"article:published_time\" content=\"2010-12-13T07:25:19+00:00\" \/>\n<meta property=\"og:image\" content=\"http:\/\/www.visit-ulcinj.com\/blog\/wp-content\/uploads\/2010\/12\/Ferhat-Dinosa-i-Luidj-Skrelja.jpg\" \/>\n<meta name=\"twitter:label1\" content=\"Written by\" \/>\n\t<meta name=\"twitter:data1\" content=\"ulqini\" \/>\n\t<meta name=\"twitter:label2\" content=\"Est. reading time\" \/>\n\t<meta name=\"twitter:data2\" content=\"2 minutes\" \/>\n<script type=\"application\/ld+json\" class=\"yoast-schema-graph\">{\"@context\":\"https:\/\/schema.org\",\"@graph\":[{\"@type\":\"WebSite\",\"@id\":\"https:\/\/www.visit-ulcinj.com\/blog\/#website\",\"url\":\"https:\/\/www.visit-ulcinj.com\/blog\/\",\"name\":\"Lajme nga Ulqini\",\"description\":\"Lajme,Vijesti,Ulqini,Ulqin,Crna Gora,Mali i Zi\",\"potentialAction\":[{\"@type\":\"SearchAction\",\"target\":{\"@type\":\"EntryPoint\",\"urlTemplate\":\"https:\/\/www.visit-ulcinj.com\/blog\/?s={search_term_string}\"},\"query-input\":\"required name=search_term_string\"}],\"inLanguage\":\"en-US\"},{\"@type\":\"ImageObject\",\"inLanguage\":\"en-US\",\"@id\":\"https:\/\/www.visit-ulcinj.com\/blog\/2010\/12\/13\/hajdinagi-jos-jedan-mandat\/#primaryimage\",\"url\":\"https:\/\/www.visit-ulcinj.com\/blog\/wp-content\/uploads\/2010\/12\/Ferhat-Dinosa-i-Luidj-Skrelja.jpg\",\"contentUrl\":\"https:\/\/www.visit-ulcinj.com\/blog\/wp-content\/uploads\/2010\/12\/Ferhat-Dinosa-i-Luidj-Skrelja.jpg\",\"width\":\"507\",\"height\":\"376\"},{\"@type\":\"WebPage\",\"@id\":\"https:\/\/www.visit-ulcinj.com\/blog\/2010\/12\/13\/hajdinagi-jos-jedan-mandat\/#webpage\",\"url\":\"https:\/\/www.visit-ulcinj.com\/blog\/2010\/12\/13\/hajdinagi-jos-jedan-mandat\/\",\"name\":\"Hajdinagi jo\u0161 jedan mandat - Lajme nga Ulqini\",\"isPartOf\":{\"@id\":\"https:\/\/www.visit-ulcinj.com\/blog\/#website\"},\"primaryImageOfPage\":{\"@id\":\"https:\/\/www.visit-ulcinj.com\/blog\/2010\/12\/13\/hajdinagi-jos-jedan-mandat\/#primaryimage\"},\"datePublished\":\"2010-12-13T07:25:19+00:00\",\"dateModified\":\"2010-12-13T07:25:19+00:00\",\"author\":{\"@id\":\"https:\/\/www.visit-ulcinj.com\/blog\/#\/schema\/person\/dcab619c614d3038751c63bc2aadc06d\"},\"description\":\"Skoro tri mjeseca od izbora, Ferhat Dino\u0161a i Lui\u0111 \u0160krelja ozvani\u010dili postizbornu koaliciju u Ulcinju DPS-u pripalo mjesto predsjednika lokalnog\",\"breadcrumb\":{\"@id\":\"https:\/\/www.visit-ulcinj.com\/blog\/2010\/12\/13\/hajdinagi-jos-jedan-mandat\/#breadcrumb\"},\"inLanguage\":\"en-US\",\"potentialAction\":[{\"@type\":\"ReadAction\",\"target\":[\"https:\/\/www.visit-ulcinj.com\/blog\/2010\/12\/13\/hajdinagi-jos-jedan-mandat\/\"]}]},{\"@type\":\"BreadcrumbList\",\"@id\":\"https:\/\/www.visit-ulcinj.com\/blog\/2010\/12\/13\/hajdinagi-jos-jedan-mandat\/#breadcrumb\",\"itemListElement\":[{\"@type\":\"ListItem\",\"position\":1,\"name\":\"Hajdinagi jo\u0161 jedan mandat\"}]},{\"@type\":\"Person\",\"@id\":\"https:\/\/www.visit-ulcinj.com\/blog\/#\/schema\/person\/dcab619c614d3038751c63bc2aadc06d\",\"name\":\"ulqini\",\"sameAs\":[\"http:\/\/www.visit-ulcinj.com\"],\"url\":\"https:\/\/www.visit-ulcinj.com\/blog\/author\/admin\/\"}]}<\/script>\n<!-- \/ Yoast SEO plugin. -->","yoast_head_json":{"title":"Hajdinagi jo\u0161 jedan mandat - Lajme nga Ulqini","description":"Skoro tri mjeseca od izbora, Ferhat Dino\u0161a i Lui\u0111 \u0160krelja ozvani\u010dili postizbornu koaliciju u Ulcinju DPS-u pripalo mjesto predsjednika lokalnog","robots":{"index":"index","follow":"follow","max-snippet":"max-snippet:-1","max-image-preview":"max-image-preview:large","max-video-preview":"max-video-preview:-1"},"canonical":"https:\/\/www.visit-ulcinj.com\/blog\/2010\/12\/13\/hajdinagi-jos-jedan-mandat\/","og_locale":"en_US","og_type":"article","og_title":"Hajdinagi jo\u0161 jedan mandat - Lajme nga Ulqini","og_description":"Skoro tri mjeseca od izbora, Ferhat Dino\u0161a i Lui\u0111 \u0160krelja ozvani\u010dili postizbornu koaliciju u Ulcinju DPS-u pripalo mjesto predsjednika lokalnog","og_url":"https:\/\/www.visit-ulcinj.com\/blog\/2010\/12\/13\/hajdinagi-jos-jedan-mandat\/","og_site_name":"Lajme nga Ulqini","article_published_time":"2010-12-13T07:25:19+00:00","og_image":[{"url":"http:\/\/www.visit-ulcinj.com\/blog\/wp-content\/uploads\/2010\/12\/Ferhat-Dinosa-i-Luidj-Skrelja.jpg"}],"twitter_misc":{"Written by":"ulqini","Est. reading time":"2 minutes"},"schema":{"@context":"https:\/\/schema.org","@graph":[{"@type":"WebSite","@id":"https:\/\/www.visit-ulcinj.com\/blog\/#website","url":"https:\/\/www.visit-ulcinj.com\/blog\/","name":"Lajme nga Ulqini","description":"Lajme,Vijesti,Ulqini,Ulqin,Crna Gora,Mali i Zi","potentialAction":[{"@type":"SearchAction","target":{"@type":"EntryPoint","urlTemplate":"https:\/\/www.visit-ulcinj.com\/blog\/?s={search_term_string}"},"query-input":"required name=search_term_string"}],"inLanguage":"en-US"},{"@type":"ImageObject","inLanguage":"en-US","@id":"https:\/\/www.visit-ulcinj.com\/blog\/2010\/12\/13\/hajdinagi-jos-jedan-mandat\/#primaryimage","url":"https:\/\/www.visit-ulcinj.com\/blog\/wp-content\/uploads\/2010\/12\/Ferhat-Dinosa-i-Luidj-Skrelja.jpg","contentUrl":"https:\/\/www.visit-ulcinj.com\/blog\/wp-content\/uploads\/2010\/12\/Ferhat-Dinosa-i-Luidj-Skrelja.jpg","width":"507","height":"376"},{"@type":"WebPage","@id":"https:\/\/www.visit-ulcinj.com\/blog\/2010\/12\/13\/hajdinagi-jos-jedan-mandat\/#webpage","url":"https:\/\/www.visit-ulcinj.com\/blog\/2010\/12\/13\/hajdinagi-jos-jedan-mandat\/","name":"Hajdinagi jo\u0161 jedan mandat - Lajme nga Ulqini","isPartOf":{"@id":"https:\/\/www.visit-ulcinj.com\/blog\/#website"},"primaryImageOfPage":{"@id":"https:\/\/www.visit-ulcinj.com\/blog\/2010\/12\/13\/hajdinagi-jos-jedan-mandat\/#primaryimage"},"datePublished":"2010-12-13T07:25:19+00:00","dateModified":"2010-12-13T07:25:19+00:00","author":{"@id":"https:\/\/www.visit-ulcinj.com\/blog\/#\/schema\/person\/dcab619c614d3038751c63bc2aadc06d"},"description":"Skoro tri mjeseca od izbora, Ferhat Dino\u0161a i Lui\u0111 \u0160krelja ozvani\u010dili postizbornu koaliciju u Ulcinju DPS-u pripalo mjesto predsjednika lokalnog","breadcrumb":{"@id":"https:\/\/www.visit-ulcinj.com\/blog\/2010\/12\/13\/hajdinagi-jos-jedan-mandat\/#breadcrumb"},"inLanguage":"en-US","potentialAction":[{"@type":"ReadAction","target":["https:\/\/www.visit-ulcinj.com\/blog\/2010\/12\/13\/hajdinagi-jos-jedan-mandat\/"]}]},{"@type":"BreadcrumbList","@id":"https:\/\/www.visit-ulcinj.com\/blog\/2010\/12\/13\/hajdinagi-jos-jedan-mandat\/#breadcrumb","itemListElement":[{"@type":"ListItem","position":1,"name":"Hajdinagi jo\u0161 jedan mandat"}]},{"@type":"Person","@id":"https:\/\/www.visit-ulcinj.com\/blog\/#\/schema\/person\/dcab619c614d3038751c63bc2aadc06d","name":"ulqini","sameAs":["http:\/\/www.visit-ulcinj.com"],"url":"https:\/\/www.visit-ulcinj.com\/blog\/author\/admin\/"}]}},"jetpack_featured_media_url":"","jetpack_sharing_enabled":true,"jetpack_shortlink":"https:\/\/wp.me\/pe6lTn-aG7","_links":{"self":[{"href":"https:\/\/www.visit-ulcinj.com\/blog\/wp-json\/wp\/v2\/posts\/41051"}],"collection":[{"href":"https:\/\/www.visit-ulcinj.com\/blog\/wp-json\/wp\/v2\/posts"}],"about":[{"href":"https:\/\/www.visit-ulcinj.com\/blog\/wp-json\/wp\/v2\/types\/post"}],"author":[{"embeddable":true,"href":"https:\/\/www.visit-ulcinj.com\/blog\/wp-json\/wp\/v2\/users\/1"}],"replies":[{"embeddable":true,"href":"https:\/\/www.visit-ulcinj.com\/blog\/wp-json\/wp\/v2\/comments?post=41051"}],"version-history":[{"count":0,"href":"https:\/\/www.visit-ulcinj.com\/blog\/wp-json\/wp\/v2\/posts\/41051\/revisions"}],"wp:attachment":[{"href":"https:\/\/www.visit-ulcinj.com\/blog\/wp-json\/wp\/v2\/media?parent=41051"}],"wp:term":[{"taxonomy":"category","embeddable":true,"href":"https:\/\/www.visit-ulcinj.com\/blog\/wp-json\/wp\/v2\/categories?post=41051"},{"taxonomy":"post_tag","embeddable":true,"href":"https:\/\/www.visit-ulcinj.com\/blog\/wp-json\/wp\/v2\/tags?post=41051"}],"curies":[{"name":"wp","href":"https:\/\/api.w.org\/{rel}","templated":true}]}}