{"id":41070,"date":"2010-12-13T17:25:13","date_gmt":"2010-12-13T16:25:13","guid":{"rendered":"http:\/\/www.visit-ulcinj.com\/blog\/?p=41070"},"modified":"2010-12-27T18:51:00","modified_gmt":"2010-12-27T17:51:00","slug":"ulqin-me-ne-fund-behet-me-pushtet","status":"publish","type":"post","link":"https:\/\/www.visit-ulcinj.com\/blog\/2010\/12\/13\/ulqin-me-ne-fund-behet-me-pushtet\/","title":{"rendered":"Ulqin m\u00eb n\u00eb fund b\u00ebhet me pushtet &#8211; Video"},"content":{"rendered":"<p><a href=\"http:\/\/www.visit-ulcinj.com\/blog\/wp-content\/uploads\/2010\/12\/Ferhat-Dinosha-dhe-Luigj-Shkrela-Ulqin.jpg\"><img loading=\"lazy\" class=\"alignleft size-full wp-image-41071\" title=\"Ferhat Dinosha dhe Luigj Shkrela-Ulqin\" src=\"http:\/\/www.visit-ulcinj.com\/blog\/wp-content\/uploads\/2010\/12\/Ferhat-Dinosha-dhe-Luigj-Shkrela-Ulqin.jpg\" alt=\"\" width=\"507\" height=\"376\" srcset=\"https:\/\/www.visit-ulcinj.com\/blog\/wp-content\/uploads\/2010\/12\/Ferhat-Dinosha-dhe-Luigj-Shkrela-Ulqin.jpg 507w, https:\/\/www.visit-ulcinj.com\/blog\/wp-content\/uploads\/2010\/12\/Ferhat-Dinosha-dhe-Luigj-Shkrela-Ulqin-300x222.jpg 300w\" sizes=\"(max-width: 507px) 100vw, 507px\" \/><\/a>Ulqin, 13 dhjetor &#8211; M\u00eb n\u00eb fund, n\u00eb Ulqin shpallet bashk\u00ebqeverisja q\u00eb do t\u00eb udh\u00ebheq me k\u00ebt\u00eb qytet n\u00eb kat\u00ebr vitet e ardhshme. Kryetari i Unionit Demokratik t\u00eb Shqiptar\u00ebve, Ferhat Dinosha, ashtu si\u00e7 b\u00ebri n\u00eb Tuz, edhe n\u00eb Ulqin lidhi koalicion me Partin\u00eb Demokratike t\u00eb Socialist\u00ebve (PDS) t\u00eb Milo Gjukanoviqit.<\/p>\n<p>N\u00eb nj\u00eb konferenc\u00eb p\u00ebr media n\u00eb mbr\u00ebmjen e s\u00eb shtun\u00ebs, Dinosha, p\u00ebraq\u00ebsues i partis\u00eb s\u00eb tij dhe Partis\u00eb s\u00eb Prosperitetit Demokratik (PPD) s\u00eb bashku me shefin e PDS n\u00eb Ulqin, Luigj Lubo Shkrela, deklaruan gojarisht marr\u00ebveshjen e bashk\u00ebqeverisjes n\u00eb Ulqin, duke e ndar\u00eb pushtetin 50:50, p\u00ebrfshir\u00eb edhe partnerin e tret\u00eb, PPD, lideri i UDSH k\u00ebt\u00eb pushtet e sheh t\u00eb q\u00ebndruesh\u00ebm.<\/p>\n<p>Nd\u00ebrkaq, Shkrela lavd\u00ebron Dinosh\u00ebn p\u00ebr kontributin e madh, sidomos me rastin e pavar\u00ebsimin e Malit t\u00eb Zi, por edhe Dinosha Shkrel\u00ebn duke e quajtur at\u00eb \u201cGjukanoviq n\u00eb Ulqin.\u201d<\/p>\n<p>N\u00eb zgjedhjet e p\u00ebrseritura t\u00eb 17 tetorit, lista e p\u00ebrbashk\u00ebt \u201cUDSH-PPD s\u00eb bashku p\u00ebr t\u00eb ardhmen\u201d, siguruan 10, nd\u00ebrsa PDS 7 k\u00ebshilltar\u00eb.<\/p>\n<p>G\u00ebzim Hajdinaga nga UDSH, t\u00eb cilit mandati i skadon n\u00eb shtatorin e ardhsh\u00ebm, ai do t\u00eb jet\u00eb edhe n\u00eb kat\u00ebrvje\u00e7arin pasues n\u00eb k\u00ebt\u00eb post, nd\u00ebrsa PDS do t\u00eb udh\u00ebheq me Parlamentin.<\/p>\n<p>N\u00eb pyetjen e KosovaLive se kur do t\u00eb n\u00ebnshkruhet marr\u00ebveshja me shkrim p\u00ebr t\u00eb qart\u00ebsuar edhe hequr dyshimet q\u00eb d\u00ebgjohen n\u00eb opinion, Dinosha edhe Shkrela u p\u00ebrgjigjen se ky akt, mbase, do t\u00eb b\u00ebhet para kamerave televizive, deri n\u00eb fund t\u00eb k\u00ebsaj jave.<\/p>\n<p>Mbi k\u00ebto baza, Forca e Re Demokratike me 11 k\u00ebshilltar\u00eb si partia m\u00eb e madhe n\u00eb Ulqin, mbetet n\u00eb opozit\u00eb. Njoh\u00ebsit e rrethanave politike n\u00eb Ulqin thon\u00eb se ky \u00ebsht\u00eb rezultati marr\u00ebdh\u00ebnieve midis partive politike shqiptare, t\u00eb cilat nuk arrit\u00ebn t\u00eb tejkalojn\u00eb p\u00ebr\u00e7atjet dhe inatet e jasht\u00ebzakonshme mes veti, edhe nuk mor\u00ebn qeverisjen e Ulqinit, p\u00ebr t\u00eb rikthyer pushtetin e shqiptar\u00ebve n\u00eb k\u00ebt\u00eb qytet.<\/p>\n<p><strong>Koha Net<br \/>\n<!--YouTube Error: bad URL entered--><\/strong><\/p>\n","protected":false},"excerpt":{"rendered":"<p>Ulqin, 13 dhjetor &#8211; M\u00eb n\u00eb fund, n\u00eb Ulqin shpallet bashk\u00ebqeverisja q\u00eb do t\u00eb udh\u00ebheq me k\u00ebt\u00eb qytet n\u00eb kat\u00ebr vitet e ardhshme. Kryetari i Unionit Demokratik t\u00eb Shqiptar\u00ebve, Ferhat Dinosha, ashtu si\u00e7 b\u00ebri n\u00eb Tuz, edhe n\u00eb Ulqin lidhi koalicion me Partin\u00eb Demokratike t\u00eb Socialist\u00ebve (PDS) t\u00eb Milo Gjukanoviqit. N\u00eb nj\u00eb konferenc\u00eb p\u00ebr media [&hellip;]<\/p>\n","protected":false},"author":1,"featured_media":0,"comment_status":"open","ping_status":"closed","sticky":false,"template":"","format":"standard","meta":{"spay_email":"","jetpack_publicize_message":"","jetpack_is_tweetstorm":false,"jetpack_publicize_feature_enabled":true},"categories":[1,14],"tags":[3730,97,874,2789,16639,6596,200],"jetpack_publicize_connections":[],"yoast_head":"<!-- This site is optimized with the Yoast SEO plugin v19.1 - https:\/\/yoast.com\/wordpress\/plugins\/seo\/ -->\n<title>Ulqin m\u00eb n\u00eb fund b\u00ebhet me pushtet - Video - Lajme nga Ulqini<\/title>\n<meta name=\"description\" content=\"Ulqin, 13 dhjetor - M\u00eb n\u00eb fund, n\u00eb Ulqin shpallet bashk\u00ebqeverisja q\u00eb do t\u00eb udh\u00ebheq me k\u00ebt\u00eb qytet n\u00eb kat\u00ebr vitet e ardhshme. Kryetari i Unionit Demokratik\" \/>\n<meta name=\"robots\" content=\"index, follow, max-snippet:-1, max-image-preview:large, max-video-preview:-1\" \/>\n<link rel=\"canonical\" href=\"https:\/\/www.visit-ulcinj.com\/blog\/2010\/12\/13\/ulqin-me-ne-fund-behet-me-pushtet\/\" \/>\n<meta property=\"og:locale\" content=\"en_US\" \/>\n<meta property=\"og:type\" content=\"article\" \/>\n<meta property=\"og:title\" content=\"Ulqin m\u00eb n\u00eb fund b\u00ebhet me pushtet - Video - Lajme nga Ulqini\" \/>\n<meta property=\"og:description\" content=\"Ulqin, 13 dhjetor - M\u00eb n\u00eb fund, n\u00eb Ulqin shpallet bashk\u00ebqeverisja q\u00eb do t\u00eb udh\u00ebheq me k\u00ebt\u00eb qytet n\u00eb kat\u00ebr vitet e ardhshme. Kryetari i Unionit Demokratik\" \/>\n<meta property=\"og:url\" content=\"https:\/\/www.visit-ulcinj.com\/blog\/2010\/12\/13\/ulqin-me-ne-fund-behet-me-pushtet\/\" \/>\n<meta property=\"og:site_name\" content=\"Lajme nga Ulqini\" \/>\n<meta property=\"article:published_time\" content=\"2010-12-13T16:25:13+00:00\" \/>\n<meta property=\"article:modified_time\" content=\"2010-12-27T17:51:00+00:00\" \/>\n<meta property=\"og:image\" content=\"http:\/\/www.visit-ulcinj.com\/blog\/wp-content\/uploads\/2010\/12\/Ferhat-Dinosha-dhe-Luigj-Shkrela-Ulqin.jpg\" \/>\n<meta name=\"twitter:label1\" content=\"Written by\" \/>\n\t<meta name=\"twitter:data1\" content=\"ulqini\" \/>\n\t<meta name=\"twitter:label2\" content=\"Est. reading time\" \/>\n\t<meta name=\"twitter:data2\" content=\"2 minutes\" \/>\n<script type=\"application\/ld+json\" class=\"yoast-schema-graph\">{\"@context\":\"https:\/\/schema.org\",\"@graph\":[{\"@type\":\"WebSite\",\"@id\":\"https:\/\/www.visit-ulcinj.com\/blog\/#website\",\"url\":\"https:\/\/www.visit-ulcinj.com\/blog\/\",\"name\":\"Lajme nga Ulqini\",\"description\":\"Lajme,Vijesti,Ulqini,Ulqin,Crna Gora,Mali i Zi\",\"potentialAction\":[{\"@type\":\"SearchAction\",\"target\":{\"@type\":\"EntryPoint\",\"urlTemplate\":\"https:\/\/www.visit-ulcinj.com\/blog\/?s={search_term_string}\"},\"query-input\":\"required name=search_term_string\"}],\"inLanguage\":\"en-US\"},{\"@type\":\"ImageObject\",\"inLanguage\":\"en-US\",\"@id\":\"https:\/\/www.visit-ulcinj.com\/blog\/2010\/12\/13\/ulqin-me-ne-fund-behet-me-pushtet\/#primaryimage\",\"url\":\"https:\/\/www.visit-ulcinj.com\/blog\/wp-content\/uploads\/2010\/12\/Ferhat-Dinosha-dhe-Luigj-Shkrela-Ulqin.jpg\",\"contentUrl\":\"https:\/\/www.visit-ulcinj.com\/blog\/wp-content\/uploads\/2010\/12\/Ferhat-Dinosha-dhe-Luigj-Shkrela-Ulqin.jpg\",\"width\":\"507\",\"height\":\"376\"},{\"@type\":\"WebPage\",\"@id\":\"https:\/\/www.visit-ulcinj.com\/blog\/2010\/12\/13\/ulqin-me-ne-fund-behet-me-pushtet\/#webpage\",\"url\":\"https:\/\/www.visit-ulcinj.com\/blog\/2010\/12\/13\/ulqin-me-ne-fund-behet-me-pushtet\/\",\"name\":\"Ulqin m\u00eb n\u00eb fund b\u00ebhet me pushtet - Video - Lajme nga Ulqini\",\"isPartOf\":{\"@id\":\"https:\/\/www.visit-ulcinj.com\/blog\/#website\"},\"primaryImageOfPage\":{\"@id\":\"https:\/\/www.visit-ulcinj.com\/blog\/2010\/12\/13\/ulqin-me-ne-fund-behet-me-pushtet\/#primaryimage\"},\"datePublished\":\"2010-12-13T16:25:13+00:00\",\"dateModified\":\"2010-12-27T17:51:00+00:00\",\"author\":{\"@id\":\"https:\/\/www.visit-ulcinj.com\/blog\/#\/schema\/person\/dcab619c614d3038751c63bc2aadc06d\"},\"description\":\"Ulqin, 13 dhjetor - M\u00eb n\u00eb fund, n\u00eb Ulqin shpallet bashk\u00ebqeverisja q\u00eb do t\u00eb udh\u00ebheq me k\u00ebt\u00eb qytet n\u00eb kat\u00ebr vitet e ardhshme. Kryetari i Unionit Demokratik\",\"breadcrumb\":{\"@id\":\"https:\/\/www.visit-ulcinj.com\/blog\/2010\/12\/13\/ulqin-me-ne-fund-behet-me-pushtet\/#breadcrumb\"},\"inLanguage\":\"en-US\",\"potentialAction\":[{\"@type\":\"ReadAction\",\"target\":[\"https:\/\/www.visit-ulcinj.com\/blog\/2010\/12\/13\/ulqin-me-ne-fund-behet-me-pushtet\/\"]}]},{\"@type\":\"BreadcrumbList\",\"@id\":\"https:\/\/www.visit-ulcinj.com\/blog\/2010\/12\/13\/ulqin-me-ne-fund-behet-me-pushtet\/#breadcrumb\",\"itemListElement\":[{\"@type\":\"ListItem\",\"position\":1,\"name\":\"Ulqin m\u00eb n\u00eb fund b\u00ebhet me pushtet &#8211; Video\"}]},{\"@type\":\"Person\",\"@id\":\"https:\/\/www.visit-ulcinj.com\/blog\/#\/schema\/person\/dcab619c614d3038751c63bc2aadc06d\",\"name\":\"ulqini\",\"sameAs\":[\"http:\/\/www.visit-ulcinj.com\"],\"url\":\"https:\/\/www.visit-ulcinj.com\/blog\/author\/admin\/\"}]}<\/script>\n<!-- \/ Yoast SEO plugin. -->","yoast_head_json":{"title":"Ulqin m\u00eb n\u00eb fund b\u00ebhet me pushtet - Video - Lajme nga Ulqini","description":"Ulqin, 13 dhjetor - M\u00eb n\u00eb fund, n\u00eb Ulqin shpallet bashk\u00ebqeverisja q\u00eb do t\u00eb udh\u00ebheq me k\u00ebt\u00eb qytet n\u00eb kat\u00ebr vitet e ardhshme. Kryetari i Unionit Demokratik","robots":{"index":"index","follow":"follow","max-snippet":"max-snippet:-1","max-image-preview":"max-image-preview:large","max-video-preview":"max-video-preview:-1"},"canonical":"https:\/\/www.visit-ulcinj.com\/blog\/2010\/12\/13\/ulqin-me-ne-fund-behet-me-pushtet\/","og_locale":"en_US","og_type":"article","og_title":"Ulqin m\u00eb n\u00eb fund b\u00ebhet me pushtet - Video - Lajme nga Ulqini","og_description":"Ulqin, 13 dhjetor - M\u00eb n\u00eb fund, n\u00eb Ulqin shpallet bashk\u00ebqeverisja q\u00eb do t\u00eb udh\u00ebheq me k\u00ebt\u00eb qytet n\u00eb kat\u00ebr vitet e ardhshme. Kryetari i Unionit Demokratik","og_url":"https:\/\/www.visit-ulcinj.com\/blog\/2010\/12\/13\/ulqin-me-ne-fund-behet-me-pushtet\/","og_site_name":"Lajme nga Ulqini","article_published_time":"2010-12-13T16:25:13+00:00","article_modified_time":"2010-12-27T17:51:00+00:00","og_image":[{"url":"http:\/\/www.visit-ulcinj.com\/blog\/wp-content\/uploads\/2010\/12\/Ferhat-Dinosha-dhe-Luigj-Shkrela-Ulqin.jpg"}],"twitter_misc":{"Written by":"ulqini","Est. reading time":"2 minutes"},"schema":{"@context":"https:\/\/schema.org","@graph":[{"@type":"WebSite","@id":"https:\/\/www.visit-ulcinj.com\/blog\/#website","url":"https:\/\/www.visit-ulcinj.com\/blog\/","name":"Lajme nga Ulqini","description":"Lajme,Vijesti,Ulqini,Ulqin,Crna Gora,Mali i Zi","potentialAction":[{"@type":"SearchAction","target":{"@type":"EntryPoint","urlTemplate":"https:\/\/www.visit-ulcinj.com\/blog\/?s={search_term_string}"},"query-input":"required name=search_term_string"}],"inLanguage":"en-US"},{"@type":"ImageObject","inLanguage":"en-US","@id":"https:\/\/www.visit-ulcinj.com\/blog\/2010\/12\/13\/ulqin-me-ne-fund-behet-me-pushtet\/#primaryimage","url":"https:\/\/www.visit-ulcinj.com\/blog\/wp-content\/uploads\/2010\/12\/Ferhat-Dinosha-dhe-Luigj-Shkrela-Ulqin.jpg","contentUrl":"https:\/\/www.visit-ulcinj.com\/blog\/wp-content\/uploads\/2010\/12\/Ferhat-Dinosha-dhe-Luigj-Shkrela-Ulqin.jpg","width":"507","height":"376"},{"@type":"WebPage","@id":"https:\/\/www.visit-ulcinj.com\/blog\/2010\/12\/13\/ulqin-me-ne-fund-behet-me-pushtet\/#webpage","url":"https:\/\/www.visit-ulcinj.com\/blog\/2010\/12\/13\/ulqin-me-ne-fund-behet-me-pushtet\/","name":"Ulqin m\u00eb n\u00eb fund b\u00ebhet me pushtet - Video - Lajme nga Ulqini","isPartOf":{"@id":"https:\/\/www.visit-ulcinj.com\/blog\/#website"},"primaryImageOfPage":{"@id":"https:\/\/www.visit-ulcinj.com\/blog\/2010\/12\/13\/ulqin-me-ne-fund-behet-me-pushtet\/#primaryimage"},"datePublished":"2010-12-13T16:25:13+00:00","dateModified":"2010-12-27T17:51:00+00:00","author":{"@id":"https:\/\/www.visit-ulcinj.com\/blog\/#\/schema\/person\/dcab619c614d3038751c63bc2aadc06d"},"description":"Ulqin, 13 dhjetor - M\u00eb n\u00eb fund, n\u00eb Ulqin shpallet bashk\u00ebqeverisja q\u00eb do t\u00eb udh\u00ebheq me k\u00ebt\u00eb qytet n\u00eb kat\u00ebr vitet e ardhshme. Kryetari i Unionit Demokratik","breadcrumb":{"@id":"https:\/\/www.visit-ulcinj.com\/blog\/2010\/12\/13\/ulqin-me-ne-fund-behet-me-pushtet\/#breadcrumb"},"inLanguage":"en-US","potentialAction":[{"@type":"ReadAction","target":["https:\/\/www.visit-ulcinj.com\/blog\/2010\/12\/13\/ulqin-me-ne-fund-behet-me-pushtet\/"]}]},{"@type":"BreadcrumbList","@id":"https:\/\/www.visit-ulcinj.com\/blog\/2010\/12\/13\/ulqin-me-ne-fund-behet-me-pushtet\/#breadcrumb","itemListElement":[{"@type":"ListItem","position":1,"name":"Ulqin m\u00eb n\u00eb fund b\u00ebhet me pushtet &#8211; Video"}]},{"@type":"Person","@id":"https:\/\/www.visit-ulcinj.com\/blog\/#\/schema\/person\/dcab619c614d3038751c63bc2aadc06d","name":"ulqini","sameAs":["http:\/\/www.visit-ulcinj.com"],"url":"https:\/\/www.visit-ulcinj.com\/blog\/author\/admin\/"}]}},"jetpack_featured_media_url":"","jetpack_sharing_enabled":true,"jetpack_shortlink":"https:\/\/wp.me\/pe6lTn-aGq","_links":{"self":[{"href":"https:\/\/www.visit-ulcinj.com\/blog\/wp-json\/wp\/v2\/posts\/41070"}],"collection":[{"href":"https:\/\/www.visit-ulcinj.com\/blog\/wp-json\/wp\/v2\/posts"}],"about":[{"href":"https:\/\/www.visit-ulcinj.com\/blog\/wp-json\/wp\/v2\/types\/post"}],"author":[{"embeddable":true,"href":"https:\/\/www.visit-ulcinj.com\/blog\/wp-json\/wp\/v2\/users\/1"}],"replies":[{"embeddable":true,"href":"https:\/\/www.visit-ulcinj.com\/blog\/wp-json\/wp\/v2\/comments?post=41070"}],"version-history":[{"count":0,"href":"https:\/\/www.visit-ulcinj.com\/blog\/wp-json\/wp\/v2\/posts\/41070\/revisions"}],"wp:attachment":[{"href":"https:\/\/www.visit-ulcinj.com\/blog\/wp-json\/wp\/v2\/media?parent=41070"}],"wp:term":[{"taxonomy":"category","embeddable":true,"href":"https:\/\/www.visit-ulcinj.com\/blog\/wp-json\/wp\/v2\/categories?post=41070"},{"taxonomy":"post_tag","embeddable":true,"href":"https:\/\/www.visit-ulcinj.com\/blog\/wp-json\/wp\/v2\/tags?post=41070"}],"curies":[{"name":"wp","href":"https:\/\/api.w.org\/{rel}","templated":true}]}}