{"id":41078,"date":"2010-12-13T18:33:49","date_gmt":"2010-12-13T17:33:49","guid":{"rendered":"http:\/\/www.visit-ulcinj.com\/blog\/?p=41078"},"modified":"2010-12-13T18:33:49","modified_gmt":"2010-12-13T17:33:49","slug":"grupa-ulcinjskih-nvo-i-nezavisnih-intelektualaca-i-odbor-za-povracaj-maslinade-u-valdanosu","status":"publish","type":"post","link":"https:\/\/www.visit-ulcinj.com\/blog\/2010\/12\/13\/grupa-ulcinjskih-nvo-i-nezavisnih-intelektualaca-i-odbor-za-povracaj-maslinade-u-valdanosu\/","title":{"rendered":"Grupa ulcinjskih NVO i nezavisnih intelektualaca i Odbor za povra\u0107aj maslinade u Valdanosu"},"content":{"rendered":"<p><strong><a href=\"http:\/\/www.visit-ulcinj.com\/blog\/wp-content\/uploads\/2010\/12\/Grupa-ulcinjskih-NVO-i-nezavisnih-intelektualaca.jpg\"><img loading=\"lazy\" class=\"alignleft size-full wp-image-41079\" title=\"Grupa ulcinjskih NVO i nezavisnih intelektualaca\" src=\"http:\/\/www.visit-ulcinj.com\/blog\/wp-content\/uploads\/2010\/12\/Grupa-ulcinjskih-NVO-i-nezavisnih-intelektualaca.jpg\" alt=\"\" width=\"640\" height=\"480\" srcset=\"https:\/\/www.visit-ulcinj.com\/blog\/wp-content\/uploads\/2010\/12\/Grupa-ulcinjskih-NVO-i-nezavisnih-intelektualaca.jpg 640w, https:\/\/www.visit-ulcinj.com\/blog\/wp-content\/uploads\/2010\/12\/Grupa-ulcinjskih-NVO-i-nezavisnih-intelektualaca-300x225.jpg 300w\" sizes=\"(max-width: 640px) 100vw, 640px\" \/><\/a>SAOP\u0160TENJE ZA JAVNOST<\/strong><\/p>\n<p><strong>Ulcinj, 13.12.2010<\/strong><\/p>\n<p>Od strogih tenderskih uslova i gromoglasnih najava\u00a0 Vlade da \u010ditav posao oko dugoro\u010dnog zakupa za uvalu Valdanos tece po zakonu, ostala su samo pusta obe\u0107anja. Sve upucuje na to da Crna Gora dobija novu aferu, sa nesagledivim posljedicama.<\/p>\n<p>Ono \u0161to smo znali i upozoravali Vladu i javnost, pokazalo se ta\u010dnim: Cubus lux, po sopstvenom priznanju (Vijesti od 13. dec. \u201cOcekuju novac&#8230;\u201d), nema para ni bankaraskih garancija da gradi u Valdanosu!<\/p>\n<p>Poku\u0161avaju nas ubijediti da za valorizaciju tog lokaliteta postoji \u201ejak me\u0111unarodni interes\u201c. Mi to odavno znamo ali ih pitamo zasto to nije iskazano na tenderu prije dvije godine. Mi znamo da nijedna renomirana svjetska kompanija ne \u017eeli u\u0107i u projekat \u0111e jo\u0161 nijesu rije\u0161eni svojinski odnosi i da ide protiv jasno iskazane volje lokalne zajednice.<\/p>\n<p>Podsje\u0107amo da je samo dva mjeseca ranije iz Cubus luxa zvani\u010dno saop\u0161teno da \u0107e novac za projekat tra\u017eiti \u201eod lokalnih banaka u Crnoj Gori\u201c!? Cubus lux i sa njim povezane kompanije jo\u0161 nijesu uspjele da obezbjede novac ni za jedan od niza velikih projekata u Hrvatskoj, (tvrde da \u201epostoji napredak\u201c), a koji prema\u0161uju pola milijarde eura. To, naravno, nije mogu\u0107e jer se radi o maloj kompaniji koja bilje\u017ei gubitke u poslovanju posljednjih godina. A u gotovo svim tim projektima kao partner se navodi Sol Melie.<\/p>\n<p>Mi tvrdimo da se u \u201eslu\u010daju Valdanos\u201c radi o poku\u0161aju zauzimanja najkvalitetnijeg zemlji\u0161ta da bi se gradnjom i prodajom ili preprodajom vila i apartmana stekla \u0161pekulativna dobit. To sigurno nije u skladu sa razvojnim interesima Crne Gore i Ulcinja i zato ugovor o Valdanosu ne treba da bude zaklju\u010den.<\/p>\n<p>O tome nam svjedo\u010di \u010dinjenica da nijedan kupoprodajni ugovor u Ulcinju do sada nije ispo\u0161tovan! A bijahu oni zaista divni. I \u201esa vizijom\u201c! Zato mi vi\u0161e ne vjerujemo obe\u0107anjima posebno kada se radi o Valdanosu koji je za sve Ulcinjane kultno mjesto.<\/p>\n<p>Zbog svega toga pozivamo jo\u0161 jednom crnogorsku Vladu da bespotrebno i neodgovorno ne srlja u jos jednu aferu, grubo kr\u0161e\u0107i tenderske uslove, prava svojih gra\u0111ana i interese dr\u017eave Crne Gore. Smatramo da je, nakon priznanja iz Cubus luxa da nemaju novac, za na\u0161u Vladu sada pravi momenat da odustane od ovog krajnje sumnjivog i \u0161tetnog posla i ponisti tender.<\/p>\n<p>O\u010dekujemo reakciju crnogorskog Parlament koji mora za\u0161titi prava i imovinu crnogorskih gra\u0111ana i dr\u017eave Crne Gore na rtu Mendra od preko dva miliona metara kvadratnih, dok od vrhovne dr\u017eavne tu\u017eiteljke Ranku \u010carapi\u0107 zahtjevamo da odmah preduzme sve mjere iz svoje nadle\u017enosti i sprije\u010di dalju \u0161tetu.<\/p>\n<p><strong>Porucujemo takodje da mi ulcinjani koji smo svoju volju iskazali na masovnim protestima , a ne \u201cneki ulcinjani\u201d, nikada necemo odustati od svojih prava, ohrabreni i svakodnevnom podrskom kaja nam pristize iz cijele Crne Gore i sire.<br \/>\n<\/strong><\/p>\n<p>Za Grupu i Odbor,<br \/>\n<strong>D\u017eemal M. Perovi\u0107<br \/>\n<!--YouTube Error: bad URL entered--><\/strong><\/p>\n","protected":false},"excerpt":{"rendered":"<p>SAOP\u0160TENJE ZA JAVNOST Ulcinj, 13.12.2010 Od strogih tenderskih uslova i gromoglasnih najava\u00a0 Vlade da \u010ditav posao oko dugoro\u010dnog zakupa za uvalu Valdanos tece po zakonu, ostala su samo pusta obe\u0107anja. Sve upucuje na to da Crna Gora dobija novu aferu, sa nesagledivim posljedicama. Ono \u0161to smo znali i upozoravali Vladu i javnost, pokazalo se ta\u010dnim: [&hellip;]<\/p>\n","protected":false},"author":1,"featured_media":0,"comment_status":"open","ping_status":"closed","sticky":false,"template":"","format":"standard","meta":{"spay_email":"","jetpack_publicize_message":"","jetpack_is_tweetstorm":false,"jetpack_publicize_feature_enabled":true},"categories":[8337],"tags":[10777,11771,19,136,10195],"jetpack_publicize_connections":[],"yoast_head":"<!-- This site is optimized with the Yoast SEO plugin v19.1 - https:\/\/yoast.com\/wordpress\/plugins\/seo\/ -->\n<title>Grupa ulcinjskih NVO i nezavisnih intelektualaca i Odbor za povra\u0107aj maslinade u Valdanosu - Lajme nga Ulqini<\/title>\n<meta name=\"description\" content=\"SAOP\u0160TENJE ZA JAVNOST Ulcinj, 13.12.2010 Od strogih tenderskih uslova i gromoglasnih najava\u00a0 Vlade da \u010ditav posao oko dugoro\u010dnog zakupa za uvalu Valdanos\" \/>\n<meta name=\"robots\" content=\"index, follow, max-snippet:-1, max-image-preview:large, max-video-preview:-1\" \/>\n<link rel=\"canonical\" href=\"https:\/\/www.visit-ulcinj.com\/blog\/2010\/12\/13\/grupa-ulcinjskih-nvo-i-nezavisnih-intelektualaca-i-odbor-za-povracaj-maslinade-u-valdanosu\/\" \/>\n<meta property=\"og:locale\" content=\"en_US\" \/>\n<meta property=\"og:type\" content=\"article\" \/>\n<meta property=\"og:title\" content=\"Grupa ulcinjskih NVO i nezavisnih intelektualaca i Odbor za povra\u0107aj maslinade u Valdanosu - Lajme nga Ulqini\" \/>\n<meta property=\"og:description\" content=\"SAOP\u0160TENJE ZA JAVNOST Ulcinj, 13.12.2010 Od strogih tenderskih uslova i gromoglasnih najava\u00a0 Vlade da \u010ditav posao oko dugoro\u010dnog zakupa za uvalu Valdanos\" \/>\n<meta property=\"og:url\" content=\"https:\/\/www.visit-ulcinj.com\/blog\/2010\/12\/13\/grupa-ulcinjskih-nvo-i-nezavisnih-intelektualaca-i-odbor-za-povracaj-maslinade-u-valdanosu\/\" \/>\n<meta property=\"og:site_name\" content=\"Lajme nga Ulqini\" \/>\n<meta property=\"article:published_time\" content=\"2010-12-13T17:33:49+00:00\" \/>\n<meta property=\"og:image\" content=\"http:\/\/www.visit-ulcinj.com\/blog\/wp-content\/uploads\/2010\/12\/Grupa-ulcinjskih-NVO-i-nezavisnih-intelektualaca.jpg\" \/>\n<meta name=\"twitter:label1\" content=\"Written by\" \/>\n\t<meta name=\"twitter:data1\" content=\"ulqini\" \/>\n\t<meta name=\"twitter:label2\" content=\"Est. reading time\" \/>\n\t<meta name=\"twitter:data2\" content=\"2 minutes\" \/>\n<script type=\"application\/ld+json\" class=\"yoast-schema-graph\">{\"@context\":\"https:\/\/schema.org\",\"@graph\":[{\"@type\":\"WebSite\",\"@id\":\"https:\/\/www.visit-ulcinj.com\/blog\/#website\",\"url\":\"https:\/\/www.visit-ulcinj.com\/blog\/\",\"name\":\"Lajme nga Ulqini\",\"description\":\"Lajme,Vijesti,Ulqini,Ulqin,Crna Gora,Mali i Zi\",\"potentialAction\":[{\"@type\":\"SearchAction\",\"target\":{\"@type\":\"EntryPoint\",\"urlTemplate\":\"https:\/\/www.visit-ulcinj.com\/blog\/?s={search_term_string}\"},\"query-input\":\"required name=search_term_string\"}],\"inLanguage\":\"en-US\"},{\"@type\":\"ImageObject\",\"inLanguage\":\"en-US\",\"@id\":\"https:\/\/www.visit-ulcinj.com\/blog\/2010\/12\/13\/grupa-ulcinjskih-nvo-i-nezavisnih-intelektualaca-i-odbor-za-povracaj-maslinade-u-valdanosu\/#primaryimage\",\"url\":\"https:\/\/www.visit-ulcinj.com\/blog\/wp-content\/uploads\/2010\/12\/Grupa-ulcinjskih-NVO-i-nezavisnih-intelektualaca.jpg\",\"contentUrl\":\"https:\/\/www.visit-ulcinj.com\/blog\/wp-content\/uploads\/2010\/12\/Grupa-ulcinjskih-NVO-i-nezavisnih-intelektualaca.jpg\",\"width\":\"640\",\"height\":\"480\"},{\"@type\":\"WebPage\",\"@id\":\"https:\/\/www.visit-ulcinj.com\/blog\/2010\/12\/13\/grupa-ulcinjskih-nvo-i-nezavisnih-intelektualaca-i-odbor-za-povracaj-maslinade-u-valdanosu\/#webpage\",\"url\":\"https:\/\/www.visit-ulcinj.com\/blog\/2010\/12\/13\/grupa-ulcinjskih-nvo-i-nezavisnih-intelektualaca-i-odbor-za-povracaj-maslinade-u-valdanosu\/\",\"name\":\"Grupa ulcinjskih NVO i nezavisnih intelektualaca i Odbor za povra\u0107aj maslinade u Valdanosu - Lajme nga Ulqini\",\"isPartOf\":{\"@id\":\"https:\/\/www.visit-ulcinj.com\/blog\/#website\"},\"primaryImageOfPage\":{\"@id\":\"https:\/\/www.visit-ulcinj.com\/blog\/2010\/12\/13\/grupa-ulcinjskih-nvo-i-nezavisnih-intelektualaca-i-odbor-za-povracaj-maslinade-u-valdanosu\/#primaryimage\"},\"datePublished\":\"2010-12-13T17:33:49+00:00\",\"dateModified\":\"2010-12-13T17:33:49+00:00\",\"author\":{\"@id\":\"https:\/\/www.visit-ulcinj.com\/blog\/#\/schema\/person\/dcab619c614d3038751c63bc2aadc06d\"},\"description\":\"SAOP\u0160TENJE ZA JAVNOST Ulcinj, 13.12.2010 Od strogih tenderskih uslova i gromoglasnih najava\u00a0 Vlade da \u010ditav posao oko dugoro\u010dnog zakupa za uvalu Valdanos\",\"breadcrumb\":{\"@id\":\"https:\/\/www.visit-ulcinj.com\/blog\/2010\/12\/13\/grupa-ulcinjskih-nvo-i-nezavisnih-intelektualaca-i-odbor-za-povracaj-maslinade-u-valdanosu\/#breadcrumb\"},\"inLanguage\":\"en-US\",\"potentialAction\":[{\"@type\":\"ReadAction\",\"target\":[\"https:\/\/www.visit-ulcinj.com\/blog\/2010\/12\/13\/grupa-ulcinjskih-nvo-i-nezavisnih-intelektualaca-i-odbor-za-povracaj-maslinade-u-valdanosu\/\"]}]},{\"@type\":\"BreadcrumbList\",\"@id\":\"https:\/\/www.visit-ulcinj.com\/blog\/2010\/12\/13\/grupa-ulcinjskih-nvo-i-nezavisnih-intelektualaca-i-odbor-za-povracaj-maslinade-u-valdanosu\/#breadcrumb\",\"itemListElement\":[{\"@type\":\"ListItem\",\"position\":1,\"name\":\"Grupa ulcinjskih NVO i nezavisnih intelektualaca i Odbor za povra\u0107aj maslinade u Valdanosu\"}]},{\"@type\":\"Person\",\"@id\":\"https:\/\/www.visit-ulcinj.com\/blog\/#\/schema\/person\/dcab619c614d3038751c63bc2aadc06d\",\"name\":\"ulqini\",\"sameAs\":[\"http:\/\/www.visit-ulcinj.com\"],\"url\":\"https:\/\/www.visit-ulcinj.com\/blog\/author\/admin\/\"}]}<\/script>\n<!-- \/ Yoast SEO plugin. -->","yoast_head_json":{"title":"Grupa ulcinjskih NVO i nezavisnih intelektualaca i Odbor za povra\u0107aj maslinade u Valdanosu - Lajme nga Ulqini","description":"SAOP\u0160TENJE ZA JAVNOST Ulcinj, 13.12.2010 Od strogih tenderskih uslova i gromoglasnih najava\u00a0 Vlade da \u010ditav posao oko dugoro\u010dnog zakupa za uvalu Valdanos","robots":{"index":"index","follow":"follow","max-snippet":"max-snippet:-1","max-image-preview":"max-image-preview:large","max-video-preview":"max-video-preview:-1"},"canonical":"https:\/\/www.visit-ulcinj.com\/blog\/2010\/12\/13\/grupa-ulcinjskih-nvo-i-nezavisnih-intelektualaca-i-odbor-za-povracaj-maslinade-u-valdanosu\/","og_locale":"en_US","og_type":"article","og_title":"Grupa ulcinjskih NVO i nezavisnih intelektualaca i Odbor za povra\u0107aj maslinade u Valdanosu - Lajme nga Ulqini","og_description":"SAOP\u0160TENJE ZA JAVNOST Ulcinj, 13.12.2010 Od strogih tenderskih uslova i gromoglasnih najava\u00a0 Vlade da \u010ditav posao oko dugoro\u010dnog zakupa za uvalu Valdanos","og_url":"https:\/\/www.visit-ulcinj.com\/blog\/2010\/12\/13\/grupa-ulcinjskih-nvo-i-nezavisnih-intelektualaca-i-odbor-za-povracaj-maslinade-u-valdanosu\/","og_site_name":"Lajme nga Ulqini","article_published_time":"2010-12-13T17:33:49+00:00","og_image":[{"url":"http:\/\/www.visit-ulcinj.com\/blog\/wp-content\/uploads\/2010\/12\/Grupa-ulcinjskih-NVO-i-nezavisnih-intelektualaca.jpg"}],"twitter_misc":{"Written by":"ulqini","Est. reading time":"2 minutes"},"schema":{"@context":"https:\/\/schema.org","@graph":[{"@type":"WebSite","@id":"https:\/\/www.visit-ulcinj.com\/blog\/#website","url":"https:\/\/www.visit-ulcinj.com\/blog\/","name":"Lajme nga Ulqini","description":"Lajme,Vijesti,Ulqini,Ulqin,Crna Gora,Mali i Zi","potentialAction":[{"@type":"SearchAction","target":{"@type":"EntryPoint","urlTemplate":"https:\/\/www.visit-ulcinj.com\/blog\/?s={search_term_string}"},"query-input":"required name=search_term_string"}],"inLanguage":"en-US"},{"@type":"ImageObject","inLanguage":"en-US","@id":"https:\/\/www.visit-ulcinj.com\/blog\/2010\/12\/13\/grupa-ulcinjskih-nvo-i-nezavisnih-intelektualaca-i-odbor-za-povracaj-maslinade-u-valdanosu\/#primaryimage","url":"https:\/\/www.visit-ulcinj.com\/blog\/wp-content\/uploads\/2010\/12\/Grupa-ulcinjskih-NVO-i-nezavisnih-intelektualaca.jpg","contentUrl":"https:\/\/www.visit-ulcinj.com\/blog\/wp-content\/uploads\/2010\/12\/Grupa-ulcinjskih-NVO-i-nezavisnih-intelektualaca.jpg","width":"640","height":"480"},{"@type":"WebPage","@id":"https:\/\/www.visit-ulcinj.com\/blog\/2010\/12\/13\/grupa-ulcinjskih-nvo-i-nezavisnih-intelektualaca-i-odbor-za-povracaj-maslinade-u-valdanosu\/#webpage","url":"https:\/\/www.visit-ulcinj.com\/blog\/2010\/12\/13\/grupa-ulcinjskih-nvo-i-nezavisnih-intelektualaca-i-odbor-za-povracaj-maslinade-u-valdanosu\/","name":"Grupa ulcinjskih NVO i nezavisnih intelektualaca i Odbor za povra\u0107aj maslinade u Valdanosu - Lajme nga Ulqini","isPartOf":{"@id":"https:\/\/www.visit-ulcinj.com\/blog\/#website"},"primaryImageOfPage":{"@id":"https:\/\/www.visit-ulcinj.com\/blog\/2010\/12\/13\/grupa-ulcinjskih-nvo-i-nezavisnih-intelektualaca-i-odbor-za-povracaj-maslinade-u-valdanosu\/#primaryimage"},"datePublished":"2010-12-13T17:33:49+00:00","dateModified":"2010-12-13T17:33:49+00:00","author":{"@id":"https:\/\/www.visit-ulcinj.com\/blog\/#\/schema\/person\/dcab619c614d3038751c63bc2aadc06d"},"description":"SAOP\u0160TENJE ZA JAVNOST Ulcinj, 13.12.2010 Od strogih tenderskih uslova i gromoglasnih najava\u00a0 Vlade da \u010ditav posao oko dugoro\u010dnog zakupa za uvalu Valdanos","breadcrumb":{"@id":"https:\/\/www.visit-ulcinj.com\/blog\/2010\/12\/13\/grupa-ulcinjskih-nvo-i-nezavisnih-intelektualaca-i-odbor-za-povracaj-maslinade-u-valdanosu\/#breadcrumb"},"inLanguage":"en-US","potentialAction":[{"@type":"ReadAction","target":["https:\/\/www.visit-ulcinj.com\/blog\/2010\/12\/13\/grupa-ulcinjskih-nvo-i-nezavisnih-intelektualaca-i-odbor-za-povracaj-maslinade-u-valdanosu\/"]}]},{"@type":"BreadcrumbList","@id":"https:\/\/www.visit-ulcinj.com\/blog\/2010\/12\/13\/grupa-ulcinjskih-nvo-i-nezavisnih-intelektualaca-i-odbor-za-povracaj-maslinade-u-valdanosu\/#breadcrumb","itemListElement":[{"@type":"ListItem","position":1,"name":"Grupa ulcinjskih NVO i nezavisnih intelektualaca i Odbor za povra\u0107aj maslinade u Valdanosu"}]},{"@type":"Person","@id":"https:\/\/www.visit-ulcinj.com\/blog\/#\/schema\/person\/dcab619c614d3038751c63bc2aadc06d","name":"ulqini","sameAs":["http:\/\/www.visit-ulcinj.com"],"url":"https:\/\/www.visit-ulcinj.com\/blog\/author\/admin\/"}]}},"jetpack_featured_media_url":"","jetpack_sharing_enabled":true,"jetpack_shortlink":"https:\/\/wp.me\/pe6lTn-aGy","_links":{"self":[{"href":"https:\/\/www.visit-ulcinj.com\/blog\/wp-json\/wp\/v2\/posts\/41078"}],"collection":[{"href":"https:\/\/www.visit-ulcinj.com\/blog\/wp-json\/wp\/v2\/posts"}],"about":[{"href":"https:\/\/www.visit-ulcinj.com\/blog\/wp-json\/wp\/v2\/types\/post"}],"author":[{"embeddable":true,"href":"https:\/\/www.visit-ulcinj.com\/blog\/wp-json\/wp\/v2\/users\/1"}],"replies":[{"embeddable":true,"href":"https:\/\/www.visit-ulcinj.com\/blog\/wp-json\/wp\/v2\/comments?post=41078"}],"version-history":[{"count":0,"href":"https:\/\/www.visit-ulcinj.com\/blog\/wp-json\/wp\/v2\/posts\/41078\/revisions"}],"wp:attachment":[{"href":"https:\/\/www.visit-ulcinj.com\/blog\/wp-json\/wp\/v2\/media?parent=41078"}],"wp:term":[{"taxonomy":"category","embeddable":true,"href":"https:\/\/www.visit-ulcinj.com\/blog\/wp-json\/wp\/v2\/categories?post=41078"},{"taxonomy":"post_tag","embeddable":true,"href":"https:\/\/www.visit-ulcinj.com\/blog\/wp-json\/wp\/v2\/tags?post=41078"}],"curies":[{"name":"wp","href":"https:\/\/api.w.org\/{rel}","templated":true}]}}