{"id":41088,"date":"2010-12-14T15:26:02","date_gmt":"2010-12-14T14:26:02","guid":{"rendered":"http:\/\/www.visit-ulcinj.com\/blog\/?p=41088"},"modified":"2010-12-14T15:27:23","modified_gmt":"2010-12-14T14:27:23","slug":"shqiperia-e-mali-i-zi-nenshkruajne-memorandumin-per-thellimin-e-bunes","status":"publish","type":"post","link":"https:\/\/www.visit-ulcinj.com\/blog\/2010\/12\/14\/shqiperia-e-mali-i-zi-nenshkruajne-memorandumin-per-thellimin-e-bunes\/","title":{"rendered":"Shqip\u00ebria e Mali i Zi n\u00ebnshkruajn\u00eb memorandumin  p\u00ebr thellimin e Bun\u00ebs"},"content":{"rendered":"<p><strong><a href=\"http:\/\/www.visit-ulcinj.com\/blog\/wp-content\/uploads\/2010\/12\/Rregullimi-i-shtratit-te-lumit-Buna.17.jpg\"><img loading=\"lazy\" class=\"alignleft size-full wp-image-41089\" title=\"Rregullimi-i-shtratit-te-lumit-Buna.17\" src=\"http:\/\/www.visit-ulcinj.com\/blog\/wp-content\/uploads\/2010\/12\/Rregullimi-i-shtratit-te-lumit-Buna.17.jpg\" alt=\"\" width=\"604\" height=\"406\" srcset=\"https:\/\/www.visit-ulcinj.com\/blog\/wp-content\/uploads\/2010\/12\/Rregullimi-i-shtratit-te-lumit-Buna.17.jpg 604w, https:\/\/www.visit-ulcinj.com\/blog\/wp-content\/uploads\/2010\/12\/Rregullimi-i-shtratit-te-lumit-Buna.17-300x201.jpg 300w\" sizes=\"(max-width: 604px) 100vw, 604px\" \/><\/a>Permbytjet, firmoset memorandumi p\u00ebr thellimin e Bun\u00ebs<\/strong><br \/>\nSHKODER<strong> &#8211; <\/strong>Shqip\u00ebria e Mali i Zi n\u00ebnshkruajn\u00eb memorandumin e bashk\u00ebpunimit p\u00ebr thellimin e Bun\u00ebs. Memorandumi synon pastrimin e shtratit dhe largimin e t\u00eb gjitha pengesave artificiale si: mbeturinave t\u00eb urave t\u00eb shkat\u00ebrruara, anijeve t\u00eb mbytura, mbetjeve nga drunjt\u00eb etj. Pastrimin e shtratit rreth urave ekzistuese p\u00ebr t\u00eb parandaluar ngadal\u00ebsimin e rrjedhshm\u00ebris\u00eb p\u00ebrgjat\u00eb lumit t\u00eb Bun\u00ebs; thellimin, zgjerimin (ku \u00ebsht\u00eb e mundur) dhe rehabilitimin e shtratit t\u00eb lumit t\u00eb Bun\u00ebs; pastrimin e gryk\u00ebderdhjes s\u00eb lumit t\u00eb Bun\u00ebs n\u00eb det; rishqyrtimin e kuotave t\u00eb argjinatur\u00ebs.<br \/>\nMemorandumi u firmos sot ne Shkoder nga ministrat e Mjedisit te dy vendeve, p\u00ebrkat\u00ebsisht ministri shqiptar i Mjedisit , Fatmir Mediu dhe homologu i tij malazez, Milutin Simovic<strong>.<br \/>\n<\/strong>\u201cT\u00eb dyja shtetet kemi p\u00ebrjetuar momente t\u00eb v\u00ebshtira nga p\u00ebrmbytjet\u201d-deklaroi ministri malazez i Mjedisit, duke shprehur gadishm\u00ebrin\u00eb n\u00eb cdo koh\u00eb p\u00ebr realizimin e projekteve. Por- shtoi Simovic- projekti k\u00ebrkon koh\u00eb. Nga ana e tij ministri Mediu u shpreh se projektet do t\u00eb jen\u00eb t\u00eb p\u00ebrbashk\u00ebta dhe cdo nd\u00ebrhyrje n\u00eb Bun\u00eb do t\u00eb b\u00ebhet me miratimin e t\u00eb dyja pal\u00ebve.<br \/>\nMinistri shqiptar informoi se sot ka nisur puna n\u00eb gryk\u00ebderdhjen e Bun\u00ebs dhe se \u201ebrenda muajit mars do t\u00eb paraqesim projekte afatmesme p\u00ebr nd\u00ebryhjen n\u00eb Bun\u00eb q\u00eb t\u00eb minimizohet rreziku i p\u00ebrmbytjeve.<\/p>\n<p><strong>BalkanWeb<br \/>\n\n\t\t<style type=\"text\/css\">\n\t\t\t#gallery-1 {\n\t\t\t\tmargin: auto;\n\t\t\t}\n\t\t\t#gallery-1 .gallery-item {\n\t\t\t\tfloat: left;\n\t\t\t\tmargin-top: 10px;\n\t\t\t\ttext-align: center;\n\t\t\t\twidth: 33%;\n\t\t\t}\n\t\t\t#gallery-1 img {\n\t\t\t\tborder: 2px solid #cfcfcf;\n\t\t\t}\n\t\t\t#gallery-1 .gallery-caption {\n\t\t\t\tmargin-left: 0;\n\t\t\t}\n\t\t\t\/* see gallery_shortcode() in wp-includes\/media.php *\/\n\t\t<\/style>\n\t\t<div id='gallery-1' class='gallery galleryid-41088 gallery-columns-3 gallery-size-thumbnail'><dl class='gallery-item'>\n\t\t\t<dt class='gallery-icon landscape'>\n\t\t\t\t<a href='https:\/\/www.visit-ulcinj.com\/blog\/wp-content\/uploads\/2010\/12\/Rregullimi-i-shtratit-te-lumit-Buna.17.jpg'><img width=\"150\" height=\"150\" src=\"https:\/\/www.visit-ulcinj.com\/blog\/wp-content\/uploads\/2010\/12\/Rregullimi-i-shtratit-te-lumit-Buna.17-150x150.jpg\" class=\"attachment-thumbnail size-thumbnail\" alt=\"\" loading=\"lazy\" \/><\/a>\n\t\t\t<\/dt><\/dl><dl class='gallery-item'>\n\t\t\t<dt class='gallery-icon portrait'>\n\t\t\t\t<a href='https:\/\/www.visit-ulcinj.com\/blog\/wp-content\/uploads\/2010\/12\/Rregullimi-i-shtratit-te-lumit-Buna.111.jpg'><img width=\"150\" height=\"150\" src=\"https:\/\/www.visit-ulcinj.com\/blog\/wp-content\/uploads\/2010\/12\/Rregullimi-i-shtratit-te-lumit-Buna.111-150x150.jpg\" class=\"attachment-thumbnail size-thumbnail\" alt=\"\" loading=\"lazy\" \/><\/a>\n\t\t\t<\/dt><\/dl><dl class='gallery-item'>\n\t\t\t<dt class='gallery-icon landscape'>\n\t\t\t\t<a href='https:\/\/www.visit-ulcinj.com\/blog\/wp-content\/uploads\/2010\/12\/Rregullimi-i-shtratit-te-lumit-Buna.101.jpg'><img width=\"150\" height=\"150\" src=\"https:\/\/www.visit-ulcinj.com\/blog\/wp-content\/uploads\/2010\/12\/Rregullimi-i-shtratit-te-lumit-Buna.101-150x150.jpg\" class=\"attachment-thumbnail size-thumbnail\" alt=\"\" loading=\"lazy\" \/><\/a>\n\t\t\t<\/dt><\/dl><br style=\"clear: both\" \/>\n\t\t<\/div>\n<br \/>\n<\/strong><br \/>\n<strong>LAJME LIVE NGA NEWS24<\/strong><\/p>\n<p><object id=\"player1\" classid=\"clsid:d27cdb6e-ae6d-11cf-96b8-444553540000\" width=\"490\" height=\"390\" codebase=\"http:\/\/download.macromedia.com\/pub\/shockwave\/cabs\/flash\/swflash.cab#version=6,0,40,0\"><param name=\"name\" value=\"player\" \/><param name=\"flashvars\" value=\"streamer=rtmp:\/\/69.65.38.54\/live&amp;file=news24.flv&amp;controlbar=over&amp;autostart=true&amp;plugins=tipjar-1&amp;tipjar.&amp;tipjar.text=.&amp;tipjar.business=&amp;tipjar.show_pause=true\" \/><param name=\"src\" value=\"http:\/\/player.longtailvideo.com\/player4.6.swf\" \/><param name=\"wmode\" value=\"transparent\" \/><param name=\"allowfullscreen\" value=\"true\" \/><\/object><\/p>\n","protected":false},"excerpt":{"rendered":"<p>Permbytjet, firmoset memorandumi p\u00ebr thellimin e Bun\u00ebs SHKODER &#8211; Shqip\u00ebria e Mali i Zi n\u00ebnshkruajn\u00eb memorandumin e bashk\u00ebpunimit p\u00ebr thellimin e Bun\u00ebs. Memorandumi synon pastrimin e shtratit dhe largimin e t\u00eb gjitha pengesave artificiale si: mbeturinave t\u00eb urave t\u00eb shkat\u00ebrruara, anijeve t\u00eb mbytura, mbetjeve nga drunjt\u00eb etj. Pastrimin e shtratit rreth urave ekzistuese p\u00ebr t\u00eb [&hellip;]<\/p>\n","protected":false},"author":1,"featured_media":0,"comment_status":"open","ping_status":"closed","sticky":false,"template":"","format":"standard","meta":{"spay_email":"","jetpack_publicize_message":"","jetpack_is_tweetstorm":false,"jetpack_publicize_feature_enabled":true},"categories":[1],"tags":[95,41,50,16641,200],"jetpack_publicize_connections":[],"yoast_head":"<!-- This site is optimized with the Yoast SEO plugin v19.1 - https:\/\/yoast.com\/wordpress\/plugins\/seo\/ -->\n<title>Shqip\u00ebria e Mali i Zi n\u00ebnshkruajn\u00eb memorandumin p\u00ebr thellimin e Bun\u00ebs - Lajme nga Ulqini<\/title>\n<meta name=\"description\" content=\"Permbytjet, firmoset memorandumi p\u00ebr thellimin e Bun\u00ebs SHKODER - Shqip\u00ebria e Mali i Zi n\u00ebnshkruajn\u00eb memorandumin e bashk\u00ebpunimit p\u00ebr thellimin e Bun\u00ebs.\" \/>\n<meta name=\"robots\" content=\"index, follow, max-snippet:-1, max-image-preview:large, max-video-preview:-1\" \/>\n<link rel=\"canonical\" href=\"https:\/\/www.visit-ulcinj.com\/blog\/2010\/12\/14\/shqiperia-e-mali-i-zi-nenshkruajne-memorandumin-per-thellimin-e-bunes\/\" \/>\n<meta property=\"og:locale\" content=\"en_US\" \/>\n<meta property=\"og:type\" content=\"article\" \/>\n<meta property=\"og:title\" content=\"Shqip\u00ebria e Mali i Zi n\u00ebnshkruajn\u00eb memorandumin p\u00ebr thellimin e Bun\u00ebs - Lajme nga Ulqini\" \/>\n<meta property=\"og:description\" content=\"Permbytjet, firmoset memorandumi p\u00ebr thellimin e Bun\u00ebs SHKODER - Shqip\u00ebria e Mali i Zi n\u00ebnshkruajn\u00eb memorandumin e bashk\u00ebpunimit p\u00ebr thellimin e Bun\u00ebs.\" \/>\n<meta property=\"og:url\" content=\"https:\/\/www.visit-ulcinj.com\/blog\/2010\/12\/14\/shqiperia-e-mali-i-zi-nenshkruajne-memorandumin-per-thellimin-e-bunes\/\" \/>\n<meta property=\"og:site_name\" content=\"Lajme nga Ulqini\" \/>\n<meta property=\"article:published_time\" content=\"2010-12-14T14:26:02+00:00\" \/>\n<meta property=\"article:modified_time\" content=\"2010-12-14T14:27:23+00:00\" \/>\n<meta property=\"og:image\" content=\"https:\/\/www.visit-ulcinj.com\/blog\/wp-content\/uploads\/2010\/12\/Rregullimi-i-shtratit-te-lumit-Buna.101-150x150.jpg\" \/>\n<meta name=\"twitter:label1\" content=\"Written by\" \/>\n\t<meta name=\"twitter:data1\" content=\"ulqini\" \/>\n\t<meta name=\"twitter:label2\" content=\"Est. reading time\" \/>\n\t<meta name=\"twitter:data2\" content=\"1 minute\" \/>\n<script type=\"application\/ld+json\" class=\"yoast-schema-graph\">{\"@context\":\"https:\/\/schema.org\",\"@graph\":[{\"@type\":\"WebSite\",\"@id\":\"https:\/\/www.visit-ulcinj.com\/blog\/#website\",\"url\":\"https:\/\/www.visit-ulcinj.com\/blog\/\",\"name\":\"Lajme nga Ulqini\",\"description\":\"Lajme,Vijesti,Ulqini,Ulqin,Crna Gora,Mali i Zi\",\"potentialAction\":[{\"@type\":\"SearchAction\",\"target\":{\"@type\":\"EntryPoint\",\"urlTemplate\":\"https:\/\/www.visit-ulcinj.com\/blog\/?s={search_term_string}\"},\"query-input\":\"required name=search_term_string\"}],\"inLanguage\":\"en-US\"},{\"@type\":\"ImageObject\",\"inLanguage\":\"en-US\",\"@id\":\"https:\/\/www.visit-ulcinj.com\/blog\/2010\/12\/14\/shqiperia-e-mali-i-zi-nenshkruajne-memorandumin-per-thellimin-e-bunes\/#primaryimage\",\"url\":\"https:\/\/www.visit-ulcinj.com\/blog\/wp-content\/uploads\/2010\/12\/Rregullimi-i-shtratit-te-lumit-Buna.17.jpg\",\"contentUrl\":\"https:\/\/www.visit-ulcinj.com\/blog\/wp-content\/uploads\/2010\/12\/Rregullimi-i-shtratit-te-lumit-Buna.17.jpg\",\"width\":\"604\",\"height\":\"406\"},{\"@type\":\"WebPage\",\"@id\":\"https:\/\/www.visit-ulcinj.com\/blog\/2010\/12\/14\/shqiperia-e-mali-i-zi-nenshkruajne-memorandumin-per-thellimin-e-bunes\/#webpage\",\"url\":\"https:\/\/www.visit-ulcinj.com\/blog\/2010\/12\/14\/shqiperia-e-mali-i-zi-nenshkruajne-memorandumin-per-thellimin-e-bunes\/\",\"name\":\"Shqip\u00ebria e Mali i Zi n\u00ebnshkruajn\u00eb memorandumin p\u00ebr thellimin e Bun\u00ebs - Lajme nga Ulqini\",\"isPartOf\":{\"@id\":\"https:\/\/www.visit-ulcinj.com\/blog\/#website\"},\"primaryImageOfPage\":{\"@id\":\"https:\/\/www.visit-ulcinj.com\/blog\/2010\/12\/14\/shqiperia-e-mali-i-zi-nenshkruajne-memorandumin-per-thellimin-e-bunes\/#primaryimage\"},\"datePublished\":\"2010-12-14T14:26:02+00:00\",\"dateModified\":\"2010-12-14T14:27:23+00:00\",\"author\":{\"@id\":\"https:\/\/www.visit-ulcinj.com\/blog\/#\/schema\/person\/dcab619c614d3038751c63bc2aadc06d\"},\"description\":\"Permbytjet, firmoset memorandumi p\u00ebr thellimin e Bun\u00ebs SHKODER - Shqip\u00ebria e Mali i Zi n\u00ebnshkruajn\u00eb memorandumin e bashk\u00ebpunimit p\u00ebr thellimin e Bun\u00ebs.\",\"breadcrumb\":{\"@id\":\"https:\/\/www.visit-ulcinj.com\/blog\/2010\/12\/14\/shqiperia-e-mali-i-zi-nenshkruajne-memorandumin-per-thellimin-e-bunes\/#breadcrumb\"},\"inLanguage\":\"en-US\",\"potentialAction\":[{\"@type\":\"ReadAction\",\"target\":[\"https:\/\/www.visit-ulcinj.com\/blog\/2010\/12\/14\/shqiperia-e-mali-i-zi-nenshkruajne-memorandumin-per-thellimin-e-bunes\/\"]}]},{\"@type\":\"BreadcrumbList\",\"@id\":\"https:\/\/www.visit-ulcinj.com\/blog\/2010\/12\/14\/shqiperia-e-mali-i-zi-nenshkruajne-memorandumin-per-thellimin-e-bunes\/#breadcrumb\",\"itemListElement\":[{\"@type\":\"ListItem\",\"position\":1,\"name\":\"Shqip\u00ebria e Mali i Zi n\u00ebnshkruajn\u00eb memorandumin p\u00ebr thellimin e Bun\u00ebs\"}]},{\"@type\":\"Person\",\"@id\":\"https:\/\/www.visit-ulcinj.com\/blog\/#\/schema\/person\/dcab619c614d3038751c63bc2aadc06d\",\"name\":\"ulqini\",\"sameAs\":[\"http:\/\/www.visit-ulcinj.com\"],\"url\":\"https:\/\/www.visit-ulcinj.com\/blog\/author\/admin\/\"}]}<\/script>\n<!-- \/ Yoast SEO plugin. -->","yoast_head_json":{"title":"Shqip\u00ebria e Mali i Zi n\u00ebnshkruajn\u00eb memorandumin p\u00ebr thellimin e Bun\u00ebs - Lajme nga Ulqini","description":"Permbytjet, firmoset memorandumi p\u00ebr thellimin e Bun\u00ebs SHKODER - Shqip\u00ebria e Mali i Zi n\u00ebnshkruajn\u00eb memorandumin e bashk\u00ebpunimit p\u00ebr thellimin e Bun\u00ebs.","robots":{"index":"index","follow":"follow","max-snippet":"max-snippet:-1","max-image-preview":"max-image-preview:large","max-video-preview":"max-video-preview:-1"},"canonical":"https:\/\/www.visit-ulcinj.com\/blog\/2010\/12\/14\/shqiperia-e-mali-i-zi-nenshkruajne-memorandumin-per-thellimin-e-bunes\/","og_locale":"en_US","og_type":"article","og_title":"Shqip\u00ebria e Mali i Zi n\u00ebnshkruajn\u00eb memorandumin p\u00ebr thellimin e Bun\u00ebs - Lajme nga Ulqini","og_description":"Permbytjet, firmoset memorandumi p\u00ebr thellimin e Bun\u00ebs SHKODER - Shqip\u00ebria e Mali i Zi n\u00ebnshkruajn\u00eb memorandumin e bashk\u00ebpunimit p\u00ebr thellimin e Bun\u00ebs.","og_url":"https:\/\/www.visit-ulcinj.com\/blog\/2010\/12\/14\/shqiperia-e-mali-i-zi-nenshkruajne-memorandumin-per-thellimin-e-bunes\/","og_site_name":"Lajme nga Ulqini","article_published_time":"2010-12-14T14:26:02+00:00","article_modified_time":"2010-12-14T14:27:23+00:00","og_image":[{"url":"https:\/\/www.visit-ulcinj.com\/blog\/wp-content\/uploads\/2010\/12\/Rregullimi-i-shtratit-te-lumit-Buna.101-150x150.jpg"}],"twitter_misc":{"Written by":"ulqini","Est. reading time":"1 minute"},"schema":{"@context":"https:\/\/schema.org","@graph":[{"@type":"WebSite","@id":"https:\/\/www.visit-ulcinj.com\/blog\/#website","url":"https:\/\/www.visit-ulcinj.com\/blog\/","name":"Lajme nga Ulqini","description":"Lajme,Vijesti,Ulqini,Ulqin,Crna Gora,Mali i Zi","potentialAction":[{"@type":"SearchAction","target":{"@type":"EntryPoint","urlTemplate":"https:\/\/www.visit-ulcinj.com\/blog\/?s={search_term_string}"},"query-input":"required name=search_term_string"}],"inLanguage":"en-US"},{"@type":"ImageObject","inLanguage":"en-US","@id":"https:\/\/www.visit-ulcinj.com\/blog\/2010\/12\/14\/shqiperia-e-mali-i-zi-nenshkruajne-memorandumin-per-thellimin-e-bunes\/#primaryimage","url":"https:\/\/www.visit-ulcinj.com\/blog\/wp-content\/uploads\/2010\/12\/Rregullimi-i-shtratit-te-lumit-Buna.17.jpg","contentUrl":"https:\/\/www.visit-ulcinj.com\/blog\/wp-content\/uploads\/2010\/12\/Rregullimi-i-shtratit-te-lumit-Buna.17.jpg","width":"604","height":"406"},{"@type":"WebPage","@id":"https:\/\/www.visit-ulcinj.com\/blog\/2010\/12\/14\/shqiperia-e-mali-i-zi-nenshkruajne-memorandumin-per-thellimin-e-bunes\/#webpage","url":"https:\/\/www.visit-ulcinj.com\/blog\/2010\/12\/14\/shqiperia-e-mali-i-zi-nenshkruajne-memorandumin-per-thellimin-e-bunes\/","name":"Shqip\u00ebria e Mali i Zi n\u00ebnshkruajn\u00eb memorandumin p\u00ebr thellimin e Bun\u00ebs - Lajme nga Ulqini","isPartOf":{"@id":"https:\/\/www.visit-ulcinj.com\/blog\/#website"},"primaryImageOfPage":{"@id":"https:\/\/www.visit-ulcinj.com\/blog\/2010\/12\/14\/shqiperia-e-mali-i-zi-nenshkruajne-memorandumin-per-thellimin-e-bunes\/#primaryimage"},"datePublished":"2010-12-14T14:26:02+00:00","dateModified":"2010-12-14T14:27:23+00:00","author":{"@id":"https:\/\/www.visit-ulcinj.com\/blog\/#\/schema\/person\/dcab619c614d3038751c63bc2aadc06d"},"description":"Permbytjet, firmoset memorandumi p\u00ebr thellimin e Bun\u00ebs SHKODER - Shqip\u00ebria e Mali i Zi n\u00ebnshkruajn\u00eb memorandumin e bashk\u00ebpunimit p\u00ebr thellimin e Bun\u00ebs.","breadcrumb":{"@id":"https:\/\/www.visit-ulcinj.com\/blog\/2010\/12\/14\/shqiperia-e-mali-i-zi-nenshkruajne-memorandumin-per-thellimin-e-bunes\/#breadcrumb"},"inLanguage":"en-US","potentialAction":[{"@type":"ReadAction","target":["https:\/\/www.visit-ulcinj.com\/blog\/2010\/12\/14\/shqiperia-e-mali-i-zi-nenshkruajne-memorandumin-per-thellimin-e-bunes\/"]}]},{"@type":"BreadcrumbList","@id":"https:\/\/www.visit-ulcinj.com\/blog\/2010\/12\/14\/shqiperia-e-mali-i-zi-nenshkruajne-memorandumin-per-thellimin-e-bunes\/#breadcrumb","itemListElement":[{"@type":"ListItem","position":1,"name":"Shqip\u00ebria e Mali i Zi n\u00ebnshkruajn\u00eb memorandumin p\u00ebr thellimin e Bun\u00ebs"}]},{"@type":"Person","@id":"https:\/\/www.visit-ulcinj.com\/blog\/#\/schema\/person\/dcab619c614d3038751c63bc2aadc06d","name":"ulqini","sameAs":["http:\/\/www.visit-ulcinj.com"],"url":"https:\/\/www.visit-ulcinj.com\/blog\/author\/admin\/"}]}},"jetpack_featured_media_url":"","jetpack_sharing_enabled":true,"jetpack_shortlink":"https:\/\/wp.me\/pe6lTn-aGI","_links":{"self":[{"href":"https:\/\/www.visit-ulcinj.com\/blog\/wp-json\/wp\/v2\/posts\/41088"}],"collection":[{"href":"https:\/\/www.visit-ulcinj.com\/blog\/wp-json\/wp\/v2\/posts"}],"about":[{"href":"https:\/\/www.visit-ulcinj.com\/blog\/wp-json\/wp\/v2\/types\/post"}],"author":[{"embeddable":true,"href":"https:\/\/www.visit-ulcinj.com\/blog\/wp-json\/wp\/v2\/users\/1"}],"replies":[{"embeddable":true,"href":"https:\/\/www.visit-ulcinj.com\/blog\/wp-json\/wp\/v2\/comments?post=41088"}],"version-history":[{"count":0,"href":"https:\/\/www.visit-ulcinj.com\/blog\/wp-json\/wp\/v2\/posts\/41088\/revisions"}],"wp:attachment":[{"href":"https:\/\/www.visit-ulcinj.com\/blog\/wp-json\/wp\/v2\/media?parent=41088"}],"wp:term":[{"taxonomy":"category","embeddable":true,"href":"https:\/\/www.visit-ulcinj.com\/blog\/wp-json\/wp\/v2\/categories?post=41088"},{"taxonomy":"post_tag","embeddable":true,"href":"https:\/\/www.visit-ulcinj.com\/blog\/wp-json\/wp\/v2\/tags?post=41088"}],"curies":[{"name":"wp","href":"https:\/\/api.w.org\/{rel}","templated":true}]}}