{"id":4110,"date":"2008-10-10T13:43:13","date_gmt":"2008-10-10T18:43:13","guid":{"rendered":"http:\/\/www.visit-ulcinj.com\/blog\/?p=4110"},"modified":"2008-10-17T13:20:23","modified_gmt":"2008-10-17T18:20:23","slug":"kumtese-buxheti-i-komunes-se-ulqini","status":"publish","type":"post","link":"https:\/\/www.visit-ulcinj.com\/blog\/2008\/10\/10\/kumtese-buxheti-i-komunes-se-ulqini\/","title":{"rendered":"Kumtes\u00eb &#8211; Buxheti i Komun\u00ebs s\u00eb Ulqini"},"content":{"rendered":"<p><a href=\"http:\/\/www.visit-ulcinj.com\/blog\/wp-content\/uploads\/2008\/10\/tribuna-me-qytetar-te-ulqinit.jpg\"><img loading=\"lazy\" class=\"alignleft size-medium wp-image-4111\" title=\"tribuna-me-qytetar-te-ulqinit\" src=\"http:\/\/www.visit-ulcinj.com\/blog\/wp-content\/uploads\/2008\/10\/tribuna-me-qytetar-te-ulqinit-300x240.jpg\" alt=\"\" width=\"300\" height=\"240\" srcset=\"https:\/\/www.visit-ulcinj.com\/blog\/wp-content\/uploads\/2008\/10\/tribuna-me-qytetar-te-ulqinit-300x240.jpg 300w, https:\/\/www.visit-ulcinj.com\/blog\/wp-content\/uploads\/2008\/10\/tribuna-me-qytetar-te-ulqinit.jpg 420w\" sizes=\"(max-width: 300px) 100vw, 300px\" \/><\/a>N\u00eb Ulqin vazhdimisht \u00ebsht\u00eb v\u00ebshtir\u00eb t\u00eb vihet deri tek informatat e v\u00ebrteta mbi gjendjen dhe realizimin e buxhetit p\u00ebr vitin2008. Kemi arritur t\u00eb fitojm\u00eb zyrtarisht vet\u00ebm raportin mbi t\u00eb ardhurat e arritura p\u00ebr tet\u00eb muajt e par\u00eb t\u00eb vitit q\u00eb vijon. Pra, p\u00ebr shpenzime sekretariati p\u00ebrgjegj\u00ebs nuk don\u00eb t\u00eb informojn\u00eb ask\u00ebnd.<br \/>\nP\u00ebr fat t\u00eb keq, t\u00eb ardhurat e buxhetit p\u00ebrtet\u00eb muajt e par\u00eb jan\u00eb gjithsejt\u00eb 39,61% dhe mund t\u00eb konstatojm\u00eb q\u00eb edhe ky vit\u00ebsht\u00eb i d\u00ebshtuar dhe qytetar\u00ebt jan\u00eb prap\u00eb t\u00eb mashtruar.<br \/>\nN\u00eb k\u00ebt\u00eb vit nuk \u00ebsht\u00eb p\u00ebrfunduar asnj\u00eb plan detaj urbanistik, nuk \u00ebsht\u00eb pruar dhe as punuar asnj\u00eb plan urbanistik, as nuk ka filluar p\u00ebrgatitja p\u00ebr eksproprijimin e pronave e cila \u00ebsht\u00eb e pashmangshme p\u00ebr nd\u00ebrtimet e ardhshme t\u00eb objekteve infrastrukturore dhe nuk jan\u00eb realizuar as investimet e shumta t\u00eb parashikuara.<br \/>\nN\u00eb baz\u00eb t\u00eb tender\u00ebve t\u00eb hapura, mund t\u00eb vijm\u00eb deri tek p\u00ebrfundimi q\u00eb deri n\u00eb fund t\u00eb vitit duhet q\u00eb n\u00eb investimet kapitale, te financuara nga ana e Komun\u00ebs, t\u00eb investoj\u00eb gjithsejt\u00eb 945.000 euro ose 15% prej sa \u00ebsht\u00eb parapar\u00eb. Mir\u00ebpo edhe k\u00ebto mjete jan\u00eb n\u00eb pik\u00ebpyetje k\u00ebshtu q\u00eb pritet se edhe ky realizim do t\u00eb jet\u00eb m\u00eb i vog\u00ebl.<br \/>\nP\u00ebr dy vjet pushteti lokal ka pun\u00ebsuar rreth50 pun\u00ebtor\u00eb t\u00eb rinj dhe ia ka rritur pagat p\u00ebr m\u00eb tep\u00ebr se 65%. K\u00ebto t\u00eb dh\u00ebnana japin t\u00eb drejt\u00eb t\u00eb arrim\u00eb tek p\u00ebrfundimi se situata n\u00eb administrat\u00ebn e pushtetit lokal dal\u00ebngadal\u00eb po nd\u00ebrlikohet dhe anon kah rritja e m\u00ebtutjeshme e tatimeve \u00e7ka do t\u00eb ndikoj\u00eb negativisht ne standardin e qytetar\u00ebve dhe do t\u00eb nd\u00ebrpres\u00eb investimet e reja n\u00eb Ulqin.<br \/>\nForca e re Demokratike n\u00eb tribun\u00ebn embr\u00ebmshme me tem\u00eb Realizimi i Buxhetit Komunal p\u00ebr vitin 2008 arriti deri te ky p\u00ebrfundim:<br \/>\nSe nga Sekretariati p\u00ebr Buxhet dhe Financa duhet t\u00eb k\u00ebrkohet p\u00ebrgatitja urgjente e rebalancit buxhetor\u00eb p\u00ebr vitin 2008.<br \/>\nForca e re Demokratike \u00ebsht\u00eb e brengosur\u00a0 p\u00ebr mos dor\u00ebzimin e vendimit p\u00ebrfundimtar\u00eb t\u00eb buxhetit p\u00ebr vitin 2007 q\u00eb t\u00eb shqyrtohet n\u00eb Kuvend.<br \/>\nN\u00eb seanc\u00ebn e korrikut, Kuvendi Komunal me k\u00ebrkes\u00eb t\u00eb Forc\u00ebs, \u00ebsht\u00eb renditur si pik\u00eb e posa\u00e7me e rendit t\u00eb dit\u00ebs p\u00ebr realizimin e buxhetit t\u00eb sivjetm\u00eb p\u00ebr gjasht\u00eb mujor\u00ebshin e par\u00eb, mir\u00ebpo, k\u00ebsaj debate i \u00ebsht\u00eb ikur dhe ajo nuk \u00ebsht\u00eb zhvilluar.<br \/>\nJemi t\u00eb brengosur q\u00eb Institucionet revizore t\u00eb shtetit deri m\u00eb tani nuk kan\u00eb marr\u00eb asnj\u00eb mas\u00eb lidhur me raportin e vet p\u00ebr gjendjen e buxhetit t\u00eb Komun\u00ebs s\u00eb Ulqinit si dhe agjencin\u00eb p\u00ebr luft\u00eb kund\u00ebr korrupsionit dhe krimit t\u00eb organizuar.<br \/>\n<strong>Burimi \/ Sh\u00ebrbimi informativ i Forc\u00ebs<\/strong><\/p>\n","protected":false},"excerpt":{"rendered":"<p>http:\/\/www.visit-ulcinj.com\/blog\/wp-content\/uploads\/2008\/10\/tribuna-me-qytetar-te-ulqinit-300&#215;240.jpg<\/p>\n","protected":false},"author":1,"featured_media":0,"comment_status":"open","ping_status":"closed","sticky":false,"template":"","format":"standard","meta":{"spay_email":"","jetpack_publicize_message":"","jetpack_is_tweetstorm":false,"jetpack_publicize_feature_enabled":true},"categories":[8,10,12],"tags":[672,95,200,18],"jetpack_publicize_connections":[],"yoast_head":"<!-- This site is optimized with the Yoast SEO plugin v19.1 - https:\/\/yoast.com\/wordpress\/plugins\/seo\/ -->\n<title>Kumtes\u00eb - Buxheti i Komun\u00ebs s\u00eb Ulqini - Lajme nga Ulqini<\/title>\n<meta name=\"description\" content=\"http:\/\/www.visit-ulcinj.com\/blog\/wp-content\/uploads\/2008\/10\/tribuna-me-qytetar-te-ulqinit-300x240.jpg\" \/>\n<meta name=\"robots\" content=\"index, follow, max-snippet:-1, max-image-preview:large, max-video-preview:-1\" \/>\n<link rel=\"canonical\" href=\"https:\/\/www.visit-ulcinj.com\/blog\/2008\/10\/10\/kumtese-buxheti-i-komunes-se-ulqini\/\" \/>\n<meta property=\"og:locale\" content=\"en_US\" \/>\n<meta property=\"og:type\" content=\"article\" \/>\n<meta property=\"og:title\" content=\"Kumtes\u00eb - Buxheti i Komun\u00ebs s\u00eb Ulqini - Lajme nga Ulqini\" \/>\n<meta property=\"og:description\" content=\"http:\/\/www.visit-ulcinj.com\/blog\/wp-content\/uploads\/2008\/10\/tribuna-me-qytetar-te-ulqinit-300x240.jpg\" \/>\n<meta property=\"og:url\" content=\"https:\/\/www.visit-ulcinj.com\/blog\/2008\/10\/10\/kumtese-buxheti-i-komunes-se-ulqini\/\" \/>\n<meta property=\"og:site_name\" content=\"Lajme nga Ulqini\" \/>\n<meta property=\"article:published_time\" content=\"2008-10-10T18:43:13+00:00\" \/>\n<meta property=\"article:modified_time\" content=\"2008-10-17T18:20:23+00:00\" \/>\n<meta property=\"og:image\" content=\"http:\/\/www.visit-ulcinj.com\/blog\/wp-content\/uploads\/2008\/10\/tribuna-me-qytetar-te-ulqinit-300x240.jpg\" \/>\n<meta name=\"twitter:label1\" content=\"Written by\" \/>\n\t<meta name=\"twitter:data1\" content=\"ulqini\" \/>\n\t<meta name=\"twitter:label2\" content=\"Est. reading time\" \/>\n\t<meta name=\"twitter:data2\" content=\"2 minutes\" \/>\n<script type=\"application\/ld+json\" class=\"yoast-schema-graph\">{\"@context\":\"https:\/\/schema.org\",\"@graph\":[{\"@type\":\"WebSite\",\"@id\":\"https:\/\/www.visit-ulcinj.com\/blog\/#website\",\"url\":\"https:\/\/www.visit-ulcinj.com\/blog\/\",\"name\":\"Lajme nga Ulqini\",\"description\":\"Lajme,Vijesti,Ulqini,Ulqin,Crna Gora,Mali i Zi\",\"potentialAction\":[{\"@type\":\"SearchAction\",\"target\":{\"@type\":\"EntryPoint\",\"urlTemplate\":\"https:\/\/www.visit-ulcinj.com\/blog\/?s={search_term_string}\"},\"query-input\":\"required name=search_term_string\"}],\"inLanguage\":\"en-US\"},{\"@type\":\"ImageObject\",\"inLanguage\":\"en-US\",\"@id\":\"https:\/\/www.visit-ulcinj.com\/blog\/2008\/10\/10\/kumtese-buxheti-i-komunes-se-ulqini\/#primaryimage\",\"url\":\"http:\/\/www.visit-ulcinj.com\/blog\/wp-content\/uploads\/2008\/10\/tribuna-me-qytetar-te-ulqinit-300x240.jpg\",\"contentUrl\":\"http:\/\/www.visit-ulcinj.com\/blog\/wp-content\/uploads\/2008\/10\/tribuna-me-qytetar-te-ulqinit-300x240.jpg\"},{\"@type\":\"WebPage\",\"@id\":\"https:\/\/www.visit-ulcinj.com\/blog\/2008\/10\/10\/kumtese-buxheti-i-komunes-se-ulqini\/#webpage\",\"url\":\"https:\/\/www.visit-ulcinj.com\/blog\/2008\/10\/10\/kumtese-buxheti-i-komunes-se-ulqini\/\",\"name\":\"Kumtes\u00eb - Buxheti i Komun\u00ebs s\u00eb Ulqini - Lajme nga Ulqini\",\"isPartOf\":{\"@id\":\"https:\/\/www.visit-ulcinj.com\/blog\/#website\"},\"primaryImageOfPage\":{\"@id\":\"https:\/\/www.visit-ulcinj.com\/blog\/2008\/10\/10\/kumtese-buxheti-i-komunes-se-ulqini\/#primaryimage\"},\"datePublished\":\"2008-10-10T18:43:13+00:00\",\"dateModified\":\"2008-10-17T18:20:23+00:00\",\"author\":{\"@id\":\"https:\/\/www.visit-ulcinj.com\/blog\/#\/schema\/person\/dcab619c614d3038751c63bc2aadc06d\"},\"description\":\"http:\/\/www.visit-ulcinj.com\/blog\/wp-content\/uploads\/2008\/10\/tribuna-me-qytetar-te-ulqinit-300x240.jpg\",\"breadcrumb\":{\"@id\":\"https:\/\/www.visit-ulcinj.com\/blog\/2008\/10\/10\/kumtese-buxheti-i-komunes-se-ulqini\/#breadcrumb\"},\"inLanguage\":\"en-US\",\"potentialAction\":[{\"@type\":\"ReadAction\",\"target\":[\"https:\/\/www.visit-ulcinj.com\/blog\/2008\/10\/10\/kumtese-buxheti-i-komunes-se-ulqini\/\"]}]},{\"@type\":\"BreadcrumbList\",\"@id\":\"https:\/\/www.visit-ulcinj.com\/blog\/2008\/10\/10\/kumtese-buxheti-i-komunes-se-ulqini\/#breadcrumb\",\"itemListElement\":[{\"@type\":\"ListItem\",\"position\":1,\"name\":\"Kumtes\u00eb &#8211; Buxheti i Komun\u00ebs s\u00eb Ulqini\"}]},{\"@type\":\"Person\",\"@id\":\"https:\/\/www.visit-ulcinj.com\/blog\/#\/schema\/person\/dcab619c614d3038751c63bc2aadc06d\",\"name\":\"ulqini\",\"sameAs\":[\"http:\/\/www.visit-ulcinj.com\"],\"url\":\"https:\/\/www.visit-ulcinj.com\/blog\/author\/admin\/\"}]}<\/script>\n<!-- \/ Yoast SEO plugin. -->","yoast_head_json":{"title":"Kumtes\u00eb - Buxheti i Komun\u00ebs s\u00eb Ulqini - Lajme nga Ulqini","description":"http:\/\/www.visit-ulcinj.com\/blog\/wp-content\/uploads\/2008\/10\/tribuna-me-qytetar-te-ulqinit-300x240.jpg","robots":{"index":"index","follow":"follow","max-snippet":"max-snippet:-1","max-image-preview":"max-image-preview:large","max-video-preview":"max-video-preview:-1"},"canonical":"https:\/\/www.visit-ulcinj.com\/blog\/2008\/10\/10\/kumtese-buxheti-i-komunes-se-ulqini\/","og_locale":"en_US","og_type":"article","og_title":"Kumtes\u00eb - Buxheti i Komun\u00ebs s\u00eb Ulqini - Lajme nga Ulqini","og_description":"http:\/\/www.visit-ulcinj.com\/blog\/wp-content\/uploads\/2008\/10\/tribuna-me-qytetar-te-ulqinit-300x240.jpg","og_url":"https:\/\/www.visit-ulcinj.com\/blog\/2008\/10\/10\/kumtese-buxheti-i-komunes-se-ulqini\/","og_site_name":"Lajme nga Ulqini","article_published_time":"2008-10-10T18:43:13+00:00","article_modified_time":"2008-10-17T18:20:23+00:00","og_image":[{"url":"http:\/\/www.visit-ulcinj.com\/blog\/wp-content\/uploads\/2008\/10\/tribuna-me-qytetar-te-ulqinit-300x240.jpg"}],"twitter_misc":{"Written by":"ulqini","Est. reading time":"2 minutes"},"schema":{"@context":"https:\/\/schema.org","@graph":[{"@type":"WebSite","@id":"https:\/\/www.visit-ulcinj.com\/blog\/#website","url":"https:\/\/www.visit-ulcinj.com\/blog\/","name":"Lajme nga Ulqini","description":"Lajme,Vijesti,Ulqini,Ulqin,Crna Gora,Mali i Zi","potentialAction":[{"@type":"SearchAction","target":{"@type":"EntryPoint","urlTemplate":"https:\/\/www.visit-ulcinj.com\/blog\/?s={search_term_string}"},"query-input":"required name=search_term_string"}],"inLanguage":"en-US"},{"@type":"ImageObject","inLanguage":"en-US","@id":"https:\/\/www.visit-ulcinj.com\/blog\/2008\/10\/10\/kumtese-buxheti-i-komunes-se-ulqini\/#primaryimage","url":"http:\/\/www.visit-ulcinj.com\/blog\/wp-content\/uploads\/2008\/10\/tribuna-me-qytetar-te-ulqinit-300x240.jpg","contentUrl":"http:\/\/www.visit-ulcinj.com\/blog\/wp-content\/uploads\/2008\/10\/tribuna-me-qytetar-te-ulqinit-300x240.jpg"},{"@type":"WebPage","@id":"https:\/\/www.visit-ulcinj.com\/blog\/2008\/10\/10\/kumtese-buxheti-i-komunes-se-ulqini\/#webpage","url":"https:\/\/www.visit-ulcinj.com\/blog\/2008\/10\/10\/kumtese-buxheti-i-komunes-se-ulqini\/","name":"Kumtes\u00eb - Buxheti i Komun\u00ebs s\u00eb Ulqini - Lajme nga Ulqini","isPartOf":{"@id":"https:\/\/www.visit-ulcinj.com\/blog\/#website"},"primaryImageOfPage":{"@id":"https:\/\/www.visit-ulcinj.com\/blog\/2008\/10\/10\/kumtese-buxheti-i-komunes-se-ulqini\/#primaryimage"},"datePublished":"2008-10-10T18:43:13+00:00","dateModified":"2008-10-17T18:20:23+00:00","author":{"@id":"https:\/\/www.visit-ulcinj.com\/blog\/#\/schema\/person\/dcab619c614d3038751c63bc2aadc06d"},"description":"http:\/\/www.visit-ulcinj.com\/blog\/wp-content\/uploads\/2008\/10\/tribuna-me-qytetar-te-ulqinit-300x240.jpg","breadcrumb":{"@id":"https:\/\/www.visit-ulcinj.com\/blog\/2008\/10\/10\/kumtese-buxheti-i-komunes-se-ulqini\/#breadcrumb"},"inLanguage":"en-US","potentialAction":[{"@type":"ReadAction","target":["https:\/\/www.visit-ulcinj.com\/blog\/2008\/10\/10\/kumtese-buxheti-i-komunes-se-ulqini\/"]}]},{"@type":"BreadcrumbList","@id":"https:\/\/www.visit-ulcinj.com\/blog\/2008\/10\/10\/kumtese-buxheti-i-komunes-se-ulqini\/#breadcrumb","itemListElement":[{"@type":"ListItem","position":1,"name":"Kumtes\u00eb &#8211; Buxheti i Komun\u00ebs s\u00eb Ulqini"}]},{"@type":"Person","@id":"https:\/\/www.visit-ulcinj.com\/blog\/#\/schema\/person\/dcab619c614d3038751c63bc2aadc06d","name":"ulqini","sameAs":["http:\/\/www.visit-ulcinj.com"],"url":"https:\/\/www.visit-ulcinj.com\/blog\/author\/admin\/"}]}},"jetpack_featured_media_url":"","jetpack_sharing_enabled":true,"jetpack_shortlink":"https:\/\/wp.me\/pe6lTn-14i","_links":{"self":[{"href":"https:\/\/www.visit-ulcinj.com\/blog\/wp-json\/wp\/v2\/posts\/4110"}],"collection":[{"href":"https:\/\/www.visit-ulcinj.com\/blog\/wp-json\/wp\/v2\/posts"}],"about":[{"href":"https:\/\/www.visit-ulcinj.com\/blog\/wp-json\/wp\/v2\/types\/post"}],"author":[{"embeddable":true,"href":"https:\/\/www.visit-ulcinj.com\/blog\/wp-json\/wp\/v2\/users\/1"}],"replies":[{"embeddable":true,"href":"https:\/\/www.visit-ulcinj.com\/blog\/wp-json\/wp\/v2\/comments?post=4110"}],"version-history":[{"count":0,"href":"https:\/\/www.visit-ulcinj.com\/blog\/wp-json\/wp\/v2\/posts\/4110\/revisions"}],"wp:attachment":[{"href":"https:\/\/www.visit-ulcinj.com\/blog\/wp-json\/wp\/v2\/media?parent=4110"}],"wp:term":[{"taxonomy":"category","embeddable":true,"href":"https:\/\/www.visit-ulcinj.com\/blog\/wp-json\/wp\/v2\/categories?post=4110"},{"taxonomy":"post_tag","embeddable":true,"href":"https:\/\/www.visit-ulcinj.com\/blog\/wp-json\/wp\/v2\/tags?post=4110"}],"curies":[{"name":"wp","href":"https:\/\/api.w.org\/{rel}","templated":true}]}}