{"id":41140,"date":"2010-12-15T19:03:58","date_gmt":"2010-12-15T18:03:58","guid":{"rendered":"http:\/\/www.visit-ulcinj.com\/blog\/?p=41140"},"modified":"2010-12-15T19:04:26","modified_gmt":"2010-12-15T18:04:26","slug":"luigj-shkrela-ne-krye-te-parlamentit-te-ulqinit","status":"publish","type":"post","link":"https:\/\/www.visit-ulcinj.com\/blog\/2010\/12\/15\/luigj-shkrela-ne-krye-te-parlamentit-te-ulqinit\/","title":{"rendered":"Luigj Shkrela n\u00eb krye t\u00eb Parlamentit t\u00eb Ulqinit"},"content":{"rendered":"<p><a href=\"http:\/\/www.visit-ulcinj.com\/blog\/wp-content\/uploads\/2010\/12\/Luigj-Shkrela-ne-krye-te-Parlamentit-te-Ulqinit.jpg\"><img loading=\"lazy\" class=\"alignleft size-full wp-image-41141\" title=\"Luigj Shkrela ne krye te Parlamentit te Ulqinit\" src=\"http:\/\/www.visit-ulcinj.com\/blog\/wp-content\/uploads\/2010\/12\/Luigj-Shkrela-ne-krye-te-Parlamentit-te-Ulqinit.jpg\" alt=\"\" width=\"720\" height=\"540\" srcset=\"https:\/\/www.visit-ulcinj.com\/blog\/wp-content\/uploads\/2010\/12\/Luigj-Shkrela-ne-krye-te-Parlamentit-te-Ulqinit.jpg 720w, https:\/\/www.visit-ulcinj.com\/blog\/wp-content\/uploads\/2010\/12\/Luigj-Shkrela-ne-krye-te-Parlamentit-te-Ulqinit-300x225.jpg 300w\" sizes=\"(max-width: 720px) 100vw, 720px\" \/><\/a>Ulqin, 15 dhjetor &#8211; K\u00ebshilli Komunal i Partis\u00eb Demokratike t\u00eb Socialist\u00ebve n\u00eb Ulqin ka vendosur q\u00eb kryetari tij, Luigj Shkrela, deputet i PDS dhe an\u00ebtar i K\u00ebshillit t\u00eb Lart\u00eb Gjyq\u00ebsor t\u00eb Malit t\u00eb Zi, t\u00eb marr\u00eb edhe kreun e Parlamentit t\u00eb Ulqinit.<br \/>\nShkrela k\u00ebt\u00eb vendim e ka konfirmuar t\u00eb m\u00ebrkur\u00ebn p\u00ebr KosovaLive, duke shtuar se p\u00ebr t\u00eb qen\u00eb valid ky vendim, duhet pritur at\u00eb ta miratoj\u00eb kryesia e PDS n\u00eb Podgoric\u00eb. Zaten, pa u kryer k\u00ebt\u00eb procedur\u00eb, nuk do t\u00eb thirret as seanca e Kuvendit t\u00eb Ulqinit.<br \/>\nPosti i kryetarit t\u00eb Kuvendit t\u00eb Ulqinit, prodhoi edhe zgjedhjet e p\u00ebrseritura vendore m\u00eb 17 tetor, meq\u00eb pas atyre t\u00eb 23 majit socialdemokrat\u00ebt pranuan t\u00eb braktisin koalicionin me PDS edhe nuk hoq\u00ebn dor\u00eb nga kreu i parlamentit vendor.<br \/>\nKoalicioni i liderit t\u00eb Unionit Demokratik t\u00eb Shqiptar\u00ebve (UDSH), Ferhat Dinosha dhe Partis\u00eb s\u00eb Prosperitetit Demokratik (PPD) me PDS, krijuan mund\u00ebsin\u00eb e shefit t\u00eb PDS, Luigj Shkrela t\u00eb ngritet n\u00eb fronin e parlamentit t\u00eb Ulqinit. Ve\u00e7 k\u00ebsaj, ai bindi Ferhat Dinosh\u00ebn q\u00eb pushtetin ta ndajn\u00eb 50 me 50, ndon\u00ebse PDS ka 7, nd\u00ebrsa koalicioni UDSH-PPD 10 k\u00ebshilltar\u00eb.<br \/>\nLuigj Shkrela me partin\u00eb e tij arriti t\u00eb marr\u00eb edhe dikasterin m\u00eb t\u00eb p\u00ebrfolur, at\u00eb t\u00eb buxhetit dhe financave, duke p\u00ebrforcuar pozit\u00ebn e tij m\u00eb shum\u00eb se kryetari i Komun\u00ebs, G\u00ebzim Hajdinaga.<br \/>\nNjoh\u00ebsit e rrethanave politike n\u00eb Ulqin dhe t\u00eb interesave t\u00eb Podgoric\u00ebs zyratare, me ardhjen e Shkrelit n\u00eb krye t\u00eb Parlamentit vendor t\u00eb Ulqinit, n\u00eb t\u00eb ardhmen do t\u00eb rihapen tender\u00ebt p\u00ebr marrjen me qira n\u00eb periudha afatgjate t\u00eb ishullit Ada, Plazhit t\u00eb madh, Valdanosit. P\u00ebr k\u00ebto resurse natyrore, jet\u00ebsore p\u00ebr Ulqinin dhe banor\u00ebt e tij, m\u00eb her\u00ebt kan\u00eb d\u00ebshtuar disa tendere.<br \/>\nPartit\u00eb opozitare shqiptare, Lidhja Demokratike dhe Forca e Re Demokratike k\u00ebt\u00eb \u201cvalorizim\u201d t\u00eb pasurive natyrore t\u00eb Ulqinit e shohin si c\u00ebnim dhe \u201ckolonizim t\u00eb viseve etnike mij\u00ebvje\u00e7are shqiptare n\u00eb k\u00ebt\u00eb mjedis\u201d.<\/p>\n<p><strong>Koha Net<br \/>\n<!--YouTube Error: bad URL entered--><\/strong><\/p>\n","protected":false},"excerpt":{"rendered":"<p>Ulqin, 15 dhjetor &#8211; K\u00ebshilli Komunal i Partis\u00eb Demokratike t\u00eb Socialist\u00ebve n\u00eb Ulqin ka vendosur q\u00eb kryetari tij, Luigj Shkrela, deputet i PDS dhe an\u00ebtar i K\u00ebshillit t\u00eb Lart\u00eb Gjyq\u00ebsor t\u00eb Malit t\u00eb Zi, t\u00eb marr\u00eb edhe kreun e Parlamentit t\u00eb Ulqinit. Shkrela k\u00ebt\u00eb vendim e ka konfirmuar t\u00eb m\u00ebrkur\u00ebn p\u00ebr KosovaLive, duke shtuar se [&hellip;]<\/p>\n","protected":false},"author":1,"featured_media":0,"comment_status":"open","ping_status":"closed","sticky":false,"template":"","format":"standard","meta":{"spay_email":"","jetpack_publicize_message":"","jetpack_is_tweetstorm":false,"jetpack_publicize_feature_enabled":true},"categories":[1],"tags":[13573,14716,200,18],"jetpack_publicize_connections":[],"yoast_head":"<!-- This site is optimized with the Yoast SEO plugin v19.1 - https:\/\/yoast.com\/wordpress\/plugins\/seo\/ -->\n<title>Luigj Shkrela n\u00eb krye t\u00eb Parlamentit t\u00eb Ulqinit - Lajme nga Ulqini<\/title>\n<meta name=\"description\" content=\"Ulqin, 15 dhjetor - K\u00ebshilli Komunal i Partis\u00eb Demokratike t\u00eb Socialist\u00ebve n\u00eb Ulqin ka vendosur q\u00eb kryetari tij, Luigj Shkrela, deputet i PDS dhe an\u00ebtar i\" \/>\n<meta name=\"robots\" content=\"index, follow, max-snippet:-1, max-image-preview:large, max-video-preview:-1\" \/>\n<link rel=\"canonical\" href=\"https:\/\/www.visit-ulcinj.com\/blog\/2010\/12\/15\/luigj-shkrela-ne-krye-te-parlamentit-te-ulqinit\/\" \/>\n<meta property=\"og:locale\" content=\"en_US\" \/>\n<meta property=\"og:type\" content=\"article\" \/>\n<meta property=\"og:title\" content=\"Luigj Shkrela n\u00eb krye t\u00eb Parlamentit t\u00eb Ulqinit - Lajme nga Ulqini\" \/>\n<meta property=\"og:description\" content=\"Ulqin, 15 dhjetor - K\u00ebshilli Komunal i Partis\u00eb Demokratike t\u00eb Socialist\u00ebve n\u00eb Ulqin ka vendosur q\u00eb kryetari tij, Luigj Shkrela, deputet i PDS dhe an\u00ebtar i\" \/>\n<meta property=\"og:url\" content=\"https:\/\/www.visit-ulcinj.com\/blog\/2010\/12\/15\/luigj-shkrela-ne-krye-te-parlamentit-te-ulqinit\/\" \/>\n<meta property=\"og:site_name\" content=\"Lajme nga Ulqini\" \/>\n<meta property=\"article:published_time\" content=\"2010-12-15T18:03:58+00:00\" \/>\n<meta property=\"article:modified_time\" content=\"2010-12-15T18:04:26+00:00\" \/>\n<meta property=\"og:image\" content=\"http:\/\/www.visit-ulcinj.com\/blog\/wp-content\/uploads\/2010\/12\/Luigj-Shkrela-ne-krye-te-Parlamentit-te-Ulqinit.jpg\" \/>\n<meta name=\"twitter:label1\" content=\"Written by\" \/>\n\t<meta name=\"twitter:data1\" content=\"ulqini\" \/>\n\t<meta name=\"twitter:label2\" content=\"Est. reading time\" \/>\n\t<meta name=\"twitter:data2\" content=\"2 minutes\" \/>\n<script type=\"application\/ld+json\" class=\"yoast-schema-graph\">{\"@context\":\"https:\/\/schema.org\",\"@graph\":[{\"@type\":\"WebSite\",\"@id\":\"https:\/\/www.visit-ulcinj.com\/blog\/#website\",\"url\":\"https:\/\/www.visit-ulcinj.com\/blog\/\",\"name\":\"Lajme nga Ulqini\",\"description\":\"Lajme,Vijesti,Ulqini,Ulqin,Crna Gora,Mali i Zi\",\"potentialAction\":[{\"@type\":\"SearchAction\",\"target\":{\"@type\":\"EntryPoint\",\"urlTemplate\":\"https:\/\/www.visit-ulcinj.com\/blog\/?s={search_term_string}\"},\"query-input\":\"required name=search_term_string\"}],\"inLanguage\":\"en-US\"},{\"@type\":\"ImageObject\",\"inLanguage\":\"en-US\",\"@id\":\"https:\/\/www.visit-ulcinj.com\/blog\/2010\/12\/15\/luigj-shkrela-ne-krye-te-parlamentit-te-ulqinit\/#primaryimage\",\"url\":\"https:\/\/www.visit-ulcinj.com\/blog\/wp-content\/uploads\/2010\/12\/Luigj-Shkrela-ne-krye-te-Parlamentit-te-Ulqinit.jpg\",\"contentUrl\":\"https:\/\/www.visit-ulcinj.com\/blog\/wp-content\/uploads\/2010\/12\/Luigj-Shkrela-ne-krye-te-Parlamentit-te-Ulqinit.jpg\",\"width\":\"720\",\"height\":\"540\"},{\"@type\":\"WebPage\",\"@id\":\"https:\/\/www.visit-ulcinj.com\/blog\/2010\/12\/15\/luigj-shkrela-ne-krye-te-parlamentit-te-ulqinit\/#webpage\",\"url\":\"https:\/\/www.visit-ulcinj.com\/blog\/2010\/12\/15\/luigj-shkrela-ne-krye-te-parlamentit-te-ulqinit\/\",\"name\":\"Luigj Shkrela n\u00eb krye t\u00eb Parlamentit t\u00eb Ulqinit - Lajme nga Ulqini\",\"isPartOf\":{\"@id\":\"https:\/\/www.visit-ulcinj.com\/blog\/#website\"},\"primaryImageOfPage\":{\"@id\":\"https:\/\/www.visit-ulcinj.com\/blog\/2010\/12\/15\/luigj-shkrela-ne-krye-te-parlamentit-te-ulqinit\/#primaryimage\"},\"datePublished\":\"2010-12-15T18:03:58+00:00\",\"dateModified\":\"2010-12-15T18:04:26+00:00\",\"author\":{\"@id\":\"https:\/\/www.visit-ulcinj.com\/blog\/#\/schema\/person\/dcab619c614d3038751c63bc2aadc06d\"},\"description\":\"Ulqin, 15 dhjetor - K\u00ebshilli Komunal i Partis\u00eb Demokratike t\u00eb Socialist\u00ebve n\u00eb Ulqin ka vendosur q\u00eb kryetari tij, Luigj Shkrela, deputet i PDS dhe an\u00ebtar i\",\"breadcrumb\":{\"@id\":\"https:\/\/www.visit-ulcinj.com\/blog\/2010\/12\/15\/luigj-shkrela-ne-krye-te-parlamentit-te-ulqinit\/#breadcrumb\"},\"inLanguage\":\"en-US\",\"potentialAction\":[{\"@type\":\"ReadAction\",\"target\":[\"https:\/\/www.visit-ulcinj.com\/blog\/2010\/12\/15\/luigj-shkrela-ne-krye-te-parlamentit-te-ulqinit\/\"]}]},{\"@type\":\"BreadcrumbList\",\"@id\":\"https:\/\/www.visit-ulcinj.com\/blog\/2010\/12\/15\/luigj-shkrela-ne-krye-te-parlamentit-te-ulqinit\/#breadcrumb\",\"itemListElement\":[{\"@type\":\"ListItem\",\"position\":1,\"name\":\"Luigj Shkrela n\u00eb krye t\u00eb Parlamentit t\u00eb Ulqinit\"}]},{\"@type\":\"Person\",\"@id\":\"https:\/\/www.visit-ulcinj.com\/blog\/#\/schema\/person\/dcab619c614d3038751c63bc2aadc06d\",\"name\":\"ulqini\",\"sameAs\":[\"http:\/\/www.visit-ulcinj.com\"],\"url\":\"https:\/\/www.visit-ulcinj.com\/blog\/author\/admin\/\"}]}<\/script>\n<!-- \/ Yoast SEO plugin. -->","yoast_head_json":{"title":"Luigj Shkrela n\u00eb krye t\u00eb Parlamentit t\u00eb Ulqinit - Lajme nga Ulqini","description":"Ulqin, 15 dhjetor - K\u00ebshilli Komunal i Partis\u00eb Demokratike t\u00eb Socialist\u00ebve n\u00eb Ulqin ka vendosur q\u00eb kryetari tij, Luigj Shkrela, deputet i PDS dhe an\u00ebtar i","robots":{"index":"index","follow":"follow","max-snippet":"max-snippet:-1","max-image-preview":"max-image-preview:large","max-video-preview":"max-video-preview:-1"},"canonical":"https:\/\/www.visit-ulcinj.com\/blog\/2010\/12\/15\/luigj-shkrela-ne-krye-te-parlamentit-te-ulqinit\/","og_locale":"en_US","og_type":"article","og_title":"Luigj Shkrela n\u00eb krye t\u00eb Parlamentit t\u00eb Ulqinit - Lajme nga Ulqini","og_description":"Ulqin, 15 dhjetor - K\u00ebshilli Komunal i Partis\u00eb Demokratike t\u00eb Socialist\u00ebve n\u00eb Ulqin ka vendosur q\u00eb kryetari tij, Luigj Shkrela, deputet i PDS dhe an\u00ebtar i","og_url":"https:\/\/www.visit-ulcinj.com\/blog\/2010\/12\/15\/luigj-shkrela-ne-krye-te-parlamentit-te-ulqinit\/","og_site_name":"Lajme nga Ulqini","article_published_time":"2010-12-15T18:03:58+00:00","article_modified_time":"2010-12-15T18:04:26+00:00","og_image":[{"url":"http:\/\/www.visit-ulcinj.com\/blog\/wp-content\/uploads\/2010\/12\/Luigj-Shkrela-ne-krye-te-Parlamentit-te-Ulqinit.jpg"}],"twitter_misc":{"Written by":"ulqini","Est. reading time":"2 minutes"},"schema":{"@context":"https:\/\/schema.org","@graph":[{"@type":"WebSite","@id":"https:\/\/www.visit-ulcinj.com\/blog\/#website","url":"https:\/\/www.visit-ulcinj.com\/blog\/","name":"Lajme nga Ulqini","description":"Lajme,Vijesti,Ulqini,Ulqin,Crna Gora,Mali i Zi","potentialAction":[{"@type":"SearchAction","target":{"@type":"EntryPoint","urlTemplate":"https:\/\/www.visit-ulcinj.com\/blog\/?s={search_term_string}"},"query-input":"required name=search_term_string"}],"inLanguage":"en-US"},{"@type":"ImageObject","inLanguage":"en-US","@id":"https:\/\/www.visit-ulcinj.com\/blog\/2010\/12\/15\/luigj-shkrela-ne-krye-te-parlamentit-te-ulqinit\/#primaryimage","url":"https:\/\/www.visit-ulcinj.com\/blog\/wp-content\/uploads\/2010\/12\/Luigj-Shkrela-ne-krye-te-Parlamentit-te-Ulqinit.jpg","contentUrl":"https:\/\/www.visit-ulcinj.com\/blog\/wp-content\/uploads\/2010\/12\/Luigj-Shkrela-ne-krye-te-Parlamentit-te-Ulqinit.jpg","width":"720","height":"540"},{"@type":"WebPage","@id":"https:\/\/www.visit-ulcinj.com\/blog\/2010\/12\/15\/luigj-shkrela-ne-krye-te-parlamentit-te-ulqinit\/#webpage","url":"https:\/\/www.visit-ulcinj.com\/blog\/2010\/12\/15\/luigj-shkrela-ne-krye-te-parlamentit-te-ulqinit\/","name":"Luigj Shkrela n\u00eb krye t\u00eb Parlamentit t\u00eb Ulqinit - Lajme nga Ulqini","isPartOf":{"@id":"https:\/\/www.visit-ulcinj.com\/blog\/#website"},"primaryImageOfPage":{"@id":"https:\/\/www.visit-ulcinj.com\/blog\/2010\/12\/15\/luigj-shkrela-ne-krye-te-parlamentit-te-ulqinit\/#primaryimage"},"datePublished":"2010-12-15T18:03:58+00:00","dateModified":"2010-12-15T18:04:26+00:00","author":{"@id":"https:\/\/www.visit-ulcinj.com\/blog\/#\/schema\/person\/dcab619c614d3038751c63bc2aadc06d"},"description":"Ulqin, 15 dhjetor - K\u00ebshilli Komunal i Partis\u00eb Demokratike t\u00eb Socialist\u00ebve n\u00eb Ulqin ka vendosur q\u00eb kryetari tij, Luigj Shkrela, deputet i PDS dhe an\u00ebtar i","breadcrumb":{"@id":"https:\/\/www.visit-ulcinj.com\/blog\/2010\/12\/15\/luigj-shkrela-ne-krye-te-parlamentit-te-ulqinit\/#breadcrumb"},"inLanguage":"en-US","potentialAction":[{"@type":"ReadAction","target":["https:\/\/www.visit-ulcinj.com\/blog\/2010\/12\/15\/luigj-shkrela-ne-krye-te-parlamentit-te-ulqinit\/"]}]},{"@type":"BreadcrumbList","@id":"https:\/\/www.visit-ulcinj.com\/blog\/2010\/12\/15\/luigj-shkrela-ne-krye-te-parlamentit-te-ulqinit\/#breadcrumb","itemListElement":[{"@type":"ListItem","position":1,"name":"Luigj Shkrela n\u00eb krye t\u00eb Parlamentit t\u00eb Ulqinit"}]},{"@type":"Person","@id":"https:\/\/www.visit-ulcinj.com\/blog\/#\/schema\/person\/dcab619c614d3038751c63bc2aadc06d","name":"ulqini","sameAs":["http:\/\/www.visit-ulcinj.com"],"url":"https:\/\/www.visit-ulcinj.com\/blog\/author\/admin\/"}]}},"jetpack_featured_media_url":"","jetpack_sharing_enabled":true,"jetpack_shortlink":"https:\/\/wp.me\/pe6lTn-aHy","_links":{"self":[{"href":"https:\/\/www.visit-ulcinj.com\/blog\/wp-json\/wp\/v2\/posts\/41140"}],"collection":[{"href":"https:\/\/www.visit-ulcinj.com\/blog\/wp-json\/wp\/v2\/posts"}],"about":[{"href":"https:\/\/www.visit-ulcinj.com\/blog\/wp-json\/wp\/v2\/types\/post"}],"author":[{"embeddable":true,"href":"https:\/\/www.visit-ulcinj.com\/blog\/wp-json\/wp\/v2\/users\/1"}],"replies":[{"embeddable":true,"href":"https:\/\/www.visit-ulcinj.com\/blog\/wp-json\/wp\/v2\/comments?post=41140"}],"version-history":[{"count":0,"href":"https:\/\/www.visit-ulcinj.com\/blog\/wp-json\/wp\/v2\/posts\/41140\/revisions"}],"wp:attachment":[{"href":"https:\/\/www.visit-ulcinj.com\/blog\/wp-json\/wp\/v2\/media?parent=41140"}],"wp:term":[{"taxonomy":"category","embeddable":true,"href":"https:\/\/www.visit-ulcinj.com\/blog\/wp-json\/wp\/v2\/categories?post=41140"},{"taxonomy":"post_tag","embeddable":true,"href":"https:\/\/www.visit-ulcinj.com\/blog\/wp-json\/wp\/v2\/tags?post=41140"}],"curies":[{"name":"wp","href":"https:\/\/api.w.org\/{rel}","templated":true}]}}