{"id":41149,"date":"2010-12-15T20:21:39","date_gmt":"2010-12-15T19:21:39","guid":{"rendered":"http:\/\/www.visit-ulcinj.com\/blog\/?p=41149"},"modified":"2010-12-15T20:21:39","modified_gmt":"2010-12-15T19:21:39","slug":"valdanos-neodgovornost-koja-mozda-nije-slucajna","status":"publish","type":"post","link":"https:\/\/www.visit-ulcinj.com\/blog\/2010\/12\/15\/valdanos-neodgovornost-koja-mozda-nije-slucajna\/","title":{"rendered":"Valdanos: Neodgovornost koja mo\u017eda nije slu\u010dajna"},"content":{"rendered":"<p><strong><a href=\"http:\/\/www.visit-ulcinj.com\/blog\/wp-content\/uploads\/2010\/12\/Valdanos_Neodgovornost-nije-slucajna.jpg\"><img loading=\"lazy\" class=\"alignleft size-full wp-image-41150\" title=\"Valdanos_Neodgovornost nije slucajna\" src=\"http:\/\/www.visit-ulcinj.com\/blog\/wp-content\/uploads\/2010\/12\/Valdanos_Neodgovornost-nije-slucajna.jpg\" alt=\"\" width=\"580\" height=\"461\" srcset=\"https:\/\/www.visit-ulcinj.com\/blog\/wp-content\/uploads\/2010\/12\/Valdanos_Neodgovornost-nije-slucajna.jpg 580w, https:\/\/www.visit-ulcinj.com\/blog\/wp-content\/uploads\/2010\/12\/Valdanos_Neodgovornost-nije-slucajna-300x238.jpg 300w\" sizes=\"(max-width: 580px) 100vw, 580px\" \/><\/a>PISMA UREDNIKU<br \/>\n<\/strong>Ono \u010dega su se gra\u0111ani Ulcinja pribojavali, dogodilo se. Savjet za privatizaciju je objavio da se Valdanos daje pod zakup na 30 godina sa mogu\u0107no\u0161\u0107u produ\u017eenja roka. Ova vijest je kod Ulcinjana prouzrokovala nevjericu i \u010du\u0111enje. Oni ne mogu vjerovati da se na pragu integracije u EU realizuje jedan takav akt, koji je u suprotnosti sa svim evropskim normama i vrijednostima, a koji se ti\u010du \u010duvanja i oplemenjivanja privatne svojine, kao i vra\u0107anje te imovine zakonitim vlasnicima.<br \/>\nPravo na svojinu zakonitim vlasnicima Valdanosa su svojim odlukama verifikovali i najvi\u0161i sudski organi Crne Gore. Ali, sve je uzalud. Prelazi se preko svake civilizacijske i evropske norme i daje se pod zakup tu\u0111a imovina. Iako je imovina vra\u0107ena po zakonu, ve\u0107ini gra\u0111ana Crne Gore, to za gra\u0111ane Ulcinja, za njihovu djedovinu u Valdanosu, ne va\u017ei.<\/p>\n<p>I sve se ne zavr\u0161ava ovdje. Naime, ulcinjske rukovodioce i politi\u010dare to kao da ne interesuje. Interesuje ih samo kombinatorika izbornih rezultata i kako da podjele kola\u010d u budu\u0107oj gradskoj upravi, kao i ko \u0107e sa kim formirati ve\u0107inu u gradskom parlamentu. Nijedna rije\u010d. Nijedna izjava politi\u010dkih partija u Ulcinju (izvinjavam se onim partijama koje su dali izjavu u vezi ovoga doga\u0111aja, ali zasigurno je ta izjava bila blijeda, jer bi u protivnom bila poznata \u0161iroj javnosti). Iako je ulcinjska skup\u0161tina izglasala jednoglasno bez ijednog glasa protiv da se vrati imovina u Valdanosu zakonitim vlasnicima, sada vlada \u0161utnja. Kao da su svi postali gluvonijemi, osim NVO, Dru\u0161tva gradskih intelektualaca i Dru\u0161tva maslinara. Kao da pravo na imovinu ne interesuje ulcinjske politi\u010dare. Zna\u010dajnija su budu\u0107a namje\u0161tenja i da li \u0107e se formirati koaliciju sa ovim ili sa onim politi\u010dkim subjektom.<\/p>\n<p>Rije\u010di i obe\u0107anja ulcinjskih politi\u010dara da \u0107e oslu\u0161kivati puls naroda i da \u0107e raditi za dobro i za razvoj Ulcinja, kao da je odnio vjetar. A Valdanos, tu divnu uvalu stvorio je bog, ali ljudi su zasadili hiljadugodi\u0161nja stabla maslina koja su obra\u0111ivali i na\u0161i djedovi. I ljudi su ti koji treba da u\u010dine napor da se ta djedovina ne da bilo kome i da se vrati zakonskim vlasnicima. A gra\u0111ani \u010dekaju. \u010cekaju reakciju svojih izabranih predstavnika, sa pravom.<br \/>\nAko se vratimo unazad i osvrnemo se na privatizacije koje su ura\u0111ene u Ulcinju, onda mo\u017eemo re\u0107i da su nesvrsishodna. To u slu\u010daju da je poslije toga imalo odr\u017eivog i stalnog razvoja i nije toliko tragi\u010dno, ali zna se da su u Ulcinju poslije ovih privatizacija, ekonomski objekti ili sravnjeni sa zemljom ili se dr\u017ee zatvoreni katancem, dok su zaposleni ostali bez posla ili im je dato zaposljenje neadekvantno i nekompatibilno njihovom obrazovanju.<\/p>\n<p>Zato i ovo davanje pod zakup, koje je sada ura\u0111eno, iziskuje sumnju u samu svrsishodnost. Zna se da je maslina sveto drvo i da je zakonom za\u0161ti\u0107ena, i ne treba da nas ubje\u0111uju budu\u0107i investitori da \u0107e za\u0161tititi stabla od devastacije i uni\u0161tenja, jer imamo gorko iskustvo po tom pitanju. Ali \u010dovjek (politi\u010dar) poznaje dobro politi\u010dku kombinatoriku i sad za sad se njome bavi, dok Valdanos nije u njegovoj mo\u0107i i tu po njemu nema pomo\u0107i. Ulcinjski politi\u010dari kao da zaboravljaju da su ih bira\u010di glasali, a ujedno im dali i pravo da ih predstavljaju, ali kako dolikuje a ne da im prodaju maglu i izigravaju gluvonijeme.<\/p>\n<p>Mora se naglasiti da je ovo nipodo\u0161tavanje i uvreda glasa\u010da i gra\u0111anina, te da ulcinjski politi\u010dari, ako ne mogu da poka\u017eu dobru volju za Ulcinj i za Valdanos, treba makar da zatra\u017ee izvinjenje od glasa\u010da Ulcinja zbog nipodo\u0161tavanja njihovih interesa i potreba. To je najmanje \u0161to mogu uraditi, u ime po\u0161tenja i politi\u010dkog morala.<\/p>\n<p><strong>Enver-Eno Molabe\u0107iri, Ulcinj<br \/>\n<a href=\"http:\/\/www.vijesti.me\/\" target=\"_blank\">Vijesti<\/a><\/strong><\/p>\n","protected":false},"excerpt":{"rendered":"<p>PISMA UREDNIKU Ono \u010dega su se gra\u0111ani Ulcinja pribojavali, dogodilo se. Savjet za privatizaciju je objavio da se Valdanos daje pod zakup na 30 godina sa mogu\u0107no\u0161\u0107u produ\u017eenja roka. Ova vijest je kod Ulcinjana prouzrokovala nevjericu i \u010du\u0111enje. Oni ne mogu vjerovati da se na pragu integracije u EU realizuje jedan takav akt, koji je [&hellip;]<\/p>\n","protected":false},"author":1,"featured_media":0,"comment_status":"open","ping_status":"closed","sticky":false,"template":"","format":"standard","meta":{"spay_email":"","jetpack_publicize_message":"","jetpack_is_tweetstorm":false,"jetpack_publicize_feature_enabled":true},"categories":[7],"tags":[20,19,136],"jetpack_publicize_connections":[],"yoast_head":"<!-- This site is optimized with the Yoast SEO plugin v19.1 - https:\/\/yoast.com\/wordpress\/plugins\/seo\/ -->\n<title>Valdanos: Neodgovornost koja mo\u017eda nije slu\u010dajna - Lajme nga Ulqini<\/title>\n<meta name=\"description\" content=\"PISMA UREDNIKU Ono \u010dega su se gra\u0111ani Ulcinja pribojavali, dogodilo se. Savjet za privatizaciju je objavio da se Valdanos daje pod zakup na 30 godina sa\" \/>\n<meta name=\"robots\" content=\"index, follow, max-snippet:-1, max-image-preview:large, max-video-preview:-1\" \/>\n<link rel=\"canonical\" href=\"https:\/\/www.visit-ulcinj.com\/blog\/2010\/12\/15\/valdanos-neodgovornost-koja-mozda-nije-slucajna\/\" \/>\n<meta property=\"og:locale\" content=\"en_US\" \/>\n<meta property=\"og:type\" content=\"article\" \/>\n<meta property=\"og:title\" content=\"Valdanos: Neodgovornost koja mo\u017eda nije slu\u010dajna - Lajme nga Ulqini\" \/>\n<meta property=\"og:description\" content=\"PISMA UREDNIKU Ono \u010dega su se gra\u0111ani Ulcinja pribojavali, dogodilo se. Savjet za privatizaciju je objavio da se Valdanos daje pod zakup na 30 godina sa\" \/>\n<meta property=\"og:url\" content=\"https:\/\/www.visit-ulcinj.com\/blog\/2010\/12\/15\/valdanos-neodgovornost-koja-mozda-nije-slucajna\/\" \/>\n<meta property=\"og:site_name\" content=\"Lajme nga Ulqini\" \/>\n<meta property=\"article:published_time\" content=\"2010-12-15T19:21:39+00:00\" \/>\n<meta property=\"og:image\" content=\"http:\/\/www.visit-ulcinj.com\/blog\/wp-content\/uploads\/2010\/12\/Valdanos_Neodgovornost-nije-slucajna.jpg\" \/>\n<meta name=\"twitter:label1\" content=\"Written by\" \/>\n\t<meta name=\"twitter:data1\" content=\"ulqini\" \/>\n\t<meta name=\"twitter:label2\" content=\"Est. reading time\" \/>\n\t<meta name=\"twitter:data2\" content=\"3 minutes\" \/>\n<script type=\"application\/ld+json\" class=\"yoast-schema-graph\">{\"@context\":\"https:\/\/schema.org\",\"@graph\":[{\"@type\":\"WebSite\",\"@id\":\"https:\/\/www.visit-ulcinj.com\/blog\/#website\",\"url\":\"https:\/\/www.visit-ulcinj.com\/blog\/\",\"name\":\"Lajme nga Ulqini\",\"description\":\"Lajme,Vijesti,Ulqini,Ulqin,Crna Gora,Mali i Zi\",\"potentialAction\":[{\"@type\":\"SearchAction\",\"target\":{\"@type\":\"EntryPoint\",\"urlTemplate\":\"https:\/\/www.visit-ulcinj.com\/blog\/?s={search_term_string}\"},\"query-input\":\"required name=search_term_string\"}],\"inLanguage\":\"en-US\"},{\"@type\":\"ImageObject\",\"inLanguage\":\"en-US\",\"@id\":\"https:\/\/www.visit-ulcinj.com\/blog\/2010\/12\/15\/valdanos-neodgovornost-koja-mozda-nije-slucajna\/#primaryimage\",\"url\":\"https:\/\/www.visit-ulcinj.com\/blog\/wp-content\/uploads\/2010\/12\/Valdanos_Neodgovornost-nije-slucajna.jpg\",\"contentUrl\":\"https:\/\/www.visit-ulcinj.com\/blog\/wp-content\/uploads\/2010\/12\/Valdanos_Neodgovornost-nije-slucajna.jpg\",\"width\":\"580\",\"height\":\"461\"},{\"@type\":\"WebPage\",\"@id\":\"https:\/\/www.visit-ulcinj.com\/blog\/2010\/12\/15\/valdanos-neodgovornost-koja-mozda-nije-slucajna\/#webpage\",\"url\":\"https:\/\/www.visit-ulcinj.com\/blog\/2010\/12\/15\/valdanos-neodgovornost-koja-mozda-nije-slucajna\/\",\"name\":\"Valdanos: Neodgovornost koja mo\u017eda nije slu\u010dajna - Lajme nga Ulqini\",\"isPartOf\":{\"@id\":\"https:\/\/www.visit-ulcinj.com\/blog\/#website\"},\"primaryImageOfPage\":{\"@id\":\"https:\/\/www.visit-ulcinj.com\/blog\/2010\/12\/15\/valdanos-neodgovornost-koja-mozda-nije-slucajna\/#primaryimage\"},\"datePublished\":\"2010-12-15T19:21:39+00:00\",\"dateModified\":\"2010-12-15T19:21:39+00:00\",\"author\":{\"@id\":\"https:\/\/www.visit-ulcinj.com\/blog\/#\/schema\/person\/dcab619c614d3038751c63bc2aadc06d\"},\"description\":\"PISMA UREDNIKU Ono \u010dega su se gra\u0111ani Ulcinja pribojavali, dogodilo se. Savjet za privatizaciju je objavio da se Valdanos daje pod zakup na 30 godina sa\",\"breadcrumb\":{\"@id\":\"https:\/\/www.visit-ulcinj.com\/blog\/2010\/12\/15\/valdanos-neodgovornost-koja-mozda-nije-slucajna\/#breadcrumb\"},\"inLanguage\":\"en-US\",\"potentialAction\":[{\"@type\":\"ReadAction\",\"target\":[\"https:\/\/www.visit-ulcinj.com\/blog\/2010\/12\/15\/valdanos-neodgovornost-koja-mozda-nije-slucajna\/\"]}]},{\"@type\":\"BreadcrumbList\",\"@id\":\"https:\/\/www.visit-ulcinj.com\/blog\/2010\/12\/15\/valdanos-neodgovornost-koja-mozda-nije-slucajna\/#breadcrumb\",\"itemListElement\":[{\"@type\":\"ListItem\",\"position\":1,\"name\":\"Valdanos: Neodgovornost koja mo\u017eda nije slu\u010dajna\"}]},{\"@type\":\"Person\",\"@id\":\"https:\/\/www.visit-ulcinj.com\/blog\/#\/schema\/person\/dcab619c614d3038751c63bc2aadc06d\",\"name\":\"ulqini\",\"sameAs\":[\"http:\/\/www.visit-ulcinj.com\"],\"url\":\"https:\/\/www.visit-ulcinj.com\/blog\/author\/admin\/\"}]}<\/script>\n<!-- \/ Yoast SEO plugin. -->","yoast_head_json":{"title":"Valdanos: Neodgovornost koja mo\u017eda nije slu\u010dajna - Lajme nga Ulqini","description":"PISMA UREDNIKU Ono \u010dega su se gra\u0111ani Ulcinja pribojavali, dogodilo se. Savjet za privatizaciju je objavio da se Valdanos daje pod zakup na 30 godina sa","robots":{"index":"index","follow":"follow","max-snippet":"max-snippet:-1","max-image-preview":"max-image-preview:large","max-video-preview":"max-video-preview:-1"},"canonical":"https:\/\/www.visit-ulcinj.com\/blog\/2010\/12\/15\/valdanos-neodgovornost-koja-mozda-nije-slucajna\/","og_locale":"en_US","og_type":"article","og_title":"Valdanos: Neodgovornost koja mo\u017eda nije slu\u010dajna - Lajme nga Ulqini","og_description":"PISMA UREDNIKU Ono \u010dega su se gra\u0111ani Ulcinja pribojavali, dogodilo se. Savjet za privatizaciju je objavio da se Valdanos daje pod zakup na 30 godina sa","og_url":"https:\/\/www.visit-ulcinj.com\/blog\/2010\/12\/15\/valdanos-neodgovornost-koja-mozda-nije-slucajna\/","og_site_name":"Lajme nga Ulqini","article_published_time":"2010-12-15T19:21:39+00:00","og_image":[{"url":"http:\/\/www.visit-ulcinj.com\/blog\/wp-content\/uploads\/2010\/12\/Valdanos_Neodgovornost-nije-slucajna.jpg"}],"twitter_misc":{"Written by":"ulqini","Est. reading time":"3 minutes"},"schema":{"@context":"https:\/\/schema.org","@graph":[{"@type":"WebSite","@id":"https:\/\/www.visit-ulcinj.com\/blog\/#website","url":"https:\/\/www.visit-ulcinj.com\/blog\/","name":"Lajme nga Ulqini","description":"Lajme,Vijesti,Ulqini,Ulqin,Crna Gora,Mali i Zi","potentialAction":[{"@type":"SearchAction","target":{"@type":"EntryPoint","urlTemplate":"https:\/\/www.visit-ulcinj.com\/blog\/?s={search_term_string}"},"query-input":"required name=search_term_string"}],"inLanguage":"en-US"},{"@type":"ImageObject","inLanguage":"en-US","@id":"https:\/\/www.visit-ulcinj.com\/blog\/2010\/12\/15\/valdanos-neodgovornost-koja-mozda-nije-slucajna\/#primaryimage","url":"https:\/\/www.visit-ulcinj.com\/blog\/wp-content\/uploads\/2010\/12\/Valdanos_Neodgovornost-nije-slucajna.jpg","contentUrl":"https:\/\/www.visit-ulcinj.com\/blog\/wp-content\/uploads\/2010\/12\/Valdanos_Neodgovornost-nije-slucajna.jpg","width":"580","height":"461"},{"@type":"WebPage","@id":"https:\/\/www.visit-ulcinj.com\/blog\/2010\/12\/15\/valdanos-neodgovornost-koja-mozda-nije-slucajna\/#webpage","url":"https:\/\/www.visit-ulcinj.com\/blog\/2010\/12\/15\/valdanos-neodgovornost-koja-mozda-nije-slucajna\/","name":"Valdanos: Neodgovornost koja mo\u017eda nije slu\u010dajna - Lajme nga Ulqini","isPartOf":{"@id":"https:\/\/www.visit-ulcinj.com\/blog\/#website"},"primaryImageOfPage":{"@id":"https:\/\/www.visit-ulcinj.com\/blog\/2010\/12\/15\/valdanos-neodgovornost-koja-mozda-nije-slucajna\/#primaryimage"},"datePublished":"2010-12-15T19:21:39+00:00","dateModified":"2010-12-15T19:21:39+00:00","author":{"@id":"https:\/\/www.visit-ulcinj.com\/blog\/#\/schema\/person\/dcab619c614d3038751c63bc2aadc06d"},"description":"PISMA UREDNIKU Ono \u010dega su se gra\u0111ani Ulcinja pribojavali, dogodilo se. Savjet za privatizaciju je objavio da se Valdanos daje pod zakup na 30 godina sa","breadcrumb":{"@id":"https:\/\/www.visit-ulcinj.com\/blog\/2010\/12\/15\/valdanos-neodgovornost-koja-mozda-nije-slucajna\/#breadcrumb"},"inLanguage":"en-US","potentialAction":[{"@type":"ReadAction","target":["https:\/\/www.visit-ulcinj.com\/blog\/2010\/12\/15\/valdanos-neodgovornost-koja-mozda-nije-slucajna\/"]}]},{"@type":"BreadcrumbList","@id":"https:\/\/www.visit-ulcinj.com\/blog\/2010\/12\/15\/valdanos-neodgovornost-koja-mozda-nije-slucajna\/#breadcrumb","itemListElement":[{"@type":"ListItem","position":1,"name":"Valdanos: Neodgovornost koja mo\u017eda nije slu\u010dajna"}]},{"@type":"Person","@id":"https:\/\/www.visit-ulcinj.com\/blog\/#\/schema\/person\/dcab619c614d3038751c63bc2aadc06d","name":"ulqini","sameAs":["http:\/\/www.visit-ulcinj.com"],"url":"https:\/\/www.visit-ulcinj.com\/blog\/author\/admin\/"}]}},"jetpack_featured_media_url":"","jetpack_sharing_enabled":true,"jetpack_shortlink":"https:\/\/wp.me\/pe6lTn-aHH","_links":{"self":[{"href":"https:\/\/www.visit-ulcinj.com\/blog\/wp-json\/wp\/v2\/posts\/41149"}],"collection":[{"href":"https:\/\/www.visit-ulcinj.com\/blog\/wp-json\/wp\/v2\/posts"}],"about":[{"href":"https:\/\/www.visit-ulcinj.com\/blog\/wp-json\/wp\/v2\/types\/post"}],"author":[{"embeddable":true,"href":"https:\/\/www.visit-ulcinj.com\/blog\/wp-json\/wp\/v2\/users\/1"}],"replies":[{"embeddable":true,"href":"https:\/\/www.visit-ulcinj.com\/blog\/wp-json\/wp\/v2\/comments?post=41149"}],"version-history":[{"count":0,"href":"https:\/\/www.visit-ulcinj.com\/blog\/wp-json\/wp\/v2\/posts\/41149\/revisions"}],"wp:attachment":[{"href":"https:\/\/www.visit-ulcinj.com\/blog\/wp-json\/wp\/v2\/media?parent=41149"}],"wp:term":[{"taxonomy":"category","embeddable":true,"href":"https:\/\/www.visit-ulcinj.com\/blog\/wp-json\/wp\/v2\/categories?post=41149"},{"taxonomy":"post_tag","embeddable":true,"href":"https:\/\/www.visit-ulcinj.com\/blog\/wp-json\/wp\/v2\/tags?post=41149"}],"curies":[{"name":"wp","href":"https:\/\/api.w.org\/{rel}","templated":true}]}}