{"id":41153,"date":"2010-12-15T20:35:08","date_gmt":"2010-12-15T19:35:08","guid":{"rendered":"http:\/\/www.visit-ulcinj.com\/blog\/?p=41153"},"modified":"2010-12-15T20:37:29","modified_gmt":"2010-12-15T19:37:29","slug":"valdanosi-dhe-politikanet-e-ulqinit-papergjegjshmeri-jo-e-rastit","status":"publish","type":"post","link":"https:\/\/www.visit-ulcinj.com\/blog\/2010\/12\/15\/valdanosi-dhe-politikanet-e-ulqinit-papergjegjshmeri-jo-e-rastit\/","title":{"rendered":"Valdanosi dhe politikan\u00ebt e Ulqinit: Pap\u00ebrgjegjshm\u00ebri jo e rastit"},"content":{"rendered":"<p><strong><a href=\"http:\/\/www.visit-ulcinj.com\/blog\/wp-content\/uploads\/2009\/07\/hiljadu-mje%C3%85%C2%A1tana-tra%C3%85%C2%BEi-poni%C3%85%C2%A1tenje-tendera-za-Valdanos-Veliku-pla%C3%85%C2%BEu-i-Adu.jpg\"><img loading=\"lazy\" class=\"alignleft\" title=\"JO SHITJES SE VALDANOSIT\" src=\"http:\/\/www.visit-ulcinj.com\/blog\/wp-content\/uploads\/2009\/07\/hiljadu-mje%C3%85%C2%A1tana-tra%C3%85%C2%BEi-poni%C3%85%C2%A1tenje-tendera-za-Valdanos-Veliku-pla%C3%85%C2%BEu-i-Adu.jpg\" alt=\"\" width=\"1024\" height=\"454\" \/><\/a>Edhe pse Kuvendi i Komun\u00ebs s\u00eb Ulqinit e ka miratuar unanimisht\u00a0vendimin p\u00ebr kthimin e pron\u00ebs s\u00eb Valdanosit, pa asnj\u00eb vot\u00eb\u00a0kund\u00ebr, tash ndodh heshtja. Sikur t\u00eb gjith\u00eb politikan\u00ebt jan\u00eb b\u00ebr\u00eb\u00a0shurdha dhe memeca, p\u00ebrve\u00e7 OJQ-ve, intelektual\u00ebve t\u00eb qytetit dhe\u00a0Shoqat\u00ebs s\u00eb Ullishtar\u00ebve. Sikur e drejta p\u00ebr pron\u00eb nuk u intereson\u00a0politikan\u00ebve tan\u00eb.<\/strong><br \/>\nAjo nga cka populli i Ulqinit eshte frikesuar,\u00a0ka ndodhur. Keshilli per Privatizim\u00a0shpalli qe Valdanosi do te jepet me qira\u00a0per 30 vjet, me mundesine e vazhdimit\u00a0te afatit te kontrates. Ky lajm ka shkaktuar\u00a0nje neveri dhe habi tek ulqinaket. Ata nuk\u00a0mund ta besojne qe ne prag te integrimit\u00a0ne BE behet nje akt i tille, qe bie ne kundershtim\u00a0me te gjitha normat dhe vlerat evropiane,\u00a0qe kane te bejne me ruajtjen dhe\u00a0kultivimin e prones private si dhe me kthimin\u00a0e saj pronareve te ligjshem.\u00a0Te drejten mbi pronen, me vendimet e\u00a0veta e kane vertetuar edhe nivelet me te\u00a0larta te gjyqesorit ne Mal te Zi. Por, e gjitha\u00a0eshte e kote. Shkelet cdo norme civilizuese\u00a0dhe europiane dhe behet tjetersimi i\u00a0prones se huaj.\u00a0Edhe pse prona u eshte kthyer dhe eshte\u00a0zbatuar ligji per shumicen e qytetareve te\u00a0Malit te Zi, kjo per ulqinaket dhe per pronen\u00a0e tyre mijeravjecare ne Valdanos nuk\u00a0vlen. Dhe e gjitha nuk mbaron ketu, pasi\u00a0qe udheheqesve dhe politikaneve tane ne\u00a0Ulqin u intereson vetem kombinatorika e\u00a0rezultatit te zgjedhjeve, si t\u2019i ndajne postet\u00a0ne qeverine e ardhshme te qytetit si dhe\u00a0kush dhe si do te formoje shumicen ne\u00a0parlamentin e ardhshem te qytetit. Asnje\u00a0fjale, asnje deklarate e partive politike ne\u00a0Ulqin (ju kerkoj falje atyre partive qe jane\u00a0deklaruar, por me siguri ka qene deklarate\u00a0e zbehte, pasi qe nuk eshte ndjere ne\u00a0opinion).\u00a0Edhe pse Kuvendi i Komunes se Ulqinit e\u00a0ka miratuar vendimin per kthimin e prones\u00a0se Valdanosit unanimisht, pa asnje\u00a0vote kunder, tash ndodh heshtja. Sikur te\u00a0gjithe politikanet jane bere shurdha dhe\u00a0memeca, pervec OJQ-ve, intelektualeve\u00a0te qytetit dhe Shoqates se Ullishtareve.\u00a0Sikur e drejta per prone nuk u intereson\u00a0politikaneve tane. Me rendesi jane postet\u00a0dhe a do te behet koalicioni me ate apo\u00a0me kete force politike. Fjalet dhe premtimet\u00a0e partive tona qe do te degjojne\u00a0rrahjet e damareve te votuesve tane dhe\u00a0do te punojne per te miren dhe zhvillimin\u00a0e Ulqinit, sikur i ka marre era. E Valdanosin,\u00a0ate gji magjepses e ka krijuar Zoti, por\u00a0njerezit i kane mbjellur ato trungje mijeravjecare\u00a0dhe i kane kultivuar gjysherit\u00a0tane. Dhe njerezit duhen te perpiqen qe\u00a0ajo pasuri stergjyshore te mos tjetersohet\u00a0dhe t\u2019u kthehet pronareve te ligjshem. Por\u00a0politikanet tane sikur i ka verbuar lakmia\u00a0politike dhe postet, e sigurisht si duket\u00a0edhe perfitimet nga to. E qytetaret presin.\u00a0Presin reagimin e perfaqesuesve te tyre te\u00a0ligjshem dhe me te drejte e presin kete.\u00a0Por politikanet tane jane te zene me probleme\u00a0te tjera. Eshte me rendesi jetike a do te vije \u201cfilani\u201d ne postin e caktuar dhe sa\u00a0poste do te marre , partia \u201cfilan\u201d, kurse per\u00a0hallet dhe problemet e qytetareve do te\u00a0merren me vone, ku ta dime se kur.\u00a0Nese u kthehemi privatizimeve qe jane\u00a0bere ne Ulqin, atehere mund te themi qe\u00a0nuk jane bere privatizime te qelluara. Sikur\u00a0do te kishte pasur nje zhvillim te qendrueshem\u00a0dhe gradual privatizimi edhe\u00a0nuk do te kishte qene aq tragjik, por dihet\u00a0qe ne Ulqin pas ketyre privatizimeve\u00a0objektet ekonomike ose jane rrafshuar\u00a0me toke ose mbahen te mbyllura me dry,\u00a0kurse te punesuarit jane perjashtuar nga\u00a0puna ose nese kane pasur fat punojne\u00a0pune joadekuate dhe jokompatibile me\u00a0arsimimin e tyre. Andaj edhe kjo dhenie\u00a0me qera e Valdanosit qe eshte bere tash\u00a0zgjon dyshime per vete qellimin.\u00a0Dihet qe ulliri eshte peme e shenjte e cila\u00a0mbrohet me ligj, prandaj nuk duhet te na\u00a0bindin investitoret eventuale per mbrojtjen\u00a0e ullinjve nga demtimi, pasi qe kemi\u00a0nje pervoje te hidhur sa i perket kesaj\u00a0ceshtjeje. Por, njeriu (politikani) e di mire\u00a0kombinatoriken politike dhe me te edhe\u00a0merret tash per tash, kurse Valdanosi, nuk\u00a0eshte ne doren e tij dhe per kete, sipas tij,\u00a0nuk ka ndihme. Mirepo, politikanet tane\u00a0sikur harrojne qe zgjedhesit ua kane dhene\u00a0votat atyre dhe njekohesisht ua kane\u00a0dhene edhe te drejten qe t\u2019i perfaqesojne\u00a0denjesisht e jo te hasin ne mjegullnaje dhe\u00a0ne situate shurdhmemece. Andaj politikanet\u00a0tane duhen te merren me probleme\u00a0jetesore qe e mundojne popullin dhe te\u00a0deklarohen si pushteti lokal, ashtu edhe te\u00a0gjithe keshilltaret e Kuvendit te Ulqinit per\u00a0kete veprim te papelqyer te Keshillit per\u00a0Privatizim. Te gjitha partite politike duhet\u00a0medoemos te deklarohen dhe ta dije populli\u00a0se cili eshte qendrimi i tyre mbi kete\u00a0ceshtje aq jetike dhe te rendesishme per\u00a0banoret e Ulqinit. Ky eshte nenvleresim\u00a0dhe shkelje e dinjitetit te votuesit dhe\u00a0qytetarit. Politikanet tane nese nuk munden\u00a0se paku te shprehin vullnetin e mire\u00a0ndaj Ulqinit dhe ndaj Valdanosit, atehere\u00a0duhet t\u2019u kerkojne falje votuesve dhe Ulqinit\u00a0per mosperfillje te interesave dhe\u00a0deshirave te tyre. Ky eshte minimumi\u00a0cfare mund te bejne per hir te sinqeritetit\u00a0dhe moralit politik.<\/p>\n<p><strong>Enver Mollabeqiri &#8211; Eno<\/strong><br \/>\n<strong>Koha Javore<\/strong><\/p>\n","protected":false},"excerpt":{"rendered":"<p>Edhe pse Kuvendi i Komun\u00ebs s\u00eb Ulqinit e ka miratuar unanimisht\u00a0vendimin p\u00ebr kthimin e pron\u00ebs s\u00eb Valdanosit, pa asnj\u00eb vot\u00eb\u00a0kund\u00ebr, tash ndodh heshtja. Sikur t\u00eb gjith\u00eb politikan\u00ebt jan\u00eb b\u00ebr\u00eb\u00a0shurdha dhe memeca, p\u00ebrve\u00e7 OJQ-ve, intelektual\u00ebve t\u00eb qytetit dhe\u00a0Shoqat\u00ebs s\u00eb Ullishtar\u00ebve. Sikur e drejta p\u00ebr pron\u00eb nuk u intereson\u00a0politikan\u00ebve tan\u00eb. Ajo nga cka populli i Ulqinit eshte [&hellip;]<\/p>\n","protected":false},"author":1,"featured_media":0,"comment_status":"open","ping_status":"closed","sticky":false,"template":"","format":"standard","meta":{"spay_email":"","jetpack_publicize_message":"","jetpack_is_tweetstorm":false,"jetpack_publicize_feature_enabled":true},"categories":[14249],"tags":[200,18,561],"jetpack_publicize_connections":[],"yoast_head":"<!-- This site is optimized with the Yoast SEO plugin v19.1 - https:\/\/yoast.com\/wordpress\/plugins\/seo\/ -->\n<title>Valdanosi dhe politikan\u00ebt e Ulqinit: Pap\u00ebrgjegjshm\u00ebri jo e rastit - Lajme nga Ulqini<\/title>\n<meta name=\"description\" content=\"Edhe pse Kuvendi i Komun\u00ebs s\u00eb Ulqinit e ka miratuar unanimisht\u00a0vendimin p\u00ebr kthimin e pron\u00ebs s\u00eb Valdanosit, pa asnj\u00eb vot\u00eb\u00a0kund\u00ebr, tash ndodh heshtja.\" \/>\n<meta name=\"robots\" content=\"index, follow, max-snippet:-1, max-image-preview:large, max-video-preview:-1\" \/>\n<link rel=\"canonical\" href=\"https:\/\/www.visit-ulcinj.com\/blog\/2010\/12\/15\/valdanosi-dhe-politikanet-e-ulqinit-papergjegjshmeri-jo-e-rastit\/\" \/>\n<meta property=\"og:locale\" content=\"en_US\" \/>\n<meta property=\"og:type\" content=\"article\" \/>\n<meta property=\"og:title\" content=\"Valdanosi dhe politikan\u00ebt e Ulqinit: Pap\u00ebrgjegjshm\u00ebri jo e rastit - Lajme nga Ulqini\" \/>\n<meta property=\"og:description\" content=\"Edhe pse Kuvendi i Komun\u00ebs s\u00eb Ulqinit e ka miratuar unanimisht\u00a0vendimin p\u00ebr kthimin e pron\u00ebs s\u00eb Valdanosit, pa asnj\u00eb vot\u00eb\u00a0kund\u00ebr, tash ndodh heshtja.\" \/>\n<meta property=\"og:url\" content=\"https:\/\/www.visit-ulcinj.com\/blog\/2010\/12\/15\/valdanosi-dhe-politikanet-e-ulqinit-papergjegjshmeri-jo-e-rastit\/\" \/>\n<meta property=\"og:site_name\" content=\"Lajme nga Ulqini\" \/>\n<meta property=\"article:published_time\" content=\"2010-12-15T19:35:08+00:00\" \/>\n<meta property=\"article:modified_time\" content=\"2010-12-15T19:37:29+00:00\" \/>\n<meta property=\"og:image\" content=\"http:\/\/www.visit-ulcinj.com\/blog\/wp-content\/uploads\/2009\/07\/hiljadu-mje%C3%85%C2%A1tana-tra%C3%85%C2%BEi-poni%C3%85%C2%A1tenje-tendera-za-Valdanos-Veliku-pla%C3%85%C2%BEu-i-Adu.jpg\" \/>\n<meta name=\"twitter:label1\" content=\"Written by\" \/>\n\t<meta name=\"twitter:data1\" content=\"ulqini\" \/>\n\t<meta name=\"twitter:label2\" content=\"Est. reading time\" \/>\n\t<meta name=\"twitter:data2\" content=\"4 minutes\" \/>\n<script type=\"application\/ld+json\" class=\"yoast-schema-graph\">{\"@context\":\"https:\/\/schema.org\",\"@graph\":[{\"@type\":\"WebSite\",\"@id\":\"https:\/\/www.visit-ulcinj.com\/blog\/#website\",\"url\":\"https:\/\/www.visit-ulcinj.com\/blog\/\",\"name\":\"Lajme nga Ulqini\",\"description\":\"Lajme,Vijesti,Ulqini,Ulqin,Crna Gora,Mali i Zi\",\"potentialAction\":[{\"@type\":\"SearchAction\",\"target\":{\"@type\":\"EntryPoint\",\"urlTemplate\":\"https:\/\/www.visit-ulcinj.com\/blog\/?s={search_term_string}\"},\"query-input\":\"required name=search_term_string\"}],\"inLanguage\":\"en-US\"},{\"@type\":\"ImageObject\",\"inLanguage\":\"en-US\",\"@id\":\"https:\/\/www.visit-ulcinj.com\/blog\/2010\/12\/15\/valdanosi-dhe-politikanet-e-ulqinit-papergjegjshmeri-jo-e-rastit\/#primaryimage\",\"url\":\"http:\/\/www.visit-ulcinj.com\/blog\/wp-content\/uploads\/2009\/07\/hiljadu-mje%C3%85%C2%A1tana-tra%C3%85%C2%BEi-poni%C3%85%C2%A1tenje-tendera-za-Valdanos-Veliku-pla%C3%85%C2%BEu-i-Adu.jpg\",\"contentUrl\":\"http:\/\/www.visit-ulcinj.com\/blog\/wp-content\/uploads\/2009\/07\/hiljadu-mje%C3%85%C2%A1tana-tra%C3%85%C2%BEi-poni%C3%85%C2%A1tenje-tendera-za-Valdanos-Veliku-pla%C3%85%C2%BEu-i-Adu.jpg\"},{\"@type\":\"WebPage\",\"@id\":\"https:\/\/www.visit-ulcinj.com\/blog\/2010\/12\/15\/valdanosi-dhe-politikanet-e-ulqinit-papergjegjshmeri-jo-e-rastit\/#webpage\",\"url\":\"https:\/\/www.visit-ulcinj.com\/blog\/2010\/12\/15\/valdanosi-dhe-politikanet-e-ulqinit-papergjegjshmeri-jo-e-rastit\/\",\"name\":\"Valdanosi dhe politikan\u00ebt e Ulqinit: Pap\u00ebrgjegjshm\u00ebri jo e rastit - Lajme nga Ulqini\",\"isPartOf\":{\"@id\":\"https:\/\/www.visit-ulcinj.com\/blog\/#website\"},\"primaryImageOfPage\":{\"@id\":\"https:\/\/www.visit-ulcinj.com\/blog\/2010\/12\/15\/valdanosi-dhe-politikanet-e-ulqinit-papergjegjshmeri-jo-e-rastit\/#primaryimage\"},\"datePublished\":\"2010-12-15T19:35:08+00:00\",\"dateModified\":\"2010-12-15T19:37:29+00:00\",\"author\":{\"@id\":\"https:\/\/www.visit-ulcinj.com\/blog\/#\/schema\/person\/dcab619c614d3038751c63bc2aadc06d\"},\"description\":\"Edhe pse Kuvendi i Komun\u00ebs s\u00eb Ulqinit e ka miratuar unanimisht\u00a0vendimin p\u00ebr kthimin e pron\u00ebs s\u00eb Valdanosit, pa asnj\u00eb vot\u00eb\u00a0kund\u00ebr, tash ndodh heshtja.\",\"breadcrumb\":{\"@id\":\"https:\/\/www.visit-ulcinj.com\/blog\/2010\/12\/15\/valdanosi-dhe-politikanet-e-ulqinit-papergjegjshmeri-jo-e-rastit\/#breadcrumb\"},\"inLanguage\":\"en-US\",\"potentialAction\":[{\"@type\":\"ReadAction\",\"target\":[\"https:\/\/www.visit-ulcinj.com\/blog\/2010\/12\/15\/valdanosi-dhe-politikanet-e-ulqinit-papergjegjshmeri-jo-e-rastit\/\"]}]},{\"@type\":\"BreadcrumbList\",\"@id\":\"https:\/\/www.visit-ulcinj.com\/blog\/2010\/12\/15\/valdanosi-dhe-politikanet-e-ulqinit-papergjegjshmeri-jo-e-rastit\/#breadcrumb\",\"itemListElement\":[{\"@type\":\"ListItem\",\"position\":1,\"name\":\"Valdanosi dhe politikan\u00ebt e Ulqinit: Pap\u00ebrgjegjshm\u00ebri jo e rastit\"}]},{\"@type\":\"Person\",\"@id\":\"https:\/\/www.visit-ulcinj.com\/blog\/#\/schema\/person\/dcab619c614d3038751c63bc2aadc06d\",\"name\":\"ulqini\",\"sameAs\":[\"http:\/\/www.visit-ulcinj.com\"],\"url\":\"https:\/\/www.visit-ulcinj.com\/blog\/author\/admin\/\"}]}<\/script>\n<!-- \/ Yoast SEO plugin. -->","yoast_head_json":{"title":"Valdanosi dhe politikan\u00ebt e Ulqinit: Pap\u00ebrgjegjshm\u00ebri jo e rastit - Lajme nga Ulqini","description":"Edhe pse Kuvendi i Komun\u00ebs s\u00eb Ulqinit e ka miratuar unanimisht\u00a0vendimin p\u00ebr kthimin e pron\u00ebs s\u00eb Valdanosit, pa asnj\u00eb vot\u00eb\u00a0kund\u00ebr, tash ndodh heshtja.","robots":{"index":"index","follow":"follow","max-snippet":"max-snippet:-1","max-image-preview":"max-image-preview:large","max-video-preview":"max-video-preview:-1"},"canonical":"https:\/\/www.visit-ulcinj.com\/blog\/2010\/12\/15\/valdanosi-dhe-politikanet-e-ulqinit-papergjegjshmeri-jo-e-rastit\/","og_locale":"en_US","og_type":"article","og_title":"Valdanosi dhe politikan\u00ebt e Ulqinit: Pap\u00ebrgjegjshm\u00ebri jo e rastit - Lajme nga Ulqini","og_description":"Edhe pse Kuvendi i Komun\u00ebs s\u00eb Ulqinit e ka miratuar unanimisht\u00a0vendimin p\u00ebr kthimin e pron\u00ebs s\u00eb Valdanosit, pa asnj\u00eb vot\u00eb\u00a0kund\u00ebr, tash ndodh heshtja.","og_url":"https:\/\/www.visit-ulcinj.com\/blog\/2010\/12\/15\/valdanosi-dhe-politikanet-e-ulqinit-papergjegjshmeri-jo-e-rastit\/","og_site_name":"Lajme nga Ulqini","article_published_time":"2010-12-15T19:35:08+00:00","article_modified_time":"2010-12-15T19:37:29+00:00","og_image":[{"url":"http:\/\/www.visit-ulcinj.com\/blog\/wp-content\/uploads\/2009\/07\/hiljadu-mje%C3%85%C2%A1tana-tra%C3%85%C2%BEi-poni%C3%85%C2%A1tenje-tendera-za-Valdanos-Veliku-pla%C3%85%C2%BEu-i-Adu.jpg"}],"twitter_misc":{"Written by":"ulqini","Est. reading time":"4 minutes"},"schema":{"@context":"https:\/\/schema.org","@graph":[{"@type":"WebSite","@id":"https:\/\/www.visit-ulcinj.com\/blog\/#website","url":"https:\/\/www.visit-ulcinj.com\/blog\/","name":"Lajme nga Ulqini","description":"Lajme,Vijesti,Ulqini,Ulqin,Crna Gora,Mali i Zi","potentialAction":[{"@type":"SearchAction","target":{"@type":"EntryPoint","urlTemplate":"https:\/\/www.visit-ulcinj.com\/blog\/?s={search_term_string}"},"query-input":"required name=search_term_string"}],"inLanguage":"en-US"},{"@type":"ImageObject","inLanguage":"en-US","@id":"https:\/\/www.visit-ulcinj.com\/blog\/2010\/12\/15\/valdanosi-dhe-politikanet-e-ulqinit-papergjegjshmeri-jo-e-rastit\/#primaryimage","url":"http:\/\/www.visit-ulcinj.com\/blog\/wp-content\/uploads\/2009\/07\/hiljadu-mje%C3%85%C2%A1tana-tra%C3%85%C2%BEi-poni%C3%85%C2%A1tenje-tendera-za-Valdanos-Veliku-pla%C3%85%C2%BEu-i-Adu.jpg","contentUrl":"http:\/\/www.visit-ulcinj.com\/blog\/wp-content\/uploads\/2009\/07\/hiljadu-mje%C3%85%C2%A1tana-tra%C3%85%C2%BEi-poni%C3%85%C2%A1tenje-tendera-za-Valdanos-Veliku-pla%C3%85%C2%BEu-i-Adu.jpg"},{"@type":"WebPage","@id":"https:\/\/www.visit-ulcinj.com\/blog\/2010\/12\/15\/valdanosi-dhe-politikanet-e-ulqinit-papergjegjshmeri-jo-e-rastit\/#webpage","url":"https:\/\/www.visit-ulcinj.com\/blog\/2010\/12\/15\/valdanosi-dhe-politikanet-e-ulqinit-papergjegjshmeri-jo-e-rastit\/","name":"Valdanosi dhe politikan\u00ebt e Ulqinit: Pap\u00ebrgjegjshm\u00ebri jo e rastit - Lajme nga Ulqini","isPartOf":{"@id":"https:\/\/www.visit-ulcinj.com\/blog\/#website"},"primaryImageOfPage":{"@id":"https:\/\/www.visit-ulcinj.com\/blog\/2010\/12\/15\/valdanosi-dhe-politikanet-e-ulqinit-papergjegjshmeri-jo-e-rastit\/#primaryimage"},"datePublished":"2010-12-15T19:35:08+00:00","dateModified":"2010-12-15T19:37:29+00:00","author":{"@id":"https:\/\/www.visit-ulcinj.com\/blog\/#\/schema\/person\/dcab619c614d3038751c63bc2aadc06d"},"description":"Edhe pse Kuvendi i Komun\u00ebs s\u00eb Ulqinit e ka miratuar unanimisht\u00a0vendimin p\u00ebr kthimin e pron\u00ebs s\u00eb Valdanosit, pa asnj\u00eb vot\u00eb\u00a0kund\u00ebr, tash ndodh heshtja.","breadcrumb":{"@id":"https:\/\/www.visit-ulcinj.com\/blog\/2010\/12\/15\/valdanosi-dhe-politikanet-e-ulqinit-papergjegjshmeri-jo-e-rastit\/#breadcrumb"},"inLanguage":"en-US","potentialAction":[{"@type":"ReadAction","target":["https:\/\/www.visit-ulcinj.com\/blog\/2010\/12\/15\/valdanosi-dhe-politikanet-e-ulqinit-papergjegjshmeri-jo-e-rastit\/"]}]},{"@type":"BreadcrumbList","@id":"https:\/\/www.visit-ulcinj.com\/blog\/2010\/12\/15\/valdanosi-dhe-politikanet-e-ulqinit-papergjegjshmeri-jo-e-rastit\/#breadcrumb","itemListElement":[{"@type":"ListItem","position":1,"name":"Valdanosi dhe politikan\u00ebt e Ulqinit: Pap\u00ebrgjegjshm\u00ebri jo e rastit"}]},{"@type":"Person","@id":"https:\/\/www.visit-ulcinj.com\/blog\/#\/schema\/person\/dcab619c614d3038751c63bc2aadc06d","name":"ulqini","sameAs":["http:\/\/www.visit-ulcinj.com"],"url":"https:\/\/www.visit-ulcinj.com\/blog\/author\/admin\/"}]}},"jetpack_featured_media_url":"","jetpack_sharing_enabled":true,"jetpack_shortlink":"https:\/\/wp.me\/pe6lTn-aHL","_links":{"self":[{"href":"https:\/\/www.visit-ulcinj.com\/blog\/wp-json\/wp\/v2\/posts\/41153"}],"collection":[{"href":"https:\/\/www.visit-ulcinj.com\/blog\/wp-json\/wp\/v2\/posts"}],"about":[{"href":"https:\/\/www.visit-ulcinj.com\/blog\/wp-json\/wp\/v2\/types\/post"}],"author":[{"embeddable":true,"href":"https:\/\/www.visit-ulcinj.com\/blog\/wp-json\/wp\/v2\/users\/1"}],"replies":[{"embeddable":true,"href":"https:\/\/www.visit-ulcinj.com\/blog\/wp-json\/wp\/v2\/comments?post=41153"}],"version-history":[{"count":0,"href":"https:\/\/www.visit-ulcinj.com\/blog\/wp-json\/wp\/v2\/posts\/41153\/revisions"}],"wp:attachment":[{"href":"https:\/\/www.visit-ulcinj.com\/blog\/wp-json\/wp\/v2\/media?parent=41153"}],"wp:term":[{"taxonomy":"category","embeddable":true,"href":"https:\/\/www.visit-ulcinj.com\/blog\/wp-json\/wp\/v2\/categories?post=41153"},{"taxonomy":"post_tag","embeddable":true,"href":"https:\/\/www.visit-ulcinj.com\/blog\/wp-json\/wp\/v2\/tags?post=41153"}],"curies":[{"name":"wp","href":"https:\/\/api.w.org\/{rel}","templated":true}]}}