{"id":4116,"date":"2008-10-10T14:11:52","date_gmt":"2008-10-10T19:11:52","guid":{"rendered":"http:\/\/www.visit-ulcinj.com\/blog\/?p=4116"},"modified":"2008-10-17T13:18:29","modified_gmt":"2008-10-17T18:18:29","slug":"debohet-ambasadorja-malazeze-ne-serbi","status":"publish","type":"post","link":"https:\/\/www.visit-ulcinj.com\/blog\/2008\/10\/10\/debohet-ambasadorja-malazeze-ne-serbi\/","title":{"rendered":"D\u00ebbohet ambasadorja malazeze n\u00eb Serbi"},"content":{"rendered":"<p><a href=\"http:\/\/www.predsednik.yu\/mwc\/epic\/50\/20070108104024\/01.04.06_boris_tadic_v.jpg\"><img loading=\"lazy\" class=\"alignleft\" src=\"http:\/\/www.predsednik.yu\/mwc\/epic\/50\/20070108104024\/01.04.06_boris_tadic_v.jpg\" alt=\"\" width=\"266\" height=\"170\" \/><\/a>Serbia d\u00ebbon ambasadorin malazez n\u00eb Beograd, pas njohjes q\u00eb Podgorica i b\u00ebri pavar\u00ebsis\u00eb s\u00eb Kosov\u00ebs.<br \/>\nAmbasadorja malezeze, Anka Vojvodic, deklaroi se ishte njoftuar se duhet t\u00eb largohej brenda 48 or\u00ebsh.<br \/>\n&#8220;Kjo nuk \u00ebsht\u00eb nj\u00eb l\u00ebvizje diplomatike e mir\u00eb&#8221;, u shpreh Vojvodic.<br \/>\nNd\u00ebrsa shefi i diplomacis\u00eb serbe, Vuk Jeremic deklaroi p\u00ebr radio B92 se Podgorica e njohu pavar\u00ebsin\u00eb e Kosov\u00ebs, vet\u00ebm nj\u00eb dit\u00eb pas miratimit t\u00eb rezolut\u00ebs n\u00eb OKB.<br \/>\n<strong>Burimi \/ Top Channel <\/strong><\/p>\n<p>[flv]http:\/\/shqiphost.top-channel.tv\/18754796\/flv\/kronika\/beogradmalizi.flv[\/flv]<\/p>\n","protected":false},"excerpt":{"rendered":"<p>Serbia d\u00ebbon ambasadorin malazez n\u00eb Beograd, pas njohjes q\u00eb Podgorica i b\u00ebri pavar\u00ebsis\u00eb s\u00eb Kosov\u00ebs. Ambasadorja malezeze, Anka Vojvodic, deklaroi se ishte njoftuar se duhet t\u00eb largohej brenda 48 or\u00ebsh. &#8220;Kjo nuk \u00ebsht\u00eb nj\u00eb l\u00ebvizje diplomatike e mir\u00eb&#8221;, u shpreh Vojvodic. Nd\u00ebrsa shefi i diplomacis\u00eb serbe, Vuk Jeremic deklaroi p\u00ebr radio B92 se Podgorica e [&hellip;]<\/p>\n","protected":false},"author":1,"featured_media":0,"comment_status":"open","ping_status":"closed","sticky":false,"template":"","format":"standard","meta":{"spay_email":"","jetpack_publicize_message":"","jetpack_is_tweetstorm":false,"jetpack_publicize_feature_enabled":true},"categories":[6,12],"tags":[4645,95,4644],"jetpack_publicize_connections":[],"yoast_head":"<!-- This site is optimized with the Yoast SEO plugin v19.1 - https:\/\/yoast.com\/wordpress\/plugins\/seo\/ -->\n<title>D\u00ebbohet ambasadorja malazeze n\u00eb Serbi - Lajme nga Ulqini<\/title>\n<meta name=\"description\" content=\"Serbia d\u00ebbon ambasadorin malazez n\u00eb Beograd, pas njohjes q\u00eb Podgorica i b\u00ebri pavar\u00ebsis\u00eb s\u00eb Kosov\u00ebs. Ambasadorja malezeze, Anka Vojvodic, deklaroi se ishte\" \/>\n<meta name=\"robots\" content=\"index, follow, max-snippet:-1, max-image-preview:large, max-video-preview:-1\" \/>\n<link rel=\"canonical\" href=\"https:\/\/www.visit-ulcinj.com\/blog\/2008\/10\/10\/debohet-ambasadorja-malazeze-ne-serbi\/\" \/>\n<meta property=\"og:locale\" content=\"en_US\" \/>\n<meta property=\"og:type\" content=\"article\" \/>\n<meta property=\"og:title\" content=\"D\u00ebbohet ambasadorja malazeze n\u00eb Serbi - Lajme nga Ulqini\" \/>\n<meta property=\"og:description\" content=\"Serbia d\u00ebbon ambasadorin malazez n\u00eb Beograd, pas njohjes q\u00eb Podgorica i b\u00ebri pavar\u00ebsis\u00eb s\u00eb Kosov\u00ebs. Ambasadorja malezeze, Anka Vojvodic, deklaroi se ishte\" \/>\n<meta property=\"og:url\" content=\"https:\/\/www.visit-ulcinj.com\/blog\/2008\/10\/10\/debohet-ambasadorja-malazeze-ne-serbi\/\" \/>\n<meta property=\"og:site_name\" content=\"Lajme nga Ulqini\" \/>\n<meta property=\"article:published_time\" content=\"2008-10-10T19:11:52+00:00\" \/>\n<meta property=\"article:modified_time\" content=\"2008-10-17T18:18:29+00:00\" \/>\n<meta property=\"og:image\" content=\"http:\/\/www.predsednik.yu\/mwc\/epic\/50\/20070108104024\/01.04.06_boris_tadic_v.jpg\" \/>\n<meta name=\"twitter:label1\" content=\"Written by\" \/>\n\t<meta name=\"twitter:data1\" content=\"ulqini\" \/>\n<script type=\"application\/ld+json\" class=\"yoast-schema-graph\">{\"@context\":\"https:\/\/schema.org\",\"@graph\":[{\"@type\":\"WebSite\",\"@id\":\"https:\/\/www.visit-ulcinj.com\/blog\/#website\",\"url\":\"https:\/\/www.visit-ulcinj.com\/blog\/\",\"name\":\"Lajme nga Ulqini\",\"description\":\"Lajme,Vijesti,Ulqini,Ulqin,Crna Gora,Mali i Zi\",\"potentialAction\":[{\"@type\":\"SearchAction\",\"target\":{\"@type\":\"EntryPoint\",\"urlTemplate\":\"https:\/\/www.visit-ulcinj.com\/blog\/?s={search_term_string}\"},\"query-input\":\"required name=search_term_string\"}],\"inLanguage\":\"en-US\"},{\"@type\":\"ImageObject\",\"inLanguage\":\"en-US\",\"@id\":\"https:\/\/www.visit-ulcinj.com\/blog\/2008\/10\/10\/debohet-ambasadorja-malazeze-ne-serbi\/#primaryimage\",\"url\":\"http:\/\/www.predsednik.yu\/mwc\/epic\/50\/20070108104024\/01.04.06_boris_tadic_v.jpg\",\"contentUrl\":\"http:\/\/www.predsednik.yu\/mwc\/epic\/50\/20070108104024\/01.04.06_boris_tadic_v.jpg\"},{\"@type\":\"WebPage\",\"@id\":\"https:\/\/www.visit-ulcinj.com\/blog\/2008\/10\/10\/debohet-ambasadorja-malazeze-ne-serbi\/#webpage\",\"url\":\"https:\/\/www.visit-ulcinj.com\/blog\/2008\/10\/10\/debohet-ambasadorja-malazeze-ne-serbi\/\",\"name\":\"D\u00ebbohet ambasadorja malazeze n\u00eb Serbi - Lajme nga Ulqini\",\"isPartOf\":{\"@id\":\"https:\/\/www.visit-ulcinj.com\/blog\/#website\"},\"primaryImageOfPage\":{\"@id\":\"https:\/\/www.visit-ulcinj.com\/blog\/2008\/10\/10\/debohet-ambasadorja-malazeze-ne-serbi\/#primaryimage\"},\"datePublished\":\"2008-10-10T19:11:52+00:00\",\"dateModified\":\"2008-10-17T18:18:29+00:00\",\"author\":{\"@id\":\"https:\/\/www.visit-ulcinj.com\/blog\/#\/schema\/person\/dcab619c614d3038751c63bc2aadc06d\"},\"description\":\"Serbia d\u00ebbon ambasadorin malazez n\u00eb Beograd, pas njohjes q\u00eb Podgorica i b\u00ebri pavar\u00ebsis\u00eb s\u00eb Kosov\u00ebs. Ambasadorja malezeze, Anka Vojvodic, deklaroi se ishte\",\"breadcrumb\":{\"@id\":\"https:\/\/www.visit-ulcinj.com\/blog\/2008\/10\/10\/debohet-ambasadorja-malazeze-ne-serbi\/#breadcrumb\"},\"inLanguage\":\"en-US\",\"potentialAction\":[{\"@type\":\"ReadAction\",\"target\":[\"https:\/\/www.visit-ulcinj.com\/blog\/2008\/10\/10\/debohet-ambasadorja-malazeze-ne-serbi\/\"]}]},{\"@type\":\"BreadcrumbList\",\"@id\":\"https:\/\/www.visit-ulcinj.com\/blog\/2008\/10\/10\/debohet-ambasadorja-malazeze-ne-serbi\/#breadcrumb\",\"itemListElement\":[{\"@type\":\"ListItem\",\"position\":1,\"name\":\"D\u00ebbohet ambasadorja malazeze n\u00eb Serbi\"}]},{\"@type\":\"Person\",\"@id\":\"https:\/\/www.visit-ulcinj.com\/blog\/#\/schema\/person\/dcab619c614d3038751c63bc2aadc06d\",\"name\":\"ulqini\",\"sameAs\":[\"http:\/\/www.visit-ulcinj.com\"],\"url\":\"https:\/\/www.visit-ulcinj.com\/blog\/author\/admin\/\"}]}<\/script>\n<!-- \/ Yoast SEO plugin. -->","yoast_head_json":{"title":"D\u00ebbohet ambasadorja malazeze n\u00eb Serbi - Lajme nga Ulqini","description":"Serbia d\u00ebbon ambasadorin malazez n\u00eb Beograd, pas njohjes q\u00eb Podgorica i b\u00ebri pavar\u00ebsis\u00eb s\u00eb Kosov\u00ebs. Ambasadorja malezeze, Anka Vojvodic, deklaroi se ishte","robots":{"index":"index","follow":"follow","max-snippet":"max-snippet:-1","max-image-preview":"max-image-preview:large","max-video-preview":"max-video-preview:-1"},"canonical":"https:\/\/www.visit-ulcinj.com\/blog\/2008\/10\/10\/debohet-ambasadorja-malazeze-ne-serbi\/","og_locale":"en_US","og_type":"article","og_title":"D\u00ebbohet ambasadorja malazeze n\u00eb Serbi - Lajme nga Ulqini","og_description":"Serbia d\u00ebbon ambasadorin malazez n\u00eb Beograd, pas njohjes q\u00eb Podgorica i b\u00ebri pavar\u00ebsis\u00eb s\u00eb Kosov\u00ebs. Ambasadorja malezeze, Anka Vojvodic, deklaroi se ishte","og_url":"https:\/\/www.visit-ulcinj.com\/blog\/2008\/10\/10\/debohet-ambasadorja-malazeze-ne-serbi\/","og_site_name":"Lajme nga Ulqini","article_published_time":"2008-10-10T19:11:52+00:00","article_modified_time":"2008-10-17T18:18:29+00:00","og_image":[{"url":"http:\/\/www.predsednik.yu\/mwc\/epic\/50\/20070108104024\/01.04.06_boris_tadic_v.jpg"}],"twitter_misc":{"Written by":"ulqini"},"schema":{"@context":"https:\/\/schema.org","@graph":[{"@type":"WebSite","@id":"https:\/\/www.visit-ulcinj.com\/blog\/#website","url":"https:\/\/www.visit-ulcinj.com\/blog\/","name":"Lajme nga Ulqini","description":"Lajme,Vijesti,Ulqini,Ulqin,Crna Gora,Mali i Zi","potentialAction":[{"@type":"SearchAction","target":{"@type":"EntryPoint","urlTemplate":"https:\/\/www.visit-ulcinj.com\/blog\/?s={search_term_string}"},"query-input":"required name=search_term_string"}],"inLanguage":"en-US"},{"@type":"ImageObject","inLanguage":"en-US","@id":"https:\/\/www.visit-ulcinj.com\/blog\/2008\/10\/10\/debohet-ambasadorja-malazeze-ne-serbi\/#primaryimage","url":"http:\/\/www.predsednik.yu\/mwc\/epic\/50\/20070108104024\/01.04.06_boris_tadic_v.jpg","contentUrl":"http:\/\/www.predsednik.yu\/mwc\/epic\/50\/20070108104024\/01.04.06_boris_tadic_v.jpg"},{"@type":"WebPage","@id":"https:\/\/www.visit-ulcinj.com\/blog\/2008\/10\/10\/debohet-ambasadorja-malazeze-ne-serbi\/#webpage","url":"https:\/\/www.visit-ulcinj.com\/blog\/2008\/10\/10\/debohet-ambasadorja-malazeze-ne-serbi\/","name":"D\u00ebbohet ambasadorja malazeze n\u00eb Serbi - Lajme nga Ulqini","isPartOf":{"@id":"https:\/\/www.visit-ulcinj.com\/blog\/#website"},"primaryImageOfPage":{"@id":"https:\/\/www.visit-ulcinj.com\/blog\/2008\/10\/10\/debohet-ambasadorja-malazeze-ne-serbi\/#primaryimage"},"datePublished":"2008-10-10T19:11:52+00:00","dateModified":"2008-10-17T18:18:29+00:00","author":{"@id":"https:\/\/www.visit-ulcinj.com\/blog\/#\/schema\/person\/dcab619c614d3038751c63bc2aadc06d"},"description":"Serbia d\u00ebbon ambasadorin malazez n\u00eb Beograd, pas njohjes q\u00eb Podgorica i b\u00ebri pavar\u00ebsis\u00eb s\u00eb Kosov\u00ebs. Ambasadorja malezeze, Anka Vojvodic, deklaroi se ishte","breadcrumb":{"@id":"https:\/\/www.visit-ulcinj.com\/blog\/2008\/10\/10\/debohet-ambasadorja-malazeze-ne-serbi\/#breadcrumb"},"inLanguage":"en-US","potentialAction":[{"@type":"ReadAction","target":["https:\/\/www.visit-ulcinj.com\/blog\/2008\/10\/10\/debohet-ambasadorja-malazeze-ne-serbi\/"]}]},{"@type":"BreadcrumbList","@id":"https:\/\/www.visit-ulcinj.com\/blog\/2008\/10\/10\/debohet-ambasadorja-malazeze-ne-serbi\/#breadcrumb","itemListElement":[{"@type":"ListItem","position":1,"name":"D\u00ebbohet ambasadorja malazeze n\u00eb Serbi"}]},{"@type":"Person","@id":"https:\/\/www.visit-ulcinj.com\/blog\/#\/schema\/person\/dcab619c614d3038751c63bc2aadc06d","name":"ulqini","sameAs":["http:\/\/www.visit-ulcinj.com"],"url":"https:\/\/www.visit-ulcinj.com\/blog\/author\/admin\/"}]}},"jetpack_featured_media_url":"","jetpack_sharing_enabled":true,"jetpack_shortlink":"https:\/\/wp.me\/pe6lTn-14o","_links":{"self":[{"href":"https:\/\/www.visit-ulcinj.com\/blog\/wp-json\/wp\/v2\/posts\/4116"}],"collection":[{"href":"https:\/\/www.visit-ulcinj.com\/blog\/wp-json\/wp\/v2\/posts"}],"about":[{"href":"https:\/\/www.visit-ulcinj.com\/blog\/wp-json\/wp\/v2\/types\/post"}],"author":[{"embeddable":true,"href":"https:\/\/www.visit-ulcinj.com\/blog\/wp-json\/wp\/v2\/users\/1"}],"replies":[{"embeddable":true,"href":"https:\/\/www.visit-ulcinj.com\/blog\/wp-json\/wp\/v2\/comments?post=4116"}],"version-history":[{"count":0,"href":"https:\/\/www.visit-ulcinj.com\/blog\/wp-json\/wp\/v2\/posts\/4116\/revisions"}],"wp:attachment":[{"href":"https:\/\/www.visit-ulcinj.com\/blog\/wp-json\/wp\/v2\/media?parent=4116"}],"wp:term":[{"taxonomy":"category","embeddable":true,"href":"https:\/\/www.visit-ulcinj.com\/blog\/wp-json\/wp\/v2\/categories?post=4116"},{"taxonomy":"post_tag","embeddable":true,"href":"https:\/\/www.visit-ulcinj.com\/blog\/wp-json\/wp\/v2\/tags?post=4116"}],"curies":[{"name":"wp","href":"https:\/\/api.w.org\/{rel}","templated":true}]}}