{"id":41195,"date":"2010-12-17T08:42:26","date_gmt":"2010-12-17T07:42:26","guid":{"rendered":"http:\/\/www.visit-ulcinj.com\/blog\/?p=41195"},"modified":"2010-12-26T18:44:08","modified_gmt":"2010-12-26T17:44:08","slug":"finalni-izgled-ugostiteljskog-objekta-u-starom-gradu-ulcinja","status":"publish","type":"post","link":"https:\/\/www.visit-ulcinj.com\/blog\/2010\/12\/17\/finalni-izgled-ugostiteljskog-objekta-u-starom-gradu-ulcinja\/","title":{"rendered":"Finalni izgled ugostiteljskog objekta u Starom gradu Ulcinja&#8230;"},"content":{"rendered":"<p><strong><a href=\"http:\/\/www.visit-ulcinj.com\/blog\/wp-content\/uploads\/2010\/12\/Finalni-izgled-ugostiteljskog-objekta-u-Starom-gradu-Ulcinja.jpg\"><img loading=\"lazy\" class=\"alignleft size-full wp-image-41196\" title=\"Finalni izgled ugostiteljskog objekta u Starom gradu Ulcinja\" src=\"http:\/\/www.visit-ulcinj.com\/blog\/wp-content\/uploads\/2010\/12\/Finalni-izgled-ugostiteljskog-objekta-u-Starom-gradu-Ulcinja.jpg\" alt=\"\" width=\"720\" height=\"540\" srcset=\"https:\/\/www.visit-ulcinj.com\/blog\/wp-content\/uploads\/2010\/12\/Finalni-izgled-ugostiteljskog-objekta-u-Starom-gradu-Ulcinja.jpg 720w, https:\/\/www.visit-ulcinj.com\/blog\/wp-content\/uploads\/2010\/12\/Finalni-izgled-ugostiteljskog-objekta-u-Starom-gradu-Ulcinja-300x225.jpg 300w\" sizes=\"(max-width: 720px) 100vw, 720px\" \/><\/a>Finalni izgled hotela ili ugostiteljskog objekta koji se gradi u Starom gradu Ulcinja&#8230;<\/strong><\/p>\n<p>OBJEKAT i ugostiteljski komleks koji se gradi u Starom gradu, kako sada izgleda, naru\u0161ava izgled i naru\u0161ava vrijednost Starog grada, kao spomenika kulture I kategorije. To je \u010dinjenica koju vidi i svaki laik \u010dim baci pogled i vidi postoje\u0107i objekat. To je ipak mi\u0161l&#8230;jenje nas obi\u010dnih ljudi i turista koji to gledamo na svoj na\u010din. Me\u0111utim, ljudi koji ga grade i stru\u010dnjaci koji su dali zeleno svijetlo da on bude tu, ka\u017eu da kada bude zavr\u0161en, da \u0107e izgleda\u0107i jako lijepo. Ja ho\u0107u da vjerujem da mo\u017eda i ne\u0107e tako lo\u0161e izgljedati. Ho\u0107u da se nadam i ho\u0107u da vjerujem da \u0107e bolje i ljep\u0161e izgledati i da \u0107e gospoda koja ga grade ipak uspijeti da ga adaptiraju ambijentu Starog grada. Vjerujem da su projektanti koji su dalji zeljeno svijetlo da se takav objekat na tom mjestu gradi , znali \u0161ta rade. Ne bi trebalo sumnjati u njihovu stru\u010dnost. Mi\u0161ljenja sam, da mi, prvenstveno mislim na \u017eitelje Starog grada, ali i na sve gra\u0111ane Ulcinja, da ipak ne bi smijeli dozvoljiti sebi, nitii mo\u017eemo da sudimoi ljudima, kojima je to profesija. Isto tako ne smijemo se mije\u0161ati niti sumnjati u stru\u010dnost i kompetentnost Republi\u010dkog zavoda za za\u0161titiu spomenika kulture sa Cetinja, koje je i dalo saglasnost da se on tu i tako gradi. Najmanje smo mi laici kompetenti da se mije\u0161amo u kompetentna mi\u0161ljenja stru\u010dnjaka, bez obzira, dali se ne\u0161to nama dopada ili ne. Sa\u010dekajmo da se objekat zavr\u0161i.. Ja sam uspio da dobijem neke fotografije koje bacaju ne\u0161to druga\u010dije svijetlo na ovaj objekat i zbog toga \u017eelim da ove fotografije pogledaju i procijene \u010ditaoci fsb. Nije dovoljno da se samo na osnovu trenutnog stanja u kojemu se sada nalazi ovaj objekat, ishitreno daju mi\u0161ljenja i zaklju\u010dci. Naravno, sla\u017eem se da stanje u kojem se sada nalazi je vi\u0161e nego ru\u017eno i da naru\u0161ava postoje\u0107i ambijent Starog grada. U to nema sumnje, to vidi svaki laik.. Zbog toga i molim nadle\u017ene institucije da dozvole da se objekat zavr\u0161i. Vjerujem, da \u0107e, kada bude zavr\u0161en, ipak druga\u010dije izgledati i da \u0107e ga investitori i izvo\u0111a\u010di uklopiti u postoje\u0107i ambijent Starog grada. Nama je to osnovni cilj, za\u0161tita postoje\u0107eg ambijenta Starog grada, kao spomenika prve kategorije i njegova revitalizacija i restauracija po propisima koje je dalo i daje Republi\u010dko zavod za za\u0161titu spomenika na\u0161e kulture. To je njlkompetentnija institucija dr\u017eave Crne gore i ona daje saglasnost za sve \u0161to se de\u0161ava me\u0111u drevne zidine Starog grada. Stari grad Ulcinja, a i svi spomenici na\u0161e kulture, \u010ditave na\u0161e dr\u017eave su pod njihovom&#8221;Jurisdikcijom&#8221;. Dakle oni daju saglasnost za sve jer je to u njihovoj nadle\u017enosti, i tu prestaje svaki dalji stru\u010dni komentar Isto tako ja se iskreno nadam i ho\u0107u da vjerujem da \u0107e ovaj turisti\u010dki kompleks ili hotel visoke kategorije, imati i druga\u010diju strukturu gostiju koja \u0107e biti na vi\u0161em nivou, uzimaju\u0107i u obzir luksuz koji se nudi u ponudi i smje\u0161taju.. A mo\u017eda \u0107e takva struktura gostiju i doprinijeti jednoj boljoj sveukupnoj ponudi uop\u0161te ne samo u Starom gradu. Mo\u017eda \u0107e sve to uticati i na obnovi infrastrukture u Starom gradu jer je to neminovnost koja mora pratiti takvu strukturu gostiju..<\/p>\n<p><a href=\"http:\/\/www.facebook.com\/group.php?gid=56498271254&amp;v=photos#!\/profile.php?id=1359492972\" target=\"_blank\"><strong>Ismet Karamanaga Facebook<\/strong><\/a><\/p>\n<p>\n\t\t<style type=\"text\/css\">\n\t\t\t#gallery-1 {\n\t\t\t\tmargin: auto;\n\t\t\t}\n\t\t\t#gallery-1 .gallery-item {\n\t\t\t\tfloat: left;\n\t\t\t\tmargin-top: 10px;\n\t\t\t\ttext-align: center;\n\t\t\t\twidth: 33%;\n\t\t\t}\n\t\t\t#gallery-1 img {\n\t\t\t\tborder: 2px solid #cfcfcf;\n\t\t\t}\n\t\t\t#gallery-1 .gallery-caption {\n\t\t\t\tmargin-left: 0;\n\t\t\t}\n\t\t\t\/* see gallery_shortcode() in wp-includes\/media.php *\/\n\t\t<\/style>\n\t\t<div id='gallery-1' class='gallery galleryid-41195 gallery-columns-3 gallery-size-thumbnail'><dl class='gallery-item'>\n\t\t\t<dt class='gallery-icon landscape'>\n\t\t\t\t<a href='https:\/\/www.visit-ulcinj.com\/blog\/wp-content\/uploads\/2010\/12\/Finalni-izgled-ugostiteljskog-objekta-u-Starom-gradu-Ulcinja.jpg'><img width=\"150\" height=\"150\" src=\"https:\/\/www.visit-ulcinj.com\/blog\/wp-content\/uploads\/2010\/12\/Finalni-izgled-ugostiteljskog-objekta-u-Starom-gradu-Ulcinja-150x150.jpg\" class=\"attachment-thumbnail size-thumbnail\" alt=\"\" loading=\"lazy\" \/><\/a>\n\t\t\t<\/dt><\/dl><dl class='gallery-item'>\n\t\t\t<dt class='gallery-icon landscape'>\n\t\t\t\t<a href='https:\/\/www.visit-ulcinj.com\/blog\/wp-content\/uploads\/2010\/12\/Finalni-izgled-ugostiteljskog-objekta-u-Starom-gradu-Ulcinja.10.jpg'><img width=\"150\" height=\"150\" src=\"https:\/\/www.visit-ulcinj.com\/blog\/wp-content\/uploads\/2010\/12\/Finalni-izgled-ugostiteljskog-objekta-u-Starom-gradu-Ulcinja.10-150x150.jpg\" class=\"attachment-thumbnail size-thumbnail\" alt=\"\" loading=\"lazy\" \/><\/a>\n\t\t\t<\/dt><\/dl><dl class='gallery-item'>\n\t\t\t<dt class='gallery-icon landscape'>\n\t\t\t\t<a href='https:\/\/www.visit-ulcinj.com\/blog\/wp-content\/uploads\/2010\/12\/Finalni-izgled-ugostiteljskog-objekta-u-Starom-gradu-Ulcinja.11.jpg'><img width=\"150\" height=\"150\" src=\"https:\/\/www.visit-ulcinj.com\/blog\/wp-content\/uploads\/2010\/12\/Finalni-izgled-ugostiteljskog-objekta-u-Starom-gradu-Ulcinja.11-150x150.jpg\" class=\"attachment-thumbnail size-thumbnail\" alt=\"\" loading=\"lazy\" \/><\/a>\n\t\t\t<\/dt><\/dl><br style=\"clear: both\" \/><dl class='gallery-item'>\n\t\t\t<dt class='gallery-icon landscape'>\n\t\t\t\t<a href='https:\/\/www.visit-ulcinj.com\/blog\/wp-content\/uploads\/2010\/12\/Finalni-izgled-ugostiteljskog-objekta-u-Starom-gradu-Ulcinja.2.jpg'><img width=\"150\" height=\"150\" src=\"https:\/\/www.visit-ulcinj.com\/blog\/wp-content\/uploads\/2010\/12\/Finalni-izgled-ugostiteljskog-objekta-u-Starom-gradu-Ulcinja.2-150x150.jpg\" class=\"attachment-thumbnail size-thumbnail\" alt=\"\" loading=\"lazy\" \/><\/a>\n\t\t\t<\/dt><\/dl><dl class='gallery-item'>\n\t\t\t<dt class='gallery-icon landscape'>\n\t\t\t\t<a href='https:\/\/www.visit-ulcinj.com\/blog\/wp-content\/uploads\/2010\/12\/Finalni-izgled-ugostiteljskog-objekta-u-Starom-gradu-Ulcinja.1.jpg'><img width=\"150\" height=\"150\" src=\"https:\/\/www.visit-ulcinj.com\/blog\/wp-content\/uploads\/2010\/12\/Finalni-izgled-ugostiteljskog-objekta-u-Starom-gradu-Ulcinja.1-150x150.jpg\" class=\"attachment-thumbnail size-thumbnail\" alt=\"\" loading=\"lazy\" \/><\/a>\n\t\t\t<\/dt><\/dl><dl class='gallery-item'>\n\t\t\t<dt class='gallery-icon landscape'>\n\t\t\t\t<a href='https:\/\/www.visit-ulcinj.com\/blog\/wp-content\/uploads\/2010\/12\/Finalni-izgled-ugostiteljskog-objekta-u-Starom-gradu-Ulcinja.3.jpg'><img width=\"150\" height=\"150\" src=\"https:\/\/www.visit-ulcinj.com\/blog\/wp-content\/uploads\/2010\/12\/Finalni-izgled-ugostiteljskog-objekta-u-Starom-gradu-Ulcinja.3-150x150.jpg\" class=\"attachment-thumbnail size-thumbnail\" alt=\"\" loading=\"lazy\" \/><\/a>\n\t\t\t<\/dt><\/dl><br style=\"clear: both\" \/><dl class='gallery-item'>\n\t\t\t<dt class='gallery-icon landscape'>\n\t\t\t\t<a href='https:\/\/www.visit-ulcinj.com\/blog\/wp-content\/uploads\/2010\/12\/Finalni-izgled-ugostiteljskog-objekta-u-Starom-gradu-Ulcinja.4.jpg'><img width=\"150\" height=\"150\" src=\"https:\/\/www.visit-ulcinj.com\/blog\/wp-content\/uploads\/2010\/12\/Finalni-izgled-ugostiteljskog-objekta-u-Starom-gradu-Ulcinja.4-150x150.jpg\" class=\"attachment-thumbnail size-thumbnail\" alt=\"\" loading=\"lazy\" \/><\/a>\n\t\t\t<\/dt><\/dl><dl class='gallery-item'>\n\t\t\t<dt class='gallery-icon landscape'>\n\t\t\t\t<a href='https:\/\/www.visit-ulcinj.com\/blog\/wp-content\/uploads\/2010\/12\/Finalni-izgled-ugostiteljskog-objekta-u-Starom-gradu-Ulcinja.5.jpg'><img width=\"150\" height=\"150\" src=\"https:\/\/www.visit-ulcinj.com\/blog\/wp-content\/uploads\/2010\/12\/Finalni-izgled-ugostiteljskog-objekta-u-Starom-gradu-Ulcinja.5-150x150.jpg\" class=\"attachment-thumbnail size-thumbnail\" alt=\"\" loading=\"lazy\" \/><\/a>\n\t\t\t<\/dt><\/dl><dl class='gallery-item'>\n\t\t\t<dt class='gallery-icon landscape'>\n\t\t\t\t<a href='https:\/\/www.visit-ulcinj.com\/blog\/wp-content\/uploads\/2010\/12\/Finalni-izgled-ugostiteljskog-objekta-u-Starom-gradu-Ulcinja.6.jpg'><img width=\"150\" height=\"150\" src=\"https:\/\/www.visit-ulcinj.com\/blog\/wp-content\/uploads\/2010\/12\/Finalni-izgled-ugostiteljskog-objekta-u-Starom-gradu-Ulcinja.6-150x150.jpg\" class=\"attachment-thumbnail size-thumbnail\" alt=\"\" loading=\"lazy\" \/><\/a>\n\t\t\t<\/dt><\/dl><br style=\"clear: both\" \/><dl class='gallery-item'>\n\t\t\t<dt class='gallery-icon landscape'>\n\t\t\t\t<a href='https:\/\/www.visit-ulcinj.com\/blog\/wp-content\/uploads\/2010\/12\/Finalni-izgled-ugostiteljskog-objekta-u-Starom-gradu-Ulcinja.7.jpg'><img width=\"150\" height=\"150\" src=\"https:\/\/www.visit-ulcinj.com\/blog\/wp-content\/uploads\/2010\/12\/Finalni-izgled-ugostiteljskog-objekta-u-Starom-gradu-Ulcinja.7-150x150.jpg\" class=\"attachment-thumbnail size-thumbnail\" alt=\"\" loading=\"lazy\" \/><\/a>\n\t\t\t<\/dt><\/dl><dl class='gallery-item'>\n\t\t\t<dt class='gallery-icon landscape'>\n\t\t\t\t<a href='https:\/\/www.visit-ulcinj.com\/blog\/wp-content\/uploads\/2010\/12\/Finalni-izgled-ugostiteljskog-objekta-u-Starom-gradu-Ulcinja.8.jpg'><img width=\"150\" height=\"150\" src=\"https:\/\/www.visit-ulcinj.com\/blog\/wp-content\/uploads\/2010\/12\/Finalni-izgled-ugostiteljskog-objekta-u-Starom-gradu-Ulcinja.8-150x150.jpg\" class=\"attachment-thumbnail size-thumbnail\" alt=\"\" loading=\"lazy\" \/><\/a>\n\t\t\t<\/dt><\/dl><dl class='gallery-item'>\n\t\t\t<dt class='gallery-icon landscape'>\n\t\t\t\t<a href='https:\/\/www.visit-ulcinj.com\/blog\/wp-content\/uploads\/2010\/12\/Finalni-izgled-ugostiteljskog-objekta-u-Starom-gradu-Ulcinja.9.jpg'><img width=\"150\" height=\"150\" src=\"https:\/\/www.visit-ulcinj.com\/blog\/wp-content\/uploads\/2010\/12\/Finalni-izgled-ugostiteljskog-objekta-u-Starom-gradu-Ulcinja.9-150x150.jpg\" class=\"attachment-thumbnail size-thumbnail\" alt=\"\" loading=\"lazy\" \/><\/a>\n\t\t\t<\/dt><\/dl><br style=\"clear: both\" \/>\n\t\t<\/div>\n<br \/>\n<!--YouTube Error: bad URL entered--><\/p>\n","protected":false},"excerpt":{"rendered":"<p>Finalni izgled hotela ili ugostiteljskog objekta koji se gradi u Starom gradu Ulcinja&#8230; OBJEKAT i ugostiteljski komleks koji se gradi u Starom gradu, kako sada izgleda, naru\u0161ava izgled i naru\u0161ava vrijednost Starog grada, kao spomenika kulture I kategorije. To je \u010dinjenica koju vidi i svaki laik \u010dim baci pogled i vidi postoje\u0107i objekat. To je [&hellip;]<\/p>\n","protected":false},"author":1,"featured_media":0,"comment_status":"open","ping_status":"closed","sticky":false,"template":"","format":"standard","meta":{"spay_email":"","jetpack_publicize_message":"","jetpack_is_tweetstorm":false,"jetpack_publicize_feature_enabled":true},"categories":[8337],"tags":[5673,309,13595,13594,16687,19],"jetpack_publicize_connections":[],"yoast_head":"<!-- This site is optimized with the Yoast SEO plugin v19.1 - https:\/\/yoast.com\/wordpress\/plugins\/seo\/ -->\n<title>Finalni izgled ugostiteljskog objekta u Starom gradu Ulcinja... - Lajme nga Ulqini<\/title>\n<meta name=\"description\" content=\"Finalni izgled hotela ili ugostiteljskog objekta koji se gradi u Starom gradu Ulcinja... OBJEKAT i ugostiteljski komleks koji se gradi u Starom gradu,\" \/>\n<meta name=\"robots\" content=\"index, follow, max-snippet:-1, max-image-preview:large, max-video-preview:-1\" \/>\n<link rel=\"canonical\" href=\"https:\/\/www.visit-ulcinj.com\/blog\/2010\/12\/17\/finalni-izgled-ugostiteljskog-objekta-u-starom-gradu-ulcinja\/\" \/>\n<meta property=\"og:locale\" content=\"en_US\" \/>\n<meta property=\"og:type\" content=\"article\" \/>\n<meta property=\"og:title\" content=\"Finalni izgled ugostiteljskog objekta u Starom gradu Ulcinja... - Lajme nga Ulqini\" \/>\n<meta property=\"og:description\" content=\"Finalni izgled hotela ili ugostiteljskog objekta koji se gradi u Starom gradu Ulcinja... OBJEKAT i ugostiteljski komleks koji se gradi u Starom gradu,\" \/>\n<meta property=\"og:url\" content=\"https:\/\/www.visit-ulcinj.com\/blog\/2010\/12\/17\/finalni-izgled-ugostiteljskog-objekta-u-starom-gradu-ulcinja\/\" \/>\n<meta property=\"og:site_name\" content=\"Lajme nga Ulqini\" \/>\n<meta property=\"article:published_time\" content=\"2010-12-17T07:42:26+00:00\" \/>\n<meta property=\"article:modified_time\" content=\"2010-12-26T17:44:08+00:00\" \/>\n<meta property=\"og:image\" content=\"https:\/\/www.visit-ulcinj.com\/blog\/wp-content\/uploads\/2010\/12\/Finalni-izgled-ugostiteljskog-objekta-u-Starom-gradu-Ulcinja-150x150.jpg\" \/>\n<meta name=\"twitter:label1\" content=\"Written by\" \/>\n\t<meta name=\"twitter:data1\" content=\"ulqini\" \/>\n\t<meta name=\"twitter:label2\" content=\"Est. reading time\" \/>\n\t<meta name=\"twitter:data2\" content=\"3 minutes\" \/>\n<script type=\"application\/ld+json\" class=\"yoast-schema-graph\">{\"@context\":\"https:\/\/schema.org\",\"@graph\":[{\"@type\":\"WebSite\",\"@id\":\"https:\/\/www.visit-ulcinj.com\/blog\/#website\",\"url\":\"https:\/\/www.visit-ulcinj.com\/blog\/\",\"name\":\"Lajme nga Ulqini\",\"description\":\"Lajme,Vijesti,Ulqini,Ulqin,Crna Gora,Mali i Zi\",\"potentialAction\":[{\"@type\":\"SearchAction\",\"target\":{\"@type\":\"EntryPoint\",\"urlTemplate\":\"https:\/\/www.visit-ulcinj.com\/blog\/?s={search_term_string}\"},\"query-input\":\"required name=search_term_string\"}],\"inLanguage\":\"en-US\"},{\"@type\":\"ImageObject\",\"inLanguage\":\"en-US\",\"@id\":\"https:\/\/www.visit-ulcinj.com\/blog\/2010\/12\/17\/finalni-izgled-ugostiteljskog-objekta-u-starom-gradu-ulcinja\/#primaryimage\",\"url\":\"https:\/\/www.visit-ulcinj.com\/blog\/wp-content\/uploads\/2010\/12\/Finalni-izgled-ugostiteljskog-objekta-u-Starom-gradu-Ulcinja.jpg\",\"contentUrl\":\"https:\/\/www.visit-ulcinj.com\/blog\/wp-content\/uploads\/2010\/12\/Finalni-izgled-ugostiteljskog-objekta-u-Starom-gradu-Ulcinja.jpg\",\"width\":\"720\",\"height\":\"540\"},{\"@type\":\"WebPage\",\"@id\":\"https:\/\/www.visit-ulcinj.com\/blog\/2010\/12\/17\/finalni-izgled-ugostiteljskog-objekta-u-starom-gradu-ulcinja\/#webpage\",\"url\":\"https:\/\/www.visit-ulcinj.com\/blog\/2010\/12\/17\/finalni-izgled-ugostiteljskog-objekta-u-starom-gradu-ulcinja\/\",\"name\":\"Finalni izgled ugostiteljskog objekta u Starom gradu Ulcinja... - Lajme nga Ulqini\",\"isPartOf\":{\"@id\":\"https:\/\/www.visit-ulcinj.com\/blog\/#website\"},\"primaryImageOfPage\":{\"@id\":\"https:\/\/www.visit-ulcinj.com\/blog\/2010\/12\/17\/finalni-izgled-ugostiteljskog-objekta-u-starom-gradu-ulcinja\/#primaryimage\"},\"datePublished\":\"2010-12-17T07:42:26+00:00\",\"dateModified\":\"2010-12-26T17:44:08+00:00\",\"author\":{\"@id\":\"https:\/\/www.visit-ulcinj.com\/blog\/#\/schema\/person\/dcab619c614d3038751c63bc2aadc06d\"},\"description\":\"Finalni izgled hotela ili ugostiteljskog objekta koji se gradi u Starom gradu Ulcinja... OBJEKAT i ugostiteljski komleks koji se gradi u Starom gradu,\",\"breadcrumb\":{\"@id\":\"https:\/\/www.visit-ulcinj.com\/blog\/2010\/12\/17\/finalni-izgled-ugostiteljskog-objekta-u-starom-gradu-ulcinja\/#breadcrumb\"},\"inLanguage\":\"en-US\",\"potentialAction\":[{\"@type\":\"ReadAction\",\"target\":[\"https:\/\/www.visit-ulcinj.com\/blog\/2010\/12\/17\/finalni-izgled-ugostiteljskog-objekta-u-starom-gradu-ulcinja\/\"]}]},{\"@type\":\"BreadcrumbList\",\"@id\":\"https:\/\/www.visit-ulcinj.com\/blog\/2010\/12\/17\/finalni-izgled-ugostiteljskog-objekta-u-starom-gradu-ulcinja\/#breadcrumb\",\"itemListElement\":[{\"@type\":\"ListItem\",\"position\":1,\"name\":\"Finalni izgled ugostiteljskog objekta u Starom gradu Ulcinja&#8230;\"}]},{\"@type\":\"Person\",\"@id\":\"https:\/\/www.visit-ulcinj.com\/blog\/#\/schema\/person\/dcab619c614d3038751c63bc2aadc06d\",\"name\":\"ulqini\",\"sameAs\":[\"http:\/\/www.visit-ulcinj.com\"],\"url\":\"https:\/\/www.visit-ulcinj.com\/blog\/author\/admin\/\"}]}<\/script>\n<!-- \/ Yoast SEO plugin. -->","yoast_head_json":{"title":"Finalni izgled ugostiteljskog objekta u Starom gradu Ulcinja... - Lajme nga Ulqini","description":"Finalni izgled hotela ili ugostiteljskog objekta koji se gradi u Starom gradu Ulcinja... OBJEKAT i ugostiteljski komleks koji se gradi u Starom gradu,","robots":{"index":"index","follow":"follow","max-snippet":"max-snippet:-1","max-image-preview":"max-image-preview:large","max-video-preview":"max-video-preview:-1"},"canonical":"https:\/\/www.visit-ulcinj.com\/blog\/2010\/12\/17\/finalni-izgled-ugostiteljskog-objekta-u-starom-gradu-ulcinja\/","og_locale":"en_US","og_type":"article","og_title":"Finalni izgled ugostiteljskog objekta u Starom gradu Ulcinja... - Lajme nga Ulqini","og_description":"Finalni izgled hotela ili ugostiteljskog objekta koji se gradi u Starom gradu Ulcinja... OBJEKAT i ugostiteljski komleks koji se gradi u Starom gradu,","og_url":"https:\/\/www.visit-ulcinj.com\/blog\/2010\/12\/17\/finalni-izgled-ugostiteljskog-objekta-u-starom-gradu-ulcinja\/","og_site_name":"Lajme nga Ulqini","article_published_time":"2010-12-17T07:42:26+00:00","article_modified_time":"2010-12-26T17:44:08+00:00","og_image":[{"url":"https:\/\/www.visit-ulcinj.com\/blog\/wp-content\/uploads\/2010\/12\/Finalni-izgled-ugostiteljskog-objekta-u-Starom-gradu-Ulcinja-150x150.jpg"}],"twitter_misc":{"Written by":"ulqini","Est. reading time":"3 minutes"},"schema":{"@context":"https:\/\/schema.org","@graph":[{"@type":"WebSite","@id":"https:\/\/www.visit-ulcinj.com\/blog\/#website","url":"https:\/\/www.visit-ulcinj.com\/blog\/","name":"Lajme nga Ulqini","description":"Lajme,Vijesti,Ulqini,Ulqin,Crna Gora,Mali i Zi","potentialAction":[{"@type":"SearchAction","target":{"@type":"EntryPoint","urlTemplate":"https:\/\/www.visit-ulcinj.com\/blog\/?s={search_term_string}"},"query-input":"required name=search_term_string"}],"inLanguage":"en-US"},{"@type":"ImageObject","inLanguage":"en-US","@id":"https:\/\/www.visit-ulcinj.com\/blog\/2010\/12\/17\/finalni-izgled-ugostiteljskog-objekta-u-starom-gradu-ulcinja\/#primaryimage","url":"https:\/\/www.visit-ulcinj.com\/blog\/wp-content\/uploads\/2010\/12\/Finalni-izgled-ugostiteljskog-objekta-u-Starom-gradu-Ulcinja.jpg","contentUrl":"https:\/\/www.visit-ulcinj.com\/blog\/wp-content\/uploads\/2010\/12\/Finalni-izgled-ugostiteljskog-objekta-u-Starom-gradu-Ulcinja.jpg","width":"720","height":"540"},{"@type":"WebPage","@id":"https:\/\/www.visit-ulcinj.com\/blog\/2010\/12\/17\/finalni-izgled-ugostiteljskog-objekta-u-starom-gradu-ulcinja\/#webpage","url":"https:\/\/www.visit-ulcinj.com\/blog\/2010\/12\/17\/finalni-izgled-ugostiteljskog-objekta-u-starom-gradu-ulcinja\/","name":"Finalni izgled ugostiteljskog objekta u Starom gradu Ulcinja... - Lajme nga Ulqini","isPartOf":{"@id":"https:\/\/www.visit-ulcinj.com\/blog\/#website"},"primaryImageOfPage":{"@id":"https:\/\/www.visit-ulcinj.com\/blog\/2010\/12\/17\/finalni-izgled-ugostiteljskog-objekta-u-starom-gradu-ulcinja\/#primaryimage"},"datePublished":"2010-12-17T07:42:26+00:00","dateModified":"2010-12-26T17:44:08+00:00","author":{"@id":"https:\/\/www.visit-ulcinj.com\/blog\/#\/schema\/person\/dcab619c614d3038751c63bc2aadc06d"},"description":"Finalni izgled hotela ili ugostiteljskog objekta koji se gradi u Starom gradu Ulcinja... OBJEKAT i ugostiteljski komleks koji se gradi u Starom gradu,","breadcrumb":{"@id":"https:\/\/www.visit-ulcinj.com\/blog\/2010\/12\/17\/finalni-izgled-ugostiteljskog-objekta-u-starom-gradu-ulcinja\/#breadcrumb"},"inLanguage":"en-US","potentialAction":[{"@type":"ReadAction","target":["https:\/\/www.visit-ulcinj.com\/blog\/2010\/12\/17\/finalni-izgled-ugostiteljskog-objekta-u-starom-gradu-ulcinja\/"]}]},{"@type":"BreadcrumbList","@id":"https:\/\/www.visit-ulcinj.com\/blog\/2010\/12\/17\/finalni-izgled-ugostiteljskog-objekta-u-starom-gradu-ulcinja\/#breadcrumb","itemListElement":[{"@type":"ListItem","position":1,"name":"Finalni izgled ugostiteljskog objekta u Starom gradu Ulcinja&#8230;"}]},{"@type":"Person","@id":"https:\/\/www.visit-ulcinj.com\/blog\/#\/schema\/person\/dcab619c614d3038751c63bc2aadc06d","name":"ulqini","sameAs":["http:\/\/www.visit-ulcinj.com"],"url":"https:\/\/www.visit-ulcinj.com\/blog\/author\/admin\/"}]}},"jetpack_featured_media_url":"","jetpack_sharing_enabled":true,"jetpack_shortlink":"https:\/\/wp.me\/pe6lTn-aIr","_links":{"self":[{"href":"https:\/\/www.visit-ulcinj.com\/blog\/wp-json\/wp\/v2\/posts\/41195"}],"collection":[{"href":"https:\/\/www.visit-ulcinj.com\/blog\/wp-json\/wp\/v2\/posts"}],"about":[{"href":"https:\/\/www.visit-ulcinj.com\/blog\/wp-json\/wp\/v2\/types\/post"}],"author":[{"embeddable":true,"href":"https:\/\/www.visit-ulcinj.com\/blog\/wp-json\/wp\/v2\/users\/1"}],"replies":[{"embeddable":true,"href":"https:\/\/www.visit-ulcinj.com\/blog\/wp-json\/wp\/v2\/comments?post=41195"}],"version-history":[{"count":0,"href":"https:\/\/www.visit-ulcinj.com\/blog\/wp-json\/wp\/v2\/posts\/41195\/revisions"}],"wp:attachment":[{"href":"https:\/\/www.visit-ulcinj.com\/blog\/wp-json\/wp\/v2\/media?parent=41195"}],"wp:term":[{"taxonomy":"category","embeddable":true,"href":"https:\/\/www.visit-ulcinj.com\/blog\/wp-json\/wp\/v2\/categories?post=41195"},{"taxonomy":"post_tag","embeddable":true,"href":"https:\/\/www.visit-ulcinj.com\/blog\/wp-json\/wp\/v2\/tags?post=41195"}],"curies":[{"name":"wp","href":"https:\/\/api.w.org\/{rel}","templated":true}]}}