{"id":4123,"date":"2008-10-11T12:49:17","date_gmt":"2008-10-11T17:49:17","guid":{"rendered":"http:\/\/www.visit-ulcinj.com\/blog\/?p=4123"},"modified":"2008-10-17T13:17:40","modified_gmt":"2008-10-17T18:17:40","slug":"mali-i-zi-dhe-njohja-e-kosoves","status":"publish","type":"post","link":"https:\/\/www.visit-ulcinj.com\/blog\/2008\/10\/11\/mali-i-zi-dhe-njohja-e-kosoves\/","title":{"rendered":"Mali i Zi dhe njohja e Kosov\u00ebs"},"content":{"rendered":"<p><a href=\"http:\/\/www.visit-ulcinj.com\/blog\/wp-content\/uploads\/2008\/09\/getattachment1-2.jpg\"><img loading=\"lazy\" class=\"size-medium wp-image-2993 alignleft\" title=\"Pavar\u00ebsia e Kosov\u00ebs\" src=\"http:\/\/www.visit-ulcinj.com\/blog\/wp-content\/uploads\/2008\/09\/getattachment1-2.jpg\" alt=\"\" width=\"223\" height=\"236\" \/><\/a>N\u00eb k\u00ebto vite t\u00eb demokracis\u00eb Mali i Zi p\u00ebrjetoi ndryshime politike, sociale e ekonomike thelbi i t\u00eb cilave ishte kalimi nga regjimi totalitar n\u00eb shoq\u00ebrin\u00eb demokatike.<br \/>\nKrahas k\u00ebtyre ndryshimeve q\u00eb mund t\u00eb jen\u00eb pozitive apo negative, kjo nuk \u00ebsht\u00eb tem\u00eb p\u00ebr diskutim n\u00eb k\u00ebto momente, ajo q\u00eb b\u00ebn t\u00eb diskutojm\u00eb \u00ebsht\u00eb se n\u00eb k\u00ebto ndryshime kan\u00eb marr\u00eb pjes\u00eb edhe shqiptar\u00ebt n\u00eb Mal t\u00eb Zi, si dhe paralajm\u00ebrimi i Malit t\u00eb Zi p\u00ebr njohje t\u00eb Kosov\u00ebs. Lidhur me \u00e7\u00ebshtjen e Kosov\u00ebs, p\u00ebrfaq\u00ebsuesit shqiptar\u00eb disa her\u00eb kan\u00eb b\u00ebr\u00eb p\u00ebrpjekje t\u00eb sensibilizojn\u00eb opinionin e bredsh\u00ebm dhe at\u00eb t\u00eb jasht\u00ebm p\u00ebr pasojat q\u00eb mund t`i vijn\u00eb Malit t\u00eb Zi me njohjen apo mosnjohjen e shtetit t\u00eb Kosov\u00ebs. Edhe pse p\u00ebrfaq\u00ebsuesit e shqiptar\u00ebve n\u00eb Mal t\u00eb Zi nuk kan\u00eb hartuar nj\u00eb platform\u00eb t\u00eb p\u00ebrbashk\u00ebt lidhur me k\u00ebt\u00eb \u00e7ka do t\u00eb kishte qen\u00eb m\u00eb mir\u00eb, duket sikur ata me iniciativa individuale apo sporadike, po edhe me sugjerimet e nd\u00ebrkomb\u00ebtar\u00ebve ia arrit\u00ebn q\u00eb t\u00eb zgjojn\u00eb ndjenjat e komunitetit malazias p\u00ebr t\u00eb pranuar realitetin e krijuar q\u00eb Kosova t\u00eb jet\u00eb shtet demokratik me t\u00eb drejta t\u00eb barabarta p\u00ebr t\u00eb gjith\u00eb qytetar\u00ebt e saj.<br \/>\nAktor\u00ebt e politik\u00ebb\u00ebrjes malazeze t\u00eb involvuar n\u00eb \u00e7\u00ebshtjen e njohjes s\u00eb Kosov\u00ebs si\u00e7 duket po p\u00ebrfillin tashm\u00eb kriterin historik dhe at\u00eb demokratik duke i dh\u00ebn\u00eb Kosov\u00ebs at\u00eb q\u00eb v\u00ebrtet i takon ligj\u00ebrisht e q\u00eb \u00ebsht\u00eb nj\u00eb realitet, gj\u00eb q\u00eb e theksoi edhe kryeministri i Malit t\u00eb Zi, Millo Gjukanoviq n\u00eb ekspozen\u00eb e tij para deputet\u00ebve t\u00eb parlamentit t\u00eb Malit t\u00eb Zi. Miratimi i Rezolut\u00ebs i hap rrug\u00eb Malit t\u00eb Zi p\u00ebr integrime n\u00eb strukturat evroatlantike dhe nj\u00ebkoh\u00ebsisht i jepet drita jeshile qeveris\u00eb malazeze p\u00ebr njohjen e pavar\u00ebsis\u00eb s\u00eb Kosov\u00ebs gj\u00eb q\u00eb edhe vet\u00eb Gjukanoviqi e paralajm\u00ebroi nj\u00eb mund\u00ebsi t\u00eb till\u00eb. Njohja e Kosov\u00ebs nga Mali i Zi do t\u00eb ishte kompromisi i vet\u00ebm i arsyesh\u00ebm historik e politik q\u00eb do t\u00eb mund t\u00eb k\u00ebnaqte t\u00eb dyja pal\u00ebt p\u00ebr t\u00eb vazhduar rrug\u00ebn s\u00eb bashku n\u00eb familjen evropiane.<br \/>\nElementet ekstremiste serbe q\u00eb vazhdojn\u00eb t\u00eb jetojn\u00eb me mitin serb se gjoja Kosova \u00ebsht\u00eb &#8220;djep i S\u00ebrbis\u00eb&#8221; , e k\u00ebtu \u00ebsht\u00eb fjala p\u00ebr disa lider\u00eb t\u00eb partive proserbe n\u00eb Mal t\u00eb Zi, duhet ta ken\u00eb m\u00eb se t\u00eb qart\u00eb se vet\u00ebm njohja e Kosov\u00ebs shtet u b\u00ebn mir\u00eb atyre, po edhe vet\u00eb Serbis\u00eb p\u00ebr t\u00eb hyr\u00eb n\u00eb Bashkimin Evropian. Pavar\u00ebsisht k\u00ebrc\u00ebnimeve t\u00eb disa lider\u00ebve t\u00eb partive proserbe q\u00eb b\u00ebn\u00eb n\u00eb parlamentin malazias se gjoja do t\u00eb ndodh\u00eb nj\u00eb revolucion tjet\u00ebr duke paralajm\u00ebruar at\u00eb t\u00eb viteve t\u00eb 90-ta, t\u00eb nj\u00ebjt\u00ebve nuk ka p\u00ebr t`u rritur rejtingu politik, atyre nuk ka asnj\u00eb gjas\u00eb q\u00eb kjo t`u realizohet pa marr\u00eb parasysh d\u00ebshirat dhe k\u00ebrc\u00ebnimet drejtuar politik\u00ebs zyrtare malazeze. Nj\u00eb fjal\u00eb e urt\u00eb thot\u00eb se njer\u00ebzit e men\u00e7ur m\u00ebsojn\u00eb nga gabimet e t\u00eb tjer\u00ebve, nga ku pik\u00ebrisht kjo fjal\u00eb m\u00eb \u00ebsht\u00eb kujtuar duke p\u00ebrcjellur seanc\u00ebn e Parlamentit malazez ku nj\u00ebri nga lider\u00ebt proserb, si\u00e7 \u00ebsht\u00eb Andrija Mandiq, i cili duke thirrur vitet 90-ta e p\u00ebr t`i futur ata n\u00eb 2008-t\u00ebn, jo vet\u00ebm q\u00eb ky person nuk m\u00eb hyn tek t\u00eb men\u00e7urit por kjo rezulton edhe m\u00eb keq se kaq.<br \/>\nNjohja e pavar\u00ebsis\u00eb s\u00eb Kosov\u00ebs nuk paraqet kurrfar\u00eb problemi as p\u00ebr nd\u00ebrkomb\u00ebtar\u00ebt, as p\u00ebr paqen n\u00eb rajon si\u00e7 spekulon opozita malazeze antcivilizuese, p\u00ebrkundrazi t\u00eb nj\u00ebjtit t\u00eb b\u00ebjn\u00eb t\u00eb kuptosh se nuk jan\u00eb serioz n\u00eb frym\u00ebn e realizmit politik dhe t\u00eb s\u00eb drejt\u00ebs s\u00eb vet\u00ebvendosjes. Konfliktualiteti mes pozit\u00ebs dhe opozit\u00ebs lidhur me \u00e7\u00ebshtjen e Kosov\u00ebs \u00ebsht\u00eb shoq\u00ebruar gjith\u00eb k\u00ebto vite t\u00eb demokracis\u00eb, andaj ka vet\u00ebm nj\u00eb m\u00ebnyr\u00eb p\u00ebr t\u00eb pranuar t\u00eb v\u00ebrtet\u00ebn sado e hidhur qoft\u00eb p\u00ebr opozit\u00ebn malazeze, e ajo \u00ebsht\u00eb vendosja dhe mbrojtja e standardeve t\u00eb BE-s\u00eb nga t\u00eb gjith\u00eb politikan\u00ebt, pavar\u00ebsisht nga p\u00ebrkat\u00ebsia partiake q\u00eb kan\u00eb. Tashm\u00eb duhet t\u00eb nd\u00ebrgjegj\u00ebsohemi e t\u00eb kuptojm\u00eb se konfliktet e ashpra t\u00eb grupimeve politike nuk jan\u00eb thjesht \u00e7\u00ebshtje t\u00eb tyre, por problem p\u00ebr t\u00eb gjith\u00eb qytetar\u00ebt dhe kjo duhet t`u shpjegohet atyre se c\u00ebshtja e Kosov\u00ebs nuk \u00ebsht\u00eb m\u00eb problem i Serbis\u00eb, ajo ka hyr\u00eb n\u00eb rrjedhat e veta dhe p\u00ebr k\u00ebt\u00eb nuk ka kthim prapa. N\u00ebse analizohet mir\u00eb \u00e7\u00ebshtja e njohjes s\u00eb pavar\u00ebsis\u00eb s\u00eb Kosov\u00ebs mund t\u00eb konstatohet se ky hap i politikan\u00ebve malazez\u00eb \u00ebsht\u00eb i matur duke pasur parasysh rrethanat e krijuara n\u00eb Ballkanin e trazuar si dhe interesimin e Malit t\u00eb Zi p\u00ebr t`u b\u00ebr\u00eb pjes\u00eb e Bashkimit Evropian. Andaj, q\u00eb tani epilogu \u00ebsht\u00eb i njohur dhe Qeveris\u00eb malazeze p\u00ebrmes Rezolut\u00ebs s\u00eb miratuar n\u00eb parlamentin malazez iu dha drita jeshile p\u00ebr t\u00eb b\u00ebr\u00eb njohjen e pavar\u00ebsis\u00eb s\u00eb Kosov\u00ebs n\u00eb momentin m\u00eb t\u00eb duhur. K\u00ebt\u00eb n\u00eb m\u00ebnyr\u00eb t\u00eb t\u00ebrthor\u00ebt e ka paralajm\u00ebruar edhe Ministri i Pun\u00ebve t\u00eb Jashtme n\u00eb Qeverin\u00eb e Malit t\u00eb Zi, Millan Roqen duke b\u00ebr\u00eb me dije se nuk \u00ebsht\u00eb reale t\u00eb pritet q\u00eb Gjykata Nd\u00ebrkomb\u00ebtare e Drejt\u00ebsis\u00eb n\u00eb Hag\u00eb t\u00eb marr\u00eb ndonj\u00eb vendim n\u00eb favor t\u00eb cil\u00ebsdo pal\u00eb, ndon\u00ebse vendimet e k\u00ebsaj gjykate nuk jan\u00eb detyruese. &#8220;Esht\u00eb e drejt\u00eb sovrane e \u00e7do shteti q\u00eb t\u00eb vendos\u00eb n\u00ebse do ta njoh\u00eb pavar\u00ebsin\u00eb e Kosov\u00ebs&#8221;, ka th\u00ebn\u00eb Roqen.<br \/>\n<strong>Shaban Peraj<br \/>\nKoha Javore<\/strong><\/p>\n<p><object classid=\"clsid:6bf52a52-394a-11d3-b153-00c04f79faa6\" width=\"450\" height=\"350\" codebase=\"http:\/\/activex.microsoft.com\/activex\/controls\/mplayer\/en\/nsmp2inf.cab#Version=5,1,52,701\"><param name=\"url\" value=\"http:\/\/www.balkanweb.com\/sitev4\/upload\/multimedia\/1223581240.wmv\" \/><\/object><\/p>\n","protected":false},"excerpt":{"rendered":"<p>N\u00eb k\u00ebto vite t\u00eb demokracis\u00eb Mali i Zi p\u00ebrjetoi ndryshime politike, sociale e ekonomike thelbi i t\u00eb cilave ishte kalimi nga regjimi totalitar n\u00eb shoq\u00ebrin\u00eb demokatike. Krahas k\u00ebtyre ndryshimeve q\u00eb mund t\u00eb jen\u00eb pozitive apo negative, kjo nuk \u00ebsht\u00eb tem\u00eb p\u00ebr diskutim n\u00eb k\u00ebto momente, ajo q\u00eb b\u00ebn t\u00eb diskutojm\u00eb \u00ebsht\u00eb se n\u00eb k\u00ebto ndryshime [&hellip;]<\/p>\n","protected":false},"author":1,"featured_media":0,"comment_status":"open","ping_status":"closed","sticky":false,"template":"","format":"standard","meta":{"spay_email":"","jetpack_publicize_message":"","jetpack_is_tweetstorm":false,"jetpack_publicize_feature_enabled":true},"categories":[1,12],"tags":[49,95],"jetpack_publicize_connections":[],"yoast_head":"<!-- This site is optimized with the Yoast SEO plugin v19.1 - https:\/\/yoast.com\/wordpress\/plugins\/seo\/ -->\n<title>Mali i Zi dhe njohja e Kosov\u00ebs - Lajme nga Ulqini<\/title>\n<meta name=\"description\" content=\"N\u00eb k\u00ebto vite t\u00eb demokracis\u00eb Mali i Zi p\u00ebrjetoi ndryshime politike, sociale e ekonomike thelbi i t\u00eb cilave ishte kalimi nga regjimi totalitar n\u00eb shoq\u00ebrin\u00eb\" \/>\n<meta name=\"robots\" content=\"index, follow, max-snippet:-1, max-image-preview:large, max-video-preview:-1\" \/>\n<link rel=\"canonical\" href=\"https:\/\/www.visit-ulcinj.com\/blog\/2008\/10\/11\/mali-i-zi-dhe-njohja-e-kosoves\/\" \/>\n<meta property=\"og:locale\" content=\"en_US\" \/>\n<meta property=\"og:type\" content=\"article\" \/>\n<meta property=\"og:title\" content=\"Mali i Zi dhe njohja e Kosov\u00ebs - Lajme nga Ulqini\" \/>\n<meta property=\"og:description\" content=\"N\u00eb k\u00ebto vite t\u00eb demokracis\u00eb Mali i Zi p\u00ebrjetoi ndryshime politike, sociale e ekonomike thelbi i t\u00eb cilave ishte kalimi nga regjimi totalitar n\u00eb shoq\u00ebrin\u00eb\" \/>\n<meta property=\"og:url\" content=\"https:\/\/www.visit-ulcinj.com\/blog\/2008\/10\/11\/mali-i-zi-dhe-njohja-e-kosoves\/\" \/>\n<meta property=\"og:site_name\" content=\"Lajme nga Ulqini\" \/>\n<meta property=\"article:published_time\" content=\"2008-10-11T17:49:17+00:00\" \/>\n<meta property=\"article:modified_time\" content=\"2008-10-17T18:17:40+00:00\" \/>\n<meta property=\"og:image\" content=\"http:\/\/www.visit-ulcinj.com\/blog\/wp-content\/uploads\/2008\/09\/getattachment1-2.jpg\" \/>\n<meta name=\"twitter:label1\" content=\"Written by\" \/>\n\t<meta name=\"twitter:data1\" content=\"ulqini\" \/>\n\t<meta name=\"twitter:label2\" content=\"Est. reading time\" \/>\n\t<meta name=\"twitter:data2\" content=\"5 minutes\" \/>\n<script type=\"application\/ld+json\" class=\"yoast-schema-graph\">{\"@context\":\"https:\/\/schema.org\",\"@graph\":[{\"@type\":\"WebSite\",\"@id\":\"https:\/\/www.visit-ulcinj.com\/blog\/#website\",\"url\":\"https:\/\/www.visit-ulcinj.com\/blog\/\",\"name\":\"Lajme nga Ulqini\",\"description\":\"Lajme,Vijesti,Ulqini,Ulqin,Crna Gora,Mali i Zi\",\"potentialAction\":[{\"@type\":\"SearchAction\",\"target\":{\"@type\":\"EntryPoint\",\"urlTemplate\":\"https:\/\/www.visit-ulcinj.com\/blog\/?s={search_term_string}\"},\"query-input\":\"required name=search_term_string\"}],\"inLanguage\":\"en-US\"},{\"@type\":\"ImageObject\",\"inLanguage\":\"en-US\",\"@id\":\"https:\/\/www.visit-ulcinj.com\/blog\/2008\/10\/11\/mali-i-zi-dhe-njohja-e-kosoves\/#primaryimage\",\"url\":\"http:\/\/www.visit-ulcinj.com\/blog\/wp-content\/uploads\/2008\/09\/getattachment1-2.jpg\",\"contentUrl\":\"http:\/\/www.visit-ulcinj.com\/blog\/wp-content\/uploads\/2008\/09\/getattachment1-2.jpg\"},{\"@type\":\"WebPage\",\"@id\":\"https:\/\/www.visit-ulcinj.com\/blog\/2008\/10\/11\/mali-i-zi-dhe-njohja-e-kosoves\/#webpage\",\"url\":\"https:\/\/www.visit-ulcinj.com\/blog\/2008\/10\/11\/mali-i-zi-dhe-njohja-e-kosoves\/\",\"name\":\"Mali i Zi dhe njohja e Kosov\u00ebs - Lajme nga Ulqini\",\"isPartOf\":{\"@id\":\"https:\/\/www.visit-ulcinj.com\/blog\/#website\"},\"primaryImageOfPage\":{\"@id\":\"https:\/\/www.visit-ulcinj.com\/blog\/2008\/10\/11\/mali-i-zi-dhe-njohja-e-kosoves\/#primaryimage\"},\"datePublished\":\"2008-10-11T17:49:17+00:00\",\"dateModified\":\"2008-10-17T18:17:40+00:00\",\"author\":{\"@id\":\"https:\/\/www.visit-ulcinj.com\/blog\/#\/schema\/person\/dcab619c614d3038751c63bc2aadc06d\"},\"description\":\"N\u00eb k\u00ebto vite t\u00eb demokracis\u00eb Mali i Zi p\u00ebrjetoi ndryshime politike, sociale e ekonomike thelbi i t\u00eb cilave ishte kalimi nga regjimi totalitar n\u00eb shoq\u00ebrin\u00eb\",\"breadcrumb\":{\"@id\":\"https:\/\/www.visit-ulcinj.com\/blog\/2008\/10\/11\/mali-i-zi-dhe-njohja-e-kosoves\/#breadcrumb\"},\"inLanguage\":\"en-US\",\"potentialAction\":[{\"@type\":\"ReadAction\",\"target\":[\"https:\/\/www.visit-ulcinj.com\/blog\/2008\/10\/11\/mali-i-zi-dhe-njohja-e-kosoves\/\"]}]},{\"@type\":\"BreadcrumbList\",\"@id\":\"https:\/\/www.visit-ulcinj.com\/blog\/2008\/10\/11\/mali-i-zi-dhe-njohja-e-kosoves\/#breadcrumb\",\"itemListElement\":[{\"@type\":\"ListItem\",\"position\":1,\"name\":\"Mali i Zi dhe njohja e Kosov\u00ebs\"}]},{\"@type\":\"Person\",\"@id\":\"https:\/\/www.visit-ulcinj.com\/blog\/#\/schema\/person\/dcab619c614d3038751c63bc2aadc06d\",\"name\":\"ulqini\",\"sameAs\":[\"http:\/\/www.visit-ulcinj.com\"],\"url\":\"https:\/\/www.visit-ulcinj.com\/blog\/author\/admin\/\"}]}<\/script>\n<!-- \/ Yoast SEO plugin. -->","yoast_head_json":{"title":"Mali i Zi dhe njohja e Kosov\u00ebs - Lajme nga Ulqini","description":"N\u00eb k\u00ebto vite t\u00eb demokracis\u00eb Mali i Zi p\u00ebrjetoi ndryshime politike, sociale e ekonomike thelbi i t\u00eb cilave ishte kalimi nga regjimi totalitar n\u00eb shoq\u00ebrin\u00eb","robots":{"index":"index","follow":"follow","max-snippet":"max-snippet:-1","max-image-preview":"max-image-preview:large","max-video-preview":"max-video-preview:-1"},"canonical":"https:\/\/www.visit-ulcinj.com\/blog\/2008\/10\/11\/mali-i-zi-dhe-njohja-e-kosoves\/","og_locale":"en_US","og_type":"article","og_title":"Mali i Zi dhe njohja e Kosov\u00ebs - Lajme nga Ulqini","og_description":"N\u00eb k\u00ebto vite t\u00eb demokracis\u00eb Mali i Zi p\u00ebrjetoi ndryshime politike, sociale e ekonomike thelbi i t\u00eb cilave ishte kalimi nga regjimi totalitar n\u00eb shoq\u00ebrin\u00eb","og_url":"https:\/\/www.visit-ulcinj.com\/blog\/2008\/10\/11\/mali-i-zi-dhe-njohja-e-kosoves\/","og_site_name":"Lajme nga Ulqini","article_published_time":"2008-10-11T17:49:17+00:00","article_modified_time":"2008-10-17T18:17:40+00:00","og_image":[{"url":"http:\/\/www.visit-ulcinj.com\/blog\/wp-content\/uploads\/2008\/09\/getattachment1-2.jpg"}],"twitter_misc":{"Written by":"ulqini","Est. reading time":"5 minutes"},"schema":{"@context":"https:\/\/schema.org","@graph":[{"@type":"WebSite","@id":"https:\/\/www.visit-ulcinj.com\/blog\/#website","url":"https:\/\/www.visit-ulcinj.com\/blog\/","name":"Lajme nga Ulqini","description":"Lajme,Vijesti,Ulqini,Ulqin,Crna Gora,Mali i Zi","potentialAction":[{"@type":"SearchAction","target":{"@type":"EntryPoint","urlTemplate":"https:\/\/www.visit-ulcinj.com\/blog\/?s={search_term_string}"},"query-input":"required name=search_term_string"}],"inLanguage":"en-US"},{"@type":"ImageObject","inLanguage":"en-US","@id":"https:\/\/www.visit-ulcinj.com\/blog\/2008\/10\/11\/mali-i-zi-dhe-njohja-e-kosoves\/#primaryimage","url":"http:\/\/www.visit-ulcinj.com\/blog\/wp-content\/uploads\/2008\/09\/getattachment1-2.jpg","contentUrl":"http:\/\/www.visit-ulcinj.com\/blog\/wp-content\/uploads\/2008\/09\/getattachment1-2.jpg"},{"@type":"WebPage","@id":"https:\/\/www.visit-ulcinj.com\/blog\/2008\/10\/11\/mali-i-zi-dhe-njohja-e-kosoves\/#webpage","url":"https:\/\/www.visit-ulcinj.com\/blog\/2008\/10\/11\/mali-i-zi-dhe-njohja-e-kosoves\/","name":"Mali i Zi dhe njohja e Kosov\u00ebs - Lajme nga Ulqini","isPartOf":{"@id":"https:\/\/www.visit-ulcinj.com\/blog\/#website"},"primaryImageOfPage":{"@id":"https:\/\/www.visit-ulcinj.com\/blog\/2008\/10\/11\/mali-i-zi-dhe-njohja-e-kosoves\/#primaryimage"},"datePublished":"2008-10-11T17:49:17+00:00","dateModified":"2008-10-17T18:17:40+00:00","author":{"@id":"https:\/\/www.visit-ulcinj.com\/blog\/#\/schema\/person\/dcab619c614d3038751c63bc2aadc06d"},"description":"N\u00eb k\u00ebto vite t\u00eb demokracis\u00eb Mali i Zi p\u00ebrjetoi ndryshime politike, sociale e ekonomike thelbi i t\u00eb cilave ishte kalimi nga regjimi totalitar n\u00eb shoq\u00ebrin\u00eb","breadcrumb":{"@id":"https:\/\/www.visit-ulcinj.com\/blog\/2008\/10\/11\/mali-i-zi-dhe-njohja-e-kosoves\/#breadcrumb"},"inLanguage":"en-US","potentialAction":[{"@type":"ReadAction","target":["https:\/\/www.visit-ulcinj.com\/blog\/2008\/10\/11\/mali-i-zi-dhe-njohja-e-kosoves\/"]}]},{"@type":"BreadcrumbList","@id":"https:\/\/www.visit-ulcinj.com\/blog\/2008\/10\/11\/mali-i-zi-dhe-njohja-e-kosoves\/#breadcrumb","itemListElement":[{"@type":"ListItem","position":1,"name":"Mali i Zi dhe njohja e Kosov\u00ebs"}]},{"@type":"Person","@id":"https:\/\/www.visit-ulcinj.com\/blog\/#\/schema\/person\/dcab619c614d3038751c63bc2aadc06d","name":"ulqini","sameAs":["http:\/\/www.visit-ulcinj.com"],"url":"https:\/\/www.visit-ulcinj.com\/blog\/author\/admin\/"}]}},"jetpack_featured_media_url":"","jetpack_sharing_enabled":true,"jetpack_shortlink":"https:\/\/wp.me\/pe6lTn-14v","_links":{"self":[{"href":"https:\/\/www.visit-ulcinj.com\/blog\/wp-json\/wp\/v2\/posts\/4123"}],"collection":[{"href":"https:\/\/www.visit-ulcinj.com\/blog\/wp-json\/wp\/v2\/posts"}],"about":[{"href":"https:\/\/www.visit-ulcinj.com\/blog\/wp-json\/wp\/v2\/types\/post"}],"author":[{"embeddable":true,"href":"https:\/\/www.visit-ulcinj.com\/blog\/wp-json\/wp\/v2\/users\/1"}],"replies":[{"embeddable":true,"href":"https:\/\/www.visit-ulcinj.com\/blog\/wp-json\/wp\/v2\/comments?post=4123"}],"version-history":[{"count":0,"href":"https:\/\/www.visit-ulcinj.com\/blog\/wp-json\/wp\/v2\/posts\/4123\/revisions"}],"wp:attachment":[{"href":"https:\/\/www.visit-ulcinj.com\/blog\/wp-json\/wp\/v2\/media?parent=4123"}],"wp:term":[{"taxonomy":"category","embeddable":true,"href":"https:\/\/www.visit-ulcinj.com\/blog\/wp-json\/wp\/v2\/categories?post=4123"},{"taxonomy":"post_tag","embeddable":true,"href":"https:\/\/www.visit-ulcinj.com\/blog\/wp-json\/wp\/v2\/tags?post=4123"}],"curies":[{"name":"wp","href":"https:\/\/api.w.org\/{rel}","templated":true}]}}