{"id":4125,"date":"2008-10-11T13:10:56","date_gmt":"2008-10-11T18:10:56","guid":{"rendered":"http:\/\/www.visit-ulcinj.com\/blog\/?p=4125"},"modified":"2008-10-17T13:16:49","modified_gmt":"2008-10-17T18:16:49","slug":"lazna-bomba-zbog-kosovauzbuna-u-ulcinjskoj-opstini","status":"publish","type":"post","link":"https:\/\/www.visit-ulcinj.com\/blog\/2008\/10\/11\/lazna-bomba-zbog-kosovauzbuna-u-ulcinjskoj-opstini\/","title":{"rendered":"La\u017ena bomba zbog Kosova,uzbuna u ulcinjskoj op\u0161tini"},"content":{"rendered":"<p><a href=\"http:\/\/www.visit-ulcinj.com\/blog\/wp-content\/uploads\/2008\/10\/uzbuna-u-ulcinjskoj-opstini.jpg\"><img loading=\"lazy\" class=\"alignleft size-medium wp-image-4126\" title=\"uzbuna-u-ulcinjskoj-opstini\" src=\"http:\/\/www.visit-ulcinj.com\/blog\/wp-content\/uploads\/2008\/10\/uzbuna-u-ulcinjskoj-opstini.jpg\" alt=\"\" width=\"346\" height=\"226\" \/><\/a>Ulcinj &#8211; Slu\u017ebenici ulcinjske Op\u0161tine evakuisani su ju?e oko podne nakon \u0161to je nepoznati mu\u0161ki glas telefenom pozvao kabinet gradona?elnika Gzima Hajdinage i njegovom portparolu Aslanu Hajdinagi saop\u0161tio da je u zgradi postavljena bomba. Portparol je odmah alarmirao ulcinjsku policiju, koja je blokirala sve ulaze i prilaze zgradi Op\u0161tine. Specijalni tim Antiteroristi?ke jedinice, koji je u Ulcinj stigao dva sata kasnije, utvrdio je da je rije? o la\u017enoj dojavi.<br \/>\n&#8211; Poziv je bio sa nepoznatog broja, a mu\u0161karac je govorio razboritim crnogorskim jezikom, tra\u017ee?i predsjednika ili nekog od njegovih zamjenika. Kada sam mu rekao da su odsutni, saop\u0161tio mi je da je u zgradi postavljena bomba koja ?e eksplodirati za 18 minuta. Prije nego \u0161to je spustio slu\u0161alicu, rekao mi je da je to zbog priznanja Kosova &#8211; ispri?ao je \u201eVijestima\u201c Aslan Hajdinaga kako je tekao razgovor sa nepoznatim mu\u0161karcem.<br \/>\nZanimljivu situaciju koja je, na svu sre?u, imala o?ekivani obrt, sa ulice je radoznalo posmatrao veliki broj mje\u0161tana budu?i da policija nije dozvoljavala nikom da se pribli\u017ei zgradi. Na ulici su bili i neki slu\u017ebenici Op\u0161tine, ali ve?ina njih se ipak odlu?ila za pristojnu udaljenost i pi?e u nekom od obli\u017enjih restorana.<br \/>\n&#8211; Ho?e li cijela zgrada odletjeti u vazduh&#8230; Ma nema od toga ni\u0161ta, neko je htio da ih prepadne&#8230;Nije im to zbog Kosova nego zbog Ade Bojane&#8230;-samo su neki od komentara mje\u0161tana, koji su imali svoju viziju doga?aja.<a href=\"http:\/\/www.visit-ulcinj.com\/blog\/wp-content\/uploads\/2008\/10\/gezim-hajdinaga.jpg\"><img loading=\"lazy\" class=\"alignright size-thumbnail wp-image-4127\" title=\"gezim-hajdinaga\" src=\"http:\/\/www.visit-ulcinj.com\/blog\/wp-content\/uploads\/2008\/10\/gezim-hajdinaga-150x150.jpg\" alt=\"\" width=\"150\" height=\"150\" srcset=\"https:\/\/www.visit-ulcinj.com\/blog\/wp-content\/uploads\/2008\/10\/gezim-hajdinaga-150x150.jpg 150w, https:\/\/www.visit-ulcinj.com\/blog\/wp-content\/uploads\/2008\/10\/gezim-hajdinaga.jpg 297w\" sizes=\"(max-width: 150px) 100vw, 150px\" \/><\/a><br \/>\nGradona?elnik Ulcinja Gzim Hajdinaga kazao je da takve stvari ne bi trebalo da se doga?aju, pa makar one bile i ne?ije \u201eneslane \u0161ale\u201c.<br \/>\n&#8211; To nije zaslu\u017eio Ulcinj, a ni Crna Gora, posebno ne zbog razloga zbog koga je navodno podmetnuta bomba. Vjerujem da ?e policija otkriti po?inioca, isto onako efikasno kako je evakuisala zgradu i sprovela cijelu akciju- kazao je Hajdinaga ju?e \u201eVijestima\u201c.<br \/>\n<strong>S.A<br \/>\nIzvor \/ Vijesti<\/strong><\/p>\n","protected":false},"excerpt":{"rendered":"<p>Ulcinj &#8211; Slu\u017ebenici ulcinjske Op\u0161tine evakuisani su ju?e oko podne nakon \u0161to je nepoznati mu\u0161ki glas telefenom pozvao kabinet gradona?elnika Gzima Hajdinage i njegovom portparolu Aslanu Hajdinagi saop\u0161tio da je u zgradi postavljena bomba. Portparol je odmah alarmirao ulcinjsku policiju, koja je blokirala sve ulaze i prilaze zgradi Op\u0161tine. Specijalni tim Antiteroristi?ke jedinice, koji je [&hellip;]<\/p>\n","protected":false},"author":1,"featured_media":0,"comment_status":"open","ping_status":"closed","sticky":false,"template":"","format":"standard","meta":{"spay_email":"","jetpack_publicize_message":"","jetpack_is_tweetstorm":false,"jetpack_publicize_feature_enabled":true},"categories":[1,12],"tags":[2417,19],"jetpack_publicize_connections":[],"yoast_head":"<!-- This site is optimized with the Yoast SEO plugin v19.1 - https:\/\/yoast.com\/wordpress\/plugins\/seo\/ -->\n<title>La\u017ena bomba zbog Kosova,uzbuna u ulcinjskoj op\u0161tini - Lajme nga Ulqini<\/title>\n<meta name=\"description\" content=\"Ulcinj - Slu\u017ebenici ulcinjske Op\u0161tine evakuisani su ju?e oko podne nakon \u0161to je nepoznati mu\u0161ki glas telefenom pozvao kabinet gradona?elnika Gzima\" \/>\n<meta name=\"robots\" content=\"index, follow, max-snippet:-1, max-image-preview:large, max-video-preview:-1\" \/>\n<link rel=\"canonical\" href=\"https:\/\/www.visit-ulcinj.com\/blog\/2008\/10\/11\/lazna-bomba-zbog-kosovauzbuna-u-ulcinjskoj-opstini\/\" \/>\n<meta property=\"og:locale\" content=\"en_US\" \/>\n<meta property=\"og:type\" content=\"article\" \/>\n<meta property=\"og:title\" content=\"La\u017ena bomba zbog Kosova,uzbuna u ulcinjskoj op\u0161tini - Lajme nga Ulqini\" \/>\n<meta property=\"og:description\" content=\"Ulcinj - Slu\u017ebenici ulcinjske Op\u0161tine evakuisani su ju?e oko podne nakon \u0161to je nepoznati mu\u0161ki glas telefenom pozvao kabinet gradona?elnika Gzima\" \/>\n<meta property=\"og:url\" content=\"https:\/\/www.visit-ulcinj.com\/blog\/2008\/10\/11\/lazna-bomba-zbog-kosovauzbuna-u-ulcinjskoj-opstini\/\" \/>\n<meta property=\"og:site_name\" content=\"Lajme nga Ulqini\" \/>\n<meta property=\"article:published_time\" content=\"2008-10-11T18:10:56+00:00\" \/>\n<meta property=\"article:modified_time\" content=\"2008-10-17T18:16:49+00:00\" \/>\n<meta property=\"og:image\" content=\"http:\/\/www.visit-ulcinj.com\/blog\/wp-content\/uploads\/2008\/10\/uzbuna-u-ulcinjskoj-opstini.jpg\" \/>\n<meta name=\"twitter:label1\" content=\"Written by\" \/>\n\t<meta name=\"twitter:data1\" content=\"ulqini\" \/>\n\t<meta name=\"twitter:label2\" content=\"Est. reading time\" \/>\n\t<meta name=\"twitter:data2\" content=\"2 minutes\" \/>\n<script type=\"application\/ld+json\" class=\"yoast-schema-graph\">{\"@context\":\"https:\/\/schema.org\",\"@graph\":[{\"@type\":\"WebSite\",\"@id\":\"https:\/\/www.visit-ulcinj.com\/blog\/#website\",\"url\":\"https:\/\/www.visit-ulcinj.com\/blog\/\",\"name\":\"Lajme nga Ulqini\",\"description\":\"Lajme,Vijesti,Ulqini,Ulqin,Crna Gora,Mali i Zi\",\"potentialAction\":[{\"@type\":\"SearchAction\",\"target\":{\"@type\":\"EntryPoint\",\"urlTemplate\":\"https:\/\/www.visit-ulcinj.com\/blog\/?s={search_term_string}\"},\"query-input\":\"required name=search_term_string\"}],\"inLanguage\":\"en-US\"},{\"@type\":\"ImageObject\",\"inLanguage\":\"en-US\",\"@id\":\"https:\/\/www.visit-ulcinj.com\/blog\/2008\/10\/11\/lazna-bomba-zbog-kosovauzbuna-u-ulcinjskoj-opstini\/#primaryimage\",\"url\":\"http:\/\/www.visit-ulcinj.com\/blog\/wp-content\/uploads\/2008\/10\/uzbuna-u-ulcinjskoj-opstini.jpg\",\"contentUrl\":\"http:\/\/www.visit-ulcinj.com\/blog\/wp-content\/uploads\/2008\/10\/uzbuna-u-ulcinjskoj-opstini.jpg\"},{\"@type\":\"WebPage\",\"@id\":\"https:\/\/www.visit-ulcinj.com\/blog\/2008\/10\/11\/lazna-bomba-zbog-kosovauzbuna-u-ulcinjskoj-opstini\/#webpage\",\"url\":\"https:\/\/www.visit-ulcinj.com\/blog\/2008\/10\/11\/lazna-bomba-zbog-kosovauzbuna-u-ulcinjskoj-opstini\/\",\"name\":\"La\u017ena bomba zbog Kosova,uzbuna u ulcinjskoj op\u0161tini - Lajme nga Ulqini\",\"isPartOf\":{\"@id\":\"https:\/\/www.visit-ulcinj.com\/blog\/#website\"},\"primaryImageOfPage\":{\"@id\":\"https:\/\/www.visit-ulcinj.com\/blog\/2008\/10\/11\/lazna-bomba-zbog-kosovauzbuna-u-ulcinjskoj-opstini\/#primaryimage\"},\"datePublished\":\"2008-10-11T18:10:56+00:00\",\"dateModified\":\"2008-10-17T18:16:49+00:00\",\"author\":{\"@id\":\"https:\/\/www.visit-ulcinj.com\/blog\/#\/schema\/person\/dcab619c614d3038751c63bc2aadc06d\"},\"description\":\"Ulcinj - Slu\u017ebenici ulcinjske Op\u0161tine evakuisani su ju?e oko podne nakon \u0161to je nepoznati mu\u0161ki glas telefenom pozvao kabinet gradona?elnika Gzima\",\"breadcrumb\":{\"@id\":\"https:\/\/www.visit-ulcinj.com\/blog\/2008\/10\/11\/lazna-bomba-zbog-kosovauzbuna-u-ulcinjskoj-opstini\/#breadcrumb\"},\"inLanguage\":\"en-US\",\"potentialAction\":[{\"@type\":\"ReadAction\",\"target\":[\"https:\/\/www.visit-ulcinj.com\/blog\/2008\/10\/11\/lazna-bomba-zbog-kosovauzbuna-u-ulcinjskoj-opstini\/\"]}]},{\"@type\":\"BreadcrumbList\",\"@id\":\"https:\/\/www.visit-ulcinj.com\/blog\/2008\/10\/11\/lazna-bomba-zbog-kosovauzbuna-u-ulcinjskoj-opstini\/#breadcrumb\",\"itemListElement\":[{\"@type\":\"ListItem\",\"position\":1,\"name\":\"La\u017ena bomba zbog Kosova,uzbuna u ulcinjskoj op\u0161tini\"}]},{\"@type\":\"Person\",\"@id\":\"https:\/\/www.visit-ulcinj.com\/blog\/#\/schema\/person\/dcab619c614d3038751c63bc2aadc06d\",\"name\":\"ulqini\",\"sameAs\":[\"http:\/\/www.visit-ulcinj.com\"],\"url\":\"https:\/\/www.visit-ulcinj.com\/blog\/author\/admin\/\"}]}<\/script>\n<!-- \/ Yoast SEO plugin. -->","yoast_head_json":{"title":"La\u017ena bomba zbog Kosova,uzbuna u ulcinjskoj op\u0161tini - Lajme nga Ulqini","description":"Ulcinj - Slu\u017ebenici ulcinjske Op\u0161tine evakuisani su ju?e oko podne nakon \u0161to je nepoznati mu\u0161ki glas telefenom pozvao kabinet gradona?elnika Gzima","robots":{"index":"index","follow":"follow","max-snippet":"max-snippet:-1","max-image-preview":"max-image-preview:large","max-video-preview":"max-video-preview:-1"},"canonical":"https:\/\/www.visit-ulcinj.com\/blog\/2008\/10\/11\/lazna-bomba-zbog-kosovauzbuna-u-ulcinjskoj-opstini\/","og_locale":"en_US","og_type":"article","og_title":"La\u017ena bomba zbog Kosova,uzbuna u ulcinjskoj op\u0161tini - Lajme nga Ulqini","og_description":"Ulcinj - Slu\u017ebenici ulcinjske Op\u0161tine evakuisani su ju?e oko podne nakon \u0161to je nepoznati mu\u0161ki glas telefenom pozvao kabinet gradona?elnika Gzima","og_url":"https:\/\/www.visit-ulcinj.com\/blog\/2008\/10\/11\/lazna-bomba-zbog-kosovauzbuna-u-ulcinjskoj-opstini\/","og_site_name":"Lajme nga Ulqini","article_published_time":"2008-10-11T18:10:56+00:00","article_modified_time":"2008-10-17T18:16:49+00:00","og_image":[{"url":"http:\/\/www.visit-ulcinj.com\/blog\/wp-content\/uploads\/2008\/10\/uzbuna-u-ulcinjskoj-opstini.jpg"}],"twitter_misc":{"Written by":"ulqini","Est. reading time":"2 minutes"},"schema":{"@context":"https:\/\/schema.org","@graph":[{"@type":"WebSite","@id":"https:\/\/www.visit-ulcinj.com\/blog\/#website","url":"https:\/\/www.visit-ulcinj.com\/blog\/","name":"Lajme nga Ulqini","description":"Lajme,Vijesti,Ulqini,Ulqin,Crna Gora,Mali i Zi","potentialAction":[{"@type":"SearchAction","target":{"@type":"EntryPoint","urlTemplate":"https:\/\/www.visit-ulcinj.com\/blog\/?s={search_term_string}"},"query-input":"required name=search_term_string"}],"inLanguage":"en-US"},{"@type":"ImageObject","inLanguage":"en-US","@id":"https:\/\/www.visit-ulcinj.com\/blog\/2008\/10\/11\/lazna-bomba-zbog-kosovauzbuna-u-ulcinjskoj-opstini\/#primaryimage","url":"http:\/\/www.visit-ulcinj.com\/blog\/wp-content\/uploads\/2008\/10\/uzbuna-u-ulcinjskoj-opstini.jpg","contentUrl":"http:\/\/www.visit-ulcinj.com\/blog\/wp-content\/uploads\/2008\/10\/uzbuna-u-ulcinjskoj-opstini.jpg"},{"@type":"WebPage","@id":"https:\/\/www.visit-ulcinj.com\/blog\/2008\/10\/11\/lazna-bomba-zbog-kosovauzbuna-u-ulcinjskoj-opstini\/#webpage","url":"https:\/\/www.visit-ulcinj.com\/blog\/2008\/10\/11\/lazna-bomba-zbog-kosovauzbuna-u-ulcinjskoj-opstini\/","name":"La\u017ena bomba zbog Kosova,uzbuna u ulcinjskoj op\u0161tini - Lajme nga Ulqini","isPartOf":{"@id":"https:\/\/www.visit-ulcinj.com\/blog\/#website"},"primaryImageOfPage":{"@id":"https:\/\/www.visit-ulcinj.com\/blog\/2008\/10\/11\/lazna-bomba-zbog-kosovauzbuna-u-ulcinjskoj-opstini\/#primaryimage"},"datePublished":"2008-10-11T18:10:56+00:00","dateModified":"2008-10-17T18:16:49+00:00","author":{"@id":"https:\/\/www.visit-ulcinj.com\/blog\/#\/schema\/person\/dcab619c614d3038751c63bc2aadc06d"},"description":"Ulcinj - Slu\u017ebenici ulcinjske Op\u0161tine evakuisani su ju?e oko podne nakon \u0161to je nepoznati mu\u0161ki glas telefenom pozvao kabinet gradona?elnika Gzima","breadcrumb":{"@id":"https:\/\/www.visit-ulcinj.com\/blog\/2008\/10\/11\/lazna-bomba-zbog-kosovauzbuna-u-ulcinjskoj-opstini\/#breadcrumb"},"inLanguage":"en-US","potentialAction":[{"@type":"ReadAction","target":["https:\/\/www.visit-ulcinj.com\/blog\/2008\/10\/11\/lazna-bomba-zbog-kosovauzbuna-u-ulcinjskoj-opstini\/"]}]},{"@type":"BreadcrumbList","@id":"https:\/\/www.visit-ulcinj.com\/blog\/2008\/10\/11\/lazna-bomba-zbog-kosovauzbuna-u-ulcinjskoj-opstini\/#breadcrumb","itemListElement":[{"@type":"ListItem","position":1,"name":"La\u017ena bomba zbog Kosova,uzbuna u ulcinjskoj op\u0161tini"}]},{"@type":"Person","@id":"https:\/\/www.visit-ulcinj.com\/blog\/#\/schema\/person\/dcab619c614d3038751c63bc2aadc06d","name":"ulqini","sameAs":["http:\/\/www.visit-ulcinj.com"],"url":"https:\/\/www.visit-ulcinj.com\/blog\/author\/admin\/"}]}},"jetpack_featured_media_url":"","jetpack_sharing_enabled":true,"jetpack_shortlink":"https:\/\/wp.me\/pe6lTn-14x","_links":{"self":[{"href":"https:\/\/www.visit-ulcinj.com\/blog\/wp-json\/wp\/v2\/posts\/4125"}],"collection":[{"href":"https:\/\/www.visit-ulcinj.com\/blog\/wp-json\/wp\/v2\/posts"}],"about":[{"href":"https:\/\/www.visit-ulcinj.com\/blog\/wp-json\/wp\/v2\/types\/post"}],"author":[{"embeddable":true,"href":"https:\/\/www.visit-ulcinj.com\/blog\/wp-json\/wp\/v2\/users\/1"}],"replies":[{"embeddable":true,"href":"https:\/\/www.visit-ulcinj.com\/blog\/wp-json\/wp\/v2\/comments?post=4125"}],"version-history":[{"count":0,"href":"https:\/\/www.visit-ulcinj.com\/blog\/wp-json\/wp\/v2\/posts\/4125\/revisions"}],"wp:attachment":[{"href":"https:\/\/www.visit-ulcinj.com\/blog\/wp-json\/wp\/v2\/media?parent=4125"}],"wp:term":[{"taxonomy":"category","embeddable":true,"href":"https:\/\/www.visit-ulcinj.com\/blog\/wp-json\/wp\/v2\/categories?post=4125"},{"taxonomy":"post_tag","embeddable":true,"href":"https:\/\/www.visit-ulcinj.com\/blog\/wp-json\/wp\/v2\/tags?post=4125"}],"curies":[{"name":"wp","href":"https:\/\/api.w.org\/{rel}","templated":true}]}}