{"id":41261,"date":"2010-12-17T18:52:10","date_gmt":"2010-12-17T17:52:10","guid":{"rendered":"http:\/\/www.visit-ulcinj.com\/blog\/?p=41261"},"modified":"2010-12-17T18:53:29","modified_gmt":"2010-12-17T17:53:29","slug":"filloi-aksioni-i-menjanimit-te-objekteve-ne-bregun-e-bunes","status":"publish","type":"post","link":"https:\/\/www.visit-ulcinj.com\/blog\/2010\/12\/17\/filloi-aksioni-i-menjanimit-te-objekteve-ne-bregun-e-bunes\/","title":{"rendered":"Filloi aksioni i menjanimit t\u00eb objekteve n\u00eb bregun e Bun\u00ebs"},"content":{"rendered":"<p><strong><a href=\" menjanimit t\u00eb objekteve n\u00eb bregun e Bun\u00ebs \"><img loading=\"lazy\" class=\"alignleft size-full wp-image-41262\" title=\"menjanimi i objekteve ne bregun e Bunes\" src=\"http:\/\/www.visit-ulcinj.com\/blog\/wp-content\/uploads\/2010\/12\/menjanimi-i-objekteve-ne-bregun-e-Bunes.jpg\" alt=\"\" width=\"490\" height=\"380\" \/><\/a>Nga Hatixhe Nelaj<\/strong><\/p>\n<p><strong>17.12.2010<\/strong><\/p>\n<p>Pas paralajm\u00ebrimeve disa mujore n\u00eb brigjet e lumit Buna edhe zyrtarisht \u00ebsht\u00eb filluar me rr\u00ebnimin e objekteve ,pronar\u00ebve \u00a0t\u00eb cil\u00ebve nuk kan\u00eb arritur t\u00eb b\u00ebjn\u00eb marr\u00ebveshje p\u00ebr p\u00ebrdorimin e tok\u00ebs shtet\u00ebrore.<br \/>\nQ\u00eb nga or\u00ebt e hershme t\u00eb m\u00ebngjesit, inspektor\u00ebt dhe n\u00ebpun\u00ebsit e Nd\u00ebrmarrjes Publike t\u00eb Mirat Detare jan\u00eb duke analizuar dhe p\u00ebrgatitur planin se n\u00eb \u00e7far\u00eb m\u00ebnyre do t\u00eb menjanojn\u00eb \u00a0objektet .<\/p>\n<p>Akcioni ka filluar ,edhe pse kushtet klimatike nuk lejojn\u00eb qasjen e automjeteve t\u00eb nd\u00ebrtimit ,por \u00ebsht\u00eb e qart\u00eb se aksioni do t\u00eb realizohet si\u00e7 \u00ebsht\u00eb planifikuar- ka th\u00ebn\u00eb ndihm\u00ebsi i drejtorit t\u00eb t\u00eb Mirave Detare, Veselin Vojinoviq.<\/p>\n<p>\u00cbsht\u00eb planifikuar q\u00eb bjektet t\u00eb menjanohen n\u00eb faza.<\/p>\n<p>Kund\u00ebr pronar\u00ebve t\u00eb cil\u00ebt nuk kan\u00eb arritur \u00a0t\u00eb n\u00ebnshkruajn\u00eb kontrat\u00ebn, do t\u00eb ngritet edhe padi penale p\u00ebr nd\u00ebrtim t\u00eb paligjsh\u00ebm,dhe uzurpim t\u00eb tok\u00ebs publike<br \/>\n<!--YouTube Error: bad URL entered--><\/p>\n","protected":false},"excerpt":{"rendered":"<p>Nga Hatixhe Nelaj 17.12.2010 Pas paralajm\u00ebrimeve disa mujore n\u00eb brigjet e lumit Buna edhe zyrtarisht \u00ebsht\u00eb filluar me rr\u00ebnimin e objekteve ,pronar\u00ebve \u00a0t\u00eb cil\u00ebve nuk kan\u00eb arritur t\u00eb b\u00ebjn\u00eb marr\u00ebveshje p\u00ebr p\u00ebrdorimin e tok\u00ebs shtet\u00ebrore. Q\u00eb nga or\u00ebt e hershme t\u00eb m\u00ebngjesit, inspektor\u00ebt dhe n\u00ebpun\u00ebsit e Nd\u00ebrmarrjes Publike t\u00eb Mirat Detare jan\u00eb duke analizuar dhe [&hellip;]<\/p>\n","protected":false},"author":1,"featured_media":0,"comment_status":"open","ping_status":"closed","sticky":false,"template":"","format":"standard","meta":{"spay_email":"","jetpack_publicize_message":"","jetpack_is_tweetstorm":false,"jetpack_publicize_feature_enabled":true},"categories":[10],"tags":[138,11648,16696,200,18],"jetpack_publicize_connections":[],"yoast_head":"<!-- This site is optimized with the Yoast SEO plugin v19.1 - https:\/\/yoast.com\/wordpress\/plugins\/seo\/ -->\n<title>Filloi aksioni i menjanimit t\u00eb objekteve n\u00eb bregun e Bun\u00ebs - Lajme nga Ulqini<\/title>\n<meta name=\"description\" content=\"Nga Hatixhe Nelaj 17.12.2010 Pas paralajm\u00ebrimeve disa mujore n\u00eb brigjet e lumit Buna edhe zyrtarisht \u00ebsht\u00eb filluar me rr\u00ebnimin e objekteve ,pronar\u00ebve \u00a0t\u00eb\" \/>\n<meta name=\"robots\" content=\"index, follow, max-snippet:-1, max-image-preview:large, max-video-preview:-1\" \/>\n<link rel=\"canonical\" href=\"https:\/\/www.visit-ulcinj.com\/blog\/2010\/12\/17\/filloi-aksioni-i-menjanimit-te-objekteve-ne-bregun-e-bunes\/\" \/>\n<meta property=\"og:locale\" content=\"en_US\" \/>\n<meta property=\"og:type\" content=\"article\" \/>\n<meta property=\"og:title\" content=\"Filloi aksioni i menjanimit t\u00eb objekteve n\u00eb bregun e Bun\u00ebs - Lajme nga Ulqini\" \/>\n<meta property=\"og:description\" content=\"Nga Hatixhe Nelaj 17.12.2010 Pas paralajm\u00ebrimeve disa mujore n\u00eb brigjet e lumit Buna edhe zyrtarisht \u00ebsht\u00eb filluar me rr\u00ebnimin e objekteve ,pronar\u00ebve \u00a0t\u00eb\" \/>\n<meta property=\"og:url\" content=\"https:\/\/www.visit-ulcinj.com\/blog\/2010\/12\/17\/filloi-aksioni-i-menjanimit-te-objekteve-ne-bregun-e-bunes\/\" \/>\n<meta property=\"og:site_name\" content=\"Lajme nga Ulqini\" \/>\n<meta property=\"article:published_time\" content=\"2010-12-17T17:52:10+00:00\" \/>\n<meta property=\"article:modified_time\" content=\"2010-12-17T17:53:29+00:00\" \/>\n<meta property=\"og:image\" content=\"http:\/\/www.visit-ulcinj.com\/blog\/wp-content\/uploads\/2010\/12\/menjanimi-i-objekteve-ne-bregun-e-Bunes.jpg\" \/>\n<meta name=\"twitter:label1\" content=\"Written by\" \/>\n\t<meta name=\"twitter:data1\" content=\"ulqini\" \/>\n\t<meta name=\"twitter:label2\" content=\"Est. reading time\" \/>\n\t<meta name=\"twitter:data2\" content=\"1 minute\" \/>\n<script type=\"application\/ld+json\" class=\"yoast-schema-graph\">{\"@context\":\"https:\/\/schema.org\",\"@graph\":[{\"@type\":\"WebSite\",\"@id\":\"https:\/\/www.visit-ulcinj.com\/blog\/#website\",\"url\":\"https:\/\/www.visit-ulcinj.com\/blog\/\",\"name\":\"Lajme nga Ulqini\",\"description\":\"Lajme,Vijesti,Ulqini,Ulqin,Crna Gora,Mali i Zi\",\"potentialAction\":[{\"@type\":\"SearchAction\",\"target\":{\"@type\":\"EntryPoint\",\"urlTemplate\":\"https:\/\/www.visit-ulcinj.com\/blog\/?s={search_term_string}\"},\"query-input\":\"required name=search_term_string\"}],\"inLanguage\":\"en-US\"},{\"@type\":\"ImageObject\",\"inLanguage\":\"en-US\",\"@id\":\"https:\/\/www.visit-ulcinj.com\/blog\/2010\/12\/17\/filloi-aksioni-i-menjanimit-te-objekteve-ne-bregun-e-bunes\/#primaryimage\",\"url\":\"https:\/\/www.visit-ulcinj.com\/blog\/wp-content\/uploads\/2010\/12\/menjanimi-i-objekteve-ne-bregun-e-Bunes.jpg\",\"contentUrl\":\"https:\/\/www.visit-ulcinj.com\/blog\/wp-content\/uploads\/2010\/12\/menjanimi-i-objekteve-ne-bregun-e-Bunes.jpg\",\"width\":\"604\",\"height\":\"453\"},{\"@type\":\"WebPage\",\"@id\":\"https:\/\/www.visit-ulcinj.com\/blog\/2010\/12\/17\/filloi-aksioni-i-menjanimit-te-objekteve-ne-bregun-e-bunes\/#webpage\",\"url\":\"https:\/\/www.visit-ulcinj.com\/blog\/2010\/12\/17\/filloi-aksioni-i-menjanimit-te-objekteve-ne-bregun-e-bunes\/\",\"name\":\"Filloi aksioni i menjanimit t\u00eb objekteve n\u00eb bregun e Bun\u00ebs - Lajme nga Ulqini\",\"isPartOf\":{\"@id\":\"https:\/\/www.visit-ulcinj.com\/blog\/#website\"},\"primaryImageOfPage\":{\"@id\":\"https:\/\/www.visit-ulcinj.com\/blog\/2010\/12\/17\/filloi-aksioni-i-menjanimit-te-objekteve-ne-bregun-e-bunes\/#primaryimage\"},\"datePublished\":\"2010-12-17T17:52:10+00:00\",\"dateModified\":\"2010-12-17T17:53:29+00:00\",\"author\":{\"@id\":\"https:\/\/www.visit-ulcinj.com\/blog\/#\/schema\/person\/dcab619c614d3038751c63bc2aadc06d\"},\"description\":\"Nga Hatixhe Nelaj 17.12.2010 Pas paralajm\u00ebrimeve disa mujore n\u00eb brigjet e lumit Buna edhe zyrtarisht \u00ebsht\u00eb filluar me rr\u00ebnimin e objekteve ,pronar\u00ebve \u00a0t\u00eb\",\"breadcrumb\":{\"@id\":\"https:\/\/www.visit-ulcinj.com\/blog\/2010\/12\/17\/filloi-aksioni-i-menjanimit-te-objekteve-ne-bregun-e-bunes\/#breadcrumb\"},\"inLanguage\":\"en-US\",\"potentialAction\":[{\"@type\":\"ReadAction\",\"target\":[\"https:\/\/www.visit-ulcinj.com\/blog\/2010\/12\/17\/filloi-aksioni-i-menjanimit-te-objekteve-ne-bregun-e-bunes\/\"]}]},{\"@type\":\"BreadcrumbList\",\"@id\":\"https:\/\/www.visit-ulcinj.com\/blog\/2010\/12\/17\/filloi-aksioni-i-menjanimit-te-objekteve-ne-bregun-e-bunes\/#breadcrumb\",\"itemListElement\":[{\"@type\":\"ListItem\",\"position\":1,\"name\":\"Filloi aksioni i menjanimit t\u00eb objekteve n\u00eb bregun e Bun\u00ebs\"}]},{\"@type\":\"Person\",\"@id\":\"https:\/\/www.visit-ulcinj.com\/blog\/#\/schema\/person\/dcab619c614d3038751c63bc2aadc06d\",\"name\":\"ulqini\",\"sameAs\":[\"http:\/\/www.visit-ulcinj.com\"],\"url\":\"https:\/\/www.visit-ulcinj.com\/blog\/author\/admin\/\"}]}<\/script>\n<!-- \/ Yoast SEO plugin. -->","yoast_head_json":{"title":"Filloi aksioni i menjanimit t\u00eb objekteve n\u00eb bregun e Bun\u00ebs - Lajme nga Ulqini","description":"Nga Hatixhe Nelaj 17.12.2010 Pas paralajm\u00ebrimeve disa mujore n\u00eb brigjet e lumit Buna edhe zyrtarisht \u00ebsht\u00eb filluar me rr\u00ebnimin e objekteve ,pronar\u00ebve \u00a0t\u00eb","robots":{"index":"index","follow":"follow","max-snippet":"max-snippet:-1","max-image-preview":"max-image-preview:large","max-video-preview":"max-video-preview:-1"},"canonical":"https:\/\/www.visit-ulcinj.com\/blog\/2010\/12\/17\/filloi-aksioni-i-menjanimit-te-objekteve-ne-bregun-e-bunes\/","og_locale":"en_US","og_type":"article","og_title":"Filloi aksioni i menjanimit t\u00eb objekteve n\u00eb bregun e Bun\u00ebs - Lajme nga Ulqini","og_description":"Nga Hatixhe Nelaj 17.12.2010 Pas paralajm\u00ebrimeve disa mujore n\u00eb brigjet e lumit Buna edhe zyrtarisht \u00ebsht\u00eb filluar me rr\u00ebnimin e objekteve ,pronar\u00ebve \u00a0t\u00eb","og_url":"https:\/\/www.visit-ulcinj.com\/blog\/2010\/12\/17\/filloi-aksioni-i-menjanimit-te-objekteve-ne-bregun-e-bunes\/","og_site_name":"Lajme nga Ulqini","article_published_time":"2010-12-17T17:52:10+00:00","article_modified_time":"2010-12-17T17:53:29+00:00","og_image":[{"url":"http:\/\/www.visit-ulcinj.com\/blog\/wp-content\/uploads\/2010\/12\/menjanimi-i-objekteve-ne-bregun-e-Bunes.jpg"}],"twitter_misc":{"Written by":"ulqini","Est. reading time":"1 minute"},"schema":{"@context":"https:\/\/schema.org","@graph":[{"@type":"WebSite","@id":"https:\/\/www.visit-ulcinj.com\/blog\/#website","url":"https:\/\/www.visit-ulcinj.com\/blog\/","name":"Lajme nga Ulqini","description":"Lajme,Vijesti,Ulqini,Ulqin,Crna Gora,Mali i Zi","potentialAction":[{"@type":"SearchAction","target":{"@type":"EntryPoint","urlTemplate":"https:\/\/www.visit-ulcinj.com\/blog\/?s={search_term_string}"},"query-input":"required name=search_term_string"}],"inLanguage":"en-US"},{"@type":"ImageObject","inLanguage":"en-US","@id":"https:\/\/www.visit-ulcinj.com\/blog\/2010\/12\/17\/filloi-aksioni-i-menjanimit-te-objekteve-ne-bregun-e-bunes\/#primaryimage","url":"https:\/\/www.visit-ulcinj.com\/blog\/wp-content\/uploads\/2010\/12\/menjanimi-i-objekteve-ne-bregun-e-Bunes.jpg","contentUrl":"https:\/\/www.visit-ulcinj.com\/blog\/wp-content\/uploads\/2010\/12\/menjanimi-i-objekteve-ne-bregun-e-Bunes.jpg","width":"604","height":"453"},{"@type":"WebPage","@id":"https:\/\/www.visit-ulcinj.com\/blog\/2010\/12\/17\/filloi-aksioni-i-menjanimit-te-objekteve-ne-bregun-e-bunes\/#webpage","url":"https:\/\/www.visit-ulcinj.com\/blog\/2010\/12\/17\/filloi-aksioni-i-menjanimit-te-objekteve-ne-bregun-e-bunes\/","name":"Filloi aksioni i menjanimit t\u00eb objekteve n\u00eb bregun e Bun\u00ebs - Lajme nga Ulqini","isPartOf":{"@id":"https:\/\/www.visit-ulcinj.com\/blog\/#website"},"primaryImageOfPage":{"@id":"https:\/\/www.visit-ulcinj.com\/blog\/2010\/12\/17\/filloi-aksioni-i-menjanimit-te-objekteve-ne-bregun-e-bunes\/#primaryimage"},"datePublished":"2010-12-17T17:52:10+00:00","dateModified":"2010-12-17T17:53:29+00:00","author":{"@id":"https:\/\/www.visit-ulcinj.com\/blog\/#\/schema\/person\/dcab619c614d3038751c63bc2aadc06d"},"description":"Nga Hatixhe Nelaj 17.12.2010 Pas paralajm\u00ebrimeve disa mujore n\u00eb brigjet e lumit Buna edhe zyrtarisht \u00ebsht\u00eb filluar me rr\u00ebnimin e objekteve ,pronar\u00ebve \u00a0t\u00eb","breadcrumb":{"@id":"https:\/\/www.visit-ulcinj.com\/blog\/2010\/12\/17\/filloi-aksioni-i-menjanimit-te-objekteve-ne-bregun-e-bunes\/#breadcrumb"},"inLanguage":"en-US","potentialAction":[{"@type":"ReadAction","target":["https:\/\/www.visit-ulcinj.com\/blog\/2010\/12\/17\/filloi-aksioni-i-menjanimit-te-objekteve-ne-bregun-e-bunes\/"]}]},{"@type":"BreadcrumbList","@id":"https:\/\/www.visit-ulcinj.com\/blog\/2010\/12\/17\/filloi-aksioni-i-menjanimit-te-objekteve-ne-bregun-e-bunes\/#breadcrumb","itemListElement":[{"@type":"ListItem","position":1,"name":"Filloi aksioni i menjanimit t\u00eb objekteve n\u00eb bregun e Bun\u00ebs"}]},{"@type":"Person","@id":"https:\/\/www.visit-ulcinj.com\/blog\/#\/schema\/person\/dcab619c614d3038751c63bc2aadc06d","name":"ulqini","sameAs":["http:\/\/www.visit-ulcinj.com"],"url":"https:\/\/www.visit-ulcinj.com\/blog\/author\/admin\/"}]}},"jetpack_featured_media_url":"","jetpack_sharing_enabled":true,"jetpack_shortlink":"https:\/\/wp.me\/pe6lTn-aJv","_links":{"self":[{"href":"https:\/\/www.visit-ulcinj.com\/blog\/wp-json\/wp\/v2\/posts\/41261"}],"collection":[{"href":"https:\/\/www.visit-ulcinj.com\/blog\/wp-json\/wp\/v2\/posts"}],"about":[{"href":"https:\/\/www.visit-ulcinj.com\/blog\/wp-json\/wp\/v2\/types\/post"}],"author":[{"embeddable":true,"href":"https:\/\/www.visit-ulcinj.com\/blog\/wp-json\/wp\/v2\/users\/1"}],"replies":[{"embeddable":true,"href":"https:\/\/www.visit-ulcinj.com\/blog\/wp-json\/wp\/v2\/comments?post=41261"}],"version-history":[{"count":0,"href":"https:\/\/www.visit-ulcinj.com\/blog\/wp-json\/wp\/v2\/posts\/41261\/revisions"}],"wp:attachment":[{"href":"https:\/\/www.visit-ulcinj.com\/blog\/wp-json\/wp\/v2\/media?parent=41261"}],"wp:term":[{"taxonomy":"category","embeddable":true,"href":"https:\/\/www.visit-ulcinj.com\/blog\/wp-json\/wp\/v2\/categories?post=41261"},{"taxonomy":"post_tag","embeddable":true,"href":"https:\/\/www.visit-ulcinj.com\/blog\/wp-json\/wp\/v2\/tags?post=41261"}],"curies":[{"name":"wp","href":"https:\/\/api.w.org\/{rel}","templated":true}]}}