{"id":41270,"date":"2010-12-17T19:46:14","date_gmt":"2010-12-17T18:46:14","guid":{"rendered":"http:\/\/www.visit-ulcinj.com\/blog\/?p=41270"},"modified":"2010-12-17T19:46:45","modified_gmt":"2010-12-17T18:46:45","slug":"mali-i-zi-fiton-statusin-e-kandidatit-ne-be","status":"publish","type":"post","link":"https:\/\/www.visit-ulcinj.com\/blog\/2010\/12\/17\/mali-i-zi-fiton-statusin-e-kandidatit-ne-be\/","title":{"rendered":"Mali i Zi fiton statusin e kandidatit n\u00eb BE"},"content":{"rendered":"<p><strong><a href=\"http:\/\/www.visit-ulcinj.com\/blog\/wp-content\/uploads\/2010\/12\/Mali-i-Zi-fiton-statusin-e-kandidatit-ne-Bashkimin-Evropian.jpg\"><img loading=\"lazy\" class=\"alignleft size-medium wp-image-41271\" title=\"Mali i Zi fiton statusin e kandidatit ne Bashkimin Evropian\" src=\"http:\/\/www.visit-ulcinj.com\/blog\/wp-content\/uploads\/2010\/12\/Mali-i-Zi-fiton-statusin-e-kandidatit-ne-Bashkimin-Evropian-238x300.jpg\" alt=\"\" width=\"238\" height=\"300\" srcset=\"https:\/\/www.visit-ulcinj.com\/blog\/wp-content\/uploads\/2010\/12\/Mali-i-Zi-fiton-statusin-e-kandidatit-ne-Bashkimin-Evropian-238x300.jpg 238w, https:\/\/www.visit-ulcinj.com\/blog\/wp-content\/uploads\/2010\/12\/Mali-i-Zi-fiton-statusin-e-kandidatit-ne-Bashkimin-Evropian.jpg 437w\" sizes=\"(max-width: 238px) 100vw, 238px\" \/><\/a>Udh\u00ebheq\u00ebsit evropian\u00eb ran\u00eb dakord t\u00eb premten t\u2019i japin zyrtarisht Malit t\u00eb Zi statusin e kandidatit p\u00ebr an\u00ebtar\u00ebsim n\u00eb Bashkimin Evropian. N\u00eb k\u00ebt\u00eb takimin, udh\u00ebheq\u00ebsit mb\u00ebshtet\u00ebn rekomandimin e b\u00ebr\u00eb muajin e kaluar nga Komisioni Evropian p\u00ebr Malin e Zi, por nuk caktuan nj\u00eb dat\u00eb p\u00ebr fillimin e bisedimeve t\u00eb an\u00ebtar\u00ebsimit.<\/strong><\/p>\n<p>\u201cZyrtar\u00ebt evropian\u00eb pohuan se Mali i Zi ka b\u00ebr\u00eb p\u00ebrparim t\u00eb mjaftuesh\u00ebm p\u00ebr statusin e kandidatit por ata sinjalizojn\u00eb se vendi ka nevoj\u00eb t\u2019i p\u00ebrshpejtoj\u00eb reformat q\u00eb t\u00eb mund t\u00eb fillojn\u00eb bisedimet e an\u00ebtar\u00ebsimit\u201d, njofton VOA.<\/p>\n<p>Mali i Zi, me nj\u00eb popullsi prej 630,000 banor\u00ebsh, e fitoi pavar\u00ebsin\u00eb nga Serbia n\u00eb vitin 2006 dhe b\u00ebhet kandidati i pest\u00eb zyrtar p\u00ebr an\u00ebtar\u00ebsim n\u00eb BE, pas Kroacis\u00eb, Island\u00ebs, Maqedonis\u00eb dhe Turqis\u00eb.<\/p>\n<p>Nga k\u00ebta pes\u00eb vende, vet\u00ebm Kroacia dhe Turqia jan\u00eb n\u00eb bisedime p\u00ebr an\u00ebtar\u00ebsim, nd\u00ebrsa Maqedonia \u00ebsht\u00eb penguar nga Greqia p\u00ebr t\u00eb filluar bisedimet.<\/p>\n<p><strong> Telegrafi<br \/>\nRTV ATLAS<br \/>\n[flv]http:\/\/tvstream.rtvatlas.tv\/Common\/Documents\/Article\/videos\/F_17_12_MILICA_M_SIMULACIJA.flv[\/flv]<\/strong><\/p>\n","protected":false},"excerpt":{"rendered":"<p>Udh\u00ebheq\u00ebsit evropian\u00eb ran\u00eb dakord t\u00eb premten t\u2019i japin zyrtarisht Malit t\u00eb Zi statusin e kandidatit p\u00ebr an\u00ebtar\u00ebsim n\u00eb Bashkimin Evropian. N\u00eb k\u00ebt\u00eb takimin, udh\u00ebheq\u00ebsit mb\u00ebshtet\u00ebn rekomandimin e b\u00ebr\u00eb muajin e kaluar nga Komisioni Evropian p\u00ebr Malin e Zi, por nuk caktuan nj\u00eb dat\u00eb p\u00ebr fillimin e bisedimeve t\u00eb an\u00ebtar\u00ebsimit. \u201cZyrtar\u00ebt evropian\u00eb pohuan se Mali i [&hellip;]<\/p>\n","protected":false},"author":1,"featured_media":0,"comment_status":"open","ping_status":"closed","sticky":false,"template":"","format":"standard","meta":{"spay_email":"","jetpack_publicize_message":"","jetpack_is_tweetstorm":false,"jetpack_publicize_feature_enabled":true},"categories":[14],"tags":[16697,95,7091],"jetpack_publicize_connections":[],"yoast_head":"<!-- This site is optimized with the Yoast SEO plugin v19.1 - https:\/\/yoast.com\/wordpress\/plugins\/seo\/ -->\n<title>Mali i Zi fiton statusin e kandidatit n\u00eb BE - Lajme nga Ulqini<\/title>\n<meta name=\"description\" content=\"Udh\u00ebheq\u00ebsit evropian\u00eb ran\u00eb dakord t\u00eb premten t\u2019i japin zyrtarisht Malit t\u00eb Zi statusin e kandidatit p\u00ebr an\u00ebtar\u00ebsim n\u00eb Bashkimin Evropian. N\u00eb k\u00ebt\u00eb takimin,\" \/>\n<meta name=\"robots\" content=\"index, follow, max-snippet:-1, max-image-preview:large, max-video-preview:-1\" \/>\n<link rel=\"canonical\" href=\"https:\/\/www.visit-ulcinj.com\/blog\/2010\/12\/17\/mali-i-zi-fiton-statusin-e-kandidatit-ne-be\/\" \/>\n<meta property=\"og:locale\" content=\"en_US\" \/>\n<meta property=\"og:type\" content=\"article\" \/>\n<meta property=\"og:title\" content=\"Mali i Zi fiton statusin e kandidatit n\u00eb BE - Lajme nga Ulqini\" \/>\n<meta property=\"og:description\" content=\"Udh\u00ebheq\u00ebsit evropian\u00eb ran\u00eb dakord t\u00eb premten t\u2019i japin zyrtarisht Malit t\u00eb Zi statusin e kandidatit p\u00ebr an\u00ebtar\u00ebsim n\u00eb Bashkimin Evropian. N\u00eb k\u00ebt\u00eb takimin,\" \/>\n<meta property=\"og:url\" content=\"https:\/\/www.visit-ulcinj.com\/blog\/2010\/12\/17\/mali-i-zi-fiton-statusin-e-kandidatit-ne-be\/\" \/>\n<meta property=\"og:site_name\" content=\"Lajme nga Ulqini\" \/>\n<meta property=\"article:published_time\" content=\"2010-12-17T18:46:14+00:00\" \/>\n<meta property=\"article:modified_time\" content=\"2010-12-17T18:46:45+00:00\" \/>\n<meta property=\"og:image\" content=\"http:\/\/www.visit-ulcinj.com\/blog\/wp-content\/uploads\/2010\/12\/Mali-i-Zi-fiton-statusin-e-kandidatit-ne-Bashkimin-Evropian-238x300.jpg\" \/>\n<meta name=\"twitter:label1\" content=\"Written by\" \/>\n\t<meta name=\"twitter:data1\" content=\"ulqini\" \/>\n\t<meta name=\"twitter:label2\" content=\"Est. reading time\" \/>\n\t<meta name=\"twitter:data2\" content=\"1 minute\" \/>\n<script type=\"application\/ld+json\" class=\"yoast-schema-graph\">{\"@context\":\"https:\/\/schema.org\",\"@graph\":[{\"@type\":\"WebSite\",\"@id\":\"https:\/\/www.visit-ulcinj.com\/blog\/#website\",\"url\":\"https:\/\/www.visit-ulcinj.com\/blog\/\",\"name\":\"Lajme nga Ulqini\",\"description\":\"Lajme,Vijesti,Ulqini,Ulqin,Crna Gora,Mali i Zi\",\"potentialAction\":[{\"@type\":\"SearchAction\",\"target\":{\"@type\":\"EntryPoint\",\"urlTemplate\":\"https:\/\/www.visit-ulcinj.com\/blog\/?s={search_term_string}\"},\"query-input\":\"required name=search_term_string\"}],\"inLanguage\":\"en-US\"},{\"@type\":\"ImageObject\",\"inLanguage\":\"en-US\",\"@id\":\"https:\/\/www.visit-ulcinj.com\/blog\/2010\/12\/17\/mali-i-zi-fiton-statusin-e-kandidatit-ne-be\/#primaryimage\",\"url\":\"https:\/\/www.visit-ulcinj.com\/blog\/wp-content\/uploads\/2010\/12\/Mali-i-Zi-fiton-statusin-e-kandidatit-ne-Bashkimin-Evropian.jpg\",\"contentUrl\":\"https:\/\/www.visit-ulcinj.com\/blog\/wp-content\/uploads\/2010\/12\/Mali-i-Zi-fiton-statusin-e-kandidatit-ne-Bashkimin-Evropian.jpg\",\"width\":\"437\",\"height\":\"550\"},{\"@type\":\"WebPage\",\"@id\":\"https:\/\/www.visit-ulcinj.com\/blog\/2010\/12\/17\/mali-i-zi-fiton-statusin-e-kandidatit-ne-be\/#webpage\",\"url\":\"https:\/\/www.visit-ulcinj.com\/blog\/2010\/12\/17\/mali-i-zi-fiton-statusin-e-kandidatit-ne-be\/\",\"name\":\"Mali i Zi fiton statusin e kandidatit n\u00eb BE - Lajme nga Ulqini\",\"isPartOf\":{\"@id\":\"https:\/\/www.visit-ulcinj.com\/blog\/#website\"},\"primaryImageOfPage\":{\"@id\":\"https:\/\/www.visit-ulcinj.com\/blog\/2010\/12\/17\/mali-i-zi-fiton-statusin-e-kandidatit-ne-be\/#primaryimage\"},\"datePublished\":\"2010-12-17T18:46:14+00:00\",\"dateModified\":\"2010-12-17T18:46:45+00:00\",\"author\":{\"@id\":\"https:\/\/www.visit-ulcinj.com\/blog\/#\/schema\/person\/dcab619c614d3038751c63bc2aadc06d\"},\"description\":\"Udh\u00ebheq\u00ebsit evropian\u00eb ran\u00eb dakord t\u00eb premten t\u2019i japin zyrtarisht Malit t\u00eb Zi statusin e kandidatit p\u00ebr an\u00ebtar\u00ebsim n\u00eb Bashkimin Evropian. N\u00eb k\u00ebt\u00eb takimin,\",\"breadcrumb\":{\"@id\":\"https:\/\/www.visit-ulcinj.com\/blog\/2010\/12\/17\/mali-i-zi-fiton-statusin-e-kandidatit-ne-be\/#breadcrumb\"},\"inLanguage\":\"en-US\",\"potentialAction\":[{\"@type\":\"ReadAction\",\"target\":[\"https:\/\/www.visit-ulcinj.com\/blog\/2010\/12\/17\/mali-i-zi-fiton-statusin-e-kandidatit-ne-be\/\"]}]},{\"@type\":\"BreadcrumbList\",\"@id\":\"https:\/\/www.visit-ulcinj.com\/blog\/2010\/12\/17\/mali-i-zi-fiton-statusin-e-kandidatit-ne-be\/#breadcrumb\",\"itemListElement\":[{\"@type\":\"ListItem\",\"position\":1,\"name\":\"Mali i Zi fiton statusin e kandidatit n\u00eb BE\"}]},{\"@type\":\"Person\",\"@id\":\"https:\/\/www.visit-ulcinj.com\/blog\/#\/schema\/person\/dcab619c614d3038751c63bc2aadc06d\",\"name\":\"ulqini\",\"sameAs\":[\"http:\/\/www.visit-ulcinj.com\"],\"url\":\"https:\/\/www.visit-ulcinj.com\/blog\/author\/admin\/\"}]}<\/script>\n<!-- \/ Yoast SEO plugin. -->","yoast_head_json":{"title":"Mali i Zi fiton statusin e kandidatit n\u00eb BE - Lajme nga Ulqini","description":"Udh\u00ebheq\u00ebsit evropian\u00eb ran\u00eb dakord t\u00eb premten t\u2019i japin zyrtarisht Malit t\u00eb Zi statusin e kandidatit p\u00ebr an\u00ebtar\u00ebsim n\u00eb Bashkimin Evropian. N\u00eb k\u00ebt\u00eb takimin,","robots":{"index":"index","follow":"follow","max-snippet":"max-snippet:-1","max-image-preview":"max-image-preview:large","max-video-preview":"max-video-preview:-1"},"canonical":"https:\/\/www.visit-ulcinj.com\/blog\/2010\/12\/17\/mali-i-zi-fiton-statusin-e-kandidatit-ne-be\/","og_locale":"en_US","og_type":"article","og_title":"Mali i Zi fiton statusin e kandidatit n\u00eb BE - Lajme nga Ulqini","og_description":"Udh\u00ebheq\u00ebsit evropian\u00eb ran\u00eb dakord t\u00eb premten t\u2019i japin zyrtarisht Malit t\u00eb Zi statusin e kandidatit p\u00ebr an\u00ebtar\u00ebsim n\u00eb Bashkimin Evropian. N\u00eb k\u00ebt\u00eb takimin,","og_url":"https:\/\/www.visit-ulcinj.com\/blog\/2010\/12\/17\/mali-i-zi-fiton-statusin-e-kandidatit-ne-be\/","og_site_name":"Lajme nga Ulqini","article_published_time":"2010-12-17T18:46:14+00:00","article_modified_time":"2010-12-17T18:46:45+00:00","og_image":[{"url":"http:\/\/www.visit-ulcinj.com\/blog\/wp-content\/uploads\/2010\/12\/Mali-i-Zi-fiton-statusin-e-kandidatit-ne-Bashkimin-Evropian-238x300.jpg"}],"twitter_misc":{"Written by":"ulqini","Est. reading time":"1 minute"},"schema":{"@context":"https:\/\/schema.org","@graph":[{"@type":"WebSite","@id":"https:\/\/www.visit-ulcinj.com\/blog\/#website","url":"https:\/\/www.visit-ulcinj.com\/blog\/","name":"Lajme nga Ulqini","description":"Lajme,Vijesti,Ulqini,Ulqin,Crna Gora,Mali i Zi","potentialAction":[{"@type":"SearchAction","target":{"@type":"EntryPoint","urlTemplate":"https:\/\/www.visit-ulcinj.com\/blog\/?s={search_term_string}"},"query-input":"required name=search_term_string"}],"inLanguage":"en-US"},{"@type":"ImageObject","inLanguage":"en-US","@id":"https:\/\/www.visit-ulcinj.com\/blog\/2010\/12\/17\/mali-i-zi-fiton-statusin-e-kandidatit-ne-be\/#primaryimage","url":"https:\/\/www.visit-ulcinj.com\/blog\/wp-content\/uploads\/2010\/12\/Mali-i-Zi-fiton-statusin-e-kandidatit-ne-Bashkimin-Evropian.jpg","contentUrl":"https:\/\/www.visit-ulcinj.com\/blog\/wp-content\/uploads\/2010\/12\/Mali-i-Zi-fiton-statusin-e-kandidatit-ne-Bashkimin-Evropian.jpg","width":"437","height":"550"},{"@type":"WebPage","@id":"https:\/\/www.visit-ulcinj.com\/blog\/2010\/12\/17\/mali-i-zi-fiton-statusin-e-kandidatit-ne-be\/#webpage","url":"https:\/\/www.visit-ulcinj.com\/blog\/2010\/12\/17\/mali-i-zi-fiton-statusin-e-kandidatit-ne-be\/","name":"Mali i Zi fiton statusin e kandidatit n\u00eb BE - Lajme nga Ulqini","isPartOf":{"@id":"https:\/\/www.visit-ulcinj.com\/blog\/#website"},"primaryImageOfPage":{"@id":"https:\/\/www.visit-ulcinj.com\/blog\/2010\/12\/17\/mali-i-zi-fiton-statusin-e-kandidatit-ne-be\/#primaryimage"},"datePublished":"2010-12-17T18:46:14+00:00","dateModified":"2010-12-17T18:46:45+00:00","author":{"@id":"https:\/\/www.visit-ulcinj.com\/blog\/#\/schema\/person\/dcab619c614d3038751c63bc2aadc06d"},"description":"Udh\u00ebheq\u00ebsit evropian\u00eb ran\u00eb dakord t\u00eb premten t\u2019i japin zyrtarisht Malit t\u00eb Zi statusin e kandidatit p\u00ebr an\u00ebtar\u00ebsim n\u00eb Bashkimin Evropian. N\u00eb k\u00ebt\u00eb takimin,","breadcrumb":{"@id":"https:\/\/www.visit-ulcinj.com\/blog\/2010\/12\/17\/mali-i-zi-fiton-statusin-e-kandidatit-ne-be\/#breadcrumb"},"inLanguage":"en-US","potentialAction":[{"@type":"ReadAction","target":["https:\/\/www.visit-ulcinj.com\/blog\/2010\/12\/17\/mali-i-zi-fiton-statusin-e-kandidatit-ne-be\/"]}]},{"@type":"BreadcrumbList","@id":"https:\/\/www.visit-ulcinj.com\/blog\/2010\/12\/17\/mali-i-zi-fiton-statusin-e-kandidatit-ne-be\/#breadcrumb","itemListElement":[{"@type":"ListItem","position":1,"name":"Mali i Zi fiton statusin e kandidatit n\u00eb BE"}]},{"@type":"Person","@id":"https:\/\/www.visit-ulcinj.com\/blog\/#\/schema\/person\/dcab619c614d3038751c63bc2aadc06d","name":"ulqini","sameAs":["http:\/\/www.visit-ulcinj.com"],"url":"https:\/\/www.visit-ulcinj.com\/blog\/author\/admin\/"}]}},"jetpack_featured_media_url":"","jetpack_sharing_enabled":true,"jetpack_shortlink":"https:\/\/wp.me\/pe6lTn-aJE","_links":{"self":[{"href":"https:\/\/www.visit-ulcinj.com\/blog\/wp-json\/wp\/v2\/posts\/41270"}],"collection":[{"href":"https:\/\/www.visit-ulcinj.com\/blog\/wp-json\/wp\/v2\/posts"}],"about":[{"href":"https:\/\/www.visit-ulcinj.com\/blog\/wp-json\/wp\/v2\/types\/post"}],"author":[{"embeddable":true,"href":"https:\/\/www.visit-ulcinj.com\/blog\/wp-json\/wp\/v2\/users\/1"}],"replies":[{"embeddable":true,"href":"https:\/\/www.visit-ulcinj.com\/blog\/wp-json\/wp\/v2\/comments?post=41270"}],"version-history":[{"count":0,"href":"https:\/\/www.visit-ulcinj.com\/blog\/wp-json\/wp\/v2\/posts\/41270\/revisions"}],"wp:attachment":[{"href":"https:\/\/www.visit-ulcinj.com\/blog\/wp-json\/wp\/v2\/media?parent=41270"}],"wp:term":[{"taxonomy":"category","embeddable":true,"href":"https:\/\/www.visit-ulcinj.com\/blog\/wp-json\/wp\/v2\/categories?post=41270"},{"taxonomy":"post_tag","embeddable":true,"href":"https:\/\/www.visit-ulcinj.com\/blog\/wp-json\/wp\/v2\/tags?post=41270"}],"curies":[{"name":"wp","href":"https:\/\/api.w.org\/{rel}","templated":true}]}}