{"id":4129,"date":"2008-10-11T13:20:55","date_gmt":"2008-10-11T18:20:55","guid":{"rendered":"http:\/\/www.visit-ulcinj.com\/blog\/?p=4129"},"modified":"2008-10-17T13:15:22","modified_gmt":"2008-10-17T18:15:22","slug":"interviste-me-kryetarin-e-udsh-se-ferhat-dinosha","status":"publish","type":"post","link":"https:\/\/www.visit-ulcinj.com\/blog\/2008\/10\/11\/interviste-me-kryetarin-e-udsh-se-ferhat-dinosha\/","title":{"rendered":"Intervist\u00eb me kryetarin e UDSH-s\u00eb Ferhat Dinosha"},"content":{"rendered":"<p><a href=\"http:\/\/www.visit-ulcinj.com\/blog\/wp-content\/uploads\/2008\/09\/ferhat-dinosa_ulcinj.jpg\"><img loading=\"lazy\" class=\"alignleft size-medium wp-image-3417\" title=\"ferhat-dinosa_ulcinj\" src=\"http:\/\/www.visit-ulcinj.com\/blog\/wp-content\/uploads\/2008\/09\/ferhat-dinosa_ulcinj.jpg\" alt=\"\" width=\"225\" height=\"167\" \/><\/a><strong>Koha ka d\u00ebshmuar politik\u00ebn e drejt\u00eb t\u00eb UDSH-s\u00eb (1)<\/strong><br \/>\n<strong>Koha javore: <\/strong>Z.<strong> <\/strong>Dinosha, sa jeni t\u00eb k\u00ebnaqur me bashk\u00ebpunimin tuaj me PDS-n\u00eb n\u00eb nivelin shtet\u00ebror dhe at\u00eb lokal? Sa jan\u00eb mbajtur premtimet parazgjedhore?<br \/>\n<strong>F. Dinosha:<\/strong> N\u00ebse flitet p\u00ebr bashk\u00ebpunimin prej zgjedhjeve t\u00eb fundit e deri tani absolutisht ky bashk\u00ebpunim shkon n\u00eb pajtim me at\u00eb q\u00eb ka qen\u00eb e dakorduar para se t\u00eb lidhej nj\u00eb marr\u00ebveshje me PDS-n\u00eb. Ata tregojn\u00eb gatishm\u00ebri p\u00ebr t\u00eb bashk\u00ebpunuar dhe p\u00ebr t\u00eb dh\u00ebn\u00eb ndihm\u00ebn e vet n\u00eb nivelet lokale ku kemi koalicione t\u00eb drejtp\u00ebrdrejta, por bashk\u00ebpunimi \u00ebsht\u00eb i mir\u00eb edhe n\u00eb nivelin e Qeveris\u00eb ku ne jemi t\u00eb pranish\u00ebm m\u00eb se dhjet\u00eb vjet dhe ku vazhdojm\u00eb t\u00eb realizojm\u00eb projekte t\u00eb cilat sipas mendimit tim jan\u00eb t\u00eb r\u00ebnd\u00ebsishme p\u00ebr p\u00ebrmir\u00ebsimin e pozit\u00ebs s\u00eb shqiptar\u00ebve n\u00eb Mal t\u00eb Zi.<br \/>\nEdhe k\u00ebtyre dit\u00ebve ka projekte t\u00eb tilla t\u00eb cilat do t\u00eb p\u00ebrmir\u00ebsojn\u00eb pozit\u00ebn e shqiptar\u00ebve dhe t\u00eb pakicave n\u00eb p\u00ebrgjith\u00ebsi n\u00eb Mal t\u00eb Zi. Un\u00eb e di se s\u00eb shpejti do t\u00eb shpallet konkursi p\u00ebr punonj\u00ebsit e Qendr\u00ebs p\u00ebr Kultur\u00eb t\u00eb Pakicave Nacionale, qend\u00ebr e cila p\u00ebrflitet ngaher\u00eb, por tash edhe do t\u00eb jet\u00ebsohet dhe e di se n\u00eb k\u00ebt\u00eb drejtim Qeveria jep logjistik\u00ebn e vet maksimale.<\/p>\n<p><strong>Koha javore:<\/strong> N\u00eb koh\u00ebn e lidhjes s\u00eb marr\u00ebveshjes \u00ebsht\u00eb th\u00ebn\u00eb se UDSH do t\u00eb ket\u00eb nj\u00eb minist\u00ebr, nj\u00eb ambasador dhe disa poste n\u00eb disa ministri t\u00eb tjera. Aktualisht UDSH-ja ka, n\u00ebse flitet p\u00ebr poste me pesh\u00eb, vet\u00ebm nj\u00eb post ministri, q\u00eb e ka pasur edhe n\u00eb qeverin\u00eb e m\u00ebparshme, nj\u00eb post sekretari n\u00eb Ambasad\u00ebn e Malit t\u00eb Zi n\u00eb Tiran\u00eb dhe nj\u00eb konsull n\u00eb Nju Jork. Sa \u00ebsht\u00eb respektuar marr\u00ebveshja n\u00eb k\u00ebt\u00eb drejtim? A i jan\u00eb dh\u00ebn\u00eb UDSH-s\u00eb t\u00eb gjitha postet e premtuara dhe n\u00ebse jo, pse nuk i jan\u00eb dh\u00ebn\u00eb?<br \/>\n<strong>F. Dinosha: <\/strong>Realizimi i Marr\u00ebveshjes n\u00eb k\u00ebt\u00eb drejtim ka filluar n\u00eb nj\u00eb mas\u00eb pak m\u00eb t\u00eb madhe se\u00e7 keni cekur ju. Ne kemi konsull n\u00eb Nju Jork nj\u00eb kuad\u00ebr t\u00eb UDSH-s\u00eb, kemi numrin 2 n\u00eb Tiran\u00eb, vazhdojn\u00eb kontaktet q\u00eb t\u00eb kemi njer\u00ebzit ton\u00eb edhe n\u00eb viset tjera diku n\u00eb Europ\u00eb. T\u00eb shohim se \u00e7far\u00eb do t\u00eb ngjaj\u00eb me Kosov\u00ebn. M\u00eb duket se sinjalet jan\u00eb t\u00eb mira dhe se nj\u00eb dit\u00eb, shpresoj n\u00eb nj\u00eb t\u00eb ardhme t\u00eb af\u00ebrt, UDSH do t\u00eb ket\u00eb edhe atje dik\u00eb nga radh\u00ebt e veta.<br \/>\nVe\u00e7 k\u00ebsaj n\u00eb Qeveri p\u00ebrve\u00e7 ministrit p\u00ebr Pakica ia kam dal\u00eb t\u00eb gjej vend p\u00ebr tre kuadro n\u00eb ministri t\u00eb tjera, qoft\u00eb t\u00eb nivelit t\u00eb k\u00ebshilltar\u00ebve, qoft\u00eb t\u00eb nivelit t\u00eb njer\u00ebzve t\u00eb cil\u00ebt k\u00ebrkojn\u00eb pun\u00eb p\u00ebr t\u00eb par\u00ebn her\u00eb. Ne kemi kuadro t\u00eb UDSH-s\u00eb n\u00eb Ministrin\u00eb e Mbrojtjes, Ministrin\u00eb e Bujq\u00ebsis\u00eb dhe n\u00eb Ministrin\u00eb e Turizmit dhe Mbrojtjes s\u00eb Ambientit Jet\u00ebsor.<br \/>\nJam n\u00eb kontakte me Ministrin\u00eb e Arsimit p\u00ebr t\u00eb pasur atje nj\u00eb k\u00ebshilltar p\u00ebr arsimin shqip dhe besoj se s\u00eb shpejti do ta realizojm\u00eb edhe k\u00ebt\u00eb, si dhe n\u00eb Ministrin\u00eb e Kultur\u00ebs. Pra, mendoj se dal\u00ebngadal\u00eb do t\u00eb vijm\u00eb aty ku kemi th\u00ebn\u00eb.<\/p>\n<p><strong>Koha javore:<\/strong> Ju thoni q\u00eb keni filluar me realizimin e Marr\u00ebveshjes, nd\u00ebrkoh\u00eb q\u00eb kan\u00eb kalur dy vjet nga mbajtja e zgjedhjeve parlamentare. Vitin e ardhsh\u00ebm parashikohet t\u00eb mbahen zgjedhjet e ardhshme parlamentare?<br \/>\n<strong>F. Dinosha: <\/strong>Sa i p\u00ebrket kuotave diplomatike, p\u00ebr dy vjet \u00ebsht\u00eb realizuar gjysma e tyre. Dihet se ky dikaster \u00ebsht\u00eb shum\u00eb delikat dhe kur \u00ebsht\u00eb fjala p\u00ebr vet\u00eb shtetin e Malit t\u00eb Zi si shtet i ri, kjo k\u00ebrkon edhe mjete dhe kuadro profesionale.<br \/>\nKur \u00ebsht\u00eb fjala p\u00ebr Qeverin\u00eb, ne asnj\u00ebher\u00eb nuk kemi pasur orekse q\u00eb t\u00eb jemi t\u00eb pranish\u00ebm n\u00eb t\u00eb gjitha ministrit\u00eb. P\u00ebr momentin kemi pes\u00eb &#8211; gjasht\u00eb kuadro dhe n\u00ebse arrijm\u00eb te numri shtat\u00eb apo tet\u00eb, kjo p\u00ebrb\u00ebn nj\u00eb dep\u00ebrtim i cili nuk ka qen\u00eb asnj\u00ebher\u00eb m\u00eb par\u00eb i pranish\u00ebm dhe \u00ebsht\u00eb di\u00e7ka q\u00eb shkon n\u00eb pajtim me ato q\u00eb jan\u00eb aspiratat tona.<\/p>\n<p><strong>Koha javore:<\/strong> Parlamenti i Malit t\u00eb Zi ka miratuar dit\u00eb m\u00eb par\u00eb Rezolut\u00ebn mbi domosdoshm\u00ebrin\u00eb e p\u00ebrshpejtimit t\u00eb procesit t\u00eb integrimit t\u00eb Malit t\u00eb Zi n\u00eb strukturat europiane dhe euroatlantike, ku midis tjerash b\u00ebhet fjal\u00eb edhe p\u00ebr Kosov\u00ebn. Pas miratimit t\u00eb Rezolut\u00ebs, kur prisni q\u00eb Mali i Zi ta njoh\u00eb pavar\u00ebsin\u00eb e Kosov\u00ebs?<br \/>\n<strong>F. Dinosha:<\/strong> Mendoj se kjo do t\u00eb ngjaj\u00eb s\u00eb shpejti. Kur them s\u00eb shpejti, mendoj se ky vit po se po do t\u00eb jap\u00eb p\u00ebrgjigje n\u00eb k\u00ebt\u00eb drejtim, por mund t\u00eb ngjaj\u00eb q\u00eb kjo t\u00eb ndodh\u00eb brenda k\u00ebtij muaji.<br \/>\nKur flasim p\u00ebr k\u00ebt\u00eb rezolut\u00eb duhet th\u00ebn\u00eb se edhe \u00e7\u00ebshtja e vet\u00eb Rezolut\u00ebs, votimi dhe pjes\u00ebmarrja e subjekteve parlamentare n\u00eb mbledhjen q\u00eb \u00ebsht\u00eb diskutuar kjo \u00e7\u00ebshtje flet qart\u00eb se partit\u00eb shqiptare nuk kan\u00eb \u00e7ka hamenden shum\u00eb kur \u00ebsht\u00eb fjala p\u00ebr bashk\u00ebpunim me subjekte, me parti t\u00eb nivelit shtet\u00ebror n\u00eb Mal t\u00eb Zi. Absolutisht \u00ebsht\u00eb par\u00eb se edhe liberal\u00ebt kan\u00eb votuar kund\u00ebr Rezolut\u00ebs, edhe L\u00ebvizja p\u00ebr Ndryshime nuk ka marr\u00eb pjes\u00eb por lideri i saj \u00ebsht\u00eb deklaruar se po t\u00eb kishin marr\u00eb pjes\u00eb do t\u00eb kishin votuar kund\u00ebr. Kemi par\u00eb se t\u00eb gjitha partit\u00eb serbe dhe ato proserbe natyrisht kan\u00eb qen\u00eb kund\u00ebr. K\u00ebshtu q\u00eb edhe kjo flet se pozicionimi i UDSH-s\u00eb p\u00ebr t\u00eb krijuar partneriz\u00ebm me dik\u00eb n\u00eb Mal t\u00eb Zi ka qen\u00eb i duhur, i drejt\u00eb, p\u00ebr arsye se vet\u00ebm ky pushtet ka qen\u00eb ai i cili \u00ebsht\u00eb n\u00eb gjendje dhe ka vullnet t\u00eb prodhoj\u00eb di\u00e7ka t\u00eb till\u00eb. Natyrisht jo p\u00ebr hat\u00ebr t\u00eb shqiptar\u00ebve, as p\u00ebr hat\u00ebr t\u00eb Kosov\u00ebs. Nuk jan\u00eb t\u00eb g\u00ebzuar shum\u00eb q\u00eb ka ndodhur kjo q\u00eb ka ndodhur, kjo \u00ebsht\u00eb d\u00ebgjuar edhe nga goja e vet\u00eb kryeministrit. Mir\u00ebpo si njeri pragmatik dhe si pushtet pragmatik absolutisht ka shkuar n\u00eb at\u00eb drejtim q\u00eb t\u00eb kihet parasysh interesi nacional dhe shtet\u00ebror i Malit t\u00eb Zi, por kjo ka benefitet e veta edhe p\u00ebr stabilitetin n\u00eb Ballkan dhe p\u00ebr fqinj\u00ebsin\u00eb e mir\u00eb.<br \/>\nNe natyrisht na intereson m\u00eb s\u00eb shumti fqinj\u00ebsia e mir\u00eb me Tiran\u00ebn dhe me Kosov\u00ebn dhe kjo po shihet se do t\u00eb ndodh\u00eb. K\u00ebshtu q\u00eb edhe kjo flet p\u00ebr bazueshm\u00ebrin\u00eb e asaj q\u00eb ka qen\u00eb qasje e UDSH-s\u00eb q\u00eb m\u00eb heret p\u00ebr arsye se kjo nuk ndodh p\u00ebr nj\u00eb dit\u00eb. K\u00ebto jan\u00eb procese dhe ardhja deri k\u00ebtu ka filluar q\u00eb m\u00eb heret.<\/p>\n<p><strong>Koha javore:<\/strong> Kur flasim p\u00ebr Rezolut\u00ebn, Ju i keni kritikuar deputet\u00ebt e tjer\u00eb shqiptar\u00eb nga partit\u00eb nacionale n\u00eb Parlamentin e Malit t\u00eb Zi p\u00ebr shkak t\u00eb politik\u00ebs s\u00eb tyre duke th\u00ebn\u00eb se jan\u00eb b\u00ebr\u00eb pal\u00eb me List\u00ebn Serbe, madje kund\u00ebr Kosov\u00ebs. Por ata ashtu si dhe Ju kan\u00eb votuar pro Rezolut\u00ebs p\u00ebr Kosov\u00ebn, madje deputeti Sinishtaj ka deponuar edhe nj\u00eb amandament n\u00eb Rezolut\u00ebn e miratuar ku ka k\u00ebrkuar q\u00eb Qeveria e Malit t\u00eb Zi t\u00eb njoh\u00eb sa m\u00eb par\u00eb pavar\u00ebsin\u00eb e Kosov\u00ebs. A nuk dometh\u00ebn\u00eb kjo se me votimin e tyre pro Rezolut\u00ebs, Bardhi dhe Sinishtaj, i kan\u00eb hedhur posht\u00eb kritikat Tuaja dhe se ato kan\u00eb qen\u00eb t\u00eb motivuara politikisht?<br \/>\n<strong>F. Dinosha: <\/strong>P\u00ebr \u00e7do \u00e7\u00ebshtje p\u00ebr t\u00eb cil\u00ebn flas publikisht kam d\u00ebshir\u00eb t\u00eb sh\u00ebrbehem me argumente. Dhe n\u00eb k\u00ebt\u00eb drejtim argumenti flet di\u00e7ka tjet\u00ebr. Z. Sinishtaj ka qen\u00eb n\u00ebnshkrues i k\u00ebrkes\u00ebs bashk\u00eb me opozit\u00ebn malazeze p\u00ebr t\u00eb t\u00ebrhequr k\u00ebt\u00eb rezolut\u00eb nga rendi i dit\u00ebs. \u00c7far\u00eb ka ngjar\u00eb nd\u00ebrkoh\u00eb me t\u00eb dhe pse tani me nj\u00eb amandament tenton t\u00eb flas\u00eb di\u00e7ka tjet\u00ebr p\u00ebr t\u00eb nxjerr\u00eb ndonj\u00eb qelepir partiak, kjo \u00ebsht\u00eb e tejdukshme. Politikat e tilla UDSH kurr\u00eb nuk i ka favorizuar.<br \/>\nUDSH dihet se \u00e7far\u00eb qasjeje ka pasur lidhur me proceset q\u00eb m\u00eb heret. Ne edhe n\u00eb projektin kryesor p\u00ebr demokratizimin e jet\u00ebs n\u00eb Mal t\u00eb Zi, pra p\u00ebr referendumin, kemi qen\u00eb t\u00eb qart\u00eb e transparent\u00eb. Nuk kan\u00eb qen\u00eb t\u00eb till\u00eb subjektet e tjera shqiptare. Ta z\u00ebm\u00eb grupimi i z. Sinishtaj asokohe i ka ftuar shqiptar\u00ebt p\u00ebr t\u00eb bojkotuar referendumin.<br \/>\nZ. Bardhi n\u00eb krye t\u00eb LD n\u00eb MZ ka qen\u00eb asnjan\u00ebs deri n\u00eb fund t\u00eb fushat\u00ebs kur \u00ebsht\u00eb pozicionuar me Bllokun pro pavar\u00ebsis\u00eb p\u00ebr disa qelepire tjera. Por absolutisht vet\u00ebm UDSH ka marr\u00eb pjes\u00eb aktivisht n\u00eb fushat\u00ebn e referendumit dhe vet\u00ebm p\u00ebrfaq\u00ebsuesi i UDSH-s\u00eb ka folur n\u00eb Konvent\u00ebn p\u00ebrfundimtare t\u00eb k\u00ebsaj fushate e cila \u00ebsht\u00eb \u00e7muar t\u00eb jet\u00eb e r\u00ebnd\u00ebsishme jo vet\u00ebm p\u00ebr shqiptar\u00ebt \u00eb Mal t\u00eb Zi, por edhe p\u00ebr proceset n\u00eb Ballkan. Kjo pastaj rezulton tani me nj\u00eb qasje korrekte, pragmatike, pozitive t\u00eb Malit t\u00eb Zi lidhur me \u00e7\u00ebshtjen e Kosov\u00ebs.<br \/>\nNe vazhdimisht \u00e7\u00ebshtjen e Kosov\u00ebs e kemi pasur agjend\u00eb num\u00ebr nj\u00eb n\u00eb angazhimet tona politike dhe k\u00ebtu UDSH dallon nga partit\u00eb e tjera shqiptare. \u00cbsht\u00eb kritikuar shpesh p\u00ebr hapat e vet, por koha po d\u00ebshmon se kemi pasur t\u00eb drejt\u00eb dhe ne do t\u00eb vazhdojm\u00eb absolutisht edhe n\u00eb faz\u00ebn e ardhshme t\u00eb proceseve demokratike n\u00eb Mal t\u00eb Zi t\u00eb luajm\u00eb nj\u00eb rol t\u00eb r\u00ebnd\u00ebsish\u00ebm n\u00eb sken\u00ebn politike t\u00eb brendshme t\u00eb Malit t\u00eb Zi, por edhe p\u00ebr projektet q\u00eb kan\u00eb t\u00eb b\u00ebjn\u00eb me stabilitetin n\u00eb Ballkan, me integrimet e k\u00ebtij rajoni, me integrimet europiane dhe me integrimet euroatlantike t\u00eb Malit t\u00eb Zi.<\/p>\n<p><strong>Koha javore:<\/strong> Kur jemi te njohja e pavar\u00ebsis\u00eb s\u00eb Kosov\u00ebs, partit\u00eb serbe apo proserbe n\u00eb Mal t\u00eb Zi kan\u00eb paralajm\u00ebruar se n\u00eb rast t\u00eb njohjes s\u00eb pavar\u00ebsis\u00eb s\u00eb Kosov\u00ebs nga Mali i Zi do t\u00eb ket\u00eb protesta apo n\u00eb rastin m\u00eb t\u00eb keq edhe trazira. A mendoni se do t\u00eb ngjaj\u00eb di\u00e7ka e till\u00eb dhe n\u00ebse po, cili do t\u00eb jet\u00eb ndikimi i tyre?<br \/>\nF. Dinosha: Un\u00eb pres q\u00eb do t\u00eb ket\u00eb reagime, pres se do t\u00eb ket\u00eb edhe protesta, por jo t\u00eb nivelit t\u00eb trazirave. E ka t\u00eb qart\u00eb opinioni i Malit t\u00eb Zi se ku ka ardhur puna, se kthim mbrapa nuk ka. Zor se subjektet politike p\u00ebr interesa partiake do t\u00eb jen\u00eb n\u00eb gjendje t\u00eb manipulojn\u00eb m\u00eb tutje me bazat e veta partiake. Absolutisht nuk pres q\u00eb do t\u00eb ket\u00eb trazira t\u00eb nivelit t\u00eb konflikteve p\u00ebr arsye se shteti i cili ka hyr\u00eb n\u00eb k\u00ebt\u00eb rrug\u00eb, nuk ka hyr\u00eb sido, por ka hyr\u00eb duke \u00e7muar mir\u00eb se ku mund t\u00eb dilet dhe shteti tashm\u00eb tregohet serioz n\u00eb ruajtjen e asaj q\u00eb \u00ebsht\u00eb prodhim i referendumit t\u00eb majit t\u00eb vitit 2006.<\/p>\n<p><strong>Koha javore:<\/strong> Le t\u00eb kalojm\u00eb te nj\u00eb \u00e7\u00ebshtje tjet\u00ebr, ajo e formimit t\u00eb k\u00ebshillave nacionale t\u00eb pakicave. Ju keni kritikuar procedur\u00ebn e themelimit t\u00eb tyre duke theksuar, sipas Jush, anomalit\u00eb e shumta t\u00eb ndodhura gjat\u00eb k\u00ebtij procesi. Sidomos keni qen\u00eb kritik ndaj m\u00ebnyr\u00ebs s\u00eb themelimit t\u00eb K\u00ebshillit Nacional Shqiptar dhe reagimi Juaj i par\u00eb ka qen\u00eb se do tzi drejtoheni madje edhe gjyqit. A keni hequr dor\u00eb nga kjo?<br \/>\nF. Dinosha: Nuk kam hequr dor\u00eb, por kam pasur kontakte t\u00eb cilat flasin se as p\u00ebrvoja e vet\u00eb gjykatave n\u00eb Mal t\u00eb Zi nuk \u00ebsht\u00eb tep\u00ebr e madhe n\u00eb k\u00ebt\u00eb drejtim kur \u00ebsht\u00eb fjala p\u00ebr t\u00eb drejtat e pakicave. K\u00ebto gj\u00ebra ndodhin p\u00ebr t\u00eb par\u00ebn her\u00eb dhe kjo do t\u00eb merrte koh\u00eb shum\u00eb. P\u00ebr t\u00eb mos u humbur shum\u00eb koh\u00eb do t\u00eb tentojm\u00eb q\u00eb t\u00eb gjejm\u00eb rrug\u00eb m\u00eb t\u00eb shpejt\u00eb e paralelisht do t\u00eb jemi t\u00eb pranish\u00ebm p\u00ebr t\u00eb k\u00ebrkuar edhe mendimin e Gjykat\u00ebs Kushtetuese cilidoqoft\u00eb ai.<\/p>\n<p><strong>Koha javore: <\/strong>Cila \u00ebsht\u00eb sipas Jush rruga m\u00eb e shkurt\u00ebr q\u00eb thoni?<br \/>\n<strong>F. Dinosha:<\/strong> Rruga m\u00eb e shkurt\u00ebr \u00ebsht\u00eb ndryshimi i Ligjit. Ndoshta edhe nj\u00eb tryez\u00eb e p\u00ebrbashk\u00ebt e rrumbullak\u00ebt e t\u00eb gjitha subjekteve q\u00eb tani jan\u00eb prezent\u00eb n\u00eb sken\u00ebn politike, por edhe n\u00eb K\u00ebshillin Nacional, por duke ftuar edhe intelektual\u00ebt q\u00eb i kemi, edhe p\u00ebrfaq\u00ebsuesit e OJQ-ve, dhe t\u00eb shtrohet nj\u00eb bised\u00eb e hapur, e sinqert\u00eb, p\u00ebr t\u00eb konkluduar se cila \u00ebsht\u00eb zgjidhja m\u00eb e mir\u00eb. Absolutisht kjo q\u00eb ka ndodhur nuk \u00ebsht\u00eb zgjidhje e mir\u00eb.<br \/>\n<strong>I.Kallaba<br \/>\nKoha Javore<\/strong><\/p>\n","protected":false},"excerpt":{"rendered":"<p>Koha ka d\u00ebshmuar politik\u00ebn e drejt\u00eb t\u00eb UDSH-s\u00eb (1) Koha javore: Z. Dinosha, sa jeni t\u00eb k\u00ebnaqur me bashk\u00ebpunimin tuaj me PDS-n\u00eb n\u00eb nivelin shtet\u00ebror dhe at\u00eb lokal? Sa jan\u00eb mbajtur premtimet parazgjedhore? F. Dinosha: N\u00ebse flitet p\u00ebr bashk\u00ebpunimin prej zgjedhjeve t\u00eb fundit e deri tani absolutisht ky bashk\u00ebpunim shkon n\u00eb pajtim me at\u00eb q\u00eb [&hellip;]<\/p>\n","protected":false},"author":1,"featured_media":0,"comment_status":"open","ping_status":"closed","sticky":false,"template":"","format":"standard","meta":{"spay_email":"","jetpack_publicize_message":"","jetpack_is_tweetstorm":false,"jetpack_publicize_feature_enabled":true},"categories":[6,12],"tags":[97,4646],"jetpack_publicize_connections":[],"yoast_head":"<!-- This site is optimized with the Yoast SEO plugin v19.1 - https:\/\/yoast.com\/wordpress\/plugins\/seo\/ -->\n<title>Intervist\u00eb me kryetarin e UDSH-s\u00eb Ferhat Dinosha - Lajme nga Ulqini<\/title>\n<meta name=\"description\" content=\"Koha ka d\u00ebshmuar politik\u00ebn e drejt\u00eb t\u00eb UDSH-s\u00eb (1) Koha javore: Z. Dinosha, sa jeni t\u00eb k\u00ebnaqur me bashk\u00ebpunimin tuaj me PDS-n\u00eb n\u00eb nivelin shtet\u00ebror dhe\" \/>\n<meta name=\"robots\" content=\"index, follow, max-snippet:-1, max-image-preview:large, max-video-preview:-1\" \/>\n<link rel=\"canonical\" href=\"https:\/\/www.visit-ulcinj.com\/blog\/2008\/10\/11\/interviste-me-kryetarin-e-udsh-se-ferhat-dinosha\/\" \/>\n<meta property=\"og:locale\" content=\"en_US\" \/>\n<meta property=\"og:type\" content=\"article\" \/>\n<meta property=\"og:title\" content=\"Intervist\u00eb me kryetarin e UDSH-s\u00eb Ferhat Dinosha - Lajme nga Ulqini\" \/>\n<meta property=\"og:description\" content=\"Koha ka d\u00ebshmuar politik\u00ebn e drejt\u00eb t\u00eb UDSH-s\u00eb (1) Koha javore: Z. Dinosha, sa jeni t\u00eb k\u00ebnaqur me bashk\u00ebpunimin tuaj me PDS-n\u00eb n\u00eb nivelin shtet\u00ebror dhe\" \/>\n<meta property=\"og:url\" content=\"https:\/\/www.visit-ulcinj.com\/blog\/2008\/10\/11\/interviste-me-kryetarin-e-udsh-se-ferhat-dinosha\/\" \/>\n<meta property=\"og:site_name\" content=\"Lajme nga Ulqini\" \/>\n<meta property=\"article:published_time\" content=\"2008-10-11T18:20:55+00:00\" \/>\n<meta property=\"article:modified_time\" content=\"2008-10-17T18:15:22+00:00\" \/>\n<meta property=\"og:image\" content=\"http:\/\/www.visit-ulcinj.com\/blog\/wp-content\/uploads\/2008\/09\/ferhat-dinosa_ulcinj.jpg\" \/>\n<meta name=\"twitter:label1\" content=\"Written by\" \/>\n\t<meta name=\"twitter:data1\" content=\"ulqini\" \/>\n\t<meta name=\"twitter:label2\" content=\"Est. reading time\" \/>\n\t<meta name=\"twitter:data2\" content=\"11 minutes\" \/>\n<script type=\"application\/ld+json\" class=\"yoast-schema-graph\">{\"@context\":\"https:\/\/schema.org\",\"@graph\":[{\"@type\":\"WebSite\",\"@id\":\"https:\/\/www.visit-ulcinj.com\/blog\/#website\",\"url\":\"https:\/\/www.visit-ulcinj.com\/blog\/\",\"name\":\"Lajme nga Ulqini\",\"description\":\"Lajme,Vijesti,Ulqini,Ulqin,Crna Gora,Mali i Zi\",\"potentialAction\":[{\"@type\":\"SearchAction\",\"target\":{\"@type\":\"EntryPoint\",\"urlTemplate\":\"https:\/\/www.visit-ulcinj.com\/blog\/?s={search_term_string}\"},\"query-input\":\"required name=search_term_string\"}],\"inLanguage\":\"en-US\"},{\"@type\":\"ImageObject\",\"inLanguage\":\"en-US\",\"@id\":\"https:\/\/www.visit-ulcinj.com\/blog\/2008\/10\/11\/interviste-me-kryetarin-e-udsh-se-ferhat-dinosha\/#primaryimage\",\"url\":\"http:\/\/www.visit-ulcinj.com\/blog\/wp-content\/uploads\/2008\/09\/ferhat-dinosa_ulcinj.jpg\",\"contentUrl\":\"http:\/\/www.visit-ulcinj.com\/blog\/wp-content\/uploads\/2008\/09\/ferhat-dinosa_ulcinj.jpg\"},{\"@type\":\"WebPage\",\"@id\":\"https:\/\/www.visit-ulcinj.com\/blog\/2008\/10\/11\/interviste-me-kryetarin-e-udsh-se-ferhat-dinosha\/#webpage\",\"url\":\"https:\/\/www.visit-ulcinj.com\/blog\/2008\/10\/11\/interviste-me-kryetarin-e-udsh-se-ferhat-dinosha\/\",\"name\":\"Intervist\u00eb me kryetarin e UDSH-s\u00eb Ferhat Dinosha - Lajme nga Ulqini\",\"isPartOf\":{\"@id\":\"https:\/\/www.visit-ulcinj.com\/blog\/#website\"},\"primaryImageOfPage\":{\"@id\":\"https:\/\/www.visit-ulcinj.com\/blog\/2008\/10\/11\/interviste-me-kryetarin-e-udsh-se-ferhat-dinosha\/#primaryimage\"},\"datePublished\":\"2008-10-11T18:20:55+00:00\",\"dateModified\":\"2008-10-17T18:15:22+00:00\",\"author\":{\"@id\":\"https:\/\/www.visit-ulcinj.com\/blog\/#\/schema\/person\/dcab619c614d3038751c63bc2aadc06d\"},\"description\":\"Koha ka d\u00ebshmuar politik\u00ebn e drejt\u00eb t\u00eb UDSH-s\u00eb (1) Koha javore: Z. Dinosha, sa jeni t\u00eb k\u00ebnaqur me bashk\u00ebpunimin tuaj me PDS-n\u00eb n\u00eb nivelin shtet\u00ebror dhe\",\"breadcrumb\":{\"@id\":\"https:\/\/www.visit-ulcinj.com\/blog\/2008\/10\/11\/interviste-me-kryetarin-e-udsh-se-ferhat-dinosha\/#breadcrumb\"},\"inLanguage\":\"en-US\",\"potentialAction\":[{\"@type\":\"ReadAction\",\"target\":[\"https:\/\/www.visit-ulcinj.com\/blog\/2008\/10\/11\/interviste-me-kryetarin-e-udsh-se-ferhat-dinosha\/\"]}]},{\"@type\":\"BreadcrumbList\",\"@id\":\"https:\/\/www.visit-ulcinj.com\/blog\/2008\/10\/11\/interviste-me-kryetarin-e-udsh-se-ferhat-dinosha\/#breadcrumb\",\"itemListElement\":[{\"@type\":\"ListItem\",\"position\":1,\"name\":\"Intervist\u00eb me kryetarin e UDSH-s\u00eb Ferhat Dinosha\"}]},{\"@type\":\"Person\",\"@id\":\"https:\/\/www.visit-ulcinj.com\/blog\/#\/schema\/person\/dcab619c614d3038751c63bc2aadc06d\",\"name\":\"ulqini\",\"sameAs\":[\"http:\/\/www.visit-ulcinj.com\"],\"url\":\"https:\/\/www.visit-ulcinj.com\/blog\/author\/admin\/\"}]}<\/script>\n<!-- \/ Yoast SEO plugin. -->","yoast_head_json":{"title":"Intervist\u00eb me kryetarin e UDSH-s\u00eb Ferhat Dinosha - Lajme nga Ulqini","description":"Koha ka d\u00ebshmuar politik\u00ebn e drejt\u00eb t\u00eb UDSH-s\u00eb (1) Koha javore: Z. Dinosha, sa jeni t\u00eb k\u00ebnaqur me bashk\u00ebpunimin tuaj me PDS-n\u00eb n\u00eb nivelin shtet\u00ebror dhe","robots":{"index":"index","follow":"follow","max-snippet":"max-snippet:-1","max-image-preview":"max-image-preview:large","max-video-preview":"max-video-preview:-1"},"canonical":"https:\/\/www.visit-ulcinj.com\/blog\/2008\/10\/11\/interviste-me-kryetarin-e-udsh-se-ferhat-dinosha\/","og_locale":"en_US","og_type":"article","og_title":"Intervist\u00eb me kryetarin e UDSH-s\u00eb Ferhat Dinosha - Lajme nga Ulqini","og_description":"Koha ka d\u00ebshmuar politik\u00ebn e drejt\u00eb t\u00eb UDSH-s\u00eb (1) Koha javore: Z. Dinosha, sa jeni t\u00eb k\u00ebnaqur me bashk\u00ebpunimin tuaj me PDS-n\u00eb n\u00eb nivelin shtet\u00ebror dhe","og_url":"https:\/\/www.visit-ulcinj.com\/blog\/2008\/10\/11\/interviste-me-kryetarin-e-udsh-se-ferhat-dinosha\/","og_site_name":"Lajme nga Ulqini","article_published_time":"2008-10-11T18:20:55+00:00","article_modified_time":"2008-10-17T18:15:22+00:00","og_image":[{"url":"http:\/\/www.visit-ulcinj.com\/blog\/wp-content\/uploads\/2008\/09\/ferhat-dinosa_ulcinj.jpg"}],"twitter_misc":{"Written by":"ulqini","Est. reading time":"11 minutes"},"schema":{"@context":"https:\/\/schema.org","@graph":[{"@type":"WebSite","@id":"https:\/\/www.visit-ulcinj.com\/blog\/#website","url":"https:\/\/www.visit-ulcinj.com\/blog\/","name":"Lajme nga Ulqini","description":"Lajme,Vijesti,Ulqini,Ulqin,Crna Gora,Mali i Zi","potentialAction":[{"@type":"SearchAction","target":{"@type":"EntryPoint","urlTemplate":"https:\/\/www.visit-ulcinj.com\/blog\/?s={search_term_string}"},"query-input":"required name=search_term_string"}],"inLanguage":"en-US"},{"@type":"ImageObject","inLanguage":"en-US","@id":"https:\/\/www.visit-ulcinj.com\/blog\/2008\/10\/11\/interviste-me-kryetarin-e-udsh-se-ferhat-dinosha\/#primaryimage","url":"http:\/\/www.visit-ulcinj.com\/blog\/wp-content\/uploads\/2008\/09\/ferhat-dinosa_ulcinj.jpg","contentUrl":"http:\/\/www.visit-ulcinj.com\/blog\/wp-content\/uploads\/2008\/09\/ferhat-dinosa_ulcinj.jpg"},{"@type":"WebPage","@id":"https:\/\/www.visit-ulcinj.com\/blog\/2008\/10\/11\/interviste-me-kryetarin-e-udsh-se-ferhat-dinosha\/#webpage","url":"https:\/\/www.visit-ulcinj.com\/blog\/2008\/10\/11\/interviste-me-kryetarin-e-udsh-se-ferhat-dinosha\/","name":"Intervist\u00eb me kryetarin e UDSH-s\u00eb Ferhat Dinosha - Lajme nga Ulqini","isPartOf":{"@id":"https:\/\/www.visit-ulcinj.com\/blog\/#website"},"primaryImageOfPage":{"@id":"https:\/\/www.visit-ulcinj.com\/blog\/2008\/10\/11\/interviste-me-kryetarin-e-udsh-se-ferhat-dinosha\/#primaryimage"},"datePublished":"2008-10-11T18:20:55+00:00","dateModified":"2008-10-17T18:15:22+00:00","author":{"@id":"https:\/\/www.visit-ulcinj.com\/blog\/#\/schema\/person\/dcab619c614d3038751c63bc2aadc06d"},"description":"Koha ka d\u00ebshmuar politik\u00ebn e drejt\u00eb t\u00eb UDSH-s\u00eb (1) Koha javore: Z. Dinosha, sa jeni t\u00eb k\u00ebnaqur me bashk\u00ebpunimin tuaj me PDS-n\u00eb n\u00eb nivelin shtet\u00ebror dhe","breadcrumb":{"@id":"https:\/\/www.visit-ulcinj.com\/blog\/2008\/10\/11\/interviste-me-kryetarin-e-udsh-se-ferhat-dinosha\/#breadcrumb"},"inLanguage":"en-US","potentialAction":[{"@type":"ReadAction","target":["https:\/\/www.visit-ulcinj.com\/blog\/2008\/10\/11\/interviste-me-kryetarin-e-udsh-se-ferhat-dinosha\/"]}]},{"@type":"BreadcrumbList","@id":"https:\/\/www.visit-ulcinj.com\/blog\/2008\/10\/11\/interviste-me-kryetarin-e-udsh-se-ferhat-dinosha\/#breadcrumb","itemListElement":[{"@type":"ListItem","position":1,"name":"Intervist\u00eb me kryetarin e UDSH-s\u00eb Ferhat Dinosha"}]},{"@type":"Person","@id":"https:\/\/www.visit-ulcinj.com\/blog\/#\/schema\/person\/dcab619c614d3038751c63bc2aadc06d","name":"ulqini","sameAs":["http:\/\/www.visit-ulcinj.com"],"url":"https:\/\/www.visit-ulcinj.com\/blog\/author\/admin\/"}]}},"jetpack_featured_media_url":"","jetpack_sharing_enabled":true,"jetpack_shortlink":"https:\/\/wp.me\/pe6lTn-14B","_links":{"self":[{"href":"https:\/\/www.visit-ulcinj.com\/blog\/wp-json\/wp\/v2\/posts\/4129"}],"collection":[{"href":"https:\/\/www.visit-ulcinj.com\/blog\/wp-json\/wp\/v2\/posts"}],"about":[{"href":"https:\/\/www.visit-ulcinj.com\/blog\/wp-json\/wp\/v2\/types\/post"}],"author":[{"embeddable":true,"href":"https:\/\/www.visit-ulcinj.com\/blog\/wp-json\/wp\/v2\/users\/1"}],"replies":[{"embeddable":true,"href":"https:\/\/www.visit-ulcinj.com\/blog\/wp-json\/wp\/v2\/comments?post=4129"}],"version-history":[{"count":0,"href":"https:\/\/www.visit-ulcinj.com\/blog\/wp-json\/wp\/v2\/posts\/4129\/revisions"}],"wp:attachment":[{"href":"https:\/\/www.visit-ulcinj.com\/blog\/wp-json\/wp\/v2\/media?parent=4129"}],"wp:term":[{"taxonomy":"category","embeddable":true,"href":"https:\/\/www.visit-ulcinj.com\/blog\/wp-json\/wp\/v2\/categories?post=4129"},{"taxonomy":"post_tag","embeddable":true,"href":"https:\/\/www.visit-ulcinj.com\/blog\/wp-json\/wp\/v2\/tags?post=4129"}],"curies":[{"name":"wp","href":"https:\/\/api.w.org\/{rel}","templated":true}]}}