{"id":41295,"date":"2010-12-17T22:25:48","date_gmt":"2010-12-17T21:25:48","guid":{"rendered":"http:\/\/www.visit-ulcinj.com\/blog\/?p=41295"},"modified":"2010-12-17T22:30:37","modified_gmt":"2010-12-17T21:30:37","slug":"leonora-jakupi-vjen-me-nje-balade-per-kete-fundvit","status":"publish","type":"post","link":"https:\/\/www.visit-ulcinj.com\/blog\/2010\/12\/17\/leonora-jakupi-vjen-me-nje-balade-per-kete-fundvit\/","title":{"rendered":"Leonora Jakupi vjen me nj\u00eb balad\u00eb p\u00ebr k\u00ebt\u00eb fundvit"},"content":{"rendered":"<p><a href=\"http:\/\/www.visit-ulcinj.com\/blog\/wp-content\/uploads\/2010\/12\/Leonora-Jakupi-2.jpg\"><img loading=\"lazy\" class=\"alignleft size-full wp-image-41301\" title=\"Leonora-Jakupi-2\" src=\"http:\/\/www.visit-ulcinj.com\/blog\/wp-content\/uploads\/2010\/12\/Leonora-Jakupi-2.jpg\" alt=\"\" width=\"508\" height=\"339\" \/><\/a>Ky fundvit \u00ebsht\u00eb i mbushur me shum\u00eb angazhime p\u00ebr t\u00eb gjith\u00eb k\u00ebng\u00ebtar\u00ebt e estrad\u00ebs. E ve\u00e7an\u00ebrisht p\u00ebr disa, angazhimet profesionale nuk kan\u00eb t\u00eb ndalur. E till\u00eb \u00ebsht\u00eb agjenda aktuale e k\u00ebng\u00ebtares Leonora Jakupi.<\/p>\n<p>P\u00ebrve\u00e7 angazhimit t\u00eb saj n\u00ebp\u00ebr programe festive t\u00eb televizioneve tona, Leonora \u00ebsht\u00eb kujdesur q\u00eb p\u00ebr fansat e saj t\u00eb sjell\u00eb edhe nj\u00eb k\u00ebng\u00eb t\u00eb re. Si dhurat\u00eb p\u00ebr k\u00ebt\u00eb fundvit ajo ka sjell\u00eb nj\u00eb balad\u00eb, t\u00eb cil\u00ebs e ka n\u00eb plan t\u2019ia realizoj\u00eb edhe klipin.<\/p>\n<p><img loading=\"lazy\" class=\"alignleft size-full wp-image-41300\" title=\"Leonora-Jakupi-1\" src=\"http:\/\/www.visit-ulcinj.com\/blog\/wp-content\/uploads\/2010\/12\/Leonora-Jakupi-1.jpg\" alt=\"\" width=\"350\" height=\"510\" \/><\/p>\n<p><strong>Nj\u00eb balad\u00eb p\u00ebr k\u00ebt\u00eb fundvit<\/strong><\/p>\n<p>\u201cN\u00eb kuad\u00ebr t\u00eb disa k\u00ebng\u00ebve t\u00eb reja, k\u00ebt\u00eb vit kam edhe nj\u00eb balad\u00eb t\u00eb cil\u00ebs e kam nd\u00ebrmend q\u00eb sa m\u00eb shpejt t\u2019ia realizoj\u00eb edhe klipin. \u00cbsht\u00eb nj\u00eb balad\u00eb e cila \u00ebsht\u00eb b\u00ebr\u00eb n\u00eb studion e Ilir Tolajt, \u00ebsht\u00eb kompozim i Ilirit e gjithashtu edhe teksti \u00ebsht\u00eb i tij. P\u00ebr titullin s\u2019kemi vendosur ende\u201d, tregon Leonora, nd\u00ebrsa b\u00ebn me dije edhe p\u00ebr angazhimet aktuale q\u00eb po konkretizojn\u00eb p\u00ebrditshm\u00ebrin\u00eb e saj.<br \/>\n\u201cN\u00eb nd\u00ebrkoh\u00eb jam e angazhuar edhe n\u00eb programet e Vitit t\u00eb Ri, xhirimet e festave dhe fotografi t\u00eb ndryshme e angazhime n\u00ebp\u00ebr turne e koncerte t\u00eb ndryshme\u201d.<br \/>\nE nd\u00ebrsa krijimin e fundit p\u00ebr k\u00ebt\u00eb fundvit ajo zgjodhi q\u00eb ta realizoj\u00eb si balad\u00eb, k\u00ebng\u00ebtarja b\u00ebn me dije se ndjehet mir\u00eb te secili zhan\u00ebr muzikor q\u00eb ajo interpreton. \u201cKryesisht te baladat, k\u00ebng\u00ebt emotive, ndjehem m\u00eb mir\u00eb. Mir\u00ebpo i dua edhe k\u00ebng\u00ebt me rit\u00ebm. K\u00ebshtu q\u00eb t\u00eb gjitha k\u00ebng\u00ebt q\u00eb i interpretoj, ndjej t\u00eb nj\u00ebjtin emocion\u201d.<\/p>\n<p><strong>Dukja, surpriz\u00eb p\u00ebr fansat<\/strong><\/p>\n<p><strong><br \/>\n<\/strong> \u00cbsht\u00eb e angazhuar mjaft shum\u00eb edhe n\u00ebp\u00ebr programe t\u00eb ndryshme e xhirimet p\u00ebr Vitin e Ri, nd\u00ebrsa nj\u00eb mori fotosh do t\u00eb jen\u00eb si desert i k\u00ebtij viti p\u00ebr fansat e saj. \u201cK\u00ebto dit\u00eb jemi t\u00eb angazhuar n\u00ebp\u00ebr programet festive. Gjithashtu aktualisht jam duke i b\u00ebr\u00eb disa foto t\u00eb reja. Do t\u00eb jet\u00eb nj\u00eb koleksion fotosh q\u00eb do publikohen me koh\u00eb\u201d. E sa i p\u00ebrket dukjes p\u00ebr k\u00ebt\u00eb fundvit, ajo na e la surpriz\u00eb q\u00eb ta shohim.<\/p>\n<!--YouTube Error: bad URL entered-->\n<p><strong><em>Infopress<\/em><\/strong><\/p>\n","protected":false},"excerpt":{"rendered":"<p>Ky fundvit \u00ebsht\u00eb i mbushur me shum\u00eb angazhime p\u00ebr t\u00eb gjith\u00eb k\u00ebng\u00ebtar\u00ebt e estrad\u00ebs. E ve\u00e7an\u00ebrisht p\u00ebr disa, angazhimet profesionale nuk kan\u00eb t\u00eb ndalur. E till\u00eb \u00ebsht\u00eb agjenda aktuale e k\u00ebng\u00ebtares Leonora Jakupi. P\u00ebrve\u00e7 angazhimit t\u00eb saj n\u00ebp\u00ebr programe festive t\u00eb televizioneve tona, Leonora \u00ebsht\u00eb kujdesur q\u00eb p\u00ebr fansat e saj t\u00eb sjell\u00eb edhe nj\u00eb [&hellip;]<\/p>\n","protected":false},"author":1,"featured_media":0,"comment_status":"open","ping_status":"closed","sticky":false,"template":"","format":"standard","meta":{"spay_email":"","jetpack_publicize_message":"","jetpack_is_tweetstorm":false,"jetpack_publicize_feature_enabled":true},"categories":[1],"tags":[16699,16700,5051,6693],"jetpack_publicize_connections":[],"yoast_head":"<!-- This site is optimized with the Yoast SEO plugin v19.1 - https:\/\/yoast.com\/wordpress\/plugins\/seo\/ -->\n<title>Leonora Jakupi vjen me nj\u00eb balad\u00eb p\u00ebr k\u00ebt\u00eb fundvit - Lajme nga Ulqini<\/title>\n<meta name=\"description\" content=\"Ky fundvit \u00ebsht\u00eb i mbushur me shum\u00eb angazhime p\u00ebr t\u00eb gjith\u00eb k\u00ebng\u00ebtar\u00ebt e estrad\u00ebs. E ve\u00e7an\u00ebrisht p\u00ebr disa, angazhimet profesionale nuk kan\u00eb t\u00eb ndalur. E\" \/>\n<meta name=\"robots\" content=\"index, follow, max-snippet:-1, max-image-preview:large, max-video-preview:-1\" \/>\n<link rel=\"canonical\" href=\"https:\/\/www.visit-ulcinj.com\/blog\/2010\/12\/17\/leonora-jakupi-vjen-me-nje-balade-per-kete-fundvit\/\" \/>\n<meta property=\"og:locale\" content=\"en_US\" \/>\n<meta property=\"og:type\" content=\"article\" \/>\n<meta property=\"og:title\" content=\"Leonora Jakupi vjen me nj\u00eb balad\u00eb p\u00ebr k\u00ebt\u00eb fundvit - Lajme nga Ulqini\" \/>\n<meta property=\"og:description\" content=\"Ky fundvit \u00ebsht\u00eb i mbushur me shum\u00eb angazhime p\u00ebr t\u00eb gjith\u00eb k\u00ebng\u00ebtar\u00ebt e estrad\u00ebs. E ve\u00e7an\u00ebrisht p\u00ebr disa, angazhimet profesionale nuk kan\u00eb t\u00eb ndalur. E\" \/>\n<meta property=\"og:url\" content=\"https:\/\/www.visit-ulcinj.com\/blog\/2010\/12\/17\/leonora-jakupi-vjen-me-nje-balade-per-kete-fundvit\/\" \/>\n<meta property=\"og:site_name\" content=\"Lajme nga Ulqini\" \/>\n<meta property=\"article:published_time\" content=\"2010-12-17T21:25:48+00:00\" \/>\n<meta property=\"article:modified_time\" content=\"2010-12-17T21:30:37+00:00\" \/>\n<meta property=\"og:image\" content=\"http:\/\/www.visit-ulcinj.com\/blog\/wp-content\/uploads\/2010\/12\/Leonora-Jakupi-2.jpg\" \/>\n<meta name=\"twitter:label1\" content=\"Written by\" \/>\n\t<meta name=\"twitter:data1\" content=\"ulqini\" \/>\n\t<meta name=\"twitter:label2\" content=\"Est. reading time\" \/>\n\t<meta name=\"twitter:data2\" content=\"2 minutes\" \/>\n<script type=\"application\/ld+json\" class=\"yoast-schema-graph\">{\"@context\":\"https:\/\/schema.org\",\"@graph\":[{\"@type\":\"WebSite\",\"@id\":\"https:\/\/www.visit-ulcinj.com\/blog\/#website\",\"url\":\"https:\/\/www.visit-ulcinj.com\/blog\/\",\"name\":\"Lajme nga Ulqini\",\"description\":\"Lajme,Vijesti,Ulqini,Ulqin,Crna Gora,Mali i Zi\",\"potentialAction\":[{\"@type\":\"SearchAction\",\"target\":{\"@type\":\"EntryPoint\",\"urlTemplate\":\"https:\/\/www.visit-ulcinj.com\/blog\/?s={search_term_string}\"},\"query-input\":\"required name=search_term_string\"}],\"inLanguage\":\"en-US\"},{\"@type\":\"ImageObject\",\"inLanguage\":\"en-US\",\"@id\":\"https:\/\/www.visit-ulcinj.com\/blog\/2010\/12\/17\/leonora-jakupi-vjen-me-nje-balade-per-kete-fundvit\/#primaryimage\",\"url\":\"http:\/\/www.visit-ulcinj.com\/blog\/wp-content\/uploads\/2010\/12\/Leonora-Jakupi-2.jpg\",\"contentUrl\":\"http:\/\/www.visit-ulcinj.com\/blog\/wp-content\/uploads\/2010\/12\/Leonora-Jakupi-2.jpg\"},{\"@type\":\"WebPage\",\"@id\":\"https:\/\/www.visit-ulcinj.com\/blog\/2010\/12\/17\/leonora-jakupi-vjen-me-nje-balade-per-kete-fundvit\/#webpage\",\"url\":\"https:\/\/www.visit-ulcinj.com\/blog\/2010\/12\/17\/leonora-jakupi-vjen-me-nje-balade-per-kete-fundvit\/\",\"name\":\"Leonora Jakupi vjen me nj\u00eb balad\u00eb p\u00ebr k\u00ebt\u00eb fundvit - Lajme nga Ulqini\",\"isPartOf\":{\"@id\":\"https:\/\/www.visit-ulcinj.com\/blog\/#website\"},\"primaryImageOfPage\":{\"@id\":\"https:\/\/www.visit-ulcinj.com\/blog\/2010\/12\/17\/leonora-jakupi-vjen-me-nje-balade-per-kete-fundvit\/#primaryimage\"},\"datePublished\":\"2010-12-17T21:25:48+00:00\",\"dateModified\":\"2010-12-17T21:30:37+00:00\",\"author\":{\"@id\":\"https:\/\/www.visit-ulcinj.com\/blog\/#\/schema\/person\/dcab619c614d3038751c63bc2aadc06d\"},\"description\":\"Ky fundvit \u00ebsht\u00eb i mbushur me shum\u00eb angazhime p\u00ebr t\u00eb gjith\u00eb k\u00ebng\u00ebtar\u00ebt e estrad\u00ebs. E ve\u00e7an\u00ebrisht p\u00ebr disa, angazhimet profesionale nuk kan\u00eb t\u00eb ndalur. E\",\"breadcrumb\":{\"@id\":\"https:\/\/www.visit-ulcinj.com\/blog\/2010\/12\/17\/leonora-jakupi-vjen-me-nje-balade-per-kete-fundvit\/#breadcrumb\"},\"inLanguage\":\"en-US\",\"potentialAction\":[{\"@type\":\"ReadAction\",\"target\":[\"https:\/\/www.visit-ulcinj.com\/blog\/2010\/12\/17\/leonora-jakupi-vjen-me-nje-balade-per-kete-fundvit\/\"]}]},{\"@type\":\"BreadcrumbList\",\"@id\":\"https:\/\/www.visit-ulcinj.com\/blog\/2010\/12\/17\/leonora-jakupi-vjen-me-nje-balade-per-kete-fundvit\/#breadcrumb\",\"itemListElement\":[{\"@type\":\"ListItem\",\"position\":1,\"name\":\"Leonora Jakupi vjen me nj\u00eb balad\u00eb p\u00ebr k\u00ebt\u00eb fundvit\"}]},{\"@type\":\"Person\",\"@id\":\"https:\/\/www.visit-ulcinj.com\/blog\/#\/schema\/person\/dcab619c614d3038751c63bc2aadc06d\",\"name\":\"ulqini\",\"sameAs\":[\"http:\/\/www.visit-ulcinj.com\"],\"url\":\"https:\/\/www.visit-ulcinj.com\/blog\/author\/admin\/\"}]}<\/script>\n<!-- \/ Yoast SEO plugin. -->","yoast_head_json":{"title":"Leonora Jakupi vjen me nj\u00eb balad\u00eb p\u00ebr k\u00ebt\u00eb fundvit - Lajme nga Ulqini","description":"Ky fundvit \u00ebsht\u00eb i mbushur me shum\u00eb angazhime p\u00ebr t\u00eb gjith\u00eb k\u00ebng\u00ebtar\u00ebt e estrad\u00ebs. E ve\u00e7an\u00ebrisht p\u00ebr disa, angazhimet profesionale nuk kan\u00eb t\u00eb ndalur. E","robots":{"index":"index","follow":"follow","max-snippet":"max-snippet:-1","max-image-preview":"max-image-preview:large","max-video-preview":"max-video-preview:-1"},"canonical":"https:\/\/www.visit-ulcinj.com\/blog\/2010\/12\/17\/leonora-jakupi-vjen-me-nje-balade-per-kete-fundvit\/","og_locale":"en_US","og_type":"article","og_title":"Leonora Jakupi vjen me nj\u00eb balad\u00eb p\u00ebr k\u00ebt\u00eb fundvit - Lajme nga Ulqini","og_description":"Ky fundvit \u00ebsht\u00eb i mbushur me shum\u00eb angazhime p\u00ebr t\u00eb gjith\u00eb k\u00ebng\u00ebtar\u00ebt e estrad\u00ebs. E ve\u00e7an\u00ebrisht p\u00ebr disa, angazhimet profesionale nuk kan\u00eb t\u00eb ndalur. E","og_url":"https:\/\/www.visit-ulcinj.com\/blog\/2010\/12\/17\/leonora-jakupi-vjen-me-nje-balade-per-kete-fundvit\/","og_site_name":"Lajme nga Ulqini","article_published_time":"2010-12-17T21:25:48+00:00","article_modified_time":"2010-12-17T21:30:37+00:00","og_image":[{"url":"http:\/\/www.visit-ulcinj.com\/blog\/wp-content\/uploads\/2010\/12\/Leonora-Jakupi-2.jpg"}],"twitter_misc":{"Written by":"ulqini","Est. reading time":"2 minutes"},"schema":{"@context":"https:\/\/schema.org","@graph":[{"@type":"WebSite","@id":"https:\/\/www.visit-ulcinj.com\/blog\/#website","url":"https:\/\/www.visit-ulcinj.com\/blog\/","name":"Lajme nga Ulqini","description":"Lajme,Vijesti,Ulqini,Ulqin,Crna Gora,Mali i Zi","potentialAction":[{"@type":"SearchAction","target":{"@type":"EntryPoint","urlTemplate":"https:\/\/www.visit-ulcinj.com\/blog\/?s={search_term_string}"},"query-input":"required name=search_term_string"}],"inLanguage":"en-US"},{"@type":"ImageObject","inLanguage":"en-US","@id":"https:\/\/www.visit-ulcinj.com\/blog\/2010\/12\/17\/leonora-jakupi-vjen-me-nje-balade-per-kete-fundvit\/#primaryimage","url":"http:\/\/www.visit-ulcinj.com\/blog\/wp-content\/uploads\/2010\/12\/Leonora-Jakupi-2.jpg","contentUrl":"http:\/\/www.visit-ulcinj.com\/blog\/wp-content\/uploads\/2010\/12\/Leonora-Jakupi-2.jpg"},{"@type":"WebPage","@id":"https:\/\/www.visit-ulcinj.com\/blog\/2010\/12\/17\/leonora-jakupi-vjen-me-nje-balade-per-kete-fundvit\/#webpage","url":"https:\/\/www.visit-ulcinj.com\/blog\/2010\/12\/17\/leonora-jakupi-vjen-me-nje-balade-per-kete-fundvit\/","name":"Leonora Jakupi vjen me nj\u00eb balad\u00eb p\u00ebr k\u00ebt\u00eb fundvit - Lajme nga Ulqini","isPartOf":{"@id":"https:\/\/www.visit-ulcinj.com\/blog\/#website"},"primaryImageOfPage":{"@id":"https:\/\/www.visit-ulcinj.com\/blog\/2010\/12\/17\/leonora-jakupi-vjen-me-nje-balade-per-kete-fundvit\/#primaryimage"},"datePublished":"2010-12-17T21:25:48+00:00","dateModified":"2010-12-17T21:30:37+00:00","author":{"@id":"https:\/\/www.visit-ulcinj.com\/blog\/#\/schema\/person\/dcab619c614d3038751c63bc2aadc06d"},"description":"Ky fundvit \u00ebsht\u00eb i mbushur me shum\u00eb angazhime p\u00ebr t\u00eb gjith\u00eb k\u00ebng\u00ebtar\u00ebt e estrad\u00ebs. E ve\u00e7an\u00ebrisht p\u00ebr disa, angazhimet profesionale nuk kan\u00eb t\u00eb ndalur. E","breadcrumb":{"@id":"https:\/\/www.visit-ulcinj.com\/blog\/2010\/12\/17\/leonora-jakupi-vjen-me-nje-balade-per-kete-fundvit\/#breadcrumb"},"inLanguage":"en-US","potentialAction":[{"@type":"ReadAction","target":["https:\/\/www.visit-ulcinj.com\/blog\/2010\/12\/17\/leonora-jakupi-vjen-me-nje-balade-per-kete-fundvit\/"]}]},{"@type":"BreadcrumbList","@id":"https:\/\/www.visit-ulcinj.com\/blog\/2010\/12\/17\/leonora-jakupi-vjen-me-nje-balade-per-kete-fundvit\/#breadcrumb","itemListElement":[{"@type":"ListItem","position":1,"name":"Leonora Jakupi vjen me nj\u00eb balad\u00eb p\u00ebr k\u00ebt\u00eb fundvit"}]},{"@type":"Person","@id":"https:\/\/www.visit-ulcinj.com\/blog\/#\/schema\/person\/dcab619c614d3038751c63bc2aadc06d","name":"ulqini","sameAs":["http:\/\/www.visit-ulcinj.com"],"url":"https:\/\/www.visit-ulcinj.com\/blog\/author\/admin\/"}]}},"jetpack_featured_media_url":"","jetpack_sharing_enabled":true,"jetpack_shortlink":"https:\/\/wp.me\/pe6lTn-aK3","_links":{"self":[{"href":"https:\/\/www.visit-ulcinj.com\/blog\/wp-json\/wp\/v2\/posts\/41295"}],"collection":[{"href":"https:\/\/www.visit-ulcinj.com\/blog\/wp-json\/wp\/v2\/posts"}],"about":[{"href":"https:\/\/www.visit-ulcinj.com\/blog\/wp-json\/wp\/v2\/types\/post"}],"author":[{"embeddable":true,"href":"https:\/\/www.visit-ulcinj.com\/blog\/wp-json\/wp\/v2\/users\/1"}],"replies":[{"embeddable":true,"href":"https:\/\/www.visit-ulcinj.com\/blog\/wp-json\/wp\/v2\/comments?post=41295"}],"version-history":[{"count":0,"href":"https:\/\/www.visit-ulcinj.com\/blog\/wp-json\/wp\/v2\/posts\/41295\/revisions"}],"wp:attachment":[{"href":"https:\/\/www.visit-ulcinj.com\/blog\/wp-json\/wp\/v2\/media?parent=41295"}],"wp:term":[{"taxonomy":"category","embeddable":true,"href":"https:\/\/www.visit-ulcinj.com\/blog\/wp-json\/wp\/v2\/categories?post=41295"},{"taxonomy":"post_tag","embeddable":true,"href":"https:\/\/www.visit-ulcinj.com\/blog\/wp-json\/wp\/v2\/tags?post=41295"}],"curies":[{"name":"wp","href":"https:\/\/api.w.org\/{rel}","templated":true}]}}