{"id":41326,"date":"2010-12-17T23:26:12","date_gmt":"2010-12-17T22:26:12","guid":{"rendered":"http:\/\/www.visit-ulcinj.com\/blog\/?p=41326"},"modified":"2010-12-17T23:26:12","modified_gmt":"2010-12-17T22:26:12","slug":"kujt-i-thote-tuna-%e2%80%93-kallezom-ku-arrite","status":"publish","type":"post","link":"https:\/\/www.visit-ulcinj.com\/blog\/2010\/12\/17\/kujt-i-thote-tuna-%e2%80%93-kallezom-ku-arrite\/","title":{"rendered":"Kujt i thot\u00eb Tuna \u2013 kall\u00ebzom ku arrite"},"content":{"rendered":"<p><img loading=\"lazy\" class=\"alignleft size-full wp-image-41327\" title=\"Altuna Sejdi\" src=\"http:\/\/www.visit-ulcinj.com\/blog\/wp-content\/uploads\/2010\/12\/Altuna-Sejdi.jpg\" alt=\"\" width=\"508\" height=\"339\" \/><\/p>\n<p>\u00cbsht\u00eb lansuar m\u00eb n\u00eb fund albumi m\u00eb i ri i grupit Ting 3-nt me titull \u201cKallzon ku po t-dhemb\u201d. E vecnat\u00eb e k\u00ebtij albumi jan\u00eb edhe bashk\u00ebpunimet e shumta me k\u00ebng\u00ebtar\u00eb t\u00eb ndrysh\u00ebm, ku ne na ra n\u00eb sy bashk\u00ebpunim s\u00ebrisht me Tun\u00ebn<\/p>\n<p>K\u00ebng\u00ebtarja Altuna Sejdiu ia nis k\u00ebng\u00ebs duke th\u00ebn\u00eb \u201ckallzom ku arrite\u201d n\u00eb nj\u00eb kombinim interesant me djemt\u00eb e Ting 3-NT. Nuk e dim\u00eb n\u00ebs\u00eb ky bashk\u00ebpunim do t\u00eb ket\u00eb edhe nj\u00eb videoklip, por edhe n\u00ebse do t\u00eb ket\u00eb nuk e besojm\u00eb sipas vler\u00ebsimit ton\u00eb se mund t\u00eb jet\u00eb m\u00eb e fort\u00eb se k\u00ebng\u00eb \u201cI kam\u201d\u00a0bashk\u00ebpunim i k\u00ebtij grupi me Ermal Fejzullahu, k\u00ebng\u00eb e cila padyshim \u00ebsht\u00eb p\u00ebrfshir\u00eb n\u00eb albumin e tyre m\u00eb t\u00eb ri.<\/p>\n<p>[flv width=&#8221;508&#8243; height=&#8221;25&#8243;]http:\/\/gurbeti.net\/mp3\/-%20%20%20%20%20%20%20%20%20%20%20%20%20%20%20%20%20%20%20%20%20%20%20ALBUMET%20DHE%20HITET%20ME%20TE%20REJA%20[PREMIER%202011]\/-%20%20%20%20%20%20%20%20%20%20%20%20%20%20%20%20%20%20Tingulli%203nt%20-%20Ma%20i%20Madhi%20Nven%202011%20[Komplet%20Albumi]%20PA%20REKLAMA!\/Tingulli%203nt%20ft.%20Tuna%20-%20Kallxom%20Ku%20Arrite.mp3[\/flv]<\/p>\n","protected":false},"excerpt":{"rendered":"<p>\u00cbsht\u00eb lansuar m\u00eb n\u00eb fund albumi m\u00eb i ri i grupit Ting 3-nt me titull \u201cKallzon ku po t-dhemb\u201d. E vecnat\u00eb e k\u00ebtij albumi jan\u00eb edhe bashk\u00ebpunimet e shumta me k\u00ebng\u00ebtar\u00eb t\u00eb ndrysh\u00ebm, ku ne na ra n\u00eb sy bashk\u00ebpunim s\u00ebrisht me Tun\u00ebn K\u00ebng\u00ebtarja Altuna Sejdiu ia nis k\u00ebng\u00ebs duke th\u00ebn\u00eb \u201ckallzom ku arrite\u201d n\u00eb [&hellip;]<\/p>\n","protected":false},"author":1,"featured_media":0,"comment_status":"open","ping_status":"closed","sticky":false,"template":"","format":"standard","meta":{"spay_email":"","jetpack_publicize_message":"","jetpack_is_tweetstorm":false,"jetpack_publicize_feature_enabled":true},"categories":[1],"tags":[16133,4972,16713,16712,6693,5317,16710,16711,16709],"jetpack_publicize_connections":[],"yoast_head":"<!-- This site is optimized with the Yoast SEO plugin v19.1 - https:\/\/yoast.com\/wordpress\/plugins\/seo\/ -->\n<title>Kujt i thot\u00eb Tuna \u2013 kall\u00ebzom ku arrite - Lajme nga Ulqini<\/title>\n<meta name=\"description\" content=\"\u00cbsht\u00eb lansuar m\u00eb n\u00eb fund albumi m\u00eb i ri i grupit Ting 3-nt me titull \u201cKallzon ku po t-dhemb\u201d. E vecnat\u00eb e k\u00ebtij albumi jan\u00eb edhe bashk\u00ebpunimet e shumta me\" \/>\n<meta name=\"robots\" content=\"index, follow, max-snippet:-1, max-image-preview:large, max-video-preview:-1\" \/>\n<link rel=\"canonical\" href=\"https:\/\/www.visit-ulcinj.com\/blog\/2010\/12\/17\/kujt-i-thote-tuna-\u2013-kallezom-ku-arrite\/\" \/>\n<meta property=\"og:locale\" content=\"en_US\" \/>\n<meta property=\"og:type\" content=\"article\" \/>\n<meta property=\"og:title\" content=\"Kujt i thot\u00eb Tuna \u2013 kall\u00ebzom ku arrite - Lajme nga Ulqini\" \/>\n<meta property=\"og:description\" content=\"\u00cbsht\u00eb lansuar m\u00eb n\u00eb fund albumi m\u00eb i ri i grupit Ting 3-nt me titull \u201cKallzon ku po t-dhemb\u201d. E vecnat\u00eb e k\u00ebtij albumi jan\u00eb edhe bashk\u00ebpunimet e shumta me\" \/>\n<meta property=\"og:url\" content=\"https:\/\/www.visit-ulcinj.com\/blog\/2010\/12\/17\/kujt-i-thote-tuna-\u2013-kallezom-ku-arrite\/\" \/>\n<meta property=\"og:site_name\" content=\"Lajme nga Ulqini\" \/>\n<meta property=\"article:published_time\" content=\"2010-12-17T22:26:12+00:00\" \/>\n<meta property=\"og:image\" content=\"http:\/\/www.visit-ulcinj.com\/blog\/wp-content\/uploads\/2010\/12\/Altuna-Sejdi.jpg\" \/>\n<meta name=\"twitter:label1\" content=\"Written by\" \/>\n\t<meta name=\"twitter:data1\" content=\"ulqini\" \/>\n\t<meta name=\"twitter:label2\" content=\"Est. reading time\" \/>\n\t<meta name=\"twitter:data2\" content=\"1 minute\" \/>\n<script type=\"application\/ld+json\" class=\"yoast-schema-graph\">{\"@context\":\"https:\/\/schema.org\",\"@graph\":[{\"@type\":\"WebSite\",\"@id\":\"https:\/\/www.visit-ulcinj.com\/blog\/#website\",\"url\":\"https:\/\/www.visit-ulcinj.com\/blog\/\",\"name\":\"Lajme nga Ulqini\",\"description\":\"Lajme,Vijesti,Ulqini,Ulqin,Crna Gora,Mali i Zi\",\"potentialAction\":[{\"@type\":\"SearchAction\",\"target\":{\"@type\":\"EntryPoint\",\"urlTemplate\":\"https:\/\/www.visit-ulcinj.com\/blog\/?s={search_term_string}\"},\"query-input\":\"required name=search_term_string\"}],\"inLanguage\":\"en-US\"},{\"@type\":\"ImageObject\",\"inLanguage\":\"en-US\",\"@id\":\"https:\/\/www.visit-ulcinj.com\/blog\/2010\/12\/17\/kujt-i-thote-tuna-%e2%80%93-kallezom-ku-arrite\/#primaryimage\",\"url\":\"http:\/\/www.visit-ulcinj.com\/blog\/wp-content\/uploads\/2010\/12\/Altuna-Sejdi.jpg\",\"contentUrl\":\"http:\/\/www.visit-ulcinj.com\/blog\/wp-content\/uploads\/2010\/12\/Altuna-Sejdi.jpg\"},{\"@type\":\"WebPage\",\"@id\":\"https:\/\/www.visit-ulcinj.com\/blog\/2010\/12\/17\/kujt-i-thote-tuna-%e2%80%93-kallezom-ku-arrite\/#webpage\",\"url\":\"https:\/\/www.visit-ulcinj.com\/blog\/2010\/12\/17\/kujt-i-thote-tuna-%e2%80%93-kallezom-ku-arrite\/\",\"name\":\"Kujt i thot\u00eb Tuna \u2013 kall\u00ebzom ku arrite - Lajme nga Ulqini\",\"isPartOf\":{\"@id\":\"https:\/\/www.visit-ulcinj.com\/blog\/#website\"},\"primaryImageOfPage\":{\"@id\":\"https:\/\/www.visit-ulcinj.com\/blog\/2010\/12\/17\/kujt-i-thote-tuna-%e2%80%93-kallezom-ku-arrite\/#primaryimage\"},\"datePublished\":\"2010-12-17T22:26:12+00:00\",\"dateModified\":\"2010-12-17T22:26:12+00:00\",\"author\":{\"@id\":\"https:\/\/www.visit-ulcinj.com\/blog\/#\/schema\/person\/dcab619c614d3038751c63bc2aadc06d\"},\"description\":\"\u00cbsht\u00eb lansuar m\u00eb n\u00eb fund albumi m\u00eb i ri i grupit Ting 3-nt me titull \u201cKallzon ku po t-dhemb\u201d. E vecnat\u00eb e k\u00ebtij albumi jan\u00eb edhe bashk\u00ebpunimet e shumta me\",\"breadcrumb\":{\"@id\":\"https:\/\/www.visit-ulcinj.com\/blog\/2010\/12\/17\/kujt-i-thote-tuna-%e2%80%93-kallezom-ku-arrite\/#breadcrumb\"},\"inLanguage\":\"en-US\",\"potentialAction\":[{\"@type\":\"ReadAction\",\"target\":[\"https:\/\/www.visit-ulcinj.com\/blog\/2010\/12\/17\/kujt-i-thote-tuna-%e2%80%93-kallezom-ku-arrite\/\"]}]},{\"@type\":\"BreadcrumbList\",\"@id\":\"https:\/\/www.visit-ulcinj.com\/blog\/2010\/12\/17\/kujt-i-thote-tuna-%e2%80%93-kallezom-ku-arrite\/#breadcrumb\",\"itemListElement\":[{\"@type\":\"ListItem\",\"position\":1,\"name\":\"Kujt i thot\u00eb Tuna \u2013 kall\u00ebzom ku arrite\"}]},{\"@type\":\"Person\",\"@id\":\"https:\/\/www.visit-ulcinj.com\/blog\/#\/schema\/person\/dcab619c614d3038751c63bc2aadc06d\",\"name\":\"ulqini\",\"sameAs\":[\"http:\/\/www.visit-ulcinj.com\"],\"url\":\"https:\/\/www.visit-ulcinj.com\/blog\/author\/admin\/\"}]}<\/script>\n<!-- \/ Yoast SEO plugin. -->","yoast_head_json":{"title":"Kujt i thot\u00eb Tuna \u2013 kall\u00ebzom ku arrite - Lajme nga Ulqini","description":"\u00cbsht\u00eb lansuar m\u00eb n\u00eb fund albumi m\u00eb i ri i grupit Ting 3-nt me titull \u201cKallzon ku po t-dhemb\u201d. E vecnat\u00eb e k\u00ebtij albumi jan\u00eb edhe bashk\u00ebpunimet e shumta me","robots":{"index":"index","follow":"follow","max-snippet":"max-snippet:-1","max-image-preview":"max-image-preview:large","max-video-preview":"max-video-preview:-1"},"canonical":"https:\/\/www.visit-ulcinj.com\/blog\/2010\/12\/17\/kujt-i-thote-tuna-\u2013-kallezom-ku-arrite\/","og_locale":"en_US","og_type":"article","og_title":"Kujt i thot\u00eb Tuna \u2013 kall\u00ebzom ku arrite - Lajme nga Ulqini","og_description":"\u00cbsht\u00eb lansuar m\u00eb n\u00eb fund albumi m\u00eb i ri i grupit Ting 3-nt me titull \u201cKallzon ku po t-dhemb\u201d. E vecnat\u00eb e k\u00ebtij albumi jan\u00eb edhe bashk\u00ebpunimet e shumta me","og_url":"https:\/\/www.visit-ulcinj.com\/blog\/2010\/12\/17\/kujt-i-thote-tuna-\u2013-kallezom-ku-arrite\/","og_site_name":"Lajme nga Ulqini","article_published_time":"2010-12-17T22:26:12+00:00","og_image":[{"url":"http:\/\/www.visit-ulcinj.com\/blog\/wp-content\/uploads\/2010\/12\/Altuna-Sejdi.jpg"}],"twitter_misc":{"Written by":"ulqini","Est. reading time":"1 minute"},"schema":{"@context":"https:\/\/schema.org","@graph":[{"@type":"WebSite","@id":"https:\/\/www.visit-ulcinj.com\/blog\/#website","url":"https:\/\/www.visit-ulcinj.com\/blog\/","name":"Lajme nga Ulqini","description":"Lajme,Vijesti,Ulqini,Ulqin,Crna Gora,Mali i Zi","potentialAction":[{"@type":"SearchAction","target":{"@type":"EntryPoint","urlTemplate":"https:\/\/www.visit-ulcinj.com\/blog\/?s={search_term_string}"},"query-input":"required name=search_term_string"}],"inLanguage":"en-US"},{"@type":"ImageObject","inLanguage":"en-US","@id":"https:\/\/www.visit-ulcinj.com\/blog\/2010\/12\/17\/kujt-i-thote-tuna-%e2%80%93-kallezom-ku-arrite\/#primaryimage","url":"http:\/\/www.visit-ulcinj.com\/blog\/wp-content\/uploads\/2010\/12\/Altuna-Sejdi.jpg","contentUrl":"http:\/\/www.visit-ulcinj.com\/blog\/wp-content\/uploads\/2010\/12\/Altuna-Sejdi.jpg"},{"@type":"WebPage","@id":"https:\/\/www.visit-ulcinj.com\/blog\/2010\/12\/17\/kujt-i-thote-tuna-%e2%80%93-kallezom-ku-arrite\/#webpage","url":"https:\/\/www.visit-ulcinj.com\/blog\/2010\/12\/17\/kujt-i-thote-tuna-%e2%80%93-kallezom-ku-arrite\/","name":"Kujt i thot\u00eb Tuna \u2013 kall\u00ebzom ku arrite - Lajme nga Ulqini","isPartOf":{"@id":"https:\/\/www.visit-ulcinj.com\/blog\/#website"},"primaryImageOfPage":{"@id":"https:\/\/www.visit-ulcinj.com\/blog\/2010\/12\/17\/kujt-i-thote-tuna-%e2%80%93-kallezom-ku-arrite\/#primaryimage"},"datePublished":"2010-12-17T22:26:12+00:00","dateModified":"2010-12-17T22:26:12+00:00","author":{"@id":"https:\/\/www.visit-ulcinj.com\/blog\/#\/schema\/person\/dcab619c614d3038751c63bc2aadc06d"},"description":"\u00cbsht\u00eb lansuar m\u00eb n\u00eb fund albumi m\u00eb i ri i grupit Ting 3-nt me titull \u201cKallzon ku po t-dhemb\u201d. E vecnat\u00eb e k\u00ebtij albumi jan\u00eb edhe bashk\u00ebpunimet e shumta me","breadcrumb":{"@id":"https:\/\/www.visit-ulcinj.com\/blog\/2010\/12\/17\/kujt-i-thote-tuna-%e2%80%93-kallezom-ku-arrite\/#breadcrumb"},"inLanguage":"en-US","potentialAction":[{"@type":"ReadAction","target":["https:\/\/www.visit-ulcinj.com\/blog\/2010\/12\/17\/kujt-i-thote-tuna-%e2%80%93-kallezom-ku-arrite\/"]}]},{"@type":"BreadcrumbList","@id":"https:\/\/www.visit-ulcinj.com\/blog\/2010\/12\/17\/kujt-i-thote-tuna-%e2%80%93-kallezom-ku-arrite\/#breadcrumb","itemListElement":[{"@type":"ListItem","position":1,"name":"Kujt i thot\u00eb Tuna \u2013 kall\u00ebzom ku arrite"}]},{"@type":"Person","@id":"https:\/\/www.visit-ulcinj.com\/blog\/#\/schema\/person\/dcab619c614d3038751c63bc2aadc06d","name":"ulqini","sameAs":["http:\/\/www.visit-ulcinj.com"],"url":"https:\/\/www.visit-ulcinj.com\/blog\/author\/admin\/"}]}},"jetpack_featured_media_url":"","jetpack_sharing_enabled":true,"jetpack_shortlink":"https:\/\/wp.me\/pe6lTn-aKy","_links":{"self":[{"href":"https:\/\/www.visit-ulcinj.com\/blog\/wp-json\/wp\/v2\/posts\/41326"}],"collection":[{"href":"https:\/\/www.visit-ulcinj.com\/blog\/wp-json\/wp\/v2\/posts"}],"about":[{"href":"https:\/\/www.visit-ulcinj.com\/blog\/wp-json\/wp\/v2\/types\/post"}],"author":[{"embeddable":true,"href":"https:\/\/www.visit-ulcinj.com\/blog\/wp-json\/wp\/v2\/users\/1"}],"replies":[{"embeddable":true,"href":"https:\/\/www.visit-ulcinj.com\/blog\/wp-json\/wp\/v2\/comments?post=41326"}],"version-history":[{"count":0,"href":"https:\/\/www.visit-ulcinj.com\/blog\/wp-json\/wp\/v2\/posts\/41326\/revisions"}],"wp:attachment":[{"href":"https:\/\/www.visit-ulcinj.com\/blog\/wp-json\/wp\/v2\/media?parent=41326"}],"wp:term":[{"taxonomy":"category","embeddable":true,"href":"https:\/\/www.visit-ulcinj.com\/blog\/wp-json\/wp\/v2\/categories?post=41326"},{"taxonomy":"post_tag","embeddable":true,"href":"https:\/\/www.visit-ulcinj.com\/blog\/wp-json\/wp\/v2\/tags?post=41326"}],"curies":[{"name":"wp","href":"https:\/\/api.w.org\/{rel}","templated":true}]}}