{"id":41330,"date":"2010-12-18T12:51:30","date_gmt":"2010-12-18T11:51:30","guid":{"rendered":"http:\/\/www.visit-ulcinj.com\/blog\/?p=41330"},"modified":"2010-12-19T16:48:31","modified_gmt":"2010-12-19T15:48:31","slug":"suad-mehmeti-me-klip-te-ri-m-i-barrdh","status":"publish","type":"post","link":"https:\/\/www.visit-ulcinj.com\/blog\/2010\/12\/18\/suad-mehmeti-me-klip-te-ri-m-i-barrdh\/","title":{"rendered":"Suad Mehmeti me klip te ri M..i Barrdh"},"content":{"rendered":"<p><strong><em><a href=\"http:\/\/www.visit-ulcinj.com\/blog\/wp-content\/uploads\/2010\/12\/Suad-Mehmeti-nga-Ulqini.jpg\"><img loading=\"lazy\" class=\"alignleft size-full wp-image-41331\" title=\"Suad Mehmeti nga Ulqini\" src=\"http:\/\/www.visit-ulcinj.com\/blog\/wp-content\/uploads\/2010\/12\/Suad-Mehmeti-nga-Ulqini.jpg\" alt=\"\" width=\"490\" height=\"390\" \/><\/a>\u00c7<\/em>ka e ka inspiru Suad Mehmetin per kete kenge<\/strong><br \/>\n<strong>Suad Mehmeti :<\/strong>Cila? nje degjenerim i rinise duke konsumuar drogen pa mas.Neve nuk duhet te rrijme duar kryq dhe te shikojme nje gje te tille.Kjo \u00ebshte inspirimi i im n\u00ebpermes k\u00ebtij klipi.Ky fundvit \u00ebsht\u00eb i mbushur me shum\u00eb angazhime p\u00ebr t\u00eb gjith\u00eb k\u00ebng\u00ebtar\u00ebt e estrad\u00ebs nga Ulqini. E ve\u00e7an\u00ebrisht p\u00ebr disa, angazhimet profesionale nuk kan\u00eb t\u00eb ndalur. E till\u00eb \u00ebsht\u00eb agjenda aktuale e k\u00ebng\u00ebtarit Suad Mehmetit. P\u00ebrve\u00e7 angazhimit t\u00eb tij\u00eb n\u00ebp\u00ebr programe festive ndoshta do ta shohim m\u00eb shpesh edhe n\u00eb televizionet tona.Suadi \u00ebsht\u00eb kujdesur q\u00eb p\u00ebr fansat e tij t\u00eb sjell\u00eb edhe nj\u00eb k\u00ebng\u00eb t\u00eb re. Si dhurat\u00eb p\u00ebr k\u00ebt\u00eb fundvit aj\u00eb ka sjell\u00eb nj\u00eb k\u00ebng\u00eb, t\u00eb cil\u00ebs ai realizoj\u00eb edhe klipin e ri M\u2026 i Bardh. \u201cN\u00eb kuad\u00ebr t\u00eb disa k\u00ebng\u00ebve t\u00eb reja, k\u00ebt\u00eb \u00a0vit\u00eb\u00a0 ai me tha q\u00eb do ta realizoje nj\u00eb k\u00ebng\u00eb n\u00eb kish\u00eb,ku un nuk besoja,kurse aj e kreu mendimin e tij dhe e \u00e7oj\u00eb veprimin e tij n\u00eb veper.Suad Mehmeti nuk do ndalohet me kaq\u00eb,ai prap do na realizoj\u00eb klipe me motive t\u00eb nryshme t\u00eb jet\u00ebs.<\/p>\n<p><strong>Ja pra da vargje nga k\u00ebnga e tij\u00eb M\u2026Bardh:<\/strong><br \/>\nXhungell liliputanesh qe flasin shqip<br \/>\nmijera hallucinacione te sillen kokes verdalle<br \/>\nmengjezi te agon\ufeff me depresione<br \/>\ne si duhet me ja kajt ate nane.<br \/>\nse ku eshte\ufeff kjo blerina ?<br \/>\nvajze e bukur nga prishtina<br \/>\nqe po don vitamina<br \/>\ncocaina heroina.<\/p>\n<p><strong>Lajme nga Ulqini<br \/>\n<!--YouTube Error: bad URL entered--><\/strong><\/p>\n","protected":false},"excerpt":{"rendered":"<p>\u00c7ka e ka inspiru Suad Mehmetin per kete kenge Suad Mehmeti :Cila? nje degjenerim i rinise duke konsumuar drogen pa mas.Neve nuk duhet te rrijme duar kryq dhe te shikojme nje gje te tille.Kjo \u00ebshte inspirimi i im n\u00ebpermes k\u00ebtij klipi.Ky fundvit \u00ebsht\u00eb i mbushur me shum\u00eb angazhime p\u00ebr t\u00eb gjith\u00eb k\u00ebng\u00ebtar\u00ebt e estrad\u00ebs nga [&hellip;]<\/p>\n","protected":false},"author":1,"featured_media":0,"comment_status":"open","ping_status":"closed","sticky":false,"template":"","format":"standard","meta":{"spay_email":"","jetpack_publicize_message":"","jetpack_is_tweetstorm":false,"jetpack_publicize_feature_enabled":true},"categories":[5],"tags":[16717,9613,16718,16716,16715,16714,13005,200],"jetpack_publicize_connections":[],"yoast_head":"<!-- This site is optimized with the Yoast SEO plugin v19.1 - https:\/\/yoast.com\/wordpress\/plugins\/seo\/ -->\n<title>Suad Mehmeti me klip te ri M..i Barrdh - Lajme nga Ulqini<\/title>\n<meta name=\"description\" content=\"\u00c7ka e ka inspiru Suad Mehmetin per kete kenge Suad Mehmeti :Cila? nje degjenerim i rinise duke konsumuar drogen pa mas.Neve nuk duhet te rrijme duar kryq\" \/>\n<meta name=\"robots\" content=\"index, follow, max-snippet:-1, max-image-preview:large, max-video-preview:-1\" \/>\n<link rel=\"canonical\" href=\"https:\/\/www.visit-ulcinj.com\/blog\/2010\/12\/18\/suad-mehmeti-me-klip-te-ri-m-i-barrdh\/\" \/>\n<meta property=\"og:locale\" content=\"en_US\" \/>\n<meta property=\"og:type\" content=\"article\" \/>\n<meta property=\"og:title\" content=\"Suad Mehmeti me klip te ri M..i Barrdh - Lajme nga Ulqini\" \/>\n<meta property=\"og:description\" content=\"\u00c7ka e ka inspiru Suad Mehmetin per kete kenge Suad Mehmeti :Cila? nje degjenerim i rinise duke konsumuar drogen pa mas.Neve nuk duhet te rrijme duar kryq\" \/>\n<meta property=\"og:url\" content=\"https:\/\/www.visit-ulcinj.com\/blog\/2010\/12\/18\/suad-mehmeti-me-klip-te-ri-m-i-barrdh\/\" \/>\n<meta property=\"og:site_name\" content=\"Lajme nga Ulqini\" \/>\n<meta property=\"article:published_time\" content=\"2010-12-18T11:51:30+00:00\" \/>\n<meta property=\"article:modified_time\" content=\"2010-12-19T15:48:31+00:00\" \/>\n<meta property=\"og:image\" content=\"http:\/\/www.visit-ulcinj.com\/blog\/wp-content\/uploads\/2010\/12\/Suad-Mehmeti-nga-Ulqini.jpg\" \/>\n<meta name=\"twitter:label1\" content=\"Written by\" \/>\n\t<meta name=\"twitter:data1\" content=\"ulqini\" \/>\n\t<meta name=\"twitter:label2\" content=\"Est. reading time\" \/>\n\t<meta name=\"twitter:data2\" content=\"1 minute\" \/>\n<script type=\"application\/ld+json\" class=\"yoast-schema-graph\">{\"@context\":\"https:\/\/schema.org\",\"@graph\":[{\"@type\":\"WebSite\",\"@id\":\"https:\/\/www.visit-ulcinj.com\/blog\/#website\",\"url\":\"https:\/\/www.visit-ulcinj.com\/blog\/\",\"name\":\"Lajme nga Ulqini\",\"description\":\"Lajme,Vijesti,Ulqini,Ulqin,Crna Gora,Mali i Zi\",\"potentialAction\":[{\"@type\":\"SearchAction\",\"target\":{\"@type\":\"EntryPoint\",\"urlTemplate\":\"https:\/\/www.visit-ulcinj.com\/blog\/?s={search_term_string}\"},\"query-input\":\"required name=search_term_string\"}],\"inLanguage\":\"en-US\"},{\"@type\":\"ImageObject\",\"inLanguage\":\"en-US\",\"@id\":\"https:\/\/www.visit-ulcinj.com\/blog\/2010\/12\/18\/suad-mehmeti-me-klip-te-ri-m-i-barrdh\/#primaryimage\",\"url\":\"https:\/\/www.visit-ulcinj.com\/blog\/wp-content\/uploads\/2010\/12\/Suad-Mehmeti-nga-Ulqini.jpg\",\"contentUrl\":\"https:\/\/www.visit-ulcinj.com\/blog\/wp-content\/uploads\/2010\/12\/Suad-Mehmeti-nga-Ulqini.jpg\",\"width\":\"604\",\"height\":\"453\"},{\"@type\":\"WebPage\",\"@id\":\"https:\/\/www.visit-ulcinj.com\/blog\/2010\/12\/18\/suad-mehmeti-me-klip-te-ri-m-i-barrdh\/#webpage\",\"url\":\"https:\/\/www.visit-ulcinj.com\/blog\/2010\/12\/18\/suad-mehmeti-me-klip-te-ri-m-i-barrdh\/\",\"name\":\"Suad Mehmeti me klip te ri M..i Barrdh - Lajme nga Ulqini\",\"isPartOf\":{\"@id\":\"https:\/\/www.visit-ulcinj.com\/blog\/#website\"},\"primaryImageOfPage\":{\"@id\":\"https:\/\/www.visit-ulcinj.com\/blog\/2010\/12\/18\/suad-mehmeti-me-klip-te-ri-m-i-barrdh\/#primaryimage\"},\"datePublished\":\"2010-12-18T11:51:30+00:00\",\"dateModified\":\"2010-12-19T15:48:31+00:00\",\"author\":{\"@id\":\"https:\/\/www.visit-ulcinj.com\/blog\/#\/schema\/person\/dcab619c614d3038751c63bc2aadc06d\"},\"description\":\"\u00c7ka e ka inspiru Suad Mehmetin per kete kenge Suad Mehmeti :Cila? nje degjenerim i rinise duke konsumuar drogen pa mas.Neve nuk duhet te rrijme duar kryq\",\"breadcrumb\":{\"@id\":\"https:\/\/www.visit-ulcinj.com\/blog\/2010\/12\/18\/suad-mehmeti-me-klip-te-ri-m-i-barrdh\/#breadcrumb\"},\"inLanguage\":\"en-US\",\"potentialAction\":[{\"@type\":\"ReadAction\",\"target\":[\"https:\/\/www.visit-ulcinj.com\/blog\/2010\/12\/18\/suad-mehmeti-me-klip-te-ri-m-i-barrdh\/\"]}]},{\"@type\":\"BreadcrumbList\",\"@id\":\"https:\/\/www.visit-ulcinj.com\/blog\/2010\/12\/18\/suad-mehmeti-me-klip-te-ri-m-i-barrdh\/#breadcrumb\",\"itemListElement\":[{\"@type\":\"ListItem\",\"position\":1,\"name\":\"Suad Mehmeti me klip te ri M..i Barrdh\"}]},{\"@type\":\"Person\",\"@id\":\"https:\/\/www.visit-ulcinj.com\/blog\/#\/schema\/person\/dcab619c614d3038751c63bc2aadc06d\",\"name\":\"ulqini\",\"sameAs\":[\"http:\/\/www.visit-ulcinj.com\"],\"url\":\"https:\/\/www.visit-ulcinj.com\/blog\/author\/admin\/\"}]}<\/script>\n<!-- \/ Yoast SEO plugin. -->","yoast_head_json":{"title":"Suad Mehmeti me klip te ri M..i Barrdh - Lajme nga Ulqini","description":"\u00c7ka e ka inspiru Suad Mehmetin per kete kenge Suad Mehmeti :Cila? nje degjenerim i rinise duke konsumuar drogen pa mas.Neve nuk duhet te rrijme duar kryq","robots":{"index":"index","follow":"follow","max-snippet":"max-snippet:-1","max-image-preview":"max-image-preview:large","max-video-preview":"max-video-preview:-1"},"canonical":"https:\/\/www.visit-ulcinj.com\/blog\/2010\/12\/18\/suad-mehmeti-me-klip-te-ri-m-i-barrdh\/","og_locale":"en_US","og_type":"article","og_title":"Suad Mehmeti me klip te ri M..i Barrdh - Lajme nga Ulqini","og_description":"\u00c7ka e ka inspiru Suad Mehmetin per kete kenge Suad Mehmeti :Cila? nje degjenerim i rinise duke konsumuar drogen pa mas.Neve nuk duhet te rrijme duar kryq","og_url":"https:\/\/www.visit-ulcinj.com\/blog\/2010\/12\/18\/suad-mehmeti-me-klip-te-ri-m-i-barrdh\/","og_site_name":"Lajme nga Ulqini","article_published_time":"2010-12-18T11:51:30+00:00","article_modified_time":"2010-12-19T15:48:31+00:00","og_image":[{"url":"http:\/\/www.visit-ulcinj.com\/blog\/wp-content\/uploads\/2010\/12\/Suad-Mehmeti-nga-Ulqini.jpg"}],"twitter_misc":{"Written by":"ulqini","Est. reading time":"1 minute"},"schema":{"@context":"https:\/\/schema.org","@graph":[{"@type":"WebSite","@id":"https:\/\/www.visit-ulcinj.com\/blog\/#website","url":"https:\/\/www.visit-ulcinj.com\/blog\/","name":"Lajme nga Ulqini","description":"Lajme,Vijesti,Ulqini,Ulqin,Crna Gora,Mali i Zi","potentialAction":[{"@type":"SearchAction","target":{"@type":"EntryPoint","urlTemplate":"https:\/\/www.visit-ulcinj.com\/blog\/?s={search_term_string}"},"query-input":"required name=search_term_string"}],"inLanguage":"en-US"},{"@type":"ImageObject","inLanguage":"en-US","@id":"https:\/\/www.visit-ulcinj.com\/blog\/2010\/12\/18\/suad-mehmeti-me-klip-te-ri-m-i-barrdh\/#primaryimage","url":"https:\/\/www.visit-ulcinj.com\/blog\/wp-content\/uploads\/2010\/12\/Suad-Mehmeti-nga-Ulqini.jpg","contentUrl":"https:\/\/www.visit-ulcinj.com\/blog\/wp-content\/uploads\/2010\/12\/Suad-Mehmeti-nga-Ulqini.jpg","width":"604","height":"453"},{"@type":"WebPage","@id":"https:\/\/www.visit-ulcinj.com\/blog\/2010\/12\/18\/suad-mehmeti-me-klip-te-ri-m-i-barrdh\/#webpage","url":"https:\/\/www.visit-ulcinj.com\/blog\/2010\/12\/18\/suad-mehmeti-me-klip-te-ri-m-i-barrdh\/","name":"Suad Mehmeti me klip te ri M..i Barrdh - Lajme nga Ulqini","isPartOf":{"@id":"https:\/\/www.visit-ulcinj.com\/blog\/#website"},"primaryImageOfPage":{"@id":"https:\/\/www.visit-ulcinj.com\/blog\/2010\/12\/18\/suad-mehmeti-me-klip-te-ri-m-i-barrdh\/#primaryimage"},"datePublished":"2010-12-18T11:51:30+00:00","dateModified":"2010-12-19T15:48:31+00:00","author":{"@id":"https:\/\/www.visit-ulcinj.com\/blog\/#\/schema\/person\/dcab619c614d3038751c63bc2aadc06d"},"description":"\u00c7ka e ka inspiru Suad Mehmetin per kete kenge Suad Mehmeti :Cila? nje degjenerim i rinise duke konsumuar drogen pa mas.Neve nuk duhet te rrijme duar kryq","breadcrumb":{"@id":"https:\/\/www.visit-ulcinj.com\/blog\/2010\/12\/18\/suad-mehmeti-me-klip-te-ri-m-i-barrdh\/#breadcrumb"},"inLanguage":"en-US","potentialAction":[{"@type":"ReadAction","target":["https:\/\/www.visit-ulcinj.com\/blog\/2010\/12\/18\/suad-mehmeti-me-klip-te-ri-m-i-barrdh\/"]}]},{"@type":"BreadcrumbList","@id":"https:\/\/www.visit-ulcinj.com\/blog\/2010\/12\/18\/suad-mehmeti-me-klip-te-ri-m-i-barrdh\/#breadcrumb","itemListElement":[{"@type":"ListItem","position":1,"name":"Suad Mehmeti me klip te ri M..i Barrdh"}]},{"@type":"Person","@id":"https:\/\/www.visit-ulcinj.com\/blog\/#\/schema\/person\/dcab619c614d3038751c63bc2aadc06d","name":"ulqini","sameAs":["http:\/\/www.visit-ulcinj.com"],"url":"https:\/\/www.visit-ulcinj.com\/blog\/author\/admin\/"}]}},"jetpack_featured_media_url":"","jetpack_sharing_enabled":true,"jetpack_shortlink":"https:\/\/wp.me\/pe6lTn-aKC","_links":{"self":[{"href":"https:\/\/www.visit-ulcinj.com\/blog\/wp-json\/wp\/v2\/posts\/41330"}],"collection":[{"href":"https:\/\/www.visit-ulcinj.com\/blog\/wp-json\/wp\/v2\/posts"}],"about":[{"href":"https:\/\/www.visit-ulcinj.com\/blog\/wp-json\/wp\/v2\/types\/post"}],"author":[{"embeddable":true,"href":"https:\/\/www.visit-ulcinj.com\/blog\/wp-json\/wp\/v2\/users\/1"}],"replies":[{"embeddable":true,"href":"https:\/\/www.visit-ulcinj.com\/blog\/wp-json\/wp\/v2\/comments?post=41330"}],"version-history":[{"count":0,"href":"https:\/\/www.visit-ulcinj.com\/blog\/wp-json\/wp\/v2\/posts\/41330\/revisions"}],"wp:attachment":[{"href":"https:\/\/www.visit-ulcinj.com\/blog\/wp-json\/wp\/v2\/media?parent=41330"}],"wp:term":[{"taxonomy":"category","embeddable":true,"href":"https:\/\/www.visit-ulcinj.com\/blog\/wp-json\/wp\/v2\/categories?post=41330"},{"taxonomy":"post_tag","embeddable":true,"href":"https:\/\/www.visit-ulcinj.com\/blog\/wp-json\/wp\/v2\/tags?post=41330"}],"curies":[{"name":"wp","href":"https:\/\/api.w.org\/{rel}","templated":true}]}}