{"id":41347,"date":"2010-12-18T14:50:22","date_gmt":"2010-12-18T13:50:22","guid":{"rendered":"http:\/\/www.visit-ulcinj.com\/blog\/?p=41347"},"modified":"2010-12-18T14:55:43","modified_gmt":"2010-12-18T13:55:43","slug":"genta-ismaili-me-linja-seksi-dhe-kenge-tallava","status":"publish","type":"post","link":"https:\/\/www.visit-ulcinj.com\/blog\/2010\/12\/18\/genta-ismaili-me-linja-seksi-dhe-kenge-tallava\/","title":{"rendered":"Genta Ismaili, me linja seksi dhe k\u00ebng\u00eb tallava"},"content":{"rendered":"<p><img loading=\"lazy\" class=\"alignleft size-full wp-image-41351\" title=\"Genta-Ismajli-7\" src=\"http:\/\/www.visit-ulcinj.com\/blog\/wp-content\/uploads\/2010\/12\/Genta-Ismajli-7.jpg\" alt=\"\" width=\"508\" height=\"339\" \/><\/p>\n<p>Mjafton t\u00eb p\u00ebrmend\u00ebsh emrin e Genta Ismailit, q\u00eb sallat e koncerteve t\u00eb mbushen sakaq. P\u00ebr shkak t\u00eb talentit t\u00eb saj p\u00ebr muzik\u00eb e sidomos linjave shum\u00eb t\u00eb mira t\u00eb trupit, ky efekt \u00ebsht\u00eb p\u00ebrher\u00eb i suksessh\u00ebm. E p\u00ebrve\u00e7 se n\u00eb Kosov\u00eb, e pam\u00eb k\u00ebt\u00eb gjat\u00eb gjith\u00eb jav\u00ebve edhe n\u00eb Shqip\u00ebri n\u00eb spektaklin \u201cDancing with the stars\u201d.<\/p>\n<p><a href=\"http:\/\/www.visit-ulcinj.com\/blog\/wp-content\/uploads\/2010\/12\/Genta-Ismajli-4.jpg\"><img loading=\"lazy\" class=\"alignleft size-full wp-image-41349\" title=\"Genta-Ismajli-4\" src=\"http:\/\/www.visit-ulcinj.com\/blog\/wp-content\/uploads\/2010\/12\/Genta-Ismajli-4.jpg\" alt=\"\" width=\"508\" height=\"339\" \/><\/a><\/p>\n<p>Megjithat\u00eb, p\u00ebrve\u00e7 k\u00ebsaj pjese t\u00eb njohur, Genta shquhet gjithashtu edhe p\u00ebr eksperimentet q\u00eb b\u00ebn n\u00eb muzik\u00eb, n\u00eb pjes\u00ebn m\u00eb t\u00eb madhe t\u00eb t\u00eb cilave ka q\u00eblluar n\u00eb shenj\u00eb. Deri diku, eksperimentet n\u00eb muzik\u00eb p\u00ebrkojn\u00eb edhe me veshjet e saj ekstravagante, pavar\u00ebsisht kritikave t\u00eb her\u00ebpashershme. K\u00ebsaj here, lajmi q\u00eb na vjen nga Ismaili \u00ebsht\u00eb i mir\u00eb. Ka njoftuar realizimin e nj\u00eb dueti me Nora Istrefin, por nuk mbaron me kaq.<\/p>\n<p><a href=\"http:\/\/www.visit-ulcinj.com\/blog\/wp-content\/uploads\/2010\/12\/Genta-Ismajli-2.jpg\"><img loading=\"lazy\" class=\"alignleft size-full wp-image-41348\" title=\"Genta-Ismajli-2\" src=\"http:\/\/www.visit-ulcinj.com\/blog\/wp-content\/uploads\/2010\/12\/Genta-Ismajli-2.jpg\" alt=\"\" width=\"508\" height=\"339\" \/><\/a><\/p>\n<p>N\u00eb planet e k\u00ebtyre koh\u00ebve, kan\u00eb qen\u00eb edhe realizimi i disa k\u00ebng\u00ebve komerciale. Nj\u00ebr\u00ebn prej tyre e regjistroi fare pak dit\u00eb m\u00eb par\u00eb. \u201cNd\u00ebrkaq, jam duke p\u00ebrgatitur albumin tim, i cili pritet t\u00eb dal\u00eb deri n\u00eb fund t\u00eb vitit. Do ta paraqes at\u00eb n\u00eb koncerte live me k\u00ebng\u00eb t\u00eb disa zhanreve. K\u00ebn<\/p>\n<p><a href=\"http:\/\/www.visit-ulcinj.com\/blog\/wp-content\/uploads\/2010\/12\/Genta-Ismajli-5.jpg\"><img loading=\"lazy\" class=\"alignleft size-full wp-image-41350\" title=\"Genta-Ismajli-5\" src=\"http:\/\/www.visit-ulcinj.com\/blog\/wp-content\/uploads\/2010\/12\/Genta-Ismajli-5.jpg\" alt=\"\" width=\"508\" height=\"339\" \/><\/a><\/p>\n<p>ga q\u00eb kam p\u00ebr momentin n\u00eb dor\u00eb \u00ebsht\u00eb duet me k\u00ebng\u00ebtarin Adem Ramadani\u201d. Albumi i ri vjen pik\u00ebrisht p\u00ebr atmosfer\u00ebn e festave, t\u00eb cilat Genta do t\u2019i kaloj\u00eb n\u00eb Zvic\u00ebr e Maqedoni.<\/p>\n<!--YouTube Error: bad URL entered-->\n","protected":false},"excerpt":{"rendered":"<p>Mjafton t\u00eb p\u00ebrmend\u00ebsh emrin e Genta Ismailit, q\u00eb sallat e koncerteve t\u00eb mbushen sakaq. P\u00ebr shkak t\u00eb talentit t\u00eb saj p\u00ebr muzik\u00eb e sidomos linjave shum\u00eb t\u00eb mira t\u00eb trupit, ky efekt \u00ebsht\u00eb p\u00ebrher\u00eb i suksessh\u00ebm. E p\u00ebrve\u00e7 se n\u00eb Kosov\u00eb, e pam\u00eb k\u00ebt\u00eb gjat\u00eb gjith\u00eb jav\u00ebve edhe n\u00eb Shqip\u00ebri n\u00eb spektaklin \u201cDancing with the [&hellip;]<\/p>\n","protected":false},"author":1,"featured_media":0,"comment_status":"open","ping_status":"closed","sticky":false,"template":"","format":"standard","meta":{"spay_email":"","jetpack_publicize_message":"","jetpack_is_tweetstorm":false,"jetpack_publicize_feature_enabled":true},"categories":[1],"tags":[16727,16728,4888,323,4939,6693],"jetpack_publicize_connections":[],"yoast_head":"<!-- This site is optimized with the Yoast SEO plugin v19.1 - https:\/\/yoast.com\/wordpress\/plugins\/seo\/ -->\n<title>Genta Ismaili, me linja seksi dhe k\u00ebng\u00eb tallava - Lajme nga Ulqini<\/title>\n<meta name=\"description\" content=\"Mjafton t\u00eb p\u00ebrmend\u00ebsh emrin e Genta Ismailit, q\u00eb sallat e koncerteve t\u00eb mbushen sakaq. P\u00ebr shkak t\u00eb talentit t\u00eb saj p\u00ebr muzik\u00eb e sidomos linjave shum\u00eb t\u00eb\" \/>\n<meta name=\"robots\" content=\"index, follow, max-snippet:-1, max-image-preview:large, max-video-preview:-1\" \/>\n<link rel=\"canonical\" href=\"https:\/\/www.visit-ulcinj.com\/blog\/2010\/12\/18\/genta-ismaili-me-linja-seksi-dhe-kenge-tallava\/\" \/>\n<meta property=\"og:locale\" content=\"en_US\" \/>\n<meta property=\"og:type\" content=\"article\" \/>\n<meta property=\"og:title\" content=\"Genta Ismaili, me linja seksi dhe k\u00ebng\u00eb tallava - Lajme nga Ulqini\" \/>\n<meta property=\"og:description\" content=\"Mjafton t\u00eb p\u00ebrmend\u00ebsh emrin e Genta Ismailit, q\u00eb sallat e koncerteve t\u00eb mbushen sakaq. P\u00ebr shkak t\u00eb talentit t\u00eb saj p\u00ebr muzik\u00eb e sidomos linjave shum\u00eb t\u00eb\" \/>\n<meta property=\"og:url\" content=\"https:\/\/www.visit-ulcinj.com\/blog\/2010\/12\/18\/genta-ismaili-me-linja-seksi-dhe-kenge-tallava\/\" \/>\n<meta property=\"og:site_name\" content=\"Lajme nga Ulqini\" \/>\n<meta property=\"article:published_time\" content=\"2010-12-18T13:50:22+00:00\" \/>\n<meta property=\"article:modified_time\" content=\"2010-12-18T13:55:43+00:00\" \/>\n<meta property=\"og:image\" content=\"http:\/\/www.visit-ulcinj.com\/blog\/wp-content\/uploads\/2010\/12\/Genta-Ismajli-7.jpg\" \/>\n<meta name=\"twitter:label1\" content=\"Written by\" \/>\n\t<meta name=\"twitter:data1\" content=\"ulqini\" \/>\n\t<meta name=\"twitter:label2\" content=\"Est. reading time\" \/>\n\t<meta name=\"twitter:data2\" content=\"1 minute\" \/>\n<script type=\"application\/ld+json\" class=\"yoast-schema-graph\">{\"@context\":\"https:\/\/schema.org\",\"@graph\":[{\"@type\":\"WebSite\",\"@id\":\"https:\/\/www.visit-ulcinj.com\/blog\/#website\",\"url\":\"https:\/\/www.visit-ulcinj.com\/blog\/\",\"name\":\"Lajme nga Ulqini\",\"description\":\"Lajme,Vijesti,Ulqini,Ulqin,Crna Gora,Mali i Zi\",\"potentialAction\":[{\"@type\":\"SearchAction\",\"target\":{\"@type\":\"EntryPoint\",\"urlTemplate\":\"https:\/\/www.visit-ulcinj.com\/blog\/?s={search_term_string}\"},\"query-input\":\"required name=search_term_string\"}],\"inLanguage\":\"en-US\"},{\"@type\":\"ImageObject\",\"inLanguage\":\"en-US\",\"@id\":\"https:\/\/www.visit-ulcinj.com\/blog\/2010\/12\/18\/genta-ismaili-me-linja-seksi-dhe-kenge-tallava\/#primaryimage\",\"url\":\"http:\/\/www.visit-ulcinj.com\/blog\/wp-content\/uploads\/2010\/12\/Genta-Ismajli-7.jpg\",\"contentUrl\":\"http:\/\/www.visit-ulcinj.com\/blog\/wp-content\/uploads\/2010\/12\/Genta-Ismajli-7.jpg\"},{\"@type\":\"WebPage\",\"@id\":\"https:\/\/www.visit-ulcinj.com\/blog\/2010\/12\/18\/genta-ismaili-me-linja-seksi-dhe-kenge-tallava\/#webpage\",\"url\":\"https:\/\/www.visit-ulcinj.com\/blog\/2010\/12\/18\/genta-ismaili-me-linja-seksi-dhe-kenge-tallava\/\",\"name\":\"Genta Ismaili, me linja seksi dhe k\u00ebng\u00eb tallava - Lajme nga Ulqini\",\"isPartOf\":{\"@id\":\"https:\/\/www.visit-ulcinj.com\/blog\/#website\"},\"primaryImageOfPage\":{\"@id\":\"https:\/\/www.visit-ulcinj.com\/blog\/2010\/12\/18\/genta-ismaili-me-linja-seksi-dhe-kenge-tallava\/#primaryimage\"},\"datePublished\":\"2010-12-18T13:50:22+00:00\",\"dateModified\":\"2010-12-18T13:55:43+00:00\",\"author\":{\"@id\":\"https:\/\/www.visit-ulcinj.com\/blog\/#\/schema\/person\/dcab619c614d3038751c63bc2aadc06d\"},\"description\":\"Mjafton t\u00eb p\u00ebrmend\u00ebsh emrin e Genta Ismailit, q\u00eb sallat e koncerteve t\u00eb mbushen sakaq. P\u00ebr shkak t\u00eb talentit t\u00eb saj p\u00ebr muzik\u00eb e sidomos linjave shum\u00eb t\u00eb\",\"breadcrumb\":{\"@id\":\"https:\/\/www.visit-ulcinj.com\/blog\/2010\/12\/18\/genta-ismaili-me-linja-seksi-dhe-kenge-tallava\/#breadcrumb\"},\"inLanguage\":\"en-US\",\"potentialAction\":[{\"@type\":\"ReadAction\",\"target\":[\"https:\/\/www.visit-ulcinj.com\/blog\/2010\/12\/18\/genta-ismaili-me-linja-seksi-dhe-kenge-tallava\/\"]}]},{\"@type\":\"BreadcrumbList\",\"@id\":\"https:\/\/www.visit-ulcinj.com\/blog\/2010\/12\/18\/genta-ismaili-me-linja-seksi-dhe-kenge-tallava\/#breadcrumb\",\"itemListElement\":[{\"@type\":\"ListItem\",\"position\":1,\"name\":\"Genta Ismaili, me linja seksi dhe k\u00ebng\u00eb tallava\"}]},{\"@type\":\"Person\",\"@id\":\"https:\/\/www.visit-ulcinj.com\/blog\/#\/schema\/person\/dcab619c614d3038751c63bc2aadc06d\",\"name\":\"ulqini\",\"sameAs\":[\"http:\/\/www.visit-ulcinj.com\"],\"url\":\"https:\/\/www.visit-ulcinj.com\/blog\/author\/admin\/\"}]}<\/script>\n<!-- \/ Yoast SEO plugin. -->","yoast_head_json":{"title":"Genta Ismaili, me linja seksi dhe k\u00ebng\u00eb tallava - Lajme nga Ulqini","description":"Mjafton t\u00eb p\u00ebrmend\u00ebsh emrin e Genta Ismailit, q\u00eb sallat e koncerteve t\u00eb mbushen sakaq. P\u00ebr shkak t\u00eb talentit t\u00eb saj p\u00ebr muzik\u00eb e sidomos linjave shum\u00eb t\u00eb","robots":{"index":"index","follow":"follow","max-snippet":"max-snippet:-1","max-image-preview":"max-image-preview:large","max-video-preview":"max-video-preview:-1"},"canonical":"https:\/\/www.visit-ulcinj.com\/blog\/2010\/12\/18\/genta-ismaili-me-linja-seksi-dhe-kenge-tallava\/","og_locale":"en_US","og_type":"article","og_title":"Genta Ismaili, me linja seksi dhe k\u00ebng\u00eb tallava - Lajme nga Ulqini","og_description":"Mjafton t\u00eb p\u00ebrmend\u00ebsh emrin e Genta Ismailit, q\u00eb sallat e koncerteve t\u00eb mbushen sakaq. P\u00ebr shkak t\u00eb talentit t\u00eb saj p\u00ebr muzik\u00eb e sidomos linjave shum\u00eb t\u00eb","og_url":"https:\/\/www.visit-ulcinj.com\/blog\/2010\/12\/18\/genta-ismaili-me-linja-seksi-dhe-kenge-tallava\/","og_site_name":"Lajme nga Ulqini","article_published_time":"2010-12-18T13:50:22+00:00","article_modified_time":"2010-12-18T13:55:43+00:00","og_image":[{"url":"http:\/\/www.visit-ulcinj.com\/blog\/wp-content\/uploads\/2010\/12\/Genta-Ismajli-7.jpg"}],"twitter_misc":{"Written by":"ulqini","Est. reading time":"1 minute"},"schema":{"@context":"https:\/\/schema.org","@graph":[{"@type":"WebSite","@id":"https:\/\/www.visit-ulcinj.com\/blog\/#website","url":"https:\/\/www.visit-ulcinj.com\/blog\/","name":"Lajme nga Ulqini","description":"Lajme,Vijesti,Ulqini,Ulqin,Crna Gora,Mali i Zi","potentialAction":[{"@type":"SearchAction","target":{"@type":"EntryPoint","urlTemplate":"https:\/\/www.visit-ulcinj.com\/blog\/?s={search_term_string}"},"query-input":"required name=search_term_string"}],"inLanguage":"en-US"},{"@type":"ImageObject","inLanguage":"en-US","@id":"https:\/\/www.visit-ulcinj.com\/blog\/2010\/12\/18\/genta-ismaili-me-linja-seksi-dhe-kenge-tallava\/#primaryimage","url":"http:\/\/www.visit-ulcinj.com\/blog\/wp-content\/uploads\/2010\/12\/Genta-Ismajli-7.jpg","contentUrl":"http:\/\/www.visit-ulcinj.com\/blog\/wp-content\/uploads\/2010\/12\/Genta-Ismajli-7.jpg"},{"@type":"WebPage","@id":"https:\/\/www.visit-ulcinj.com\/blog\/2010\/12\/18\/genta-ismaili-me-linja-seksi-dhe-kenge-tallava\/#webpage","url":"https:\/\/www.visit-ulcinj.com\/blog\/2010\/12\/18\/genta-ismaili-me-linja-seksi-dhe-kenge-tallava\/","name":"Genta Ismaili, me linja seksi dhe k\u00ebng\u00eb tallava - Lajme nga Ulqini","isPartOf":{"@id":"https:\/\/www.visit-ulcinj.com\/blog\/#website"},"primaryImageOfPage":{"@id":"https:\/\/www.visit-ulcinj.com\/blog\/2010\/12\/18\/genta-ismaili-me-linja-seksi-dhe-kenge-tallava\/#primaryimage"},"datePublished":"2010-12-18T13:50:22+00:00","dateModified":"2010-12-18T13:55:43+00:00","author":{"@id":"https:\/\/www.visit-ulcinj.com\/blog\/#\/schema\/person\/dcab619c614d3038751c63bc2aadc06d"},"description":"Mjafton t\u00eb p\u00ebrmend\u00ebsh emrin e Genta Ismailit, q\u00eb sallat e koncerteve t\u00eb mbushen sakaq. P\u00ebr shkak t\u00eb talentit t\u00eb saj p\u00ebr muzik\u00eb e sidomos linjave shum\u00eb t\u00eb","breadcrumb":{"@id":"https:\/\/www.visit-ulcinj.com\/blog\/2010\/12\/18\/genta-ismaili-me-linja-seksi-dhe-kenge-tallava\/#breadcrumb"},"inLanguage":"en-US","potentialAction":[{"@type":"ReadAction","target":["https:\/\/www.visit-ulcinj.com\/blog\/2010\/12\/18\/genta-ismaili-me-linja-seksi-dhe-kenge-tallava\/"]}]},{"@type":"BreadcrumbList","@id":"https:\/\/www.visit-ulcinj.com\/blog\/2010\/12\/18\/genta-ismaili-me-linja-seksi-dhe-kenge-tallava\/#breadcrumb","itemListElement":[{"@type":"ListItem","position":1,"name":"Genta Ismaili, me linja seksi dhe k\u00ebng\u00eb tallava"}]},{"@type":"Person","@id":"https:\/\/www.visit-ulcinj.com\/blog\/#\/schema\/person\/dcab619c614d3038751c63bc2aadc06d","name":"ulqini","sameAs":["http:\/\/www.visit-ulcinj.com"],"url":"https:\/\/www.visit-ulcinj.com\/blog\/author\/admin\/"}]}},"jetpack_featured_media_url":"","jetpack_sharing_enabled":true,"jetpack_shortlink":"https:\/\/wp.me\/pe6lTn-aKT","_links":{"self":[{"href":"https:\/\/www.visit-ulcinj.com\/blog\/wp-json\/wp\/v2\/posts\/41347"}],"collection":[{"href":"https:\/\/www.visit-ulcinj.com\/blog\/wp-json\/wp\/v2\/posts"}],"about":[{"href":"https:\/\/www.visit-ulcinj.com\/blog\/wp-json\/wp\/v2\/types\/post"}],"author":[{"embeddable":true,"href":"https:\/\/www.visit-ulcinj.com\/blog\/wp-json\/wp\/v2\/users\/1"}],"replies":[{"embeddable":true,"href":"https:\/\/www.visit-ulcinj.com\/blog\/wp-json\/wp\/v2\/comments?post=41347"}],"version-history":[{"count":0,"href":"https:\/\/www.visit-ulcinj.com\/blog\/wp-json\/wp\/v2\/posts\/41347\/revisions"}],"wp:attachment":[{"href":"https:\/\/www.visit-ulcinj.com\/blog\/wp-json\/wp\/v2\/media?parent=41347"}],"wp:term":[{"taxonomy":"category","embeddable":true,"href":"https:\/\/www.visit-ulcinj.com\/blog\/wp-json\/wp\/v2\/categories?post=41347"},{"taxonomy":"post_tag","embeddable":true,"href":"https:\/\/www.visit-ulcinj.com\/blog\/wp-json\/wp\/v2\/tags?post=41347"}],"curies":[{"name":"wp","href":"https:\/\/api.w.org\/{rel}","templated":true}]}}