{"id":4135,"date":"2008-10-12T09:03:08","date_gmt":"2008-10-12T14:03:08","guid":{"rendered":"http:\/\/www.visit-ulcinj.com\/blog\/?p=4135"},"modified":"2008-10-17T13:14:38","modified_gmt":"2008-10-17T18:14:38","slug":"rrenjet-dhe-deget-e-nje-letersie","status":"publish","type":"post","link":"https:\/\/www.visit-ulcinj.com\/blog\/2008\/10\/12\/rrenjet-dhe-deget-e-nje-letersie\/","title":{"rendered":"Rr\u00ebnj\u00ebt dhe deg\u00ebt e nj\u00eb let\u00ebrsie"},"content":{"rendered":"<p><a href=\"http:\/\/www.visit-ulcinj.com\/blog\/wp-content\/uploads\/2008\/10\/haxhi-shabani.jpg\"><img loading=\"lazy\" class=\"alignleft size-medium wp-image-4136\" title=\"haxhi-shabani\" src=\"http:\/\/www.visit-ulcinj.com\/blog\/wp-content\/uploads\/2008\/10\/haxhi-shabani-300x298.jpg\" alt=\"\" width=\"300\" height=\"298\" srcset=\"https:\/\/www.visit-ulcinj.com\/blog\/wp-content\/uploads\/2008\/10\/haxhi-shabani-300x298.jpg 300w, https:\/\/www.visit-ulcinj.com\/blog\/wp-content\/uploads\/2008\/10\/haxhi-shabani-150x150.jpg 150w, https:\/\/www.visit-ulcinj.com\/blog\/wp-content\/uploads\/2008\/10\/haxhi-shabani.jpg 535w\" sizes=\"(max-width: 300px) 100vw, 300px\" \/><\/a><strong>Rr\u00ebnja dhe dega<\/strong><br \/>\nKy lib\u00ebr \u00ebsht\u00eb projektuar si i k\u00ebtill\u00eb q\u00eb t`u vij\u00eb n\u00eb ndihm\u00eb nx\u00ebn\u00ebsve t\u00eb shkoll\u00ebs fillore p\u00ebr t\u00eb m\u00ebsuar autor\u00ebt e let\u00ebrsis\u00eb shqiptare t\u00eb cil\u00ebt jetojn\u00eb apo jan\u00eb me origjin\u00eb nga Mali i Zi. Si rrjedhim, shkollat dhe institucionet p\u00ebrkat\u00ebse ministrore do t\u00eb duhej t\u00eb ken\u00eb reagimin e duhur p\u00ebr ta b\u00ebr\u00eb k\u00ebt\u00eb lib\u00ebr pjes\u00eb t\u00eb teksteve shkollore. N\u00eb an\u00ebn tjet\u00ebr, ky \u00ebsht\u00eb vet\u00ebm nj\u00eb nga librat e duhur n\u00eb sh\u00ebrbim t\u00eb krijimit t\u00eb nx\u00ebn\u00ebsit shqiptar n\u00eb Malin e Zi me dije e kultur\u00eb si t\u00eb gjith\u00eb bashk\u00ebmoshar\u00ebt e tyre n\u00eb k\u00ebt\u00eb vend.<br \/>\nLet\u00ebrsit\u00eb e ndryshme n\u00eb bot\u00eb, sa i p\u00ebrket vendeve e shteteve, gjuh\u00ebve dhe rajoneve n\u00eb t\u00eb cilat jan\u00eb krijuar kan\u00eb histori nga m\u00eb t\u00eb \u00e7uditshmet. Thuhet zakonisht se jan\u00eb qendrat t\u00eb cilat prodhojn\u00eb vlerat m\u00eb t\u00eb larta n\u00eb kultur\u00eb e let\u00ebrsi. Por, duke pasur parasysh ndryshimet kronologjike, kur nj\u00eb qend\u00ebr mund t\u00eb b\u00ebhet periferi dhe anasjelltas dhe n\u00eb koh\u00ebn aktuale kur tashm\u00eb realisht nj\u00eb shkrimtar mund t\u00eb b\u00ebj\u00eb let\u00ebrsi p\u00ebr \u00e7mimin Nob\u00ebl edhe duke jetuar n\u00eb nj\u00eb ishull, \u00ebsht\u00eb relativizuar edhe m\u00eb shum\u00eb pohimi se vet\u00ebm qendrat mund t\u00eb krijojn\u00eb vlerat e v\u00ebrteta letrare. P.sh. n\u00eb qoft\u00eb se Parisi deri von\u00eb mund t\u00eb konsiderohej qendra kryesore e let\u00ebrsis\u00eb, aktualisht Londra e Nju Jorku, mund t\u00eb jen\u00eb m\u00eb p\u00ebrpara.<br \/>\nN\u00eb rrafshin shqiptar, n\u00ebse mund t\u00eb thuhet se jan\u00eb Tirana e Prishtina t\u00eb cilat p\u00ebrb\u00ebjn\u00eb qendrat kulturore shqiptare, nuk do t\u00eb thot\u00eb se t\u00eb k\u00ebtilla kan\u00eb qen\u00eb gjithnj\u00eb. Po p\u00ebrmendim rolin n\u00eb k\u00ebt\u00eb drejtim q\u00eb e ka pasur Shkodra n\u00eb kultur\u00eb e let\u00ebrsi, deri n\u00eb vitet e pasluft\u00ebs s\u00eb dyt\u00eb Bot\u00ebrore. Po t\u00eb mos ishin, sidomos autor\u00ebt shkodran\u00eb n\u00eb let\u00ebrsin\u00eb shqiptare: Fishta, Camaj, Koliqi, let\u00ebrsia shqiptare do t\u00eb kishte nj\u00eb pamje tjet\u00ebr, sigurisht m\u00eb t\u00eb zbeht\u00eb. Por, po t`i relativizojm\u00eb kufijt\u00eb politik\u00eb t\u00eb vendeve shqiptare, gjeografikisht Ulqini \u00ebsht\u00eb n\u00eb mes t\u00eb vendeve shqiptare. Dhe ky mes q\u00eb pastaj mund t\u00eb dal\u00eb se ka qen\u00eb pik\u00ebrisht i destinuar q\u00eb t\u00eb jet\u00eb vend ku ka nisur t\u00eb buloj\u00eb p\u00ebr her\u00eb t\u00eb par\u00eb let\u00ebrsia shqipe, ka mb\u00ebshtetje n\u00eb nj\u00eb fakt q\u00eb tashm\u00eb \u00ebsht\u00eb i pranuar gjer\u00ebsisht nga personalitetet m\u00eb t\u00eb njohura t\u00eb shkenc\u00ebs s\u00eb albanologjis\u00eb. Fjala \u00ebsht\u00eb p\u00ebr pohimin se autori i par\u00eb i gjuh\u00ebs shqipe, Gjon Buzuku ka lindur dikund n\u00eb trek\u00ebnd\u00ebshin Ulqin &#8211; Tivar &#8211; Shkod\u00ebr. P\u00ebrpos k\u00ebtij fakti, d\u00ebshmia m\u00eb e hershme p\u00ebr mund\u00ebsin\u00eb e t\u00eb folurit dhe t\u00eb shkruarit shqip e At\u00eb Brokardit e ka vul\u00ebn e vitit 1333 dhe t\u00eb qytetit t\u00eb Tivarit, na b\u00ebn\u00eb t\u00eb relativizojm\u00eb edhe m\u00eb shum\u00eb se pjesa e let\u00ebrsis\u00eb shqipe q\u00eb \u00ebsht\u00eb krijuar, sot n\u00eb kuad\u00ebr t\u00eb kufijve politik\u00eb t\u00eb Malit t\u00eb Zi, \u00ebsht\u00eb periferike. Realisht libri i par\u00eb i gjuh\u00ebs shqipe &#8220;Meshari&#8221; i Buzukut s\u00eb bashku me d\u00ebshmin\u00eb e At\u00eb Brokardit, mbase t\u00eb par\u00ebn p\u00ebr gjuh\u00ebn shqipe dhe fakti i ekzistimit t\u00eb qendr\u00ebs s\u00eb kultur\u00ebs dhe let\u00ebrsie si rrjedhim, na b\u00ebn\u00eb q\u00eb t\u00eb pohojm\u00eb me siguri se epitetet kultur\u00eb e let\u00ebrsi periferike apo t\u00eb skajshme p\u00ebr k\u00ebto vende: Shkodr\u00ebn e Ulqinin luhat\u00ebn p\u00ebrfundimisht. Prandaj, n\u00eb diskutimin e \u00e7\u00ebshtjes se kush \u00ebsht\u00eb apo ishte qend\u00ebr e periferi n\u00eb let\u00ebrsin\u00eb e kultur\u00ebn shqiptare, mund t\u00eb thuhet, duke u nisur nga ky k\u00ebndshikim i problemit, se pik\u00ebrisht aty ku sot mund t\u00eb thuhet se jan\u00eb deg\u00ebt e let\u00ebrsis\u00eb n\u00eb nisjen e lindjes s\u00eb k\u00ebsaj let\u00ebrsie, ishin rr\u00ebnj\u00ebt.<\/p>\n<p><strong>Dy deg\u00ebt e origjin\u00ebs<\/strong><br \/>\nDuke k\u00ebmb\u00ebngulur n\u00eb gjetjen e rr\u00ebnj\u00ebve t\u00eb v\u00ebrteta, mund t\u00eb v\u00ebrejm\u00eb se edhe bim\u00ebt, drunjt\u00eb, p.sh, kur shikojm\u00eb deg\u00ebt e nj\u00eb lisi, aty gjejm\u00eb edhe rr\u00ebnj\u00ebt e tij. N\u00eb k\u00ebt\u00eb drejtim mund t\u00eb shikohet edhe let\u00ebrsia e sotme shqiptare q\u00eb \u00ebsht\u00eb shkruar nga shqiptar\u00ebt q\u00eb jan\u00eb me origjin\u00eb nga vendet shqiptare n\u00eb Malin e Zi, apo jetojn\u00eb k\u00ebtu.<br \/>\nPik\u00ebrisht shkrimtar\u00ebt q\u00eb kan\u00eb hyr\u00eb n\u00eb librin me titullin &#8220;Dega e nj\u00eb trungu&#8221; p\u00ebrzgjedhur nga shkrimtari Hajro Ulqinaku e v\u00ebrtetojn\u00eb sidomos dy emra: Esat Mekuli dhe Rexhep Qosja. I pari, n\u00eb krijimtarin\u00eb e tij t\u00eb hershme vjen me nota nostalgjike p\u00ebr vendin e tij t\u00eb origjin\u00ebs, kurse m\u00eb pastaj shnd\u00ebrrohet n\u00eb em\u00ebrues t\u00eb p\u00ebrbashk\u00ebt t\u00eb ideve, q\u00ebllimeve t\u00eb gjysm\u00ebs s\u00eb pjes\u00ebs m\u00eb t\u00eb dhimbshme shqiptare, q\u00eb \u00ebsht\u00eb Kosova. Esat Mekuli me poezin\u00eb e tij do t\u00eb jet\u00eb artikuluesi i p\u00ebrjetimeve individuale t\u00eb shqiptar\u00ebve t\u00eb Kosov\u00ebs dhe i fatit t\u00eb p\u00ebrgjithsh\u00ebm t\u00eb saj, por m\u00eb n\u00eb fund ai do t\u00eb jet\u00eb edhe p\u00ebrjetuesi i zhg\u00ebnjimeve t\u00eb m\u00ebdha. Kurse n\u00eb planin kulturor, arsimor, mediatik e shkencor Esat Mekulit i njihet merita e themeluesit, pionierit t\u00eb institucioneve p\u00ebrkat\u00ebse n\u00eb Kosov\u00eb.<br \/>\nEmri tjet\u00ebr, q\u00eb po ashtu rrjedh nga trevat shqiptare n\u00eb Malin e Zi, Rexhep Qosja, aktualisht \u00ebsht\u00eb padyshim nj\u00eb nga njer\u00ebzit m\u00eb me kultur\u00eb shum\u00ebplanshe q\u00eb nga let\u00ebrsia e deri te filozofia n\u00eb t\u00ebr\u00eb hap\u00ebsir\u00ebn shqiptare. Ndihmesa e tij n\u00eb studimet letrare mund t\u00eb matet me arritjet e institucioneve n\u00eb nivel evropian. Kurse veprimtaria e tij e past\u00ebr imagjinative letrare, me befasit\u00eb n\u00eb metodologji dhe p\u00ebrmbajtje, mund t\u00eb merret si model sesi duket shkruar p\u00ebrball\u00eb nj\u00ebtrajtshm\u00ebris\u00eb q\u00eb let\u00ebrsis\u00eb shqiptare ia ka marr\u00eb frym\u00ebn.<br \/>\nT\u00eb dy k\u00ebto personalitete t\u00eb kultur\u00ebs dhe let\u00ebrsis\u00eb shqiptare dhe m\u00eb gjer\u00eb: Esat Mekuli dhe Rexhep Qosja kan\u00eb arritur q\u00eb t\u00eb b\u00ebhen emra t\u00eb pashmangsh\u00ebm n\u00eb fushat e kultur\u00ebs shpirt\u00ebrore shqiptare dhe asaj t\u00eb Kosov\u00ebs n\u00eb ve\u00e7anti, edhe pse kan\u00eb lindur n\u00eb periferin\u00eb gjeografike t\u00eb sotme shqiptare.<br \/>\nDy shkrimtar\u00ebt e tjer\u00eb p\u00ebrfshir\u00eb n\u00eb k\u00ebt\u00eb lib\u00ebr: Hajro Ulqinaku dhe Nol Berisha kan\u00eb hyr\u00eb n\u00eb let\u00ebrsin\u00eb shqiptare pik\u00ebrisht fal\u00eb trajtimit t\u00eb duhur letrar t\u00eb mjediseve nga vijn\u00eb: i pari nga bregdeti dhe i dyti nga mal\u00ebsia. K\u00ebta dy autor\u00eb z\u00ebn\u00eb vendin e tyre n\u00eb let\u00ebrsi, duke u bazuar n\u00eb faktin e pasurimit t\u00eb let\u00ebrsis\u00eb me tema, personazhe, ngjarje e mjedise nga vijn\u00eb. Dy autor\u00ebt e tjer\u00eb: Asllan Bisha dhe Ibrahim Berjashi vijn\u00eb n\u00eb k\u00ebt\u00eb p\u00ebrzgjedhje p\u00ebr t\u00eb d\u00ebshmuar se let\u00ebrsi shqipe \u00ebsht\u00eb shkruar n\u00eb Malin e Zi edhe at\u00ebher\u00eb kur gazet\u00ebn n\u00eb gjuh\u00ebn shqipe \u00ebsht\u00eb dashur ta mb\u00ebshtjell\u00ebsh me nj\u00eb gazet\u00eb n\u00eb gjuh\u00ebn serbokroate, si\u00e7 quhej at\u00ebher\u00eb. Ata t\u00eb dy s\u00eb bashku, reflektojn\u00eb n\u00eb veprat e tyre motivin e vendlindjes, duke sjell\u00eb arom\u00ebn e bregut t\u00eb Bun\u00ebs dhe Liqenit t\u00eb Shkodr\u00ebs (an\u00ebn e k\u00ebndejme). P\u00ebrfshirja n\u00eb k\u00ebt\u00eb lib\u00ebr e Zuvdija Hoxhiqit &#8211; Berish\u00ebs, d\u00ebshmon p\u00ebr ekzistimin e situatave jotipike n\u00eb let\u00ebrsi. Ky autor i cili nuk shkruan n\u00eb shqip, por q\u00eb temat, personazhet, ngjarjet i ka shqiptare dhe \u00ebsht\u00eb shkrimtari, i cili pothuajse, t\u00eb gjitha veprat i ka t\u00eb p\u00ebrkthyera n\u00eb shqip, ka botuar romanin &#8220;Viti i Gucis\u00eb&#8221; p\u00ebr ngjarjet e Lidhjes s\u00eb Prizrenit, n\u00eb koh\u00ebn kur ajo ngjarje ishte e anatemuar n\u00eb ish-Jugosllavi. Dhe s\u00eb fundi, inkuadrimi edhe i disa autor\u00ebve t\u00eb tjer\u00eb, besoj ka si pretendim formimin e pasqyr\u00ebs s\u00eb plot\u00eb p\u00ebr deg\u00ebn e nj\u00eb let\u00ebrsie, si\u00e7 ka d\u00ebshir\u00eb ta quaj\u00eb autori i p\u00ebrmbledhjes, Hajro Ulqinaku.<br \/>\nShkrimtar\u00ebt q\u00eb jan\u00eb me origjin\u00eb nga trevat shqiptare n\u00eb Mal t\u00eb Zi, por q\u00eb krijimtarin\u00eb e tyre e kan\u00eb zhvilluar n\u00eb Prishtin\u00eb dhe ata q\u00eb jetojn\u00eb n\u00eb k\u00ebto treva p\u00ebrb\u00ebjn\u00eb dy deg\u00ebt e nj\u00eb let\u00ebrsie t\u00eb p\u00ebrbashk\u00ebt q\u00eb \u00ebsht\u00eb let\u00ebrsia shqipe, kurse pesha e secil\u00ebs deg\u00eb edhe pse nuk \u00ebsht\u00eb e nj\u00ebjt\u00eb, ndikojn\u00eb q\u00eb t\u00eb krijojn\u00eb drejtpeshimin e t\u00ebr\u00eb drurit t\u00eb let\u00ebrsis\u00eb n\u00eb t\u00ebr\u00ebsi.<\/p>\n<p><strong>Roli i doracakut<\/strong><br \/>\nLibri &#8220;Dega e nj\u00eb trungu&#8221; e cila iu kushtohet lexuesve t\u00eb mosh\u00ebs f\u00ebmij\u00ebrore dhe t\u00eb rinjve ka si nj\u00eb nga q\u00ebllimet q\u00eb t\u00eb mbuloj\u00eb sadopak at\u00eb boshll\u00ebkun q\u00eb ekziston sa u p\u00ebrket botimeve t\u00eb teksteve letrare t\u00eb autor\u00ebve t\u00eb vendlindjes p\u00ebr nx\u00ebn\u00ebsit shqiptar\u00eb n\u00eb Malin e Zi. N\u00eb baz\u00eb t\u00eb plan-programeve shkollore parashikohet q\u00eb p\u00ebr autor\u00ebt e mjedisit ku jetojn\u00eb nx\u00ebn\u00ebsit t\u00eb ken\u00eb or\u00eb t\u00eb posa\u00e7me, rreth 20% t\u00eb tyre. Ky lib\u00ebr \u00ebsht\u00eb projektuar si i k\u00ebtill\u00eb q\u00eb t`u vij\u00eb n\u00eb ndihm\u00eb nx\u00ebn\u00ebsve t\u00eb shkoll\u00ebs fillore p\u00ebr t\u00eb m\u00ebsuar autor\u00ebt e let\u00ebrsis\u00eb shqiptare t\u00eb cil\u00ebt jetojn\u00eb apo jan\u00eb me origjin\u00eb nga Mali i Zi. Si rrjedhim, shkollat dhe institucionet p\u00ebrkat\u00ebse ministrore do t\u00eb duhej t\u00eb ken\u00eb reagimin e duhur p\u00ebr ta b\u00ebr\u00eb k\u00ebt\u00eb lib\u00ebr pjes\u00eb t\u00eb teksteve shkollore. N\u00eb an\u00ebn tjet\u00ebr, ky \u00ebsht\u00eb vet\u00ebm nj\u00eb nga librat e duhur n\u00eb sh\u00ebrbim t\u00eb krijimit t\u00eb nx\u00ebn\u00ebsit shqiptar n\u00eb Malin e Zi me dije e kultur\u00eb si t\u00eb gjith\u00eb bashk\u00ebmoshar\u00ebt e tyre n\u00eb k\u00ebt\u00eb vend.<br \/>\n<strong>Mr. Haxhi Shabani<br \/>\nKoha Javore<\/strong><\/p>\n","protected":false},"excerpt":{"rendered":"<p>Rr\u00ebnja dhe dega Ky lib\u00ebr \u00ebsht\u00eb projektuar si i k\u00ebtill\u00eb q\u00eb t`u vij\u00eb n\u00eb ndihm\u00eb nx\u00ebn\u00ebsve t\u00eb shkoll\u00ebs fillore p\u00ebr t\u00eb m\u00ebsuar autor\u00ebt e let\u00ebrsis\u00eb shqiptare t\u00eb cil\u00ebt jetojn\u00eb apo jan\u00eb me origjin\u00eb nga Mali i Zi. Si rrjedhim, shkollat dhe institucionet p\u00ebrkat\u00ebse ministrore do t\u00eb duhej t\u00eb ken\u00eb reagimin e duhur p\u00ebr ta b\u00ebr\u00eb [&hellip;]<\/p>\n","protected":false},"author":1,"featured_media":0,"comment_status":"open","ping_status":"closed","sticky":false,"template":"","format":"standard","meta":{"spay_email":"","jetpack_publicize_message":"","jetpack_is_tweetstorm":false,"jetpack_publicize_feature_enabled":true},"categories":[4],"tags":[211,200],"jetpack_publicize_connections":[],"yoast_head":"<!-- This site is optimized with the Yoast SEO plugin v19.1 - https:\/\/yoast.com\/wordpress\/plugins\/seo\/ -->\n<title>Rr\u00ebnj\u00ebt dhe deg\u00ebt e nj\u00eb let\u00ebrsie - Lajme nga Ulqini<\/title>\n<meta name=\"description\" content=\"Rr\u00ebnja dhe dega Ky lib\u00ebr \u00ebsht\u00eb projektuar si i k\u00ebtill\u00eb q\u00eb t`u vij\u00eb n\u00eb ndihm\u00eb nx\u00ebn\u00ebsve t\u00eb shkoll\u00ebs fillore p\u00ebr t\u00eb m\u00ebsuar autor\u00ebt e let\u00ebrsis\u00eb shqiptare t\u00eb\" \/>\n<meta name=\"robots\" content=\"index, follow, max-snippet:-1, max-image-preview:large, max-video-preview:-1\" \/>\n<link rel=\"canonical\" href=\"https:\/\/www.visit-ulcinj.com\/blog\/2008\/10\/12\/rrenjet-dhe-deget-e-nje-letersie\/\" \/>\n<meta property=\"og:locale\" content=\"en_US\" \/>\n<meta property=\"og:type\" content=\"article\" \/>\n<meta property=\"og:title\" content=\"Rr\u00ebnj\u00ebt dhe deg\u00ebt e nj\u00eb let\u00ebrsie - Lajme nga Ulqini\" \/>\n<meta property=\"og:description\" content=\"Rr\u00ebnja dhe dega Ky lib\u00ebr \u00ebsht\u00eb projektuar si i k\u00ebtill\u00eb q\u00eb t`u vij\u00eb n\u00eb ndihm\u00eb nx\u00ebn\u00ebsve t\u00eb shkoll\u00ebs fillore p\u00ebr t\u00eb m\u00ebsuar autor\u00ebt e let\u00ebrsis\u00eb shqiptare t\u00eb\" \/>\n<meta property=\"og:url\" content=\"https:\/\/www.visit-ulcinj.com\/blog\/2008\/10\/12\/rrenjet-dhe-deget-e-nje-letersie\/\" \/>\n<meta property=\"og:site_name\" content=\"Lajme nga Ulqini\" \/>\n<meta property=\"article:published_time\" content=\"2008-10-12T14:03:08+00:00\" \/>\n<meta property=\"article:modified_time\" content=\"2008-10-17T18:14:38+00:00\" \/>\n<meta property=\"og:image\" content=\"http:\/\/www.visit-ulcinj.com\/blog\/wp-content\/uploads\/2008\/10\/haxhi-shabani-300x298.jpg\" \/>\n<meta name=\"twitter:label1\" content=\"Written by\" \/>\n\t<meta name=\"twitter:data1\" content=\"ulqini\" \/>\n\t<meta name=\"twitter:label2\" content=\"Est. reading time\" \/>\n\t<meta name=\"twitter:data2\" content=\"8 minutes\" \/>\n<script type=\"application\/ld+json\" class=\"yoast-schema-graph\">{\"@context\":\"https:\/\/schema.org\",\"@graph\":[{\"@type\":\"WebSite\",\"@id\":\"https:\/\/www.visit-ulcinj.com\/blog\/#website\",\"url\":\"https:\/\/www.visit-ulcinj.com\/blog\/\",\"name\":\"Lajme nga Ulqini\",\"description\":\"Lajme,Vijesti,Ulqini,Ulqin,Crna Gora,Mali i Zi\",\"potentialAction\":[{\"@type\":\"SearchAction\",\"target\":{\"@type\":\"EntryPoint\",\"urlTemplate\":\"https:\/\/www.visit-ulcinj.com\/blog\/?s={search_term_string}\"},\"query-input\":\"required name=search_term_string\"}],\"inLanguage\":\"en-US\"},{\"@type\":\"ImageObject\",\"inLanguage\":\"en-US\",\"@id\":\"https:\/\/www.visit-ulcinj.com\/blog\/2008\/10\/12\/rrenjet-dhe-deget-e-nje-letersie\/#primaryimage\",\"url\":\"http:\/\/www.visit-ulcinj.com\/blog\/wp-content\/uploads\/2008\/10\/haxhi-shabani-300x298.jpg\",\"contentUrl\":\"http:\/\/www.visit-ulcinj.com\/blog\/wp-content\/uploads\/2008\/10\/haxhi-shabani-300x298.jpg\"},{\"@type\":\"WebPage\",\"@id\":\"https:\/\/www.visit-ulcinj.com\/blog\/2008\/10\/12\/rrenjet-dhe-deget-e-nje-letersie\/#webpage\",\"url\":\"https:\/\/www.visit-ulcinj.com\/blog\/2008\/10\/12\/rrenjet-dhe-deget-e-nje-letersie\/\",\"name\":\"Rr\u00ebnj\u00ebt dhe deg\u00ebt e nj\u00eb let\u00ebrsie - Lajme nga Ulqini\",\"isPartOf\":{\"@id\":\"https:\/\/www.visit-ulcinj.com\/blog\/#website\"},\"primaryImageOfPage\":{\"@id\":\"https:\/\/www.visit-ulcinj.com\/blog\/2008\/10\/12\/rrenjet-dhe-deget-e-nje-letersie\/#primaryimage\"},\"datePublished\":\"2008-10-12T14:03:08+00:00\",\"dateModified\":\"2008-10-17T18:14:38+00:00\",\"author\":{\"@id\":\"https:\/\/www.visit-ulcinj.com\/blog\/#\/schema\/person\/dcab619c614d3038751c63bc2aadc06d\"},\"description\":\"Rr\u00ebnja dhe dega Ky lib\u00ebr \u00ebsht\u00eb projektuar si i k\u00ebtill\u00eb q\u00eb t`u vij\u00eb n\u00eb ndihm\u00eb nx\u00ebn\u00ebsve t\u00eb shkoll\u00ebs fillore p\u00ebr t\u00eb m\u00ebsuar autor\u00ebt e let\u00ebrsis\u00eb shqiptare t\u00eb\",\"breadcrumb\":{\"@id\":\"https:\/\/www.visit-ulcinj.com\/blog\/2008\/10\/12\/rrenjet-dhe-deget-e-nje-letersie\/#breadcrumb\"},\"inLanguage\":\"en-US\",\"potentialAction\":[{\"@type\":\"ReadAction\",\"target\":[\"https:\/\/www.visit-ulcinj.com\/blog\/2008\/10\/12\/rrenjet-dhe-deget-e-nje-letersie\/\"]}]},{\"@type\":\"BreadcrumbList\",\"@id\":\"https:\/\/www.visit-ulcinj.com\/blog\/2008\/10\/12\/rrenjet-dhe-deget-e-nje-letersie\/#breadcrumb\",\"itemListElement\":[{\"@type\":\"ListItem\",\"position\":1,\"name\":\"Rr\u00ebnj\u00ebt dhe deg\u00ebt e nj\u00eb let\u00ebrsie\"}]},{\"@type\":\"Person\",\"@id\":\"https:\/\/www.visit-ulcinj.com\/blog\/#\/schema\/person\/dcab619c614d3038751c63bc2aadc06d\",\"name\":\"ulqini\",\"sameAs\":[\"http:\/\/www.visit-ulcinj.com\"],\"url\":\"https:\/\/www.visit-ulcinj.com\/blog\/author\/admin\/\"}]}<\/script>\n<!-- \/ Yoast SEO plugin. -->","yoast_head_json":{"title":"Rr\u00ebnj\u00ebt dhe deg\u00ebt e nj\u00eb let\u00ebrsie - Lajme nga Ulqini","description":"Rr\u00ebnja dhe dega Ky lib\u00ebr \u00ebsht\u00eb projektuar si i k\u00ebtill\u00eb q\u00eb t`u vij\u00eb n\u00eb ndihm\u00eb nx\u00ebn\u00ebsve t\u00eb shkoll\u00ebs fillore p\u00ebr t\u00eb m\u00ebsuar autor\u00ebt e let\u00ebrsis\u00eb shqiptare t\u00eb","robots":{"index":"index","follow":"follow","max-snippet":"max-snippet:-1","max-image-preview":"max-image-preview:large","max-video-preview":"max-video-preview:-1"},"canonical":"https:\/\/www.visit-ulcinj.com\/blog\/2008\/10\/12\/rrenjet-dhe-deget-e-nje-letersie\/","og_locale":"en_US","og_type":"article","og_title":"Rr\u00ebnj\u00ebt dhe deg\u00ebt e nj\u00eb let\u00ebrsie - Lajme nga Ulqini","og_description":"Rr\u00ebnja dhe dega Ky lib\u00ebr \u00ebsht\u00eb projektuar si i k\u00ebtill\u00eb q\u00eb t`u vij\u00eb n\u00eb ndihm\u00eb nx\u00ebn\u00ebsve t\u00eb shkoll\u00ebs fillore p\u00ebr t\u00eb m\u00ebsuar autor\u00ebt e let\u00ebrsis\u00eb shqiptare t\u00eb","og_url":"https:\/\/www.visit-ulcinj.com\/blog\/2008\/10\/12\/rrenjet-dhe-deget-e-nje-letersie\/","og_site_name":"Lajme nga Ulqini","article_published_time":"2008-10-12T14:03:08+00:00","article_modified_time":"2008-10-17T18:14:38+00:00","og_image":[{"url":"http:\/\/www.visit-ulcinj.com\/blog\/wp-content\/uploads\/2008\/10\/haxhi-shabani-300x298.jpg"}],"twitter_misc":{"Written by":"ulqini","Est. reading time":"8 minutes"},"schema":{"@context":"https:\/\/schema.org","@graph":[{"@type":"WebSite","@id":"https:\/\/www.visit-ulcinj.com\/blog\/#website","url":"https:\/\/www.visit-ulcinj.com\/blog\/","name":"Lajme nga Ulqini","description":"Lajme,Vijesti,Ulqini,Ulqin,Crna Gora,Mali i Zi","potentialAction":[{"@type":"SearchAction","target":{"@type":"EntryPoint","urlTemplate":"https:\/\/www.visit-ulcinj.com\/blog\/?s={search_term_string}"},"query-input":"required name=search_term_string"}],"inLanguage":"en-US"},{"@type":"ImageObject","inLanguage":"en-US","@id":"https:\/\/www.visit-ulcinj.com\/blog\/2008\/10\/12\/rrenjet-dhe-deget-e-nje-letersie\/#primaryimage","url":"http:\/\/www.visit-ulcinj.com\/blog\/wp-content\/uploads\/2008\/10\/haxhi-shabani-300x298.jpg","contentUrl":"http:\/\/www.visit-ulcinj.com\/blog\/wp-content\/uploads\/2008\/10\/haxhi-shabani-300x298.jpg"},{"@type":"WebPage","@id":"https:\/\/www.visit-ulcinj.com\/blog\/2008\/10\/12\/rrenjet-dhe-deget-e-nje-letersie\/#webpage","url":"https:\/\/www.visit-ulcinj.com\/blog\/2008\/10\/12\/rrenjet-dhe-deget-e-nje-letersie\/","name":"Rr\u00ebnj\u00ebt dhe deg\u00ebt e nj\u00eb let\u00ebrsie - Lajme nga Ulqini","isPartOf":{"@id":"https:\/\/www.visit-ulcinj.com\/blog\/#website"},"primaryImageOfPage":{"@id":"https:\/\/www.visit-ulcinj.com\/blog\/2008\/10\/12\/rrenjet-dhe-deget-e-nje-letersie\/#primaryimage"},"datePublished":"2008-10-12T14:03:08+00:00","dateModified":"2008-10-17T18:14:38+00:00","author":{"@id":"https:\/\/www.visit-ulcinj.com\/blog\/#\/schema\/person\/dcab619c614d3038751c63bc2aadc06d"},"description":"Rr\u00ebnja dhe dega Ky lib\u00ebr \u00ebsht\u00eb projektuar si i k\u00ebtill\u00eb q\u00eb t`u vij\u00eb n\u00eb ndihm\u00eb nx\u00ebn\u00ebsve t\u00eb shkoll\u00ebs fillore p\u00ebr t\u00eb m\u00ebsuar autor\u00ebt e let\u00ebrsis\u00eb shqiptare t\u00eb","breadcrumb":{"@id":"https:\/\/www.visit-ulcinj.com\/blog\/2008\/10\/12\/rrenjet-dhe-deget-e-nje-letersie\/#breadcrumb"},"inLanguage":"en-US","potentialAction":[{"@type":"ReadAction","target":["https:\/\/www.visit-ulcinj.com\/blog\/2008\/10\/12\/rrenjet-dhe-deget-e-nje-letersie\/"]}]},{"@type":"BreadcrumbList","@id":"https:\/\/www.visit-ulcinj.com\/blog\/2008\/10\/12\/rrenjet-dhe-deget-e-nje-letersie\/#breadcrumb","itemListElement":[{"@type":"ListItem","position":1,"name":"Rr\u00ebnj\u00ebt dhe deg\u00ebt e nj\u00eb let\u00ebrsie"}]},{"@type":"Person","@id":"https:\/\/www.visit-ulcinj.com\/blog\/#\/schema\/person\/dcab619c614d3038751c63bc2aadc06d","name":"ulqini","sameAs":["http:\/\/www.visit-ulcinj.com"],"url":"https:\/\/www.visit-ulcinj.com\/blog\/author\/admin\/"}]}},"jetpack_featured_media_url":"","jetpack_sharing_enabled":true,"jetpack_shortlink":"https:\/\/wp.me\/pe6lTn-14H","_links":{"self":[{"href":"https:\/\/www.visit-ulcinj.com\/blog\/wp-json\/wp\/v2\/posts\/4135"}],"collection":[{"href":"https:\/\/www.visit-ulcinj.com\/blog\/wp-json\/wp\/v2\/posts"}],"about":[{"href":"https:\/\/www.visit-ulcinj.com\/blog\/wp-json\/wp\/v2\/types\/post"}],"author":[{"embeddable":true,"href":"https:\/\/www.visit-ulcinj.com\/blog\/wp-json\/wp\/v2\/users\/1"}],"replies":[{"embeddable":true,"href":"https:\/\/www.visit-ulcinj.com\/blog\/wp-json\/wp\/v2\/comments?post=4135"}],"version-history":[{"count":0,"href":"https:\/\/www.visit-ulcinj.com\/blog\/wp-json\/wp\/v2\/posts\/4135\/revisions"}],"wp:attachment":[{"href":"https:\/\/www.visit-ulcinj.com\/blog\/wp-json\/wp\/v2\/media?parent=4135"}],"wp:term":[{"taxonomy":"category","embeddable":true,"href":"https:\/\/www.visit-ulcinj.com\/blog\/wp-json\/wp\/v2\/categories?post=4135"},{"taxonomy":"post_tag","embeddable":true,"href":"https:\/\/www.visit-ulcinj.com\/blog\/wp-json\/wp\/v2\/tags?post=4135"}],"curies":[{"name":"wp","href":"https:\/\/api.w.org\/{rel}","templated":true}]}}